{"id":46271,"date":"2026-01-05T14:14:08","date_gmt":"2026-01-05T12:14:08","guid":{"rendered":"https:\/\/aktialiiga.fi\/naiset\/?p=46271"},"modified":"2026-01-21T10:43:52","modified_gmt":"2026-01-21T08:43:52","slug":"viikon-helmi-vuosi-alkaa-dickenin-ja-atlaksen-neljan-pisteen-pelilla","status":"publish","type":"post","link":"https:\/\/aktialiiga.fi\/naiset\/2025-2026\/ennakot-2025-2026\/viikon-helmi-vuosi-alkaa-dickenin-ja-atlaksen-neljan-pisteen-pelilla\/","title":{"rendered":"VIIKON HELMI: Vuosi alkaa Dickenin ja Atlaksen nelj\u00e4n pisteen pelill\u00e4"},"content":{"rendered":"<div  id=\"striimi\"  class='flex_column av-mfgnpbfs-0bf61075f7c22cbfafcdcd6b2f001f02 av_one_full  avia-builder-el-0  el_before_av_one_fourth  avia-builder-el-first  first flex_column_div  '     ><\/div>\n<div class='flex_column_table av-mf560t2t-6052fd97c20003b8771e9bfeac7e06c8 sc-av_one_fourth av-equal-height-column-flextable'><div  class='flex_column av-mf560t2t-6052fd97c20003b8771e9bfeac7e06c8 av_one_fourth  avia-builder-el-2  el_after_av_one_full  el_before_av_three_fourth  first flex_column_table_cell av-equal-height-column av-align-middle  column-top-margin'     ><style type=\"text\/css\" data-created_by=\"avia_inline_auto\" id=\"style-css-av-mf560kz6-4326f274d78304770fdba8d9382c68a8\">\n.avia-image-container.av-mf560kz6-4326f274d78304770fdba8d9382c68a8 img.avia_image{\nbox-shadow:none;\n}\n.avia-image-container.av-mf560kz6-4326f274d78304770fdba8d9382c68a8 .av-image-caption-overlay-center{\ncolor:#ffffff;\n}\n<\/style>\n<div  class='avia-image-container av-mf560kz6-4326f274d78304770fdba8d9382c68a8 av-styling- av-img-linked avia-align-center  avia-builder-el-3  avia-builder-el-no-sibling '   itemprop=\"image\" itemscope=\"itemscope\" itemtype=\"https:\/\/schema.org\/ImageObject\" ><div class=\"avia-image-container-inner\"><div class=\"avia-image-overlay-wrap\"><a href=\"https:\/\/aktialiiga.fi\/handistv\/\" class='avia_image '  aria-label='HandisTV'><img decoding=\"async\" fetchpriority=\"high\" class='wp-image-33904 avia-img-lazy-loading-not-33904 avia_image ' src=\"https:\/\/aktialiiga.fi\/naiset\/wp-content\/uploads\/sites\/6\/2023\/09\/HandisTV-logo-sininen-003-300x125.png\" alt='' title='HandisTV'  height=\"125\" width=\"300\"  itemprop=\"thumbnailUrl\" srcset=\"https:\/\/aktialiiga.fi\/naiset\/wp-content\/uploads\/sites\/6\/2023\/09\/HandisTV-logo-sininen-003-300x125.png 300w, https:\/\/aktialiiga.fi\/naiset\/wp-content\/uploads\/sites\/6\/2023\/09\/HandisTV-logo-sininen-003-1030x429.png 1030w, https:\/\/aktialiiga.fi\/naiset\/wp-content\/uploads\/sites\/6\/2023\/09\/HandisTV-logo-sininen-003-768x320.png 768w, https:\/\/aktialiiga.fi\/naiset\/wp-content\/uploads\/sites\/6\/2023\/09\/HandisTV-logo-sininen-003-1536x640.png 1536w, https:\/\/aktialiiga.fi\/naiset\/wp-content\/uploads\/sites\/6\/2023\/09\/HandisTV-logo-sininen-003-1200x500.png 1200w, https:\/\/aktialiiga.fi\/naiset\/wp-content\/uploads\/sites\/6\/2023\/09\/HandisTV-logo-sininen-003-1500x625.png 1500w, https:\/\/aktialiiga.fi\/naiset\/wp-content\/uploads\/sites\/6\/2023\/09\/HandisTV-logo-sininen-003-705x294.png 705w, https:\/\/aktialiiga.fi\/naiset\/wp-content\/uploads\/sites\/6\/2023\/09\/HandisTV-logo-sininen-003.png 1920w\" sizes=\"(max-width: 300px) 100vw, 300px\" \/><\/a><\/div><\/div><\/div><\/div>\n<div class='av-flex-placeholder'><\/div><div  class='flex_column av-1picrjl-acc8abc0e8e884f0d05e9244cede6d83 av_three_fourth  avia-builder-el-4  el_after_av_one_fourth  el_before_av_hr  flex_column_table_cell av-equal-height-column av-align-middle  column-top-margin'     ><div  class='avia-button-wrap avia-button-center  avia-builder-el-5  avia-builder-el-no-sibling '>\n<style type=\"text\/css\" data-created_by=\"avia_inline_auto\" id=\"style-css-av-1b7j8r5-f8030b3cefbfaf098036f4c9676307f6\">\n#top #wrap_all .avia-button.av-1b7j8r5-f8030b3cefbfaf098036f4c9676307f6:hover{\ncolor:white;\ntransition:all 0.4s ease-in-out;\n}\n#top #wrap_all .avia-button.av-1b7j8r5-f8030b3cefbfaf098036f4c9676307f6:hover .avia-svg-icon svg:first-child{\nfill:white;\nstroke:white;\n}\n<\/style>\n<a href='https:\/\/handis.tv\/dickennaiset\/games\/g\/qggn76w4' class='avia-color-theme-color avia-font-color-theme-color avia-button avia-button-fullwidth av-1b7j8r5-f8030b3cefbfaf098036f4c9676307f6 avia-icon_select-no avia-color-theme-color'  target=\"_blank\"  rel=\"noopener noreferrer\"  aria-label=\"Katso ottelu HandisTV:ss\u00e4\"><span class='avia_iconbox_title' >Katso ottelu HandisTV:ss\u00e4<\/span><span class='avia_button_background avia-button avia-button-fullwidth avia-color-theme-color-highlight'><\/span><\/a><\/div><\/div><\/div><!--close column table wrapper. Autoclose: 1 -->\n\n<style type=\"text\/css\" data-created_by=\"avia_inline_auto\" id=\"style-css-av-ncy19t-268f4dc50f82404318c5ac0b3acd0620\">\n#top .hr.hr-invisible.av-ncy19t-268f4dc50f82404318c5ac0b3acd0620{\nheight:10px;\n}\n<\/style>\n<div  class='hr av-ncy19t-268f4dc50f82404318c5ac0b3acd0620 hr-invisible  avia-builder-el-6  el_after_av_three_fourth  el_before_av_heading '><span class='hr-inner '><span class=\"hr-inner-style\"><\/span><\/span><\/div>\n\n<style type=\"text\/css\" data-created_by=\"avia_inline_auto\" id=\"style-css-av-mf3vn3xr-f9d1de10e3490883a538285780c1a0b2\">\n#top .av-special-heading.av-mf3vn3xr-f9d1de10e3490883a538285780c1a0b2{\npadding-bottom:10px;\n}\nbody .av-special-heading.av-mf3vn3xr-f9d1de10e3490883a538285780c1a0b2 .av-special-heading-tag .heading-char{\nfont-size:25px;\n}\n.av-special-heading.av-mf3vn3xr-f9d1de10e3490883a538285780c1a0b2 .av-subheading{\nfont-size:15px;\n}\n<\/style>\n<div  class='av-special-heading av-mf3vn3xr-f9d1de10e3490883a538285780c1a0b2 av-special-heading-h1 blockquote modern-quote  avia-builder-el-7  el_after_av_hr  el_before_av_three_fifth '><h1 class='av-special-heading-tag '  itemprop=\"headline\"  >VIIKON HELMI: Vuosi alkaa Dickenin ja Atlaksen nelj\u00e4n pisteen pelill\u00e4<\/h1><div class=\"special-heading-border\"><div class=\"special-heading-inner-border\"><\/div><\/div><\/div>\n<div class='flex_column_table av-11ngu9d-27bf49a7f29346725af072585d8a9b9a sc-av_three_fifth av-equal-height-column-flextable'><div  class='flex_column av-11ngu9d-27bf49a7f29346725af072585d8a9b9a av_three_fifth  avia-builder-el-8  el_after_av_heading  el_before_av_two_fifth  first flex_column_table_cell av-equal-height-column av-align-middle  '     ><section  class='av_textblock_section av-mf3r5gxg-9fa5fc53b4c3b48f5f9f8f71ad7daace '   itemscope=\"itemscope\" itemtype=\"https:\/\/schema.org\/BlogPosting\" itemprop=\"blogPost\" ><div class='avia_textblock'  itemprop=\"text\" ><p><strong>Aktialiigan ensimm\u00e4inen sarjakierros vuoden 2026 puolella pelataan keskiviikkona 7.1. <\/strong><strong>Viikon helmen\u00e4 esitell\u00e4\u00e4n tasapisteiss\u00e4 sijoilla viisi ja kuusi oleva kaksikko. <\/strong><\/p>\n<p><strong>Kello 19 alkavassa ottelussa Dicken em\u00e4nn\u00f6i Pirkkolassa Atlasta, ja yhdess\u00e4 ottelun isoista panoksista kiikaroidaan jo mahdollisuutta edet\u00e4 <\/strong><strong>kohti <\/strong><strong>puoliv\u00e4lierien kotietua. Kaksikosta kolmen pisteen p\u00e4\u00e4ss\u00e4 nelj\u00e4nten\u00e4 oleva Cocks kohtaa Kauniaisissa sarjajohtaja GrIFK:n. <\/strong><\/p>\n<p><strong>Illan viimeisess\u00e4 ottelussa liigakolmonen HIFK saa vieraakseen raitapaidat Karjaalta.<\/strong><\/p>\n<\/div><\/section><\/div>\n<div class='av-flex-placeholder'><\/div>\n<style type=\"text\/css\" data-created_by=\"avia_inline_auto\" id=\"style-css-av-mf552js6-951d4fd8759aec35c29c93c0d832d4ef\">\n.flex_column.av-mf552js6-951d4fd8759aec35c29c93c0d832d4ef{\nborder-width:1px;\nborder-color:#000000;\nborder-style:solid;\npadding:10px 0px 0px 10px;\nbackground-color:#f1f1f1;\n}\n<\/style>\n<div  class='flex_column av-mf552js6-951d4fd8759aec35c29c93c0d832d4ef av_two_fifth  avia-builder-el-10  el_after_av_three_fifth  el_before_av_one_full  flex_column_table_cell av-equal-height-column av-align-middle  '     ><\/div><\/div><!--close column table wrapper. Autoclose: 1 -->\n<div  class='flex_column av-qy4od6-bbe3fbfa6690c02be8cb962c43730f1b av_one_full  avia-builder-el-12  el_after_av_two_fifth  el_before_av_hr  first flex_column_div  '     ><section  class='av_textblock_section av-mjzkefjb-a3aa204001849972337053aab5fdaecd '   itemscope=\"itemscope\" itemtype=\"https:\/\/schema.org\/BlogPosting\" itemprop=\"blogPost\" ><div class='avia_textblock'  itemprop=\"text\" ><p>Viime vuosina yksi takuuvarmoista mitalijoukkueista oleva Dicken ei viel\u00e4 kuluvalla kaudella ole onnistunut Atlasta kukistamaan. Lokakuussa joukkueet jakoivat Pirkkolassa pisteet maalein <a href=\"https:\/\/aktialiiga.fi\/naiset\/2025-2026\/ottelut-2025-26\/dicken-ja-atlas-pistejakoon-tiukassa-kamppailussa\/\">31-31<\/a> ja marraskuussa Atlas oli kotonaan selv\u00e4sti vahvempi pit\u00e4en pisteet maalein <a href=\"https:\/\/aktialiiga.fi\/naiset\/2025-2026\/ottelut-2025-26\/atlas-nappasi-pisteet-dickenia-vastaan\/\">28-21<\/a>. Sarjataulukossa molemmilla on 15 ottelusta 10 pistett\u00e4, jotka oikeuttavat sijoihin viisi ja kuusi. Atlas on joukkueista korkeammalla juuri keskin\u00e4isten pisteiden perusteella.<\/p>\n<h4>Viime kierroksella molemmat l\u00e4hell\u00e4 yll\u00e4tyst\u00e4<\/h4>\n<p>Vuoden 2025 viimeinen sarjakierros tarjosi altavastaajina otteluihinsa l\u00e4hteneille Dickenille ja Atlakselle sek\u00e4 uskoa tulevaan ett\u00e4 suurta harmitusta, kun liigan k\u00e4rkikaksikko BK-46 ja GrIFK pystyiv\u00e4t tahoillaan voittamaan haastajansa niukimmalla mahdollisella tavalla. Dicken h\u00e4visi Karjaalla 27-28 ja Atlas kotonaan 24-25.<\/p>\n<p>Alkukaudesta Dicken koki pari melkoista r\u00f6k\u00e4letappiota ja on pelannut pitkin kautta vaihtelevasti, mutta nousujohteisesti. Joulukuiset maalin voitto HIFK:sta ja maalin vierastappio aina hankalassa vierashallissa Karjaalla nostivat itseluottamusta ja uskoa omaan tekemiseen.\u00a085 maalia t\u00e4ll\u00e4 kaudella heitt\u00e4nyt Malena Heikkinen n\u00e4kee Dickenin ottaneen kauden edetess\u00e4 isoja askeleita eteenp\u00e4in. Ty\u00f6t\u00e4 on tehty m\u00e4\u00e4r\u00e4tietoisesti ja pitk\u00e4ll\u00e4 j\u00e4nteell\u00e4.<\/p>\n<p>&#8211; Loppuvuodesta alkoi l\u00f6ytym\u00e4\u00e4n yhteinen s\u00e4vel ajoittain eritt\u00e4inkin hyvin &#8211; varsinkin puolustuksessa. My\u00f6s yhteisty\u00f6 maalivahtien kanssa alkoi rakentumaan, niist\u00e4 on hyv\u00e4 jatkaa nyt alkavaan vuoteen. Suurimpana haasteena n\u00e4kisin ailahtelevuuden pelitasossa. Suoritusvarmuutta on parannettava, jotta pystyt\u00e4\u00e4n voittamaan enemm\u00e4n otteluita.<\/p>\n<p>Dicken l\u00e4htee molemmille osapuolille t\u00e4rke\u00e4\u00e4n otteluun revanssihengess\u00e4 hakemaan kauden ensimm\u00e4ist\u00e4 voittoa Atlaksesta. Heikkinen uskoo vahvan aloituksen vuodelle siivitt\u00e4v\u00e4n joukkueen heti hyv\u00e4\u00e4n draiviin.<\/p>\n<\/div><\/section><\/div>\n\n<style type=\"text\/css\" data-created_by=\"avia_inline_auto\" id=\"style-css-av-j12bx6-784f1b7df8c6372be1c6f113b883ed76\">\n#top .hr.hr-invisible.av-j12bx6-784f1b7df8c6372be1c6f113b883ed76{\nheight:20px;\n}\n<\/style>\n<div  class='hr av-j12bx6-784f1b7df8c6372be1c6f113b883ed76 hr-invisible  avia-builder-el-14  el_after_av_one_full  el_before_av_one_full '><span class='hr-inner '><span class=\"hr-inner-style\"><\/span><\/span><\/div>\n<div  class='flex_column av-2dmnc6p-2bd0dd290a3c47771b81d759d0e6b398 av_one_full  avia-builder-el-15  el_after_av_hr  el_before_av_one_full  first flex_column_div  '     ><p>\n<style type=\"text\/css\" data-created_by=\"avia_inline_auto\" id=\"style-css-av-mf3vlo9b-7cdc3b4716e3765211dfb144ca263087\">\n.avia-image-container.av-mf3vlo9b-7cdc3b4716e3765211dfb144ca263087 img.avia_image{\nbox-shadow:none;\n}\n.avia-image-container.av-mf3vlo9b-7cdc3b4716e3765211dfb144ca263087 .av-image-caption-overlay-center{\ncolor:#ffffff;\n}\n<\/style>\n<div  class='avia-image-container av-mf3vlo9b-7cdc3b4716e3765211dfb144ca263087 av-styling- avia-align-center  avia-builder-el-16  el_before_av_textblock  avia-builder-el-first  av-has-copyright av-copyright-icon-reveal'   itemprop=\"image\" itemscope=\"itemscope\" itemtype=\"https:\/\/schema.org\/ImageObject\" ><div class=\"avia-image-container-inner\"><div class=\"avia-image-overlay-wrap\"><img decoding=\"async\" fetchpriority=\"high\" class='wp-image-44887 avia-img-lazy-loading-not-44887 avia_image ' src=\"https:\/\/aktialiiga.fi\/naiset\/wp-content\/uploads\/sites\/6\/2025\/09\/A7300256-e1767370917175-1030x689.jpg\" alt='Malena Heikkinen, Dicken 2025-26' title='Malena Heikkinen, Dicken'  height=\"689\" width=\"1030\"  itemprop=\"thumbnailUrl\" srcset=\"https:\/\/aktialiiga.fi\/naiset\/wp-content\/uploads\/sites\/6\/2025\/09\/A7300256-e1767370917175-1030x689.jpg 1030w, https:\/\/aktialiiga.fi\/naiset\/wp-content\/uploads\/sites\/6\/2025\/09\/A7300256-e1767370917175-300x201.jpg 300w, https:\/\/aktialiiga.fi\/naiset\/wp-content\/uploads\/sites\/6\/2025\/09\/A7300256-e1767370917175-768x514.jpg 768w, https:\/\/aktialiiga.fi\/naiset\/wp-content\/uploads\/sites\/6\/2025\/09\/A7300256-e1767370917175-1536x1027.jpg 1536w, https:\/\/aktialiiga.fi\/naiset\/wp-content\/uploads\/sites\/6\/2025\/09\/A7300256-e1767370917175-1500x1003.jpg 1500w, https:\/\/aktialiiga.fi\/naiset\/wp-content\/uploads\/sites\/6\/2025\/09\/A7300256-e1767370917175-705x471.jpg 705w, https:\/\/aktialiiga.fi\/naiset\/wp-content\/uploads\/sites\/6\/2025\/09\/A7300256-e1767370917175.jpg 1980w\" sizes=\"(max-width: 1030px) 100vw, 1030px\" \/><\/div><small class=\"avia-copyright\">(C) Robert Lemberg<span class='avia-svg-icon avia-font-svg_entypo-fontello' data-av_svg_icon='info' data-av_iconset='svg_entypo-fontello'><svg version=\"1.1\" xmlns=\"http:\/\/www.w3.org\/2000\/svg\" width=\"15\" height=\"32\" viewBox=\"0 0 15 32\" preserveAspectRatio=\"xMidYMid meet\" aria-labelledby='av-svg-title-2' aria-describedby='av-svg-desc-2' role=\"graphics-symbol\">\n<title id='av-svg-title-2'>Info<\/title>\n<desc id='av-svg-desc-2'>Info<\/desc>\n<path d=\"M11.264 0q1.536 0 2.368 0.864t0.832 2.208q0 1.6-1.248 2.816t-3.040 1.216q-1.536 0-2.368-0.832t-0.768-2.304q0-1.472 1.12-2.72t3.104-1.248zM4.672 32q-3.2 0-1.728-5.696l1.92-8.128q0.448-1.792 0-1.792-0.384 0-1.728 0.576t-2.304 1.216l-0.832-1.408q2.88-2.496 6.048-4.032t4.832-1.536q2.496 0 1.152 5.184l-2.24 8.512q-0.512 2.048 0.192 2.048 1.408 0 3.776-1.92l0.96 1.28q-2.688 2.752-5.6 4.224t-4.448 1.472z\"><\/path>\n<\/svg><\/span><\/small><\/div><\/div><br \/>\n<section  class='av_textblock_section av-mf3x701d-2954bab5094d7b86e6e4c9cfc2a1051d '   itemscope=\"itemscope\" itemtype=\"https:\/\/schema.org\/BlogPosting\" itemprop=\"blogPost\" ><div class='avia_textblock'  itemprop=\"text\" ><section class=\"av_textblock_section av-mf3vwk4v-a740c0cdac9ec6555e1b5ffffcab0f7a \">\n<div class=\"avia_textblock\">\n<blockquote>\n<p>Atlas on meille vastustaja jonka kanssa odotetaan tiukkoja pelej\u00e4. N\u00e4kisin meid\u00e4t aika tasav\u00e4kisin\u00e4 ja ollaankin tasapisteiss\u00e4, joten voitonhalua l\u00f6ytyy varmasti keskiviikkona molemmin puolin.<\/p>\n<\/blockquote>\n<p style=\"text-align: right;\"><em><strong>\u2013 Malena Heikkinen, Dickenin #8<\/strong><\/em><\/p>\n<\/div>\n<\/section>\n<\/div><\/section><br \/>\n\n<style type=\"text\/css\" data-created_by=\"avia_inline_auto\" id=\"style-css-av-1nomicx-47e757df41a7fb3f3dd330a9ad5c0a94\">\n#top .hr.hr-invisible.av-1nomicx-47e757df41a7fb3f3dd330a9ad5c0a94{\nheight:10px;\n}\n<\/style>\n<div  class='hr av-1nomicx-47e757df41a7fb3f3dd330a9ad5c0a94 hr-invisible  avia-builder-el-18  el_after_av_textblock  avia-builder-el-last '><span class='hr-inner '><span class=\"hr-inner-style\"><\/span><\/span><\/div><\/p><\/div>\n<div  class='flex_column av-18050je-e03ed99b5479d8d75f0178f1af24c7a5 av_one_full  avia-builder-el-19  el_after_av_one_full  el_before_av_two_third  first flex_column_div  column-top-margin'     ><section  class='av_textblock_section av-mjztlwp0-335a58ba8372197bef3ccc8df11751d6 '   itemscope=\"itemscope\" itemtype=\"https:\/\/schema.org\/BlogPosting\" itemprop=\"blogPost\" ><div class='avia_textblock'  itemprop=\"text\" ><p>Heikkinen muistelee kahden ensimm\u00e4isen kohtaamisen olleen kesken\u00e4\u00e4n hyvinkin erilaisia. Pirkkolassa Dicken ei h\u00e4nen mukaansa ollut ihan viel\u00e4 valmis ottamaan tiukasta pelist\u00e4 t\u00e4ytt\u00e4 pistepottia ja Atlas osoitti henkist\u00e4 valmiutta p\u00e4\u00e4sem\u00e4ll\u00e4 hy\u00f6dynt\u00e4m\u00e4\u00e4n kokemustaan, jonka ansiosta se kiri eron lopussa kiinni. Toista ottelua Myyrm\u00e4ess\u00e4 Heikkinen luonnehtii ohily\u00f6nniksi.<\/p>\n<p>&#8211; Ei oikein p\u00e4\u00e4sty miss\u00e4\u00e4n vaiheessa toteuttamaan sovittuja asioita ja Atlas oli selke\u00e4sti parempi koko ottelun ajan. Kolmanteen kohtaamiseen l\u00e4hdet\u00e4\u00e4n n\u00e4ist\u00e4 oppineena heti alusta t\u00e4ysill\u00e4 ja toteuttamaan pelisuunnitelmaa, ja pidet\u00e4\u00e4n huolellisuus mukana pelin loppuun asti.<\/p>\n<p>Oman joukkueensa Heikkinen sanoo olleensa vahvoilla aina, kun nopeat vastahy\u00f6kk\u00e4ykset on saatu kulkemaan kovan ja aktiivisen puolustuksen kautta. My\u00f6s maalivahtipelaaminen on ollut Dickenin vahvuus.<\/p>\n<p>&#8211; Molemmat joukkueilta l\u00f6ytyy asennetta ja halua. Atlas on aika tasavahva joukkue ja osaamista l\u00f6ytyy jokaiselta pelipaikalta. Heid\u00e4n erityisvahvuuksina n\u00e4en viivayhteisty\u00f6n sek\u00e4 muutenkin keskipelaajien n\u00e4pp\u00e4r\u00e4t sy\u00f6t\u00f6t. Puolustuksessa on siis oltava koko ajan hereill\u00e4, tai siit\u00e4 rokotetaan.<\/p>\n<h4>Taistelu sijoituksista tiukkaa<\/h4>\n<p>Molempien pelaaminen kev\u00e4\u00e4n puoliv\u00e4lieriss\u00e4 on jo suhteellisen varma. Suoraan v\u00e4lier\u00e4paikkaan on matkaa jo 15 pistett\u00e4 ja toisaalta pudotuspelien ulkopuolelle j\u00e4\u00e4miseksi edelleen nollilla olevan SIF:n pit\u00e4isi tehd\u00e4 kaikkien aikojen kev\u00e4tkiri. Kaksikon liipasimella ja t\u00e4ht\u00e4imeen onkin asetettu Riihim\u00e4en Cocks, joka on kolmen pisteen p\u00e4\u00e4ss\u00e4 ja hallinnoi nelj\u00e4tt\u00e4 sijaa, joka puolestaan oikeuttaa puoliv\u00e4lierien kotietuun.<\/p>\n<p>&#8211; Kyll\u00e4h\u00e4n t\u00e4m\u00e4 lienee sarjataulukon kannalta t\u00e4rke\u00e4 ottelu, mutta en l\u00e4htisi liikaa paineita joukkueelle asettamaan. Samalla tavalla on pisteet jaossa kuin miss\u00e4 tahansa runkosarjan ottelussa, sanoo Atlaksen hy\u00f6kk\u00e4yspelin moottori Adriana Jakimova. H\u00e4nest\u00e4 aiemmat kohtaamiset Dickenin kanssa ovat olleet j\u00e4nnitt\u00e4vi\u00e4.<\/p>\n<\/div><\/section><\/div><div  class='flex_column av-mqufoe-e151a2e23376dbb1df2951ab9e58cfc4 av_two_third  avia-builder-el-21  el_after_av_one_full  el_before_av_one_third  first flex_column_div  column-top-margin'     ><section  class='av_textblock_section av-mjzubvpd-8f30a3a483f921c7aee152a711e18c95 '   itemscope=\"itemscope\" itemtype=\"https:\/\/schema.org\/BlogPosting\" itemprop=\"blogPost\" ><div class='avia_textblock'  itemprop=\"text\" ><p>&#8211; Ensimm\u00e4isess\u00e4 ottelussa meill\u00e4 oli hiukan alisuorittamista ja toisessa taas Dickenill\u00e4. Uskon, ett\u00e4 Dicken on sisuuntunut viime kohtaamisesta, eik\u00e4 p\u00e4\u00e4st\u00e4 meit\u00e4 yht\u00e4 helpolla<\/p>\n<h4>Laadukas harjoittelu nostanut tasoa<\/h4>\n<p>Jakimovan mukaan Atlaksen alkukausi meni \u201dihan ok:sti\u201d. Pisteit\u00e4 on jo t\u00e4ss\u00e4 vaiheessa kasassa enemm\u00e4n kuin viime kaudella ja suunta n\u00e4ytt\u00e4\u00e4 oikealta.<\/p>\n<p>&#8211; On kuitenkin ollut tiukkoja otteluita, tasapelej\u00e4 ja pari maalin tappiota, joita ei olla onnistuttu realisoimaan voitoiksi. Ollaan my\u00f6s saatu kokea oma osuutemme urheilun ik\u00e4v\u00e4st\u00e4 puolesta, eli loukkaantumisista.<\/p>\n<p>&#8211; Meid\u00e4n puolustuspelaaminen on kehittynyt kauden aikana. Meill\u00e4 ei my\u00f6sk\u00e4\u00e4n ole t\u00e4ll\u00e4 hetkell\u00e4 yht\u00e4 selke\u00e4\u00e4 maalitykki\u00e4, vaan onnistumisia tulee varsin laajalla rintamalla.<\/p>\n<p>&#8211; \u2060Meill\u00e4 on yleens\u00e4 aina harjoituksissa paljon pelaajia paikalla ja pystymme treenaamaan laadukkaasti. Toki t\u00e4ll\u00e4 kaudella pelataan enemm\u00e4n otteluita, mik\u00e4 verottaa treenaamisesta.<\/p>\n<p>My\u00f6s Jakimovan mielest\u00e4 Atlaksen ja Dickenin pelaamisessa on paljon yht\u00e4l\u00e4isyyksi\u00e4. Kumpikin pyrkii nopeaan peliin ja molemmissa nuorille on annettu paljon vastuuta, ja kuten sarjataulukkokin n\u00e4ytt\u00e4\u00e4, joukkueet ovat t\u00e4ss\u00e4 vaiheessa kautta tasav\u00e4kisi\u00e4.<\/p>\n<p>&#8211; Dickeniss\u00e4 on voittamisen kulttuuri. He ovat vuosien varrella pelanneet runsaasti mestaruuksia ja mitaleita ratkaisevia otteluita. Vaikka pelaajat ovat vaihtuneet niin uskon t\u00e4m\u00e4n kulttuurin pysyv\u00e4n.<\/p>\n<\/div><\/section><\/div><\/p>\n<div  class='flex_column av-1t3lk7z-e12c2fea667e739eda5c349c07b5e96c av_one_third  avia-builder-el-23  el_after_av_two_third  el_before_av_one_full  flex_column_div  column-top-margin'     ><p>\n<style type=\"text\/css\" data-created_by=\"avia_inline_auto\" id=\"style-css-av-zhxsjj-50094b58f830fa1945ecc04e078125cc\">\n.avia-image-container.av-zhxsjj-50094b58f830fa1945ecc04e078125cc img.avia_image{\nbox-shadow:none;\n}\n.avia-image-container.av-zhxsjj-50094b58f830fa1945ecc04e078125cc .av-image-caption-overlay-center{\ncolor:#ffffff;\n}\n<\/style>\n<div  class='avia-image-container av-zhxsjj-50094b58f830fa1945ecc04e078125cc av-styling- avia-align-center  avia-builder-el-24  el_before_av_textblock  avia-builder-el-first '   itemprop=\"image\" itemscope=\"itemscope\" itemtype=\"https:\/\/schema.org\/ImageObject\" ><div class=\"avia-image-container-inner\"><div class=\"avia-image-overlay-wrap\"><img decoding=\"async\" fetchpriority=\"high\" class='wp-image-44140 avia-img-lazy-loading-not-44140 avia_image ' src=\"https:\/\/aktialiiga.fi\/naiset\/wp-content\/uploads\/sites\/6\/2025\/09\/21-Adriana-Jakimova-773x1030.jpg\" alt='' title='21 Adriana Jakimova'  height=\"1030\" width=\"773\"  itemprop=\"thumbnailUrl\" srcset=\"https:\/\/aktialiiga.fi\/naiset\/wp-content\/uploads\/sites\/6\/2025\/09\/21-Adriana-Jakimova-773x1030.jpg 773w, https:\/\/aktialiiga.fi\/naiset\/wp-content\/uploads\/sites\/6\/2025\/09\/21-Adriana-Jakimova-225x300.jpg 225w, https:\/\/aktialiiga.fi\/naiset\/wp-content\/uploads\/sites\/6\/2025\/09\/21-Adriana-Jakimova-768x1023.jpg 768w, https:\/\/aktialiiga.fi\/naiset\/wp-content\/uploads\/sites\/6\/2025\/09\/21-Adriana-Jakimova-1153x1536.jpg 1153w, https:\/\/aktialiiga.fi\/naiset\/wp-content\/uploads\/sites\/6\/2025\/09\/21-Adriana-Jakimova-1126x1500.jpg 1126w, https:\/\/aktialiiga.fi\/naiset\/wp-content\/uploads\/sites\/6\/2025\/09\/21-Adriana-Jakimova-529x705.jpg 529w, https:\/\/aktialiiga.fi\/naiset\/wp-content\/uploads\/sites\/6\/2025\/09\/21-Adriana-Jakimova.jpg 1441w\" sizes=\"(max-width: 773px) 100vw, 773px\" \/><\/div><\/div><\/div><br \/>\n<section  class='av_textblock_section av-mjztkhf6-d51e7db2f1048dee36e5f75c11985890 '   itemscope=\"itemscope\" itemtype=\"https:\/\/schema.org\/BlogPosting\" itemprop=\"blogPost\" ><div class='avia_textblock'  itemprop=\"text\" ><section class=\"av_textblock_section av-mf3vwk4v-a740c0cdac9ec6555e1b5ffffcab0f7a \">\n<div class=\"avia_textblock\">\n<blockquote>\n<p>-\u2060Meill\u00e4 on yleens\u00e4 aina harjoituksissa paljon pelaajia ja pystymme treenaamaan laadukkaasti. Toki t\u00e4ll\u00e4 kaudella pelataan enemm\u00e4n otteluita, mik\u00e4 verottaa treenaamisesta.<\/p>\n<\/blockquote>\n<p style=\"text-align: right;\"><em><strong>\u2013 Adriana Jakimova, Atlaksen #21<\/strong><\/em><\/p>\n<\/div>\n<\/section>\n<\/div><\/section><\/p><\/div>\n<div  class='flex_column av-rkeatb-b40288ddbdefb4f084ebb6f3c56b0c77 av_one_full  avia-builder-el-26  el_after_av_one_third  el_before_av_hr  first flex_column_div  column-top-margin'     ><section  class='av_textblock_section av-mhtjezk4-43d43f788606400cbb0130d3017ca14c '   itemscope=\"itemscope\" itemtype=\"https:\/\/schema.org\/BlogPosting\" itemprop=\"blogPost\" ><div class='av-desktop-hide av-medium-hide av-small-hide av-mini-hide avia_textblock'  itemprop=\"text\" ><p>Dicken on p\u00e4\u00e4tt\u00e4nyt kautensa mitaleilla joka kev\u00e4t jo 11 vuoden ajan. T\u00e4lle kaudelle joukkue koki suuria muutoksia, kun kokemusta l\u00e4hti roppakaupalla ja tilalla on nyt liuta l\u00e4pimurtoa liigatasolla hakevia nuoria.\u00a0Tavoitteekseen Dicken nimesi ennen kauden alkua joukkueen muutoksen aloittamisen ja pelaajien kehitt\u00e4misen, jotka sitten pidemm\u00e4ll\u00e4 t\u00e4ht\u00e4imell\u00e4 johtaa menestykseen.<\/p>\n<p>T\u00e4ksi kaudeksi joukkueen kapteeniksi nostettu Heikkinen allekirjoittaa seuran asettamat tavoitteet ja reitin:<\/p>\n<p>&#8211; T\u00e4rkeint\u00e4 on kehitty\u00e4 joukkueena ja tasata pelisuoritusten laatua, jotta pystymme pelaamaan omalla parhaalla tasolla kokoajan pidempi\u00e4 p\u00e4tki\u00e4. Luotan siihen, ett\u00e4 tulosta kyll\u00e4 tulee kun saadaan pelaaminen mallilleen. Tottakai jokaiseen peliin l\u00e4hdet\u00e4\u00e4n hakemaan pisteit\u00e4, mutta sijoitus ei ole meille ainoa mittari.<\/p>\n<\/div><\/section><\/div>\n\n<style type=\"text\/css\" data-created_by=\"avia_inline_auto\" id=\"style-css-av-1goevbu-6ea706adc824d28da0d90a82177f58c0\">\n#top .hr.hr-invisible.av-1goevbu-6ea706adc824d28da0d90a82177f58c0{\nheight:20px;\n}\n<\/style>\n<div  class='hr av-1goevbu-6ea706adc824d28da0d90a82177f58c0 hr-invisible  avia-builder-el-28  el_after_av_one_full  el_before_av_one_fifth  av-small-hide av-mini-hide'><span class='hr-inner '><span class=\"hr-inner-style\"><\/span><\/span><\/div>\n<div class='flex_column_table av-mifxgpem-89ea03455b9fbb4e9a5789dd32102d50 sc-av_one_fifth av-equal-height-column-flextable'>\n<style type=\"text\/css\" data-created_by=\"avia_inline_auto\" id=\"style-css-av-mifxgpem-89ea03455b9fbb4e9a5789dd32102d50\">\n.flex_column.av-mifxgpem-89ea03455b9fbb4e9a5789dd32102d50{\nbackground-color:#f1f1f1;\n}\n<\/style>\n<div  class='flex_column av-mifxgpem-89ea03455b9fbb4e9a5789dd32102d50 av_one_fifth  avia-builder-el-29  el_after_av_hr  el_before_av_three_fifth  first no_margin flex_column_table_cell av-equal-height-column av-align-top av-hide-on-mobile  '     ><\/div>\n\n<style type=\"text\/css\" data-created_by=\"avia_inline_auto\" id=\"style-css-av-mifxiiw5-fef9616dc7a08f287c697b99b21c32c9\">\n.flex_column.av-mifxiiw5-fef9616dc7a08f287c697b99b21c32c9{\nbackground-color:#f1f1f1;\n}\n<\/style>\n<div  class='flex_column av-mifxiiw5-fef9616dc7a08f287c697b99b21c32c9 av_three_fifth  avia-builder-el-30  el_after_av_one_fifth  el_before_av_one_fifth  no_margin flex_column_table_cell av-equal-height-column av-align-top  '     ><\/div>\n\n<style type=\"text\/css\" data-created_by=\"avia_inline_auto\" id=\"style-css-av-2xtplq-57f66cb3ae5a3311ffd2460c8d658492\">\n.flex_column.av-2xtplq-57f66cb3ae5a3311ffd2460c8d658492{\nbackground-color:#f1f1f1;\n}\n<\/style>\n<div  class='flex_column av-2xtplq-57f66cb3ae5a3311ffd2460c8d658492 av_one_fifth  avia-builder-el-32  el_after_av_three_fifth  el_before_av_hr  no_margin flex_column_table_cell av-equal-height-column av-align-top av-hide-on-mobile  '     ><\/div><\/div><!--close column table wrapper. Autoclose: 1 -->\n\n<style type=\"text\/css\" data-created_by=\"avia_inline_auto\" id=\"style-css-av-o2248v-0805fdf706e48bff077f28cecc61a80c\">\n#top .hr.hr-invisible.av-o2248v-0805fdf706e48bff077f28cecc61a80c{\nheight:20px;\n}\n<\/style>\n<div  class='hr av-o2248v-0805fdf706e48bff077f28cecc61a80c hr-invisible  avia-builder-el-33  el_after_av_one_fifth  el_before_av_one_half  av-small-hide av-mini-hide'><span class='hr-inner '><span class=\"hr-inner-style\"><\/span><\/span><\/div>\n<div class='flex_column_table av-mf3uru94-6a4556d3b9ccc50fffb736f9cd81d1c4 sc-av_one_half av-equal-height-column-flextable'>\n<style type=\"text\/css\" data-created_by=\"avia_inline_auto\" id=\"style-css-av-mf3uru94-6a4556d3b9ccc50fffb736f9cd81d1c4\">\n.flex_column.av-mf3uru94-6a4556d3b9ccc50fffb736f9cd81d1c4{\nborder-width:1px;\nborder-color:#fb1414;\nborder-style:solid;\nborder-radius:1em 1em 1em 1em;\npadding:2em 1em 0em 1em;\nbackground-color:#f1f1f1;\n}\n<\/style>\n<div  class='flex_column av-mf3uru94-6a4556d3b9ccc50fffb736f9cd81d1c4 av_one_half  avia-builder-el-34  el_after_av_hr  el_before_av_one_half  first flex_column_table_cell av-equal-height-column av-align-top  '     ><p>\n<style type=\"text\/css\" data-created_by=\"avia_inline_auto\" id=\"style-css-av-10oa5zn-647f1240a6880f49f69976727cb2cce5\">\n#top .av-special-heading.av-10oa5zn-647f1240a6880f49f69976727cb2cce5{\npadding-bottom:10px;\n}\nbody .av-special-heading.av-10oa5zn-647f1240a6880f49f69976727cb2cce5 .av-special-heading-tag .heading-char{\nfont-size:25px;\n}\n.av-special-heading.av-10oa5zn-647f1240a6880f49f69976727cb2cce5 .av-subheading{\nfont-size:15px;\n}\n<\/style>\n<div  class='av-special-heading av-10oa5zn-647f1240a6880f49f69976727cb2cce5 av-special-heading-h2 blockquote modern-quote modern-centered  avia-builder-el-35  el_before_av_image  avia-builder-el-first '><h2 class='av-special-heading-tag '  itemprop=\"headline\"  >Dicken, Helsinki<\/h2><div class=\"special-heading-border\"><div class=\"special-heading-inner-border\"><\/div><\/div><\/div><br \/>\n\n<style type=\"text\/css\" data-created_by=\"avia_inline_auto\" id=\"style-css-av-mf3uoarn-0c8b857792f39581f68b2b051840a108\">\n.avia-image-container.av-mf3uoarn-0c8b857792f39581f68b2b051840a108 img.avia_image{\nbox-shadow:none;\n}\n.avia-image-container.av-mf3uoarn-0c8b857792f39581f68b2b051840a108 .av-image-caption-overlay-center{\ncolor:#ffffff;\n}\n<\/style>\n<div  class='avia-image-container av-mf3uoarn-0c8b857792f39581f68b2b051840a108 av-styling- avia-align-center  avia-builder-el-36  el_after_av_heading  el_before_av_codeblock '   itemprop=\"image\" itemscope=\"itemscope\" itemtype=\"https:\/\/schema.org\/ImageObject\" ><div class=\"avia-image-container-inner\"><div class=\"avia-image-overlay-wrap\"><img decoding=\"async\" fetchpriority=\"high\" class='wp-image-36237 avia-img-lazy-loading-not-36237 avia_image ' src=\"https:\/\/aktialiiga.fi\/naiset\/wp-content\/uploads\/sites\/6\/2024\/03\/etu-90325p-NSM-Dicken-koti.png\" alt='' title='Dicken'  height=\"276\" width=\"175\"  itemprop=\"thumbnailUrl\"  \/><\/div><\/div><\/div><br \/>\n<br \/>\n\n<style type=\"text\/css\" data-created_by=\"avia_inline_auto\" id=\"style-css-av-mh1yvprt-60a83b3067408d33d3b8cca73c4c4673\">\n#top .hr.hr-invisible.av-mh1yvprt-60a83b3067408d33d3b8cca73c4c4673{\nheight:20px;\n}\n<\/style>\n<div  class='hr av-mh1yvprt-60a83b3067408d33d3b8cca73c4c4673 hr-invisible  avia-builder-el-38  el_after_av_codeblock  el_before_av_textblock  av-small-hide av-mini-hide'><span class='hr-inner '><span class=\"hr-inner-style\"><\/span><\/span><\/div><br \/>\n<section  class='av_textblock_section av-mf3uuxhi-bf465736f6f6f392bbf559ae2da02c1f '   itemscope=\"itemscope\" itemtype=\"https:\/\/schema.org\/BlogPosting\" itemprop=\"blogPost\" ><div class='avia_textblock'  itemprop=\"text\" ><ul>\n<li>Runkosarjassa t\u00e4ll\u00e4 hetkell\u00e4 kuudennella sijalla, 15 ottelua, 10 pistett\u00e4.<\/li>\n<li>Maratontaulukon kakkonen, 41. kausi SM-tasolla.\u00a015 Suomen mestaruutta (viimeksi 2021\/22), 10 hopeaa ja 8 pronssia.<\/li>\n<li>Debyytti p\u00e4\u00e4sarjassa 1979\/80, nyt yht\u00e4jaksoisesti SM-sarjassa kaudesta 2011\/12 alkaen. Kaudesta 2013\/14 l\u00e4htien 11 per\u00e4kk\u00e4ist\u00e4 vuotta mitaleilla.<\/li>\n<li>J\u00e4\u00e4nyt mitalisijojen ulkopuolelle vain kuutena kautena. Viimeksi mitaleitta 2012\/13, jota seurasi j\u00e4lkeen yhdeks\u00e4n vuoden finaaliputki, kaksi viimeist\u00e4 kautta pronssilla.<\/li>\n<\/ul>\n<\/div><\/section><br \/>\n<section  class='av_textblock_section av-mh1ykrci-b10891e24cfc72093ef6afb02bc88808 '   itemscope=\"itemscope\" itemtype=\"https:\/\/schema.org\/BlogPosting\" itemprop=\"blogPost\" ><div class='avia_textblock'  itemprop=\"text\" ><h4>Seuraa heit\u00e4:<\/h4>\n<ul>\n<li>Ilona Kosonen, Malena Heikkinen, Jannie Gr\u00f6nmark, Amanda Wiik.<\/li>\n<\/ul>\n<\/div><\/section><br \/>\n<div  class='avia-buttonrow-wrap av-2tavu6p-54a643169fce1c3ee5d19a4ab92d8f09 avia-buttonrow-center  avia-builder-el-41  el_after_av_textblock  el_before_av_hr '>\n\n<style type=\"text\/css\" data-created_by=\"avia_inline_auto\" id=\"style-css-av-2ccze35-5d6659b15bacd6311a4545cfedc36ce0\">\n#top #wrap_all .avia-button.av-2ccze35-5d6659b15bacd6311a4545cfedc36ce0{\nbackground-color:#fb1414;\nborder-color:#fb1414;\ntransition:all 0.4s ease-in-out;\nmargin-bottom:5px;\nmargin-right:3px;\nmargin-left:3px;\n}\n#top #wrap_all .avia-button.av-2ccze35-5d6659b15bacd6311a4545cfedc36ce0:hover{\ncolor:white;\ntransition:all 0.4s ease-in-out;\n}\n#top #wrap_all .avia-button.av-2ccze35-5d6659b15bacd6311a4545cfedc36ce0:hover .avia-svg-icon svg:first-child{\nfill:white;\nstroke:white;\n}\n<\/style>\n<a href='https:\/\/aktialiiga.fi\/naiset\/joukkueet-2025-26\/dicken-helsinki\/'  class='avia-button av-2ccze35-5d6659b15bacd6311a4545cfedc36ce0 avia-icon_select-no avia-size-large avia-font-color-theme-color'   aria-label=\"Joukkuesivu\"><span class='avia_iconbox_title' >Joukkuesivu<\/span><span class='avia_button_background avia-button avia-color-theme-color-highlight' ><\/span><\/a>\n<\/div><br \/>\n\n<style type=\"text\/css\" data-created_by=\"avia_inline_auto\" id=\"style-css-av-1x14ai-8088b3bc47e6357103fa9a8f0ad846a9\">\n#top .hr.hr-invisible.av-1x14ai-8088b3bc47e6357103fa9a8f0ad846a9{\nheight:10px;\n}\n<\/style>\n<div  class='hr av-1x14ai-8088b3bc47e6357103fa9a8f0ad846a9 hr-invisible  avia-builder-el-42  el_after_av_buttonrow  avia-builder-el-last  av-small-hide av-mini-hide'><span class='hr-inner '><span class=\"hr-inner-style\"><\/span><\/span><\/div><\/p><\/div>\n<div class='av-flex-placeholder'><\/div>\n<style type=\"text\/css\" data-created_by=\"avia_inline_auto\" id=\"style-css-av-bvi81r-4eb4dfb1ec54494dd7ff5c2d780faa5f\">\n.flex_column.av-bvi81r-4eb4dfb1ec54494dd7ff5c2d780faa5f{\nborder-width:1px;\nborder-color:#082cad;\nborder-style:solid;\nborder-radius:1em 1em 1em 1em;\npadding:2em 1em 0em 1em;\nbackground-color:#f1f1f1;\n}\n<\/style>\n<div  class='flex_column av-bvi81r-4eb4dfb1ec54494dd7ff5c2d780faa5f av_one_half  avia-builder-el-43  el_after_av_one_half  el_before_av_hr  flex_column_table_cell av-equal-height-column av-align-top  '     ><p>\n<style type=\"text\/css\" data-created_by=\"avia_inline_auto\" id=\"style-css-av-37qe9wf-34be01b6956ca82a12530f96877962e5\">\n#top .av-special-heading.av-37qe9wf-34be01b6956ca82a12530f96877962e5{\npadding-bottom:10px;\n}\nbody .av-special-heading.av-37qe9wf-34be01b6956ca82a12530f96877962e5 .av-special-heading-tag .heading-char{\nfont-size:25px;\n}\n.av-special-heading.av-37qe9wf-34be01b6956ca82a12530f96877962e5 .av-subheading{\nfont-size:15px;\n}\n<\/style>\n<div  class='av-special-heading av-37qe9wf-34be01b6956ca82a12530f96877962e5 av-special-heading-h2 blockquote modern-quote modern-centered  avia-builder-el-44  el_before_av_image  avia-builder-el-first '><h2 class='av-special-heading-tag '  itemprop=\"headline\"  >Atlas, Vantaa<\/h2><div class=\"special-heading-border\"><div class=\"special-heading-inner-border\"><\/div><\/div><\/div><br \/>\n\n<style type=\"text\/css\" data-created_by=\"avia_inline_auto\" id=\"style-css-av-mjx20n9h-f262bba663fec880a2868768ac512a01\">\n.avia-image-container.av-mjx20n9h-f262bba663fec880a2868768ac512a01 img.avia_image{\nbox-shadow:none;\n}\n.avia-image-container.av-mjx20n9h-f262bba663fec880a2868768ac512a01 .av-image-caption-overlay-center{\ncolor:#ffffff;\n}\n<\/style>\n<div  class='avia-image-container av-mjx20n9h-f262bba663fec880a2868768ac512a01 av-styling- avia-align-center  avia-builder-el-45  el_after_av_heading  el_before_av_codeblock '   itemprop=\"image\" itemscope=\"itemscope\" itemtype=\"https:\/\/schema.org\/ImageObject\" ><div class=\"avia-image-container-inner\"><div class=\"avia-image-overlay-wrap\"><img decoding=\"async\" fetchpriority=\"high\" class='wp-image-38665 avia-img-lazy-loading-not-38665 avia_image ' src=\"https:\/\/aktialiiga.fi\/naiset\/wp-content\/uploads\/sites\/6\/2024\/08\/etu2-90323p-NSM-Atlas-vieras.png\" alt='' title='Atlas'  height=\"276\" width=\"175\"  itemprop=\"thumbnailUrl\"  \/><\/div><\/div><\/div><br \/>\n<br \/>\n\n<style type=\"text\/css\" data-created_by=\"avia_inline_auto\" id=\"style-css-av-9mruf3-b273c8b0f623f17763a6fa3724758eec\">\n#top .hr.hr-invisible.av-9mruf3-b273c8b0f623f17763a6fa3724758eec{\nheight:25px;\n}\n<\/style>\n<div  class='hr av-9mruf3-b273c8b0f623f17763a6fa3724758eec hr-invisible  avia-builder-el-47  el_after_av_codeblock  el_before_av_textblock  av-small-hide av-mini-hide'><span class='hr-inner '><span class=\"hr-inner-style\"><\/span><\/span><\/div><br \/>\n<section  class='av_textblock_section av-256vklb-dcb511eb4f228b226b224dc66c53a286 '   itemscope=\"itemscope\" itemtype=\"https:\/\/schema.org\/BlogPosting\" itemprop=\"blogPost\" ><div class='avia_textblock'  itemprop=\"text\" ><ul>\n<li>Runkosarjassa t\u00e4ll\u00e4 hetkell\u00e4 viidennell\u00e4 sijalla, 15 ottelua, 10 pistett\u00e4.<\/li>\n<li>Maratontaulukon sijalla 10. K\u00e4ynniss\u00e4 27. kausi SM-tasolla.<\/li>\n<li>Debyytti 1980\/81, pisin yht\u00e4jaksoinen p\u00e4\u00e4sarjataival yhdeks\u00e4n kautta (1980-89).<\/li>\n<li>Palasi viime kaudeksi liigaan kolmen vuoden poissaolon j\u00e4lkeen sijoittumalla kuudenneksi.<\/li>\n<li>Saavuttanut kaksi SM-pronssia (1982\/83 ja 1984\/85).<\/li>\n<\/ul>\n<\/div><\/section><br \/>\n\n<style type=\"text\/css\" data-created_by=\"avia_inline_auto\" id=\"style-css-av-mjztzono-8b20aac81022a0e54edfae5c5585ff0f\">\n#top .hr.hr-invisible.av-mjztzono-8b20aac81022a0e54edfae5c5585ff0f{\nheight:48px;\n}\n<\/style>\n<div  class='hr av-mjztzono-8b20aac81022a0e54edfae5c5585ff0f hr-invisible  avia-builder-el-49  el_after_av_textblock  el_before_av_textblock  av-small-hide av-mini-hide'><span class='hr-inner '><span class=\"hr-inner-style\"><\/span><\/span><\/div><br \/>\n<section  class='av_textblock_section av-mjx2i4yr-78124c9cb5d7979ed9ab7e947ce336d3 '   itemscope=\"itemscope\" itemtype=\"https:\/\/schema.org\/BlogPosting\" itemprop=\"blogPost\" ><div class='avia_textblock'  itemprop=\"text\" ><h4>Seuraa heit\u00e4:<\/h4>\n<ul>\n<li>Adriana Jakimova, Liisa Holopainen, Suvi Erhovaara, Sara Helaskoski<\/li>\n<\/ul>\n<\/div><\/section><br \/>\n<div  class='avia-buttonrow-wrap av-1s3a4bj-0ce234a71962e971e825aa3abd472c48 avia-buttonrow-center  avia-builder-el-51  el_after_av_textblock  el_before_av_hr '>\n\n<style type=\"text\/css\" data-created_by=\"avia_inline_auto\" id=\"style-css-av-4pndy7-21ee7adb737d40cf7d07afead2c573c4\">\n#top #wrap_all .avia-button.av-4pndy7-21ee7adb737d40cf7d07afead2c573c4{\nbackground-color:#082cad;\nborder-color:#082cad;\ntransition:all 0.4s ease-in-out;\nmargin-bottom:5px;\nmargin-right:3px;\nmargin-left:3px;\n}\n#top #wrap_all .avia-button.av-4pndy7-21ee7adb737d40cf7d07afead2c573c4:hover{\ncolor:white;\ntransition:all 0.4s ease-in-out;\n}\n#top #wrap_all .avia-button.av-4pndy7-21ee7adb737d40cf7d07afead2c573c4:hover .avia-svg-icon svg:first-child{\nfill:white;\nstroke:white;\n}\n<\/style>\n<a href='https:\/\/aktialiiga.fi\/naiset\/joukkueet-2025-26\/atlas-vantaa\/'  class='avia-button av-4pndy7-21ee7adb737d40cf7d07afead2c573c4 avia-icon_select-no avia-size-large avia-font-color-theme-color'   aria-label=\"Joukkuesivu\"><span class='avia_iconbox_title' >Joukkuesivu<\/span><span class='avia_button_background avia-button avia-color-theme-color-highlight' ><\/span><\/a>\n<\/div><br \/>\n\n<style type=\"text\/css\" data-created_by=\"avia_inline_auto\" id=\"style-css-av-pwfy73-9fa1d1d846aaf7a4d8e77b601570d6a8\">\n#top .hr.hr-invisible.av-pwfy73-9fa1d1d846aaf7a4d8e77b601570d6a8{\nheight:10px;\n}\n<\/style>\n<div  class='hr av-pwfy73-9fa1d1d846aaf7a4d8e77b601570d6a8 hr-invisible  avia-builder-el-52  el_after_av_buttonrow  avia-builder-el-last  av-small-hide av-mini-hide'><span class='hr-inner '><span class=\"hr-inner-style\"><\/span><\/span><\/div><\/p><\/div><\/div><!--close column table wrapper. Autoclose: 1 -->\n\n<style type=\"text\/css\" data-created_by=\"avia_inline_auto\" id=\"style-css-av-kc1wb7-ff71b60329be257a11a7423d2397bede\">\n#top .hr.hr-invisible.av-kc1wb7-ff71b60329be257a11a7423d2397bede{\nheight:30px;\n}\n<\/style>\n<div  class='hr av-kc1wb7-ff71b60329be257a11a7423d2397bede hr-invisible  avia-builder-el-53  el_after_av_one_half  avia-builder-el-last '><span class='hr-inner '><span class=\"hr-inner-style\"><\/span><\/span><\/div>\n","protected":false},"excerpt":{"rendered":"","protected":false},"author":3,"featured_media":44912,"comment_status":"closed","ping_status":"closed","sticky":false,"template":"","format":"standard","meta":{"_acf_changed":false,"jetpack_post_was_ever_published":false,"_jetpack_newsletter_access":"","_jetpack_dont_email_post_to_subs":false,"_jetpack_newsletter_tier_id":0,"_jetpack_memberships_contains_paywalled_content":false,"_jetpack_memberships_contains_paid_content":false,"footnotes":""},"categories":[272],"tags":[294,237,48,51,293,133,278],"class_list":["post-46271","post","type-post","status-publish","format-standard","has-post-thumbnail","hentry","category-ennakot-2025-2026","tag-adriana-jakimova","tag-aktialiiga","tag-atlas","tag-dicken","tag-malena-heikkinen","tag-runkosarja","tag-viikon-helmi"],"acf":[],"yoast_head":"<!-- This site is optimized with the Yoast SEO plugin v27.5 - https:\/\/yoast.com\/product\/yoast-seo-wordpress\/ -->\n<title>VIIKON HELMI: Vuosi alkaa Dickenin ja Atlaksen nelj\u00e4n pisteen pelill\u00e4 | K\u00e4sipallon naisten Aktialiiga<\/title>\n<meta name=\"robots\" content=\"index, follow, max-snippet:-1, max-image-preview:large, max-video-preview:-1\" \/>\n<link rel=\"canonical\" href=\"https:\/\/aktialiiga.fi\/naiset\/2025-2026\/ennakot-2025-2026\/viikon-helmi-vuosi-alkaa-dickenin-ja-atlaksen-neljan-pisteen-pelilla\/\" \/>\n<meta property=\"og:locale\" content=\"fi_FI\" \/>\n<meta property=\"og:type\" content=\"article\" \/>\n<meta property=\"og:title\" content=\"VIIKON HELMI: Vuosi alkaa Dickenin ja Atlaksen nelj\u00e4n pisteen pelill\u00e4 | K\u00e4sipallon naisten Aktialiiga\" \/>\n<meta property=\"og:url\" content=\"https:\/\/aktialiiga.fi\/naiset\/2025-2026\/ennakot-2025-2026\/viikon-helmi-vuosi-alkaa-dickenin-ja-atlaksen-neljan-pisteen-pelilla\/\" \/>\n<meta property=\"og:site_name\" content=\"K\u00e4sipallon naisten Aktialiiga\" \/>\n<meta property=\"article:publisher\" content=\"https:\/\/www.facebook.com\/finnhandball\" \/>\n<meta property=\"article:published_time\" content=\"2026-01-05T12:14:08+00:00\" \/>\n<meta property=\"article:modified_time\" content=\"2026-01-21T08:43:52+00:00\" \/>\n<meta property=\"og:image\" content=\"https:\/\/aktialiiga.fi\/naiset\/wp-content\/uploads\/sites\/6\/2025\/09\/A7300003-e1767370186546.jpg\" \/>\n\t<meta property=\"og:image:width\" content=\"1860\" \/>\n\t<meta property=\"og:image:height\" content=\"1050\" \/>\n\t<meta property=\"og:image:type\" content=\"image\/jpeg\" \/>\n<meta name=\"author\" content=\"jussi\" \/>\n<meta name=\"twitter:card\" content=\"summary_large_image\" \/>\n<meta name=\"twitter:creator\" content=\"@finnhandball\" \/>\n<meta name=\"twitter:site\" content=\"@finnhandball\" \/>\n<script type=\"application\/ld+json\" class=\"yoast-schema-graph\">{\"@context\":\"https:\\\/\\\/schema.org\",\"@graph\":[{\"@type\":\"Article\",\"@id\":\"https:\\\/\\\/aktialiiga.fi\\\/naiset\\\/2025-2026\\\/ennakot-2025-2026\\\/viikon-helmi-vuosi-alkaa-dickenin-ja-atlaksen-neljan-pisteen-pelilla\\\/#article\",\"isPartOf\":{\"@id\":\"https:\\\/\\\/aktialiiga.fi\\\/naiset\\\/2025-2026\\\/ennakot-2025-2026\\\/viikon-helmi-vuosi-alkaa-dickenin-ja-atlaksen-neljan-pisteen-pelilla\\\/\"},\"author\":{\"name\":\"jussi\",\"@id\":\"https:\\\/\\\/aktialiiga.fi\\\/naiset\\\/#\\\/schema\\\/person\\\/6ed7641d619c7f28481c53817a16b871\"},\"headline\":\"VIIKON HELMI: Vuosi alkaa Dickenin ja Atlaksen nelj\u00e4n pisteen pelill\u00e4\",\"datePublished\":\"2026-01-05T12:14:08+00:00\",\"dateModified\":\"2026-01-21T08:43:52+00:00\",\"mainEntityOfPage\":{\"@id\":\"https:\\\/\\\/aktialiiga.fi\\\/naiset\\\/2025-2026\\\/ennakot-2025-2026\\\/viikon-helmi-vuosi-alkaa-dickenin-ja-atlaksen-neljan-pisteen-pelilla\\\/\"},\"wordCount\":10780,\"publisher\":{\"@id\":\"https:\\\/\\\/aktialiiga.fi\\\/naiset\\\/#organization\"},\"image\":{\"@id\":\"https:\\\/\\\/aktialiiga.fi\\\/naiset\\\/2025-2026\\\/ennakot-2025-2026\\\/viikon-helmi-vuosi-alkaa-dickenin-ja-atlaksen-neljan-pisteen-pelilla\\\/#primaryimage\"},\"thumbnailUrl\":\"https:\\\/\\\/aktialiiga.fi\\\/naiset\\\/wp-content\\\/uploads\\\/sites\\\/6\\\/2025\\\/09\\\/A7300003-e1767370186546.jpg\",\"keywords\":[\"Adriana Jakimova\",\"Aktialiiga\",\"Atlas\",\"Dicken\",\"Malena Heikkinen\",\"runkosarja\",\"Viikon helmi\"],\"articleSection\":[\"Ennakot\"],\"inLanguage\":\"fi\"},{\"@type\":\"WebPage\",\"@id\":\"https:\\\/\\\/aktialiiga.fi\\\/naiset\\\/2025-2026\\\/ennakot-2025-2026\\\/viikon-helmi-vuosi-alkaa-dickenin-ja-atlaksen-neljan-pisteen-pelilla\\\/\",\"url\":\"https:\\\/\\\/aktialiiga.fi\\\/naiset\\\/2025-2026\\\/ennakot-2025-2026\\\/viikon-helmi-vuosi-alkaa-dickenin-ja-atlaksen-neljan-pisteen-pelilla\\\/\",\"name\":\"VIIKON HELMI: Vuosi alkaa Dickenin ja Atlaksen nelj\u00e4n pisteen pelill\u00e4 | K\u00e4sipallon naisten Aktialiiga\",\"isPartOf\":{\"@id\":\"https:\\\/\\\/aktialiiga.fi\\\/naiset\\\/#website\"},\"primaryImageOfPage\":{\"@id\":\"https:\\\/\\\/aktialiiga.fi\\\/naiset\\\/2025-2026\\\/ennakot-2025-2026\\\/viikon-helmi-vuosi-alkaa-dickenin-ja-atlaksen-neljan-pisteen-pelilla\\\/#primaryimage\"},\"image\":{\"@id\":\"https:\\\/\\\/aktialiiga.fi\\\/naiset\\\/2025-2026\\\/ennakot-2025-2026\\\/viikon-helmi-vuosi-alkaa-dickenin-ja-atlaksen-neljan-pisteen-pelilla\\\/#primaryimage\"},\"thumbnailUrl\":\"https:\\\/\\\/aktialiiga.fi\\\/naiset\\\/wp-content\\\/uploads\\\/sites\\\/6\\\/2025\\\/09\\\/A7300003-e1767370186546.jpg\",\"datePublished\":\"2026-01-05T12:14:08+00:00\",\"dateModified\":\"2026-01-21T08:43:52+00:00\",\"breadcrumb\":{\"@id\":\"https:\\\/\\\/aktialiiga.fi\\\/naiset\\\/2025-2026\\\/ennakot-2025-2026\\\/viikon-helmi-vuosi-alkaa-dickenin-ja-atlaksen-neljan-pisteen-pelilla\\\/#breadcrumb\"},\"inLanguage\":\"fi\",\"potentialAction\":[{\"@type\":\"ReadAction\",\"target\":[\"https:\\\/\\\/aktialiiga.fi\\\/naiset\\\/2025-2026\\\/ennakot-2025-2026\\\/viikon-helmi-vuosi-alkaa-dickenin-ja-atlaksen-neljan-pisteen-pelilla\\\/\"]}]},{\"@type\":\"ImageObject\",\"inLanguage\":\"fi\",\"@id\":\"https:\\\/\\\/aktialiiga.fi\\\/naiset\\\/2025-2026\\\/ennakot-2025-2026\\\/viikon-helmi-vuosi-alkaa-dickenin-ja-atlaksen-neljan-pisteen-pelilla\\\/#primaryimage\",\"url\":\"https:\\\/\\\/aktialiiga.fi\\\/naiset\\\/wp-content\\\/uploads\\\/sites\\\/6\\\/2025\\\/09\\\/A7300003-e1767370186546.jpg\",\"contentUrl\":\"https:\\\/\\\/aktialiiga.fi\\\/naiset\\\/wp-content\\\/uploads\\\/sites\\\/6\\\/2025\\\/09\\\/A7300003-e1767370186546.jpg\",\"width\":1860,\"height\":1050,\"caption\":\"Dicken, 2025-26\"},{\"@type\":\"BreadcrumbList\",\"@id\":\"https:\\\/\\\/aktialiiga.fi\\\/naiset\\\/2025-2026\\\/ennakot-2025-2026\\\/viikon-helmi-vuosi-alkaa-dickenin-ja-atlaksen-neljan-pisteen-pelilla\\\/#breadcrumb\",\"itemListElement\":[{\"@type\":\"ListItem\",\"position\":1,\"name\":\"Etusivu\",\"item\":\"https:\\\/\\\/aktialiiga.fi\\\/naiset\\\/\"},{\"@type\":\"ListItem\",\"position\":2,\"name\":\"VIIKON HELMI: Vuosi alkaa Dickenin ja Atlaksen nelj\u00e4n pisteen pelill\u00e4\"}]},{\"@type\":\"WebSite\",\"@id\":\"https:\\\/\\\/aktialiiga.fi\\\/naiset\\\/#website\",\"url\":\"https:\\\/\\\/aktialiiga.fi\\\/naiset\\\/\",\"name\":\"K\u00e4sipallon naisten Aktialiiga\",\"description\":\"Valtakunnan vauhdikkainta palloilua!\",\"publisher\":{\"@id\":\"https:\\\/\\\/aktialiiga.fi\\\/naiset\\\/#organization\"},\"potentialAction\":[{\"@type\":\"SearchAction\",\"target\":{\"@type\":\"EntryPoint\",\"urlTemplate\":\"https:\\\/\\\/aktialiiga.fi\\\/naiset\\\/?s={search_term_string}\"},\"query-input\":{\"@type\":\"PropertyValueSpecification\",\"valueRequired\":true,\"valueName\":\"search_term_string\"}}],\"inLanguage\":\"fi\"},{\"@type\":\"Organization\",\"@id\":\"https:\\\/\\\/aktialiiga.fi\\\/naiset\\\/#organization\",\"name\":\"K\u00e4sipallon naisten Aktialiiga\",\"url\":\"https:\\\/\\\/aktialiiga.fi\\\/naiset\\\/\",\"logo\":{\"@type\":\"ImageObject\",\"inLanguage\":\"fi\",\"@id\":\"https:\\\/\\\/aktialiiga.fi\\\/naiset\\\/#\\\/schema\\\/logo\\\/image\\\/\",\"url\":\"https:\\\/\\\/aktialiiga.fi\\\/naiset\\\/wp-content\\\/uploads\\\/sites\\\/6\\\/2024\\\/09\\\/Aktialiiga-Yoast-512.png\",\"contentUrl\":\"https:\\\/\\\/aktialiiga.fi\\\/naiset\\\/wp-content\\\/uploads\\\/sites\\\/6\\\/2024\\\/09\\\/Aktialiiga-Yoast-512.png\",\"width\":512,\"height\":512,\"caption\":\"K\u00e4sipallon naisten Aktialiiga\"},\"image\":{\"@id\":\"https:\\\/\\\/aktialiiga.fi\\\/naiset\\\/#\\\/schema\\\/logo\\\/image\\\/\"},\"sameAs\":[\"https:\\\/\\\/www.facebook.com\\\/finnhandball\",\"https:\\\/\\\/x.com\\\/finnhandball\",\"https:\\\/\\\/www.instagram.com\\\/handballfinland\\\/\"]},{\"@type\":\"Person\",\"@id\":\"https:\\\/\\\/aktialiiga.fi\\\/naiset\\\/#\\\/schema\\\/person\\\/6ed7641d619c7f28481c53817a16b871\",\"name\":\"jussi\",\"image\":{\"@type\":\"ImageObject\",\"inLanguage\":\"fi\",\"@id\":\"https:\\\/\\\/secure.gravatar.com\\\/avatar\\\/034b8e6380fc659c320f13e17fe45bd9ab48a21e2debadd5f3179bde291949df?s=96&d=mm&r=g\",\"url\":\"https:\\\/\\\/secure.gravatar.com\\\/avatar\\\/034b8e6380fc659c320f13e17fe45bd9ab48a21e2debadd5f3179bde291949df?s=96&d=mm&r=g\",\"contentUrl\":\"https:\\\/\\\/secure.gravatar.com\\\/avatar\\\/034b8e6380fc659c320f13e17fe45bd9ab48a21e2debadd5f3179bde291949df?s=96&d=mm&r=g\",\"caption\":\"jussi\"}}]}<\/script>\n<!-- \/ Yoast SEO plugin. -->","yoast_head_json":{"title":"VIIKON HELMI: Vuosi alkaa Dickenin ja Atlaksen nelj\u00e4n pisteen pelill\u00e4 | K\u00e4sipallon naisten Aktialiiga","robots":{"index":"index","follow":"follow","max-snippet":"max-snippet:-1","max-image-preview":"max-image-preview:large","max-video-preview":"max-video-preview:-1"},"canonical":"https:\/\/aktialiiga.fi\/naiset\/2025-2026\/ennakot-2025-2026\/viikon-helmi-vuosi-alkaa-dickenin-ja-atlaksen-neljan-pisteen-pelilla\/","og_locale":"fi_FI","og_type":"article","og_title":"VIIKON HELMI: Vuosi alkaa Dickenin ja Atlaksen nelj\u00e4n pisteen pelill\u00e4 | K\u00e4sipallon naisten Aktialiiga","og_url":"https:\/\/aktialiiga.fi\/naiset\/2025-2026\/ennakot-2025-2026\/viikon-helmi-vuosi-alkaa-dickenin-ja-atlaksen-neljan-pisteen-pelilla\/","og_site_name":"K\u00e4sipallon naisten Aktialiiga","article_publisher":"https:\/\/www.facebook.com\/finnhandball","article_published_time":"2026-01-05T12:14:08+00:00","article_modified_time":"2026-01-21T08:43:52+00:00","og_image":[{"width":1860,"height":1050,"url":"https:\/\/aktialiiga.fi\/naiset\/wp-content\/uploads\/sites\/6\/2025\/09\/A7300003-e1767370186546.jpg","type":"image\/jpeg"}],"author":"jussi","twitter_card":"summary_large_image","twitter_creator":"@finnhandball","twitter_site":"@finnhandball","schema":{"@context":"https:\/\/schema.org","@graph":[{"@type":"Article","@id":"https:\/\/aktialiiga.fi\/naiset\/2025-2026\/ennakot-2025-2026\/viikon-helmi-vuosi-alkaa-dickenin-ja-atlaksen-neljan-pisteen-pelilla\/#article","isPartOf":{"@id":"https:\/\/aktialiiga.fi\/naiset\/2025-2026\/ennakot-2025-2026\/viikon-helmi-vuosi-alkaa-dickenin-ja-atlaksen-neljan-pisteen-pelilla\/"},"author":{"name":"jussi","@id":"https:\/\/aktialiiga.fi\/naiset\/#\/schema\/person\/6ed7641d619c7f28481c53817a16b871"},"headline":"VIIKON HELMI: Vuosi alkaa Dickenin ja Atlaksen nelj\u00e4n pisteen pelill\u00e4","datePublished":"2026-01-05T12:14:08+00:00","dateModified":"2026-01-21T08:43:52+00:00","mainEntityOfPage":{"@id":"https:\/\/aktialiiga.fi\/naiset\/2025-2026\/ennakot-2025-2026\/viikon-helmi-vuosi-alkaa-dickenin-ja-atlaksen-neljan-pisteen-pelilla\/"},"wordCount":10780,"publisher":{"@id":"https:\/\/aktialiiga.fi\/naiset\/#organization"},"image":{"@id":"https:\/\/aktialiiga.fi\/naiset\/2025-2026\/ennakot-2025-2026\/viikon-helmi-vuosi-alkaa-dickenin-ja-atlaksen-neljan-pisteen-pelilla\/#primaryimage"},"thumbnailUrl":"https:\/\/aktialiiga.fi\/naiset\/wp-content\/uploads\/sites\/6\/2025\/09\/A7300003-e1767370186546.jpg","keywords":["Adriana Jakimova","Aktialiiga","Atlas","Dicken","Malena Heikkinen","runkosarja","Viikon helmi"],"articleSection":["Ennakot"],"inLanguage":"fi"},{"@type":"WebPage","@id":"https:\/\/aktialiiga.fi\/naiset\/2025-2026\/ennakot-2025-2026\/viikon-helmi-vuosi-alkaa-dickenin-ja-atlaksen-neljan-pisteen-pelilla\/","url":"https:\/\/aktialiiga.fi\/naiset\/2025-2026\/ennakot-2025-2026\/viikon-helmi-vuosi-alkaa-dickenin-ja-atlaksen-neljan-pisteen-pelilla\/","name":"VIIKON HELMI: Vuosi alkaa Dickenin ja Atlaksen nelj\u00e4n pisteen pelill\u00e4 | K\u00e4sipallon naisten Aktialiiga","isPartOf":{"@id":"https:\/\/aktialiiga.fi\/naiset\/#website"},"primaryImageOfPage":{"@id":"https:\/\/aktialiiga.fi\/naiset\/2025-2026\/ennakot-2025-2026\/viikon-helmi-vuosi-alkaa-dickenin-ja-atlaksen-neljan-pisteen-pelilla\/#primaryimage"},"image":{"@id":"https:\/\/aktialiiga.fi\/naiset\/2025-2026\/ennakot-2025-2026\/viikon-helmi-vuosi-alkaa-dickenin-ja-atlaksen-neljan-pisteen-pelilla\/#primaryimage"},"thumbnailUrl":"https:\/\/aktialiiga.fi\/naiset\/wp-content\/uploads\/sites\/6\/2025\/09\/A7300003-e1767370186546.jpg","datePublished":"2026-01-05T12:14:08+00:00","dateModified":"2026-01-21T08:43:52+00:00","breadcrumb":{"@id":"https:\/\/aktialiiga.fi\/naiset\/2025-2026\/ennakot-2025-2026\/viikon-helmi-vuosi-alkaa-dickenin-ja-atlaksen-neljan-pisteen-pelilla\/#breadcrumb"},"inLanguage":"fi","potentialAction":[{"@type":"ReadAction","target":["https:\/\/aktialiiga.fi\/naiset\/2025-2026\/ennakot-2025-2026\/viikon-helmi-vuosi-alkaa-dickenin-ja-atlaksen-neljan-pisteen-pelilla\/"]}]},{"@type":"ImageObject","inLanguage":"fi","@id":"https:\/\/aktialiiga.fi\/naiset\/2025-2026\/ennakot-2025-2026\/viikon-helmi-vuosi-alkaa-dickenin-ja-atlaksen-neljan-pisteen-pelilla\/#primaryimage","url":"https:\/\/aktialiiga.fi\/naiset\/wp-content\/uploads\/sites\/6\/2025\/09\/A7300003-e1767370186546.jpg","contentUrl":"https:\/\/aktialiiga.fi\/naiset\/wp-content\/uploads\/sites\/6\/2025\/09\/A7300003-e1767370186546.jpg","width":1860,"height":1050,"caption":"Dicken, 2025-26"},{"@type":"BreadcrumbList","@id":"https:\/\/aktialiiga.fi\/naiset\/2025-2026\/ennakot-2025-2026\/viikon-helmi-vuosi-alkaa-dickenin-ja-atlaksen-neljan-pisteen-pelilla\/#breadcrumb","itemListElement":[{"@type":"ListItem","position":1,"name":"Etusivu","item":"https:\/\/aktialiiga.fi\/naiset\/"},{"@type":"ListItem","position":2,"name":"VIIKON HELMI: Vuosi alkaa Dickenin ja Atlaksen nelj\u00e4n pisteen pelill\u00e4"}]},{"@type":"WebSite","@id":"https:\/\/aktialiiga.fi\/naiset\/#website","url":"https:\/\/aktialiiga.fi\/naiset\/","name":"K\u00e4sipallon naisten Aktialiiga","description":"Valtakunnan vauhdikkainta palloilua!","publisher":{"@id":"https:\/\/aktialiiga.fi\/naiset\/#organization"},"potentialAction":[{"@type":"SearchAction","target":{"@type":"EntryPoint","urlTemplate":"https:\/\/aktialiiga.fi\/naiset\/?s={search_term_string}"},"query-input":{"@type":"PropertyValueSpecification","valueRequired":true,"valueName":"search_term_string"}}],"inLanguage":"fi"},{"@type":"Organization","@id":"https:\/\/aktialiiga.fi\/naiset\/#organization","name":"K\u00e4sipallon naisten Aktialiiga","url":"https:\/\/aktialiiga.fi\/naiset\/","logo":{"@type":"ImageObject","inLanguage":"fi","@id":"https:\/\/aktialiiga.fi\/naiset\/#\/schema\/logo\/image\/","url":"https:\/\/aktialiiga.fi\/naiset\/wp-content\/uploads\/sites\/6\/2024\/09\/Aktialiiga-Yoast-512.png","contentUrl":"https:\/\/aktialiiga.fi\/naiset\/wp-content\/uploads\/sites\/6\/2024\/09\/Aktialiiga-Yoast-512.png","width":512,"height":512,"caption":"K\u00e4sipallon naisten Aktialiiga"},"image":{"@id":"https:\/\/aktialiiga.fi\/naiset\/#\/schema\/logo\/image\/"},"sameAs":["https:\/\/www.facebook.com\/finnhandball","https:\/\/x.com\/finnhandball","https:\/\/www.instagram.com\/handballfinland\/"]},{"@type":"Person","@id":"https:\/\/aktialiiga.fi\/naiset\/#\/schema\/person\/6ed7641d619c7f28481c53817a16b871","name":"jussi","image":{"@type":"ImageObject","inLanguage":"fi","@id":"https:\/\/secure.gravatar.com\/avatar\/034b8e6380fc659c320f13e17fe45bd9ab48a21e2debadd5f3179bde291949df?s=96&d=mm&r=g","url":"https:\/\/secure.gravatar.com\/avatar\/034b8e6380fc659c320f13e17fe45bd9ab48a21e2debadd5f3179bde291949df?s=96&d=mm&r=g","contentUrl":"https:\/\/secure.gravatar.com\/avatar\/034b8e6380fc659c320f13e17fe45bd9ab48a21e2debadd5f3179bde291949df?s=96&d=mm&r=g","caption":"jussi"}}]}},"jetpack_featured_media_url":"https:\/\/aktialiiga.fi\/naiset\/wp-content\/uploads\/sites\/6\/2025\/09\/A7300003-e1767370186546.jpg","jetpack_sharing_enabled":true,"jetpack_shortlink":"https:\/\/wp.me\/pfYhm6-c2j","_links":{"self":[{"href":"https:\/\/aktialiiga.fi\/naiset\/wp-json\/wp\/v2\/posts\/46271","targetHints":{"allow":["GET"]}}],"collection":[{"href":"https:\/\/aktialiiga.fi\/naiset\/wp-json\/wp\/v2\/posts"}],"about":[{"href":"https:\/\/aktialiiga.fi\/naiset\/wp-json\/wp\/v2\/types\/post"}],"author":[{"embeddable":true,"href":"https:\/\/aktialiiga.fi\/naiset\/wp-json\/wp\/v2\/users\/3"}],"replies":[{"embeddable":true,"href":"https:\/\/aktialiiga.fi\/naiset\/wp-json\/wp\/v2\/comments?post=46271"}],"version-history":[{"count":65,"href":"https:\/\/aktialiiga.fi\/naiset\/wp-json\/wp\/v2\/posts\/46271\/revisions"}],"predecessor-version":[{"id":46333,"href":"https:\/\/aktialiiga.fi\/naiset\/wp-json\/wp\/v2\/posts\/46271\/revisions\/46333"}],"wp:featuredmedia":[{"embeddable":true,"href":"https:\/\/aktialiiga.fi\/naiset\/wp-json\/wp\/v2\/media\/44912"}],"wp:attachment":[{"href":"https:\/\/aktialiiga.fi\/naiset\/wp-json\/wp\/v2\/media?parent=46271"}],"wp:term":[{"taxonomy":"category","embeddable":true,"href":"https:\/\/aktialiiga.fi\/naiset\/wp-json\/wp\/v2\/categories?post=46271"},{"taxonomy":"post_tag","embeddable":true,"href":"https:\/\/aktialiiga.fi\/naiset\/wp-json\/wp\/v2\/tags?post=46271"}],"curies":[{"name":"wp","href":"https:\/\/api.w.org\/{rel}","templated":true}]}}