{"id":46337,"date":"2026-01-05T21:41:26","date_gmt":"2026-01-05T19:41:26","guid":{"rendered":"https:\/\/aktialiiga.fi\/naiset\/?p=46337"},"modified":"2026-01-06T09:46:07","modified_gmt":"2026-01-06T07:46:07","slug":"aktialiiga-palaa-tauolta-ryminalla","status":"publish","type":"post","link":"https:\/\/aktialiiga.fi\/naiset\/2025-2026\/ennakot-2025-2026\/aktialiiga-palaa-tauolta-ryminalla\/","title":{"rendered":"Aktialiiga palaa tauolta rymin\u00e4ll\u00e4"},"content":{"rendered":"<p>Aktialiigassa vuosi 2026 aloitetaan heti railakkaasti, kun viikolla pelataan kaksi kierrosta.<\/p>\n<p>Pelit k\u00e4ynnistyv\u00e4t loppiaisen j\u00e4lkeen keskiviikkona hyvin mielenkiintoisilla kohtaamisilla. Lauantaina ohjelmassa on niin ik\u00e4\u00e4n kolme mielenkiintoista peli\u00e4.<\/p>\n<p>Keskiviikkona Dicken ja Atlas kohtaavat t\u00e4rke\u00e4ss\u00e4 kamppailussa, jossa joukkueet taistelevat puoliv\u00e4lierien kotiedusta. Joukkueet ovat tasapisteiss\u00e4 viidenten\u00e4 ja kuudentena ja tappio saattaisi tiet\u00e4\u00e4 jo ratkaisevan hajuraon synty\u00e4 nelj\u00e4nteen sijaan.<\/p>\n<p>Ottelun ennakkoasetelmista voi lukea lis\u00e4\u00e4 <a href=\"https:\/\/aktialiiga.fi\/naiset\/2025-2026\/ennakot-2025-2026\/viikon-helmi-vuosi-alkaa-dickenin-ja-atlaksen-neljan-pisteen-pelilla\/\">t\u00e4\u00e4lt\u00e4<\/a>.<\/p>\n<p>Keskiviikkona sarjak\u00e4rki GrIFK saa kotikent\u00e4lleen Cocksin ja p\u00e4iv\u00e4 p\u00e4\u00e4ttyy BK-46:n ja HIFK:n v\u00e4liseen huippukamppailuun.<\/p>\n<p>Ottelussa panokset ovat tapissa, sill\u00e4 BK-46 on sarjassa toisena viisi pistett\u00e4 HIFK:ta edell\u00e4, mutta helsinkil\u00e4isill\u00e4 on kaksi ottelua v\u00e4hemm\u00e4n pelattuna. Voitolla HIFK saisi v\u00e4lier\u00e4paikan takaisin omiin k\u00e4siins\u00e4. BK-46:lla on puolestaan mahdollisuus vankistaa asemiaan k\u00e4rkikaksikossa entisest\u00e4\u00e4n.<\/p>\n<p>Dickenill\u00e4 on iso viikko, sill\u00e4 joukkueella on kaksi &#8221;nelj\u00e4n pisteen&#8221; peli\u00e4, kun lauantaina se matkustaa Cocksin vieraaksi. SIF pelaa vuoden ensimm\u00e4isen ottelunsa em\u00e4nn\u00f6idess\u00e4\u00e4n GrIFK:ta ja Atlas saa Myyrm\u00e4keen vieraakseen HIFK:n.<\/p>\n<p><strong>Aktialiigan viikon ottelut:<br \/>\n<\/strong>Ke 7.1. kello 19.00 GrIFK-Cocks<strong><br \/>\n<\/strong>Ke 7.1. kello 19.00 Dicken-Atlas<strong><br \/>\n<\/strong>Ke 7.1. kello 20.00 HIFK-BK-46<\/p>\n<p>La 10.1. kello 15.00 SIF-GrIFK<br \/>\nLa 10.1. kello 16.00 Cocks-Dicken<br \/>\nLa 10.1. kello 16.00 Atlas-HIFK<\/p>\n<p>HandisTV n\u00e4ytt\u00e4\u00e4 kaikki Aktialiigan ottelut suorina l\u00e4hetyksin\u00e4. Lue lis\u00e4\u00e4\u00a0<a href=\"https:\/\/aktialiiga.fi\/handistv\/\">t\u00e4\u00e4lt\u00e4<\/a>.<\/p>\n<p>&nbsp;<\/p>\n","protected":false},"excerpt":{"rendered":"<p>Aktialiigassa vuosi 2026 aloitetaan heti railakkaasti, kun viikolla pelataan kaksi kierrosta. Pelit k\u00e4ynnistyv\u00e4t loppiaisen j\u00e4lkeen keskiviikkona hyvin mielenkiintoisilla kohtaamisilla. Lauantaina ohjelmassa on niin ik\u00e4\u00e4n kolme mielenkiintoista peli\u00e4. Keskiviikkona Dicken ja Atlas kohtaavat t\u00e4rke\u00e4ss\u00e4 kamppailussa, jossa joukkueet taistelevat puoliv\u00e4lierien kotiedusta. Joukkueet ovat tasapisteiss\u00e4 viidenten\u00e4 ja kuudentena ja tappio saattaisi tiet\u00e4\u00e4 jo ratkaisevan hajuraon synty\u00e4 nelj\u00e4nteen sijaan. [&hellip;]<\/p>\n","protected":false},"author":13,"featured_media":44610,"comment_status":"closed","ping_status":"closed","sticky":false,"template":"","format":"standard","meta":{"_acf_changed":false,"jetpack_post_was_ever_published":false,"_jetpack_newsletter_access":"","_jetpack_dont_email_post_to_subs":false,"_jetpack_newsletter_tier_id":0,"_jetpack_memberships_contains_paywalled_content":false,"_jetpack_memberships_contains_paid_content":false,"footnotes":""},"categories":[272],"tags":[],"class_list":["post-46337","post","type-post","status-publish","format-standard","has-post-thumbnail","hentry","category-ennakot-2025-2026"],"acf":[],"yoast_head":"<!-- This site is optimized with the Yoast SEO plugin v27.5 - https:\/\/yoast.com\/product\/yoast-seo-wordpress\/ -->\n<title>Aktialiiga palaa tauolta rymin\u00e4ll\u00e4 | K\u00e4sipallon naisten Aktialiiga<\/title>\n<meta name=\"robots\" content=\"index, follow, max-snippet:-1, max-image-preview:large, max-video-preview:-1\" \/>\n<link rel=\"canonical\" href=\"https:\/\/aktialiiga.fi\/naiset\/2025-2026\/ennakot-2025-2026\/aktialiiga-palaa-tauolta-ryminalla\/\" \/>\n<meta property=\"og:locale\" content=\"fi_FI\" \/>\n<meta property=\"og:type\" content=\"article\" \/>\n<meta property=\"og:title\" content=\"Aktialiiga palaa tauolta rymin\u00e4ll\u00e4 | K\u00e4sipallon naisten Aktialiiga\" \/>\n<meta property=\"og:description\" content=\"Aktialiigassa vuosi 2026 aloitetaan heti railakkaasti, kun viikolla pelataan kaksi kierrosta. Pelit k\u00e4ynnistyv\u00e4t loppiaisen j\u00e4lkeen keskiviikkona hyvin mielenkiintoisilla kohtaamisilla. Lauantaina ohjelmassa on niin ik\u00e4\u00e4n kolme mielenkiintoista peli\u00e4. Keskiviikkona Dicken ja Atlas kohtaavat t\u00e4rke\u00e4ss\u00e4 kamppailussa, jossa joukkueet taistelevat puoliv\u00e4lierien kotiedusta. Joukkueet ovat tasapisteiss\u00e4 viidenten\u00e4 ja kuudentena ja tappio saattaisi tiet\u00e4\u00e4 jo ratkaisevan hajuraon synty\u00e4 nelj\u00e4nteen sijaan. [&hellip;]\" \/>\n<meta property=\"og:url\" content=\"https:\/\/aktialiiga.fi\/naiset\/2025-2026\/ennakot-2025-2026\/aktialiiga-palaa-tauolta-ryminalla\/\" \/>\n<meta property=\"og:site_name\" content=\"K\u00e4sipallon naisten Aktialiiga\" \/>\n<meta property=\"article:publisher\" content=\"https:\/\/www.facebook.com\/finnhandball\" \/>\n<meta property=\"article:published_time\" content=\"2026-01-05T19:41:26+00:00\" \/>\n<meta property=\"article:modified_time\" content=\"2026-01-06T07:46:07+00:00\" \/>\n<meta property=\"og:image\" content=\"https:\/\/aktialiiga.fi\/naiset\/wp-content\/uploads\/sites\/6\/2025\/09\/A7306019-1030x687.jpg\" \/>\n\t<meta property=\"og:image:width\" content=\"1030\" \/>\n\t<meta property=\"og:image:height\" content=\"687\" \/>\n\t<meta property=\"og:image:type\" content=\"image\/jpeg\" \/>\n<meta name=\"author\" content=\"tbrmedia\" \/>\n<meta name=\"twitter:card\" content=\"summary_large_image\" \/>\n<meta name=\"twitter:creator\" content=\"@finnhandball\" \/>\n<meta name=\"twitter:site\" content=\"@finnhandball\" \/>\n<script type=\"application\/ld+json\" class=\"yoast-schema-graph\">{\"@context\":\"https:\\\/\\\/schema.org\",\"@graph\":[{\"@type\":\"Article\",\"@id\":\"https:\\\/\\\/aktialiiga.fi\\\/naiset\\\/2025-2026\\\/ennakot-2025-2026\\\/aktialiiga-palaa-tauolta-ryminalla\\\/#article\",\"isPartOf\":{\"@id\":\"https:\\\/\\\/aktialiiga.fi\\\/naiset\\\/2025-2026\\\/ennakot-2025-2026\\\/aktialiiga-palaa-tauolta-ryminalla\\\/\"},\"author\":{\"name\":\"tbrmedia\",\"@id\":\"https:\\\/\\\/aktialiiga.fi\\\/naiset\\\/#\\\/schema\\\/person\\\/c14bf42f47041db74603c45afcb18d87\"},\"headline\":\"Aktialiiga palaa tauolta rymin\u00e4ll\u00e4\",\"datePublished\":\"2026-01-05T19:41:26+00:00\",\"dateModified\":\"2026-01-06T07:46:07+00:00\",\"mainEntityOfPage\":{\"@id\":\"https:\\\/\\\/aktialiiga.fi\\\/naiset\\\/2025-2026\\\/ennakot-2025-2026\\\/aktialiiga-palaa-tauolta-ryminalla\\\/\"},\"wordCount\":213,\"publisher\":{\"@id\":\"https:\\\/\\\/aktialiiga.fi\\\/naiset\\\/#organization\"},\"image\":{\"@id\":\"https:\\\/\\\/aktialiiga.fi\\\/naiset\\\/2025-2026\\\/ennakot-2025-2026\\\/aktialiiga-palaa-tauolta-ryminalla\\\/#primaryimage\"},\"thumbnailUrl\":\"https:\\\/\\\/aktialiiga.fi\\\/naiset\\\/wp-content\\\/uploads\\\/sites\\\/6\\\/2025\\\/09\\\/A7306019.jpg\",\"articleSection\":[\"Ennakot\"],\"inLanguage\":\"fi\"},{\"@type\":\"WebPage\",\"@id\":\"https:\\\/\\\/aktialiiga.fi\\\/naiset\\\/2025-2026\\\/ennakot-2025-2026\\\/aktialiiga-palaa-tauolta-ryminalla\\\/\",\"url\":\"https:\\\/\\\/aktialiiga.fi\\\/naiset\\\/2025-2026\\\/ennakot-2025-2026\\\/aktialiiga-palaa-tauolta-ryminalla\\\/\",\"name\":\"Aktialiiga palaa tauolta rymin\u00e4ll\u00e4 | K\u00e4sipallon naisten Aktialiiga\",\"isPartOf\":{\"@id\":\"https:\\\/\\\/aktialiiga.fi\\\/naiset\\\/#website\"},\"primaryImageOfPage\":{\"@id\":\"https:\\\/\\\/aktialiiga.fi\\\/naiset\\\/2025-2026\\\/ennakot-2025-2026\\\/aktialiiga-palaa-tauolta-ryminalla\\\/#primaryimage\"},\"image\":{\"@id\":\"https:\\\/\\\/aktialiiga.fi\\\/naiset\\\/2025-2026\\\/ennakot-2025-2026\\\/aktialiiga-palaa-tauolta-ryminalla\\\/#primaryimage\"},\"thumbnailUrl\":\"https:\\\/\\\/aktialiiga.fi\\\/naiset\\\/wp-content\\\/uploads\\\/sites\\\/6\\\/2025\\\/09\\\/A7306019.jpg\",\"datePublished\":\"2026-01-05T19:41:26+00:00\",\"dateModified\":\"2026-01-06T07:46:07+00:00\",\"breadcrumb\":{\"@id\":\"https:\\\/\\\/aktialiiga.fi\\\/naiset\\\/2025-2026\\\/ennakot-2025-2026\\\/aktialiiga-palaa-tauolta-ryminalla\\\/#breadcrumb\"},\"inLanguage\":\"fi\",\"potentialAction\":[{\"@type\":\"ReadAction\",\"target\":[\"https:\\\/\\\/aktialiiga.fi\\\/naiset\\\/2025-2026\\\/ennakot-2025-2026\\\/aktialiiga-palaa-tauolta-ryminalla\\\/\"]}]},{\"@type\":\"ImageObject\",\"inLanguage\":\"fi\",\"@id\":\"https:\\\/\\\/aktialiiga.fi\\\/naiset\\\/2025-2026\\\/ennakot-2025-2026\\\/aktialiiga-palaa-tauolta-ryminalla\\\/#primaryimage\",\"url\":\"https:\\\/\\\/aktialiiga.fi\\\/naiset\\\/wp-content\\\/uploads\\\/sites\\\/6\\\/2025\\\/09\\\/A7306019.jpg\",\"contentUrl\":\"https:\\\/\\\/aktialiiga.fi\\\/naiset\\\/wp-content\\\/uploads\\\/sites\\\/6\\\/2025\\\/09\\\/A7306019.jpg\",\"width\":2895,\"height\":1930,\"caption\":\"Milla Maristo, Atlas 2025-26\"},{\"@type\":\"BreadcrumbList\",\"@id\":\"https:\\\/\\\/aktialiiga.fi\\\/naiset\\\/2025-2026\\\/ennakot-2025-2026\\\/aktialiiga-palaa-tauolta-ryminalla\\\/#breadcrumb\",\"itemListElement\":[{\"@type\":\"ListItem\",\"position\":1,\"name\":\"Etusivu\",\"item\":\"https:\\\/\\\/aktialiiga.fi\\\/naiset\\\/\"},{\"@type\":\"ListItem\",\"position\":2,\"name\":\"Aktialiiga palaa tauolta rymin\u00e4ll\u00e4\"}]},{\"@type\":\"WebSite\",\"@id\":\"https:\\\/\\\/aktialiiga.fi\\\/naiset\\\/#website\",\"url\":\"https:\\\/\\\/aktialiiga.fi\\\/naiset\\\/\",\"name\":\"K\u00e4sipallon naisten Aktialiiga\",\"description\":\"Valtakunnan vauhdikkainta palloilua!\",\"publisher\":{\"@id\":\"https:\\\/\\\/aktialiiga.fi\\\/naiset\\\/#organization\"},\"potentialAction\":[{\"@type\":\"SearchAction\",\"target\":{\"@type\":\"EntryPoint\",\"urlTemplate\":\"https:\\\/\\\/aktialiiga.fi\\\/naiset\\\/?s={search_term_string}\"},\"query-input\":{\"@type\":\"PropertyValueSpecification\",\"valueRequired\":true,\"valueName\":\"search_term_string\"}}],\"inLanguage\":\"fi\"},{\"@type\":\"Organization\",\"@id\":\"https:\\\/\\\/aktialiiga.fi\\\/naiset\\\/#organization\",\"name\":\"K\u00e4sipallon naisten Aktialiiga\",\"url\":\"https:\\\/\\\/aktialiiga.fi\\\/naiset\\\/\",\"logo\":{\"@type\":\"ImageObject\",\"inLanguage\":\"fi\",\"@id\":\"https:\\\/\\\/aktialiiga.fi\\\/naiset\\\/#\\\/schema\\\/logo\\\/image\\\/\",\"url\":\"https:\\\/\\\/aktialiiga.fi\\\/naiset\\\/wp-content\\\/uploads\\\/sites\\\/6\\\/2024\\\/09\\\/Aktialiiga-Yoast-512.png\",\"contentUrl\":\"https:\\\/\\\/aktialiiga.fi\\\/naiset\\\/wp-content\\\/uploads\\\/sites\\\/6\\\/2024\\\/09\\\/Aktialiiga-Yoast-512.png\",\"width\":512,\"height\":512,\"caption\":\"K\u00e4sipallon naisten Aktialiiga\"},\"image\":{\"@id\":\"https:\\\/\\\/aktialiiga.fi\\\/naiset\\\/#\\\/schema\\\/logo\\\/image\\\/\"},\"sameAs\":[\"https:\\\/\\\/www.facebook.com\\\/finnhandball\",\"https:\\\/\\\/x.com\\\/finnhandball\",\"https:\\\/\\\/www.instagram.com\\\/handballfinland\\\/\"]},{\"@type\":\"Person\",\"@id\":\"https:\\\/\\\/aktialiiga.fi\\\/naiset\\\/#\\\/schema\\\/person\\\/c14bf42f47041db74603c45afcb18d87\",\"name\":\"tbrmedia\",\"image\":{\"@type\":\"ImageObject\",\"inLanguage\":\"fi\",\"@id\":\"https:\\\/\\\/secure.gravatar.com\\\/avatar\\\/ee975fa091fe581d12b60debb3439022686618368a7c142044c56724d4666b16?s=96&d=mm&r=g\",\"url\":\"https:\\\/\\\/secure.gravatar.com\\\/avatar\\\/ee975fa091fe581d12b60debb3439022686618368a7c142044c56724d4666b16?s=96&d=mm&r=g\",\"contentUrl\":\"https:\\\/\\\/secure.gravatar.com\\\/avatar\\\/ee975fa091fe581d12b60debb3439022686618368a7c142044c56724d4666b16?s=96&d=mm&r=g\",\"caption\":\"tbrmedia\"}}]}<\/script>\n<!-- \/ Yoast SEO plugin. -->","yoast_head_json":{"title":"Aktialiiga palaa tauolta rymin\u00e4ll\u00e4 | K\u00e4sipallon naisten Aktialiiga","robots":{"index":"index","follow":"follow","max-snippet":"max-snippet:-1","max-image-preview":"max-image-preview:large","max-video-preview":"max-video-preview:-1"},"canonical":"https:\/\/aktialiiga.fi\/naiset\/2025-2026\/ennakot-2025-2026\/aktialiiga-palaa-tauolta-ryminalla\/","og_locale":"fi_FI","og_type":"article","og_title":"Aktialiiga palaa tauolta rymin\u00e4ll\u00e4 | K\u00e4sipallon naisten Aktialiiga","og_description":"Aktialiigassa vuosi 2026 aloitetaan heti railakkaasti, kun viikolla pelataan kaksi kierrosta. Pelit k\u00e4ynnistyv\u00e4t loppiaisen j\u00e4lkeen keskiviikkona hyvin mielenkiintoisilla kohtaamisilla. Lauantaina ohjelmassa on niin ik\u00e4\u00e4n kolme mielenkiintoista peli\u00e4. Keskiviikkona Dicken ja Atlas kohtaavat t\u00e4rke\u00e4ss\u00e4 kamppailussa, jossa joukkueet taistelevat puoliv\u00e4lierien kotiedusta. Joukkueet ovat tasapisteiss\u00e4 viidenten\u00e4 ja kuudentena ja tappio saattaisi tiet\u00e4\u00e4 jo ratkaisevan hajuraon synty\u00e4 nelj\u00e4nteen sijaan. [&hellip;]","og_url":"https:\/\/aktialiiga.fi\/naiset\/2025-2026\/ennakot-2025-2026\/aktialiiga-palaa-tauolta-ryminalla\/","og_site_name":"K\u00e4sipallon naisten Aktialiiga","article_publisher":"https:\/\/www.facebook.com\/finnhandball","article_published_time":"2026-01-05T19:41:26+00:00","article_modified_time":"2026-01-06T07:46:07+00:00","og_image":[{"width":1030,"height":687,"url":"https:\/\/aktialiiga.fi\/naiset\/wp-content\/uploads\/sites\/6\/2025\/09\/A7306019-1030x687.jpg","type":"image\/jpeg"}],"author":"tbrmedia","twitter_card":"summary_large_image","twitter_creator":"@finnhandball","twitter_site":"@finnhandball","schema":{"@context":"https:\/\/schema.org","@graph":[{"@type":"Article","@id":"https:\/\/aktialiiga.fi\/naiset\/2025-2026\/ennakot-2025-2026\/aktialiiga-palaa-tauolta-ryminalla\/#article","isPartOf":{"@id":"https:\/\/aktialiiga.fi\/naiset\/2025-2026\/ennakot-2025-2026\/aktialiiga-palaa-tauolta-ryminalla\/"},"author":{"name":"tbrmedia","@id":"https:\/\/aktialiiga.fi\/naiset\/#\/schema\/person\/c14bf42f47041db74603c45afcb18d87"},"headline":"Aktialiiga palaa tauolta rymin\u00e4ll\u00e4","datePublished":"2026-01-05T19:41:26+00:00","dateModified":"2026-01-06T07:46:07+00:00","mainEntityOfPage":{"@id":"https:\/\/aktialiiga.fi\/naiset\/2025-2026\/ennakot-2025-2026\/aktialiiga-palaa-tauolta-ryminalla\/"},"wordCount":213,"publisher":{"@id":"https:\/\/aktialiiga.fi\/naiset\/#organization"},"image":{"@id":"https:\/\/aktialiiga.fi\/naiset\/2025-2026\/ennakot-2025-2026\/aktialiiga-palaa-tauolta-ryminalla\/#primaryimage"},"thumbnailUrl":"https:\/\/aktialiiga.fi\/naiset\/wp-content\/uploads\/sites\/6\/2025\/09\/A7306019.jpg","articleSection":["Ennakot"],"inLanguage":"fi"},{"@type":"WebPage","@id":"https:\/\/aktialiiga.fi\/naiset\/2025-2026\/ennakot-2025-2026\/aktialiiga-palaa-tauolta-ryminalla\/","url":"https:\/\/aktialiiga.fi\/naiset\/2025-2026\/ennakot-2025-2026\/aktialiiga-palaa-tauolta-ryminalla\/","name":"Aktialiiga palaa tauolta rymin\u00e4ll\u00e4 | K\u00e4sipallon naisten Aktialiiga","isPartOf":{"@id":"https:\/\/aktialiiga.fi\/naiset\/#website"},"primaryImageOfPage":{"@id":"https:\/\/aktialiiga.fi\/naiset\/2025-2026\/ennakot-2025-2026\/aktialiiga-palaa-tauolta-ryminalla\/#primaryimage"},"image":{"@id":"https:\/\/aktialiiga.fi\/naiset\/2025-2026\/ennakot-2025-2026\/aktialiiga-palaa-tauolta-ryminalla\/#primaryimage"},"thumbnailUrl":"https:\/\/aktialiiga.fi\/naiset\/wp-content\/uploads\/sites\/6\/2025\/09\/A7306019.jpg","datePublished":"2026-01-05T19:41:26+00:00","dateModified":"2026-01-06T07:46:07+00:00","breadcrumb":{"@id":"https:\/\/aktialiiga.fi\/naiset\/2025-2026\/ennakot-2025-2026\/aktialiiga-palaa-tauolta-ryminalla\/#breadcrumb"},"inLanguage":"fi","potentialAction":[{"@type":"ReadAction","target":["https:\/\/aktialiiga.fi\/naiset\/2025-2026\/ennakot-2025-2026\/aktialiiga-palaa-tauolta-ryminalla\/"]}]},{"@type":"ImageObject","inLanguage":"fi","@id":"https:\/\/aktialiiga.fi\/naiset\/2025-2026\/ennakot-2025-2026\/aktialiiga-palaa-tauolta-ryminalla\/#primaryimage","url":"https:\/\/aktialiiga.fi\/naiset\/wp-content\/uploads\/sites\/6\/2025\/09\/A7306019.jpg","contentUrl":"https:\/\/aktialiiga.fi\/naiset\/wp-content\/uploads\/sites\/6\/2025\/09\/A7306019.jpg","width":2895,"height":1930,"caption":"Milla Maristo, Atlas 2025-26"},{"@type":"BreadcrumbList","@id":"https:\/\/aktialiiga.fi\/naiset\/2025-2026\/ennakot-2025-2026\/aktialiiga-palaa-tauolta-ryminalla\/#breadcrumb","itemListElement":[{"@type":"ListItem","position":1,"name":"Etusivu","item":"https:\/\/aktialiiga.fi\/naiset\/"},{"@type":"ListItem","position":2,"name":"Aktialiiga palaa tauolta rymin\u00e4ll\u00e4"}]},{"@type":"WebSite","@id":"https:\/\/aktialiiga.fi\/naiset\/#website","url":"https:\/\/aktialiiga.fi\/naiset\/","name":"K\u00e4sipallon naisten Aktialiiga","description":"Valtakunnan vauhdikkainta palloilua!","publisher":{"@id":"https:\/\/aktialiiga.fi\/naiset\/#organization"},"potentialAction":[{"@type":"SearchAction","target":{"@type":"EntryPoint","urlTemplate":"https:\/\/aktialiiga.fi\/naiset\/?s={search_term_string}"},"query-input":{"@type":"PropertyValueSpecification","valueRequired":true,"valueName":"search_term_string"}}],"inLanguage":"fi"},{"@type":"Organization","@id":"https:\/\/aktialiiga.fi\/naiset\/#organization","name":"K\u00e4sipallon naisten Aktialiiga","url":"https:\/\/aktialiiga.fi\/naiset\/","logo":{"@type":"ImageObject","inLanguage":"fi","@id":"https:\/\/aktialiiga.fi\/naiset\/#\/schema\/logo\/image\/","url":"https:\/\/aktialiiga.fi\/naiset\/wp-content\/uploads\/sites\/6\/2024\/09\/Aktialiiga-Yoast-512.png","contentUrl":"https:\/\/aktialiiga.fi\/naiset\/wp-content\/uploads\/sites\/6\/2024\/09\/Aktialiiga-Yoast-512.png","width":512,"height":512,"caption":"K\u00e4sipallon naisten Aktialiiga"},"image":{"@id":"https:\/\/aktialiiga.fi\/naiset\/#\/schema\/logo\/image\/"},"sameAs":["https:\/\/www.facebook.com\/finnhandball","https:\/\/x.com\/finnhandball","https:\/\/www.instagram.com\/handballfinland\/"]},{"@type":"Person","@id":"https:\/\/aktialiiga.fi\/naiset\/#\/schema\/person\/c14bf42f47041db74603c45afcb18d87","name":"tbrmedia","image":{"@type":"ImageObject","inLanguage":"fi","@id":"https:\/\/secure.gravatar.com\/avatar\/ee975fa091fe581d12b60debb3439022686618368a7c142044c56724d4666b16?s=96&d=mm&r=g","url":"https:\/\/secure.gravatar.com\/avatar\/ee975fa091fe581d12b60debb3439022686618368a7c142044c56724d4666b16?s=96&d=mm&r=g","contentUrl":"https:\/\/secure.gravatar.com\/avatar\/ee975fa091fe581d12b60debb3439022686618368a7c142044c56724d4666b16?s=96&d=mm&r=g","caption":"tbrmedia"}}]}},"jetpack_featured_media_url":"https:\/\/aktialiiga.fi\/naiset\/wp-content\/uploads\/sites\/6\/2025\/09\/A7306019.jpg","jetpack_sharing_enabled":true,"jetpack_shortlink":"https:\/\/wp.me\/pfYhm6-c3n","_links":{"self":[{"href":"https:\/\/aktialiiga.fi\/naiset\/wp-json\/wp\/v2\/posts\/46337","targetHints":{"allow":["GET"]}}],"collection":[{"href":"https:\/\/aktialiiga.fi\/naiset\/wp-json\/wp\/v2\/posts"}],"about":[{"href":"https:\/\/aktialiiga.fi\/naiset\/wp-json\/wp\/v2\/types\/post"}],"author":[{"embeddable":true,"href":"https:\/\/aktialiiga.fi\/naiset\/wp-json\/wp\/v2\/users\/13"}],"replies":[{"embeddable":true,"href":"https:\/\/aktialiiga.fi\/naiset\/wp-json\/wp\/v2\/comments?post=46337"}],"version-history":[{"count":2,"href":"https:\/\/aktialiiga.fi\/naiset\/wp-json\/wp\/v2\/posts\/46337\/revisions"}],"predecessor-version":[{"id":46339,"href":"https:\/\/aktialiiga.fi\/naiset\/wp-json\/wp\/v2\/posts\/46337\/revisions\/46339"}],"wp:featuredmedia":[{"embeddable":true,"href":"https:\/\/aktialiiga.fi\/naiset\/wp-json\/wp\/v2\/media\/44610"}],"wp:attachment":[{"href":"https:\/\/aktialiiga.fi\/naiset\/wp-json\/wp\/v2\/media?parent=46337"}],"wp:term":[{"taxonomy":"category","embeddable":true,"href":"https:\/\/aktialiiga.fi\/naiset\/wp-json\/wp\/v2\/categories?post=46337"},{"taxonomy":"post_tag","embeddable":true,"href":"https:\/\/aktialiiga.fi\/naiset\/wp-json\/wp\/v2\/tags?post=46337"}],"curies":[{"name":"wp","href":"https:\/\/api.w.org\/{rel}","templated":true}]}}