{"id":4669,"date":"2014-03-13T22:13:42","date_gmt":"2014-03-13T20:13:42","guid":{"rendered":"https:\/\/www.finnhandball.net\/nsm\/?p=4669"},"modified":"2024-08-28T18:30:34","modified_gmt":"2024-08-28T15:30:34","slug":"puolivalierat-kayntiin-perjantaina","status":"publish","type":"post","link":"https:\/\/aktialiiga.fi\/naiset\/2013-2014\/ennakot-2013-2014\/puolivalierat-kayntiin-perjantaina\/","title":{"rendered":"Puoliv\u00e4lier\u00e4t k\u00e4yntiin perjantaina"},"content":{"rendered":"<p>Viimeiset p\u00f6lyt runkosarjan ratkaisujen j\u00e4ljilt\u00e4 ovat tuskin ehtineet laskeutua, kun playoffs-kamppailut SM-sarjassa jo k\u00e4ynnistyv\u00e4t. Puoliv\u00e4lierien avausottelut SIF \u2013 KyIF ja Atlas \u2013 BK-46 pelataan jo perjantaina. Edess\u00e4 on kaksi ennakkoon tiukkaa ottelusarjaa.<!--more--><\/p>\n<p>SIF nappasi runkosarjassa selv\u00e4ll\u00e4 erolla kolmannen sijan ja KyIF sai puolestaan j\u00e4nnitt\u00e4\u00e4 loppuun saakka kuudetta sijaansa, joten ennakkoon siuntiolaiset l\u00e4htev\u00e4t puoliv\u00e4lier\u00e4koitoksiin suosikkina.<\/p>\n<p>KyIF onnistui kuitenkin kaatamaan SIF:n runkosarjassa kertaalleen ja kaksikon kohtaamisissa n\u00e4htiin sellainenkin merkillisyys, ett\u00e4 reilun kahden viikon v\u00e4lein KyIF ja SIF pelasivat ensin runkosarjan v\u00e4h\u00e4maalisimman ottelun ja sen j\u00e4lkeen runsasmaalisimman kamppailun.<\/p>\n<p><em><strong>Runkosarjassa<\/strong>: <\/em><br \/>\n<em>13.10.2013 SIF &#8211; KyIF 25-23 <\/em><br \/>\n<em>09.02.2014 KyIF &#8211; SIF 16-14 <\/em><br \/>\n<em>27.02.2014 SIF &#8211; KyIF 42-26<\/em><\/p>\n<p><em><strong>SIF<\/strong>: <\/em><br \/>\n<em>Tehdyt maalit \/ ottelu: 28,0 <\/em><br \/>\n<em>P\u00e4\u00e4stetyt maalit \/ ottelu: 26,4<\/em><\/p>\n<p><em><strong>KyIF<\/strong>: <\/em><br \/>\n<em>Tehdyt maalit \/ ottelu: 22,9 <\/em><br \/>\n<em>P\u00e4\u00e4stetyt maalit \/ ottelu: 29,8<\/em><\/p>\n<p>Atlaksen ja BK-46:n kohtaaminen puoliv\u00e4lieriss\u00e4 ratkesi jo ennen runkosarjan p\u00e4\u00e4t\u00f6st\u00e4, mutta kotiedun Atlas nappasi vasta p\u00e4\u00e4t\u00f6skierroksella. Vahvasti alkukev\u00e4\u00e4n pelanneet vantaalaiset kuittasivat syksyll\u00e4 BK:lle k\u00e4rsim\u00e4ns\u00e4 tappion kahdella voitolla kuluvan vuoden puolella.<\/p>\n<p>Suurta ennakkosuosikkia ottelupariin on vaikea nimet\u00e4. Keskin\u00e4iset ottelut runkosarjassa olivat siis Atlaksen eduksi, mutta kokonaistilastoissa karjaalaiset olivat niukasti edell\u00e4.<\/p>\n<p><em><strong>Runkosarjassa<\/strong>: <\/em><br \/>\n<em>08.11.2013 Atlas &#8211; BK-46 23-25 <\/em><br \/>\n<em>12.01.2014 BK-46 &#8211; Atlas 17-26 <\/em><br \/>\n<em>05.03.2014 Atlas &#8211; BK-46 22-18<\/em><\/p>\n<p><em><strong>Atlas<\/strong>: <\/em><br \/>\n<em>Tehdyt maalit \/ ottelu: 22,1 <\/em><br \/>\n<em>P\u00e4\u00e4stetyt maalit \/ ottelu: 26,1<\/em><\/p>\n<p><em><strong>BK-46<\/strong>: <\/em><br \/>\n<em>Tehdyt maalit \/ ottelu: 24,2 <\/em><br \/>\n<em>P\u00e4\u00e4stetyt maalit \/ ottelu: 25,9<\/em><\/p>\n<p>SIF &#8211; KyIF Siuntiossa perjantaina 14.3. kello 19.15 ja Atlas \u2013 BK-46 Myyrm\u00e4ess\u00e4 kello 20.00.<\/p>\n","protected":false},"excerpt":{"rendered":"<p>Viimeiset p\u00f6lyt runkosarjan ratkaisujen j\u00e4ljilt\u00e4 ovat tuskin ehtineet laskeutua, kun playoffs-kamppailut SM-sarjassa jo k\u00e4ynnistyv\u00e4t. Puoliv\u00e4lierien avausottelut SIF \u2013 KyIF ja Atlas \u2013 BK-46 pelataan jo perjantaina. Edess\u00e4 on kaksi ennakkoon tiukkaa ottelusarjaa.<\/p>\n","protected":false},"author":13,"featured_media":4494,"comment_status":"closed","ping_status":"closed","sticky":false,"template":"","format":"standard","meta":{"_acf_changed":false,"jetpack_post_was_ever_published":false,"_jetpack_newsletter_access":"","_jetpack_dont_email_post_to_subs":false,"_jetpack_newsletter_tier_id":0,"_jetpack_memberships_contains_paywalled_content":false,"_jetpack_memberships_contains_paid_content":false,"footnotes":""},"categories":[35],"tags":[48,49,67,81],"class_list":["post-4669","post","type-post","status-publish","format-standard","has-post-thumbnail","hentry","category-ennakot-2013-2014","tag-atlas","tag-bk-46","tag-kyif","tag-sif"],"acf":[],"yoast_head":"<!-- This site is optimized with the Yoast SEO plugin v27.5 - https:\/\/yoast.com\/product\/yoast-seo-wordpress\/ -->\n<title>Puoliv\u00e4lier\u00e4t k\u00e4yntiin perjantaina | K\u00e4sipallon naisten Aktialiiga<\/title>\n<meta name=\"robots\" content=\"index, follow, max-snippet:-1, max-image-preview:large, max-video-preview:-1\" \/>\n<link rel=\"canonical\" href=\"https:\/\/aktialiiga.fi\/naiset\/2013-2014\/ennakot-2013-2014\/puolivalierat-kayntiin-perjantaina\/\" \/>\n<meta property=\"og:locale\" content=\"fi_FI\" \/>\n<meta property=\"og:type\" content=\"article\" \/>\n<meta property=\"og:title\" content=\"Puoliv\u00e4lier\u00e4t k\u00e4yntiin perjantaina | K\u00e4sipallon naisten Aktialiiga\" \/>\n<meta property=\"og:description\" content=\"Viimeiset p\u00f6lyt runkosarjan ratkaisujen j\u00e4ljilt\u00e4 ovat tuskin ehtineet laskeutua, kun playoffs-kamppailut SM-sarjassa jo k\u00e4ynnistyv\u00e4t. Puoliv\u00e4lierien avausottelut SIF \u2013 KyIF ja Atlas \u2013 BK-46 pelataan jo perjantaina. Edess\u00e4 on kaksi ennakkoon tiukkaa ottelusarjaa.\" \/>\n<meta property=\"og:url\" content=\"https:\/\/aktialiiga.fi\/naiset\/2013-2014\/ennakot-2013-2014\/puolivalierat-kayntiin-perjantaina\/\" \/>\n<meta property=\"og:site_name\" content=\"K\u00e4sipallon naisten Aktialiiga\" \/>\n<meta property=\"article:publisher\" content=\"https:\/\/www.facebook.com\/finnhandball\" \/>\n<meta property=\"article:published_time\" content=\"2014-03-13T20:13:42+00:00\" \/>\n<meta property=\"article:modified_time\" content=\"2024-08-28T15:30:34+00:00\" \/>\n<meta property=\"og:image\" content=\"https:\/\/aktialiiga.fi\/naiset\/wp-content\/uploads\/sites\/6\/2014\/02\/Kuvitus_pallo1.jpg\" \/>\n\t<meta property=\"og:image:width\" content=\"300\" \/>\n\t<meta property=\"og:image:height\" content=\"300\" \/>\n\t<meta property=\"og:image:type\" content=\"image\/jpeg\" \/>\n<meta name=\"author\" content=\"tbrmedia\" \/>\n<meta name=\"twitter:card\" content=\"summary_large_image\" \/>\n<meta name=\"twitter:creator\" content=\"@finnhandball\" \/>\n<meta name=\"twitter:site\" content=\"@finnhandball\" \/>\n<script type=\"application\/ld+json\" class=\"yoast-schema-graph\">{\"@context\":\"https:\\\/\\\/schema.org\",\"@graph\":[{\"@type\":\"Article\",\"@id\":\"https:\\\/\\\/aktialiiga.fi\\\/naiset\\\/2013-2014\\\/ennakot-2013-2014\\\/puolivalierat-kayntiin-perjantaina\\\/#article\",\"isPartOf\":{\"@id\":\"https:\\\/\\\/aktialiiga.fi\\\/naiset\\\/2013-2014\\\/ennakot-2013-2014\\\/puolivalierat-kayntiin-perjantaina\\\/\"},\"author\":{\"name\":\"tbrmedia\",\"@id\":\"https:\\\/\\\/aktialiiga.fi\\\/naiset\\\/#\\\/schema\\\/person\\\/c14bf42f47041db74603c45afcb18d87\"},\"headline\":\"Puoliv\u00e4lier\u00e4t k\u00e4yntiin perjantaina\",\"datePublished\":\"2014-03-13T20:13:42+00:00\",\"dateModified\":\"2024-08-28T15:30:34+00:00\",\"mainEntityOfPage\":{\"@id\":\"https:\\\/\\\/aktialiiga.fi\\\/naiset\\\/2013-2014\\\/ennakot-2013-2014\\\/puolivalierat-kayntiin-perjantaina\\\/\"},\"wordCount\":236,\"publisher\":{\"@id\":\"https:\\\/\\\/aktialiiga.fi\\\/naiset\\\/#organization\"},\"image\":{\"@id\":\"https:\\\/\\\/aktialiiga.fi\\\/naiset\\\/2013-2014\\\/ennakot-2013-2014\\\/puolivalierat-kayntiin-perjantaina\\\/#primaryimage\"},\"thumbnailUrl\":\"https:\\\/\\\/aktialiiga.fi\\\/naiset\\\/wp-content\\\/uploads\\\/sites\\\/6\\\/2014\\\/02\\\/Kuvitus_pallo1.jpg\",\"keywords\":[\"Atlas\",\"BK-46\",\"KyIF\",\"SIF\"],\"articleSection\":[\"Ennakot\"],\"inLanguage\":\"fi\"},{\"@type\":\"WebPage\",\"@id\":\"https:\\\/\\\/aktialiiga.fi\\\/naiset\\\/2013-2014\\\/ennakot-2013-2014\\\/puolivalierat-kayntiin-perjantaina\\\/\",\"url\":\"https:\\\/\\\/aktialiiga.fi\\\/naiset\\\/2013-2014\\\/ennakot-2013-2014\\\/puolivalierat-kayntiin-perjantaina\\\/\",\"name\":\"Puoliv\u00e4lier\u00e4t k\u00e4yntiin perjantaina | K\u00e4sipallon naisten Aktialiiga\",\"isPartOf\":{\"@id\":\"https:\\\/\\\/aktialiiga.fi\\\/naiset\\\/#website\"},\"primaryImageOfPage\":{\"@id\":\"https:\\\/\\\/aktialiiga.fi\\\/naiset\\\/2013-2014\\\/ennakot-2013-2014\\\/puolivalierat-kayntiin-perjantaina\\\/#primaryimage\"},\"image\":{\"@id\":\"https:\\\/\\\/aktialiiga.fi\\\/naiset\\\/2013-2014\\\/ennakot-2013-2014\\\/puolivalierat-kayntiin-perjantaina\\\/#primaryimage\"},\"thumbnailUrl\":\"https:\\\/\\\/aktialiiga.fi\\\/naiset\\\/wp-content\\\/uploads\\\/sites\\\/6\\\/2014\\\/02\\\/Kuvitus_pallo1.jpg\",\"datePublished\":\"2014-03-13T20:13:42+00:00\",\"dateModified\":\"2024-08-28T15:30:34+00:00\",\"breadcrumb\":{\"@id\":\"https:\\\/\\\/aktialiiga.fi\\\/naiset\\\/2013-2014\\\/ennakot-2013-2014\\\/puolivalierat-kayntiin-perjantaina\\\/#breadcrumb\"},\"inLanguage\":\"fi\",\"potentialAction\":[{\"@type\":\"ReadAction\",\"target\":[\"https:\\\/\\\/aktialiiga.fi\\\/naiset\\\/2013-2014\\\/ennakot-2013-2014\\\/puolivalierat-kayntiin-perjantaina\\\/\"]}]},{\"@type\":\"ImageObject\",\"inLanguage\":\"fi\",\"@id\":\"https:\\\/\\\/aktialiiga.fi\\\/naiset\\\/2013-2014\\\/ennakot-2013-2014\\\/puolivalierat-kayntiin-perjantaina\\\/#primaryimage\",\"url\":\"https:\\\/\\\/aktialiiga.fi\\\/naiset\\\/wp-content\\\/uploads\\\/sites\\\/6\\\/2014\\\/02\\\/Kuvitus_pallo1.jpg\",\"contentUrl\":\"https:\\\/\\\/aktialiiga.fi\\\/naiset\\\/wp-content\\\/uploads\\\/sites\\\/6\\\/2014\\\/02\\\/Kuvitus_pallo1.jpg\",\"width\":300,\"height\":300,\"caption\":\"kuva: Juha Tamminen\"},{\"@type\":\"BreadcrumbList\",\"@id\":\"https:\\\/\\\/aktialiiga.fi\\\/naiset\\\/2013-2014\\\/ennakot-2013-2014\\\/puolivalierat-kayntiin-perjantaina\\\/#breadcrumb\",\"itemListElement\":[{\"@type\":\"ListItem\",\"position\":1,\"name\":\"Etusivu\",\"item\":\"https:\\\/\\\/aktialiiga.fi\\\/naiset\\\/\"},{\"@type\":\"ListItem\",\"position\":2,\"name\":\"Puoliv\u00e4lier\u00e4t k\u00e4yntiin perjantaina\"}]},{\"@type\":\"WebSite\",\"@id\":\"https:\\\/\\\/aktialiiga.fi\\\/naiset\\\/#website\",\"url\":\"https:\\\/\\\/aktialiiga.fi\\\/naiset\\\/\",\"name\":\"K\u00e4sipallon naisten Aktialiiga\",\"description\":\"Valtakunnan vauhdikkainta palloilua!\",\"publisher\":{\"@id\":\"https:\\\/\\\/aktialiiga.fi\\\/naiset\\\/#organization\"},\"potentialAction\":[{\"@type\":\"SearchAction\",\"target\":{\"@type\":\"EntryPoint\",\"urlTemplate\":\"https:\\\/\\\/aktialiiga.fi\\\/naiset\\\/?s={search_term_string}\"},\"query-input\":{\"@type\":\"PropertyValueSpecification\",\"valueRequired\":true,\"valueName\":\"search_term_string\"}}],\"inLanguage\":\"fi\"},{\"@type\":\"Organization\",\"@id\":\"https:\\\/\\\/aktialiiga.fi\\\/naiset\\\/#organization\",\"name\":\"K\u00e4sipallon naisten Aktialiiga\",\"url\":\"https:\\\/\\\/aktialiiga.fi\\\/naiset\\\/\",\"logo\":{\"@type\":\"ImageObject\",\"inLanguage\":\"fi\",\"@id\":\"https:\\\/\\\/aktialiiga.fi\\\/naiset\\\/#\\\/schema\\\/logo\\\/image\\\/\",\"url\":\"https:\\\/\\\/aktialiiga.fi\\\/naiset\\\/wp-content\\\/uploads\\\/sites\\\/6\\\/2024\\\/09\\\/Aktialiiga-Yoast-512.png\",\"contentUrl\":\"https:\\\/\\\/aktialiiga.fi\\\/naiset\\\/wp-content\\\/uploads\\\/sites\\\/6\\\/2024\\\/09\\\/Aktialiiga-Yoast-512.png\",\"width\":512,\"height\":512,\"caption\":\"K\u00e4sipallon naisten Aktialiiga\"},\"image\":{\"@id\":\"https:\\\/\\\/aktialiiga.fi\\\/naiset\\\/#\\\/schema\\\/logo\\\/image\\\/\"},\"sameAs\":[\"https:\\\/\\\/www.facebook.com\\\/finnhandball\",\"https:\\\/\\\/x.com\\\/finnhandball\",\"https:\\\/\\\/www.instagram.com\\\/handballfinland\\\/\"]},{\"@type\":\"Person\",\"@id\":\"https:\\\/\\\/aktialiiga.fi\\\/naiset\\\/#\\\/schema\\\/person\\\/c14bf42f47041db74603c45afcb18d87\",\"name\":\"tbrmedia\",\"image\":{\"@type\":\"ImageObject\",\"inLanguage\":\"fi\",\"@id\":\"https:\\\/\\\/secure.gravatar.com\\\/avatar\\\/ee975fa091fe581d12b60debb3439022686618368a7c142044c56724d4666b16?s=96&d=mm&r=g\",\"url\":\"https:\\\/\\\/secure.gravatar.com\\\/avatar\\\/ee975fa091fe581d12b60debb3439022686618368a7c142044c56724d4666b16?s=96&d=mm&r=g\",\"contentUrl\":\"https:\\\/\\\/secure.gravatar.com\\\/avatar\\\/ee975fa091fe581d12b60debb3439022686618368a7c142044c56724d4666b16?s=96&d=mm&r=g\",\"caption\":\"tbrmedia\"}}]}<\/script>\n<!-- \/ Yoast SEO plugin. -->","yoast_head_json":{"title":"Puoliv\u00e4lier\u00e4t k\u00e4yntiin perjantaina | K\u00e4sipallon naisten Aktialiiga","robots":{"index":"index","follow":"follow","max-snippet":"max-snippet:-1","max-image-preview":"max-image-preview:large","max-video-preview":"max-video-preview:-1"},"canonical":"https:\/\/aktialiiga.fi\/naiset\/2013-2014\/ennakot-2013-2014\/puolivalierat-kayntiin-perjantaina\/","og_locale":"fi_FI","og_type":"article","og_title":"Puoliv\u00e4lier\u00e4t k\u00e4yntiin perjantaina | K\u00e4sipallon naisten Aktialiiga","og_description":"Viimeiset p\u00f6lyt runkosarjan ratkaisujen j\u00e4ljilt\u00e4 ovat tuskin ehtineet laskeutua, kun playoffs-kamppailut SM-sarjassa jo k\u00e4ynnistyv\u00e4t. Puoliv\u00e4lierien avausottelut SIF \u2013 KyIF ja Atlas \u2013 BK-46 pelataan jo perjantaina. Edess\u00e4 on kaksi ennakkoon tiukkaa ottelusarjaa.","og_url":"https:\/\/aktialiiga.fi\/naiset\/2013-2014\/ennakot-2013-2014\/puolivalierat-kayntiin-perjantaina\/","og_site_name":"K\u00e4sipallon naisten Aktialiiga","article_publisher":"https:\/\/www.facebook.com\/finnhandball","article_published_time":"2014-03-13T20:13:42+00:00","article_modified_time":"2024-08-28T15:30:34+00:00","og_image":[{"width":300,"height":300,"url":"https:\/\/aktialiiga.fi\/naiset\/wp-content\/uploads\/sites\/6\/2014\/02\/Kuvitus_pallo1.jpg","type":"image\/jpeg"}],"author":"tbrmedia","twitter_card":"summary_large_image","twitter_creator":"@finnhandball","twitter_site":"@finnhandball","schema":{"@context":"https:\/\/schema.org","@graph":[{"@type":"Article","@id":"https:\/\/aktialiiga.fi\/naiset\/2013-2014\/ennakot-2013-2014\/puolivalierat-kayntiin-perjantaina\/#article","isPartOf":{"@id":"https:\/\/aktialiiga.fi\/naiset\/2013-2014\/ennakot-2013-2014\/puolivalierat-kayntiin-perjantaina\/"},"author":{"name":"tbrmedia","@id":"https:\/\/aktialiiga.fi\/naiset\/#\/schema\/person\/c14bf42f47041db74603c45afcb18d87"},"headline":"Puoliv\u00e4lier\u00e4t k\u00e4yntiin perjantaina","datePublished":"2014-03-13T20:13:42+00:00","dateModified":"2024-08-28T15:30:34+00:00","mainEntityOfPage":{"@id":"https:\/\/aktialiiga.fi\/naiset\/2013-2014\/ennakot-2013-2014\/puolivalierat-kayntiin-perjantaina\/"},"wordCount":236,"publisher":{"@id":"https:\/\/aktialiiga.fi\/naiset\/#organization"},"image":{"@id":"https:\/\/aktialiiga.fi\/naiset\/2013-2014\/ennakot-2013-2014\/puolivalierat-kayntiin-perjantaina\/#primaryimage"},"thumbnailUrl":"https:\/\/aktialiiga.fi\/naiset\/wp-content\/uploads\/sites\/6\/2014\/02\/Kuvitus_pallo1.jpg","keywords":["Atlas","BK-46","KyIF","SIF"],"articleSection":["Ennakot"],"inLanguage":"fi"},{"@type":"WebPage","@id":"https:\/\/aktialiiga.fi\/naiset\/2013-2014\/ennakot-2013-2014\/puolivalierat-kayntiin-perjantaina\/","url":"https:\/\/aktialiiga.fi\/naiset\/2013-2014\/ennakot-2013-2014\/puolivalierat-kayntiin-perjantaina\/","name":"Puoliv\u00e4lier\u00e4t k\u00e4yntiin perjantaina | K\u00e4sipallon naisten Aktialiiga","isPartOf":{"@id":"https:\/\/aktialiiga.fi\/naiset\/#website"},"primaryImageOfPage":{"@id":"https:\/\/aktialiiga.fi\/naiset\/2013-2014\/ennakot-2013-2014\/puolivalierat-kayntiin-perjantaina\/#primaryimage"},"image":{"@id":"https:\/\/aktialiiga.fi\/naiset\/2013-2014\/ennakot-2013-2014\/puolivalierat-kayntiin-perjantaina\/#primaryimage"},"thumbnailUrl":"https:\/\/aktialiiga.fi\/naiset\/wp-content\/uploads\/sites\/6\/2014\/02\/Kuvitus_pallo1.jpg","datePublished":"2014-03-13T20:13:42+00:00","dateModified":"2024-08-28T15:30:34+00:00","breadcrumb":{"@id":"https:\/\/aktialiiga.fi\/naiset\/2013-2014\/ennakot-2013-2014\/puolivalierat-kayntiin-perjantaina\/#breadcrumb"},"inLanguage":"fi","potentialAction":[{"@type":"ReadAction","target":["https:\/\/aktialiiga.fi\/naiset\/2013-2014\/ennakot-2013-2014\/puolivalierat-kayntiin-perjantaina\/"]}]},{"@type":"ImageObject","inLanguage":"fi","@id":"https:\/\/aktialiiga.fi\/naiset\/2013-2014\/ennakot-2013-2014\/puolivalierat-kayntiin-perjantaina\/#primaryimage","url":"https:\/\/aktialiiga.fi\/naiset\/wp-content\/uploads\/sites\/6\/2014\/02\/Kuvitus_pallo1.jpg","contentUrl":"https:\/\/aktialiiga.fi\/naiset\/wp-content\/uploads\/sites\/6\/2014\/02\/Kuvitus_pallo1.jpg","width":300,"height":300,"caption":"kuva: Juha Tamminen"},{"@type":"BreadcrumbList","@id":"https:\/\/aktialiiga.fi\/naiset\/2013-2014\/ennakot-2013-2014\/puolivalierat-kayntiin-perjantaina\/#breadcrumb","itemListElement":[{"@type":"ListItem","position":1,"name":"Etusivu","item":"https:\/\/aktialiiga.fi\/naiset\/"},{"@type":"ListItem","position":2,"name":"Puoliv\u00e4lier\u00e4t k\u00e4yntiin perjantaina"}]},{"@type":"WebSite","@id":"https:\/\/aktialiiga.fi\/naiset\/#website","url":"https:\/\/aktialiiga.fi\/naiset\/","name":"K\u00e4sipallon naisten Aktialiiga","description":"Valtakunnan vauhdikkainta palloilua!","publisher":{"@id":"https:\/\/aktialiiga.fi\/naiset\/#organization"},"potentialAction":[{"@type":"SearchAction","target":{"@type":"EntryPoint","urlTemplate":"https:\/\/aktialiiga.fi\/naiset\/?s={search_term_string}"},"query-input":{"@type":"PropertyValueSpecification","valueRequired":true,"valueName":"search_term_string"}}],"inLanguage":"fi"},{"@type":"Organization","@id":"https:\/\/aktialiiga.fi\/naiset\/#organization","name":"K\u00e4sipallon naisten Aktialiiga","url":"https:\/\/aktialiiga.fi\/naiset\/","logo":{"@type":"ImageObject","inLanguage":"fi","@id":"https:\/\/aktialiiga.fi\/naiset\/#\/schema\/logo\/image\/","url":"https:\/\/aktialiiga.fi\/naiset\/wp-content\/uploads\/sites\/6\/2024\/09\/Aktialiiga-Yoast-512.png","contentUrl":"https:\/\/aktialiiga.fi\/naiset\/wp-content\/uploads\/sites\/6\/2024\/09\/Aktialiiga-Yoast-512.png","width":512,"height":512,"caption":"K\u00e4sipallon naisten Aktialiiga"},"image":{"@id":"https:\/\/aktialiiga.fi\/naiset\/#\/schema\/logo\/image\/"},"sameAs":["https:\/\/www.facebook.com\/finnhandball","https:\/\/x.com\/finnhandball","https:\/\/www.instagram.com\/handballfinland\/"]},{"@type":"Person","@id":"https:\/\/aktialiiga.fi\/naiset\/#\/schema\/person\/c14bf42f47041db74603c45afcb18d87","name":"tbrmedia","image":{"@type":"ImageObject","inLanguage":"fi","@id":"https:\/\/secure.gravatar.com\/avatar\/ee975fa091fe581d12b60debb3439022686618368a7c142044c56724d4666b16?s=96&d=mm&r=g","url":"https:\/\/secure.gravatar.com\/avatar\/ee975fa091fe581d12b60debb3439022686618368a7c142044c56724d4666b16?s=96&d=mm&r=g","contentUrl":"https:\/\/secure.gravatar.com\/avatar\/ee975fa091fe581d12b60debb3439022686618368a7c142044c56724d4666b16?s=96&d=mm&r=g","caption":"tbrmedia"}}]}},"jetpack_featured_media_url":"https:\/\/aktialiiga.fi\/naiset\/wp-content\/uploads\/sites\/6\/2014\/02\/Kuvitus_pallo1.jpg","jetpack_sharing_enabled":true,"jetpack_shortlink":"https:\/\/wp.me\/pfYhm6-1dj","_links":{"self":[{"href":"https:\/\/aktialiiga.fi\/naiset\/wp-json\/wp\/v2\/posts\/4669","targetHints":{"allow":["GET"]}}],"collection":[{"href":"https:\/\/aktialiiga.fi\/naiset\/wp-json\/wp\/v2\/posts"}],"about":[{"href":"https:\/\/aktialiiga.fi\/naiset\/wp-json\/wp\/v2\/types\/post"}],"author":[{"embeddable":true,"href":"https:\/\/aktialiiga.fi\/naiset\/wp-json\/wp\/v2\/users\/13"}],"replies":[{"embeddable":true,"href":"https:\/\/aktialiiga.fi\/naiset\/wp-json\/wp\/v2\/comments?post=4669"}],"version-history":[{"count":1,"href":"https:\/\/aktialiiga.fi\/naiset\/wp-json\/wp\/v2\/posts\/4669\/revisions"}],"predecessor-version":[{"id":39429,"href":"https:\/\/aktialiiga.fi\/naiset\/wp-json\/wp\/v2\/posts\/4669\/revisions\/39429"}],"wp:featuredmedia":[{"embeddable":true,"href":"https:\/\/aktialiiga.fi\/naiset\/wp-json\/wp\/v2\/media\/4494"}],"wp:attachment":[{"href":"https:\/\/aktialiiga.fi\/naiset\/wp-json\/wp\/v2\/media?parent=4669"}],"wp:term":[{"taxonomy":"category","embeddable":true,"href":"https:\/\/aktialiiga.fi\/naiset\/wp-json\/wp\/v2\/categories?post=4669"},{"taxonomy":"post_tag","embeddable":true,"href":"https:\/\/aktialiiga.fi\/naiset\/wp-json\/wp\/v2\/tags?post=4669"}],"curies":[{"name":"wp","href":"https:\/\/api.w.org\/{rel}","templated":true}]}}