{"id":4708,"date":"2014-03-19T07:00:45","date_gmt":"2014-03-19T05:00:45","guid":{"rendered":"https:\/\/www.finnhandball.net\/nsm\/?p=4708"},"modified":"2024-08-28T18:30:34","modified_gmt":"2024-08-28T15:30:34","slug":"jani-vaskola-jatkaa-dickenin-perasimessa","status":"publish","type":"post","link":"https:\/\/aktialiiga.fi\/naiset\/ajankohtaista\/jani-vaskola-jatkaa-dickenin-perasimessa\/","title":{"rendered":"Jani Vaskola jatkaa Dickenin per\u00e4simess\u00e4"},"content":{"rendered":"<p>Dicken on solminut jatkosopimuksen kes\u00e4st\u00e4 2012 naisten SM-sarjajoukkuetta luotsanneen Jani Vaskolan kanssa. Edess\u00e4 oleviin v\u00e4lieriin valmistautuva Dicken on n\u00e4in varmistanut jatkuvuuden vaihtopenkin p\u00e4\u00e4ss\u00e4 my\u00f6s kaudelle 2014-15.<!--more--><\/p>\n<p>Vaskolan itsens\u00e4 mukaan nousussa olevan joukkueen kanssa ty\u00f6t\u00e4 on hyv\u00e4 jatkaa.<\/p>\n<p><a href=\"http:\/\/sarja.finnhandball.net\/wp-content\/uploads\/sites\/6\/2014\/03\/Vaskola_Jani_Dicken1314.jpg\"><img decoding=\"async\" class=\"size-full wp-image-4709 alignleft\" alt=\"Vaskola_Jani_Dicken1314\" src=\"http:\/\/sarja.finnhandball.net\/wp-content\/uploads\/sites\/6\/2014\/03\/Vaskola_Jani_Dicken1314.jpg\" width=\"300\" height=\"300\" srcset=\"https:\/\/aktialiiga.fi\/naiset\/wp-content\/uploads\/sites\/6\/2014\/03\/Vaskola_Jani_Dicken1314.jpg 300w, https:\/\/aktialiiga.fi\/naiset\/wp-content\/uploads\/sites\/6\/2014\/03\/Vaskola_Jani_Dicken1314-150x150.jpg 150w\" sizes=\"(max-width: 300px) 100vw, 300px\" \/><\/a>&#8211; Joukkueessa on todella loistavia pelaajia jotka panostavat t\u00e4ysill\u00e4 omaan kehittymiseen sek\u00e4 joukkueen menestymiseen. T\u00e4m\u00e4n lis\u00e4ksi Dickeniss\u00e4 on toimiva taustaorganisaatio joka tekee tinkim\u00e4tt\u00f6m\u00e4sti t\u00f6it\u00e4 naisten joukkueen eteen, Vaskola sanoo Dickenin verkkosivuilla.<\/p>\n<p>&#8211; Joukkueena olemme nousseet kahdessa vuodessa &#8221;from bottom to top&#8221; sek\u00e4 saavuttaneet mitalipelit jo toista kautta per\u00e4kk\u00e4in. Joukkueen kehittyminen on ollut nopeaa ja tulosta on tullut hyvin, mutta n\u00e4en ett\u00e4 pelaajien kanssa ty\u00f6 on valmennuksen osalta viel\u00e4 sen verran kesken ett\u00e4 halusin ehdottomasti tehd\u00e4 jatkosopimuksen kun sit\u00e4 tarjottiin.<\/p>\n<p>My\u00f6s Dicken-johdossa asiat n\u00e4hd\u00e4\u00e4n pitk\u00e4lti samansuuntaisesti.<\/p>\n<p>&#8211; Jani on edennyt johdonmukaisesti joukkueen kehitt\u00e4misess\u00e4 n\u00e4iden kahden vuoden aikana. Tutut valmennusmetodit ovat hyv\u00e4ksi pelaajille ja n\u00e4in edesauttaa koko joukkueen kehityst\u00e4 ja tavoitteita. Pelaajat on saatu hyvin motivoituneiksi harjoittelemaan t\u00e4ysipainoisesti mik\u00e4 on kehityksen edellytys. Haluamme t\u00e4lle my\u00f6s jatkuvuutta. Ensimm\u00e4isen\u00e4 kautena olimme l\u00e4hell\u00e4 yll\u00e4tyst\u00e4 ja p\u00e4\u00e4st\u00e4 finaaliin, t\u00e4n\u00e4 kautena kuulumme finaaliin ja ensi kaudella voitamme mestaruuden, kommentoi Markku Enstr\u00f6m.<\/p>\n","protected":false},"excerpt":{"rendered":"<p>Dicken on solminut jatkosopimuksen kes\u00e4st\u00e4 2012 naisten SM-sarjajoukkuetta luotsanneen Jani Vaskolan kanssa. Edess\u00e4 oleviin v\u00e4lieriin valmistautuva Dicken on n\u00e4in varmistanut jatkuvuuden vaihtopenkin p\u00e4\u00e4ss\u00e4 my\u00f6s kaudelle 2014-15.<\/p>\n","protected":false},"author":13,"featured_media":4709,"comment_status":"closed","ping_status":"closed","sticky":false,"template":"","format":"standard","meta":{"_acf_changed":false,"jetpack_post_was_ever_published":false,"_jetpack_newsletter_access":"","_jetpack_dont_email_post_to_subs":false,"_jetpack_newsletter_tier_id":0,"_jetpack_memberships_contains_paywalled_content":false,"_jetpack_memberships_contains_paid_content":false,"footnotes":""},"categories":[2],"tags":[51],"class_list":["post-4708","post","type-post","status-publish","format-standard","has-post-thumbnail","hentry","category-ajankohtaista","tag-dicken"],"acf":[],"yoast_head":"<!-- This site is optimized with the Yoast SEO plugin v27.5 - https:\/\/yoast.com\/product\/yoast-seo-wordpress\/ -->\n<title>Jani Vaskola jatkaa Dickenin per\u00e4simess\u00e4 | K\u00e4sipallon naisten Aktialiiga<\/title>\n<meta name=\"robots\" content=\"index, follow, max-snippet:-1, max-image-preview:large, max-video-preview:-1\" \/>\n<link rel=\"canonical\" href=\"https:\/\/aktialiiga.fi\/naiset\/ajankohtaista\/jani-vaskola-jatkaa-dickenin-perasimessa\/\" \/>\n<meta property=\"og:locale\" content=\"fi_FI\" \/>\n<meta property=\"og:type\" content=\"article\" \/>\n<meta property=\"og:title\" content=\"Jani Vaskola jatkaa Dickenin per\u00e4simess\u00e4 | K\u00e4sipallon naisten Aktialiiga\" \/>\n<meta property=\"og:description\" content=\"Dicken on solminut jatkosopimuksen kes\u00e4st\u00e4 2012 naisten SM-sarjajoukkuetta luotsanneen Jani Vaskolan kanssa. Edess\u00e4 oleviin v\u00e4lieriin valmistautuva Dicken on n\u00e4in varmistanut jatkuvuuden vaihtopenkin p\u00e4\u00e4ss\u00e4 my\u00f6s kaudelle 2014-15.\" \/>\n<meta property=\"og:url\" content=\"https:\/\/aktialiiga.fi\/naiset\/ajankohtaista\/jani-vaskola-jatkaa-dickenin-perasimessa\/\" \/>\n<meta property=\"og:site_name\" content=\"K\u00e4sipallon naisten Aktialiiga\" \/>\n<meta property=\"article:publisher\" content=\"https:\/\/www.facebook.com\/finnhandball\" \/>\n<meta property=\"article:published_time\" content=\"2014-03-19T05:00:45+00:00\" \/>\n<meta property=\"article:modified_time\" content=\"2024-08-28T15:30:34+00:00\" \/>\n<meta property=\"og:image\" content=\"https:\/\/aktialiiga.fi\/naiset\/wp-content\/uploads\/sites\/6\/2014\/03\/Vaskola_Jani_Dicken1314.jpg\" \/>\n\t<meta property=\"og:image:width\" content=\"300\" \/>\n\t<meta property=\"og:image:height\" content=\"300\" \/>\n\t<meta property=\"og:image:type\" content=\"image\/jpeg\" \/>\n<meta name=\"author\" content=\"tbrmedia\" \/>\n<meta name=\"twitter:card\" content=\"summary_large_image\" \/>\n<meta name=\"twitter:creator\" content=\"@finnhandball\" \/>\n<meta name=\"twitter:site\" content=\"@finnhandball\" \/>\n<script type=\"application\/ld+json\" class=\"yoast-schema-graph\">{\"@context\":\"https:\\\/\\\/schema.org\",\"@graph\":[{\"@type\":\"Article\",\"@id\":\"https:\\\/\\\/aktialiiga.fi\\\/naiset\\\/ajankohtaista\\\/jani-vaskola-jatkaa-dickenin-perasimessa\\\/#article\",\"isPartOf\":{\"@id\":\"https:\\\/\\\/aktialiiga.fi\\\/naiset\\\/ajankohtaista\\\/jani-vaskola-jatkaa-dickenin-perasimessa\\\/\"},\"author\":{\"name\":\"tbrmedia\",\"@id\":\"https:\\\/\\\/aktialiiga.fi\\\/naiset\\\/#\\\/schema\\\/person\\\/c14bf42f47041db74603c45afcb18d87\"},\"headline\":\"Jani Vaskola jatkaa Dickenin per\u00e4simess\u00e4\",\"datePublished\":\"2014-03-19T05:00:45+00:00\",\"dateModified\":\"2024-08-28T15:30:34+00:00\",\"mainEntityOfPage\":{\"@id\":\"https:\\\/\\\/aktialiiga.fi\\\/naiset\\\/ajankohtaista\\\/jani-vaskola-jatkaa-dickenin-perasimessa\\\/\"},\"wordCount\":220,\"publisher\":{\"@id\":\"https:\\\/\\\/aktialiiga.fi\\\/naiset\\\/#organization\"},\"image\":{\"@id\":\"https:\\\/\\\/aktialiiga.fi\\\/naiset\\\/ajankohtaista\\\/jani-vaskola-jatkaa-dickenin-perasimessa\\\/#primaryimage\"},\"thumbnailUrl\":\"https:\\\/\\\/aktialiiga.fi\\\/naiset\\\/wp-content\\\/uploads\\\/sites\\\/6\\\/2014\\\/03\\\/Vaskola_Jani_Dicken1314.jpg\",\"keywords\":[\"Dicken\"],\"articleSection\":[\"Ajankohtaista\"],\"inLanguage\":\"fi\"},{\"@type\":\"WebPage\",\"@id\":\"https:\\\/\\\/aktialiiga.fi\\\/naiset\\\/ajankohtaista\\\/jani-vaskola-jatkaa-dickenin-perasimessa\\\/\",\"url\":\"https:\\\/\\\/aktialiiga.fi\\\/naiset\\\/ajankohtaista\\\/jani-vaskola-jatkaa-dickenin-perasimessa\\\/\",\"name\":\"Jani Vaskola jatkaa Dickenin per\u00e4simess\u00e4 | K\u00e4sipallon naisten Aktialiiga\",\"isPartOf\":{\"@id\":\"https:\\\/\\\/aktialiiga.fi\\\/naiset\\\/#website\"},\"primaryImageOfPage\":{\"@id\":\"https:\\\/\\\/aktialiiga.fi\\\/naiset\\\/ajankohtaista\\\/jani-vaskola-jatkaa-dickenin-perasimessa\\\/#primaryimage\"},\"image\":{\"@id\":\"https:\\\/\\\/aktialiiga.fi\\\/naiset\\\/ajankohtaista\\\/jani-vaskola-jatkaa-dickenin-perasimessa\\\/#primaryimage\"},\"thumbnailUrl\":\"https:\\\/\\\/aktialiiga.fi\\\/naiset\\\/wp-content\\\/uploads\\\/sites\\\/6\\\/2014\\\/03\\\/Vaskola_Jani_Dicken1314.jpg\",\"datePublished\":\"2014-03-19T05:00:45+00:00\",\"dateModified\":\"2024-08-28T15:30:34+00:00\",\"breadcrumb\":{\"@id\":\"https:\\\/\\\/aktialiiga.fi\\\/naiset\\\/ajankohtaista\\\/jani-vaskola-jatkaa-dickenin-perasimessa\\\/#breadcrumb\"},\"inLanguage\":\"fi\",\"potentialAction\":[{\"@type\":\"ReadAction\",\"target\":[\"https:\\\/\\\/aktialiiga.fi\\\/naiset\\\/ajankohtaista\\\/jani-vaskola-jatkaa-dickenin-perasimessa\\\/\"]}]},{\"@type\":\"ImageObject\",\"inLanguage\":\"fi\",\"@id\":\"https:\\\/\\\/aktialiiga.fi\\\/naiset\\\/ajankohtaista\\\/jani-vaskola-jatkaa-dickenin-perasimessa\\\/#primaryimage\",\"url\":\"https:\\\/\\\/aktialiiga.fi\\\/naiset\\\/wp-content\\\/uploads\\\/sites\\\/6\\\/2014\\\/03\\\/Vaskola_Jani_Dicken1314.jpg\",\"contentUrl\":\"https:\\\/\\\/aktialiiga.fi\\\/naiset\\\/wp-content\\\/uploads\\\/sites\\\/6\\\/2014\\\/03\\\/Vaskola_Jani_Dicken1314.jpg\",\"width\":300,\"height\":300},{\"@type\":\"BreadcrumbList\",\"@id\":\"https:\\\/\\\/aktialiiga.fi\\\/naiset\\\/ajankohtaista\\\/jani-vaskola-jatkaa-dickenin-perasimessa\\\/#breadcrumb\",\"itemListElement\":[{\"@type\":\"ListItem\",\"position\":1,\"name\":\"Etusivu\",\"item\":\"https:\\\/\\\/aktialiiga.fi\\\/naiset\\\/\"},{\"@type\":\"ListItem\",\"position\":2,\"name\":\"Jani Vaskola jatkaa Dickenin per\u00e4simess\u00e4\"}]},{\"@type\":\"WebSite\",\"@id\":\"https:\\\/\\\/aktialiiga.fi\\\/naiset\\\/#website\",\"url\":\"https:\\\/\\\/aktialiiga.fi\\\/naiset\\\/\",\"name\":\"K\u00e4sipallon naisten Aktialiiga\",\"description\":\"Valtakunnan vauhdikkainta palloilua!\",\"publisher\":{\"@id\":\"https:\\\/\\\/aktialiiga.fi\\\/naiset\\\/#organization\"},\"potentialAction\":[{\"@type\":\"SearchAction\",\"target\":{\"@type\":\"EntryPoint\",\"urlTemplate\":\"https:\\\/\\\/aktialiiga.fi\\\/naiset\\\/?s={search_term_string}\"},\"query-input\":{\"@type\":\"PropertyValueSpecification\",\"valueRequired\":true,\"valueName\":\"search_term_string\"}}],\"inLanguage\":\"fi\"},{\"@type\":\"Organization\",\"@id\":\"https:\\\/\\\/aktialiiga.fi\\\/naiset\\\/#organization\",\"name\":\"K\u00e4sipallon naisten Aktialiiga\",\"url\":\"https:\\\/\\\/aktialiiga.fi\\\/naiset\\\/\",\"logo\":{\"@type\":\"ImageObject\",\"inLanguage\":\"fi\",\"@id\":\"https:\\\/\\\/aktialiiga.fi\\\/naiset\\\/#\\\/schema\\\/logo\\\/image\\\/\",\"url\":\"https:\\\/\\\/aktialiiga.fi\\\/naiset\\\/wp-content\\\/uploads\\\/sites\\\/6\\\/2024\\\/09\\\/Aktialiiga-Yoast-512.png\",\"contentUrl\":\"https:\\\/\\\/aktialiiga.fi\\\/naiset\\\/wp-content\\\/uploads\\\/sites\\\/6\\\/2024\\\/09\\\/Aktialiiga-Yoast-512.png\",\"width\":512,\"height\":512,\"caption\":\"K\u00e4sipallon naisten Aktialiiga\"},\"image\":{\"@id\":\"https:\\\/\\\/aktialiiga.fi\\\/naiset\\\/#\\\/schema\\\/logo\\\/image\\\/\"},\"sameAs\":[\"https:\\\/\\\/www.facebook.com\\\/finnhandball\",\"https:\\\/\\\/x.com\\\/finnhandball\",\"https:\\\/\\\/www.instagram.com\\\/handballfinland\\\/\"]},{\"@type\":\"Person\",\"@id\":\"https:\\\/\\\/aktialiiga.fi\\\/naiset\\\/#\\\/schema\\\/person\\\/c14bf42f47041db74603c45afcb18d87\",\"name\":\"tbrmedia\",\"image\":{\"@type\":\"ImageObject\",\"inLanguage\":\"fi\",\"@id\":\"https:\\\/\\\/secure.gravatar.com\\\/avatar\\\/ee975fa091fe581d12b60debb3439022686618368a7c142044c56724d4666b16?s=96&d=mm&r=g\",\"url\":\"https:\\\/\\\/secure.gravatar.com\\\/avatar\\\/ee975fa091fe581d12b60debb3439022686618368a7c142044c56724d4666b16?s=96&d=mm&r=g\",\"contentUrl\":\"https:\\\/\\\/secure.gravatar.com\\\/avatar\\\/ee975fa091fe581d12b60debb3439022686618368a7c142044c56724d4666b16?s=96&d=mm&r=g\",\"caption\":\"tbrmedia\"}}]}<\/script>\n<!-- \/ Yoast SEO plugin. -->","yoast_head_json":{"title":"Jani Vaskola jatkaa Dickenin per\u00e4simess\u00e4 | K\u00e4sipallon naisten Aktialiiga","robots":{"index":"index","follow":"follow","max-snippet":"max-snippet:-1","max-image-preview":"max-image-preview:large","max-video-preview":"max-video-preview:-1"},"canonical":"https:\/\/aktialiiga.fi\/naiset\/ajankohtaista\/jani-vaskola-jatkaa-dickenin-perasimessa\/","og_locale":"fi_FI","og_type":"article","og_title":"Jani Vaskola jatkaa Dickenin per\u00e4simess\u00e4 | K\u00e4sipallon naisten Aktialiiga","og_description":"Dicken on solminut jatkosopimuksen kes\u00e4st\u00e4 2012 naisten SM-sarjajoukkuetta luotsanneen Jani Vaskolan kanssa. Edess\u00e4 oleviin v\u00e4lieriin valmistautuva Dicken on n\u00e4in varmistanut jatkuvuuden vaihtopenkin p\u00e4\u00e4ss\u00e4 my\u00f6s kaudelle 2014-15.","og_url":"https:\/\/aktialiiga.fi\/naiset\/ajankohtaista\/jani-vaskola-jatkaa-dickenin-perasimessa\/","og_site_name":"K\u00e4sipallon naisten Aktialiiga","article_publisher":"https:\/\/www.facebook.com\/finnhandball","article_published_time":"2014-03-19T05:00:45+00:00","article_modified_time":"2024-08-28T15:30:34+00:00","og_image":[{"width":300,"height":300,"url":"https:\/\/aktialiiga.fi\/naiset\/wp-content\/uploads\/sites\/6\/2014\/03\/Vaskola_Jani_Dicken1314.jpg","type":"image\/jpeg"}],"author":"tbrmedia","twitter_card":"summary_large_image","twitter_creator":"@finnhandball","twitter_site":"@finnhandball","schema":{"@context":"https:\/\/schema.org","@graph":[{"@type":"Article","@id":"https:\/\/aktialiiga.fi\/naiset\/ajankohtaista\/jani-vaskola-jatkaa-dickenin-perasimessa\/#article","isPartOf":{"@id":"https:\/\/aktialiiga.fi\/naiset\/ajankohtaista\/jani-vaskola-jatkaa-dickenin-perasimessa\/"},"author":{"name":"tbrmedia","@id":"https:\/\/aktialiiga.fi\/naiset\/#\/schema\/person\/c14bf42f47041db74603c45afcb18d87"},"headline":"Jani Vaskola jatkaa Dickenin per\u00e4simess\u00e4","datePublished":"2014-03-19T05:00:45+00:00","dateModified":"2024-08-28T15:30:34+00:00","mainEntityOfPage":{"@id":"https:\/\/aktialiiga.fi\/naiset\/ajankohtaista\/jani-vaskola-jatkaa-dickenin-perasimessa\/"},"wordCount":220,"publisher":{"@id":"https:\/\/aktialiiga.fi\/naiset\/#organization"},"image":{"@id":"https:\/\/aktialiiga.fi\/naiset\/ajankohtaista\/jani-vaskola-jatkaa-dickenin-perasimessa\/#primaryimage"},"thumbnailUrl":"https:\/\/aktialiiga.fi\/naiset\/wp-content\/uploads\/sites\/6\/2014\/03\/Vaskola_Jani_Dicken1314.jpg","keywords":["Dicken"],"articleSection":["Ajankohtaista"],"inLanguage":"fi"},{"@type":"WebPage","@id":"https:\/\/aktialiiga.fi\/naiset\/ajankohtaista\/jani-vaskola-jatkaa-dickenin-perasimessa\/","url":"https:\/\/aktialiiga.fi\/naiset\/ajankohtaista\/jani-vaskola-jatkaa-dickenin-perasimessa\/","name":"Jani Vaskola jatkaa Dickenin per\u00e4simess\u00e4 | K\u00e4sipallon naisten Aktialiiga","isPartOf":{"@id":"https:\/\/aktialiiga.fi\/naiset\/#website"},"primaryImageOfPage":{"@id":"https:\/\/aktialiiga.fi\/naiset\/ajankohtaista\/jani-vaskola-jatkaa-dickenin-perasimessa\/#primaryimage"},"image":{"@id":"https:\/\/aktialiiga.fi\/naiset\/ajankohtaista\/jani-vaskola-jatkaa-dickenin-perasimessa\/#primaryimage"},"thumbnailUrl":"https:\/\/aktialiiga.fi\/naiset\/wp-content\/uploads\/sites\/6\/2014\/03\/Vaskola_Jani_Dicken1314.jpg","datePublished":"2014-03-19T05:00:45+00:00","dateModified":"2024-08-28T15:30:34+00:00","breadcrumb":{"@id":"https:\/\/aktialiiga.fi\/naiset\/ajankohtaista\/jani-vaskola-jatkaa-dickenin-perasimessa\/#breadcrumb"},"inLanguage":"fi","potentialAction":[{"@type":"ReadAction","target":["https:\/\/aktialiiga.fi\/naiset\/ajankohtaista\/jani-vaskola-jatkaa-dickenin-perasimessa\/"]}]},{"@type":"ImageObject","inLanguage":"fi","@id":"https:\/\/aktialiiga.fi\/naiset\/ajankohtaista\/jani-vaskola-jatkaa-dickenin-perasimessa\/#primaryimage","url":"https:\/\/aktialiiga.fi\/naiset\/wp-content\/uploads\/sites\/6\/2014\/03\/Vaskola_Jani_Dicken1314.jpg","contentUrl":"https:\/\/aktialiiga.fi\/naiset\/wp-content\/uploads\/sites\/6\/2014\/03\/Vaskola_Jani_Dicken1314.jpg","width":300,"height":300},{"@type":"BreadcrumbList","@id":"https:\/\/aktialiiga.fi\/naiset\/ajankohtaista\/jani-vaskola-jatkaa-dickenin-perasimessa\/#breadcrumb","itemListElement":[{"@type":"ListItem","position":1,"name":"Etusivu","item":"https:\/\/aktialiiga.fi\/naiset\/"},{"@type":"ListItem","position":2,"name":"Jani Vaskola jatkaa Dickenin per\u00e4simess\u00e4"}]},{"@type":"WebSite","@id":"https:\/\/aktialiiga.fi\/naiset\/#website","url":"https:\/\/aktialiiga.fi\/naiset\/","name":"K\u00e4sipallon naisten Aktialiiga","description":"Valtakunnan vauhdikkainta palloilua!","publisher":{"@id":"https:\/\/aktialiiga.fi\/naiset\/#organization"},"potentialAction":[{"@type":"SearchAction","target":{"@type":"EntryPoint","urlTemplate":"https:\/\/aktialiiga.fi\/naiset\/?s={search_term_string}"},"query-input":{"@type":"PropertyValueSpecification","valueRequired":true,"valueName":"search_term_string"}}],"inLanguage":"fi"},{"@type":"Organization","@id":"https:\/\/aktialiiga.fi\/naiset\/#organization","name":"K\u00e4sipallon naisten Aktialiiga","url":"https:\/\/aktialiiga.fi\/naiset\/","logo":{"@type":"ImageObject","inLanguage":"fi","@id":"https:\/\/aktialiiga.fi\/naiset\/#\/schema\/logo\/image\/","url":"https:\/\/aktialiiga.fi\/naiset\/wp-content\/uploads\/sites\/6\/2024\/09\/Aktialiiga-Yoast-512.png","contentUrl":"https:\/\/aktialiiga.fi\/naiset\/wp-content\/uploads\/sites\/6\/2024\/09\/Aktialiiga-Yoast-512.png","width":512,"height":512,"caption":"K\u00e4sipallon naisten Aktialiiga"},"image":{"@id":"https:\/\/aktialiiga.fi\/naiset\/#\/schema\/logo\/image\/"},"sameAs":["https:\/\/www.facebook.com\/finnhandball","https:\/\/x.com\/finnhandball","https:\/\/www.instagram.com\/handballfinland\/"]},{"@type":"Person","@id":"https:\/\/aktialiiga.fi\/naiset\/#\/schema\/person\/c14bf42f47041db74603c45afcb18d87","name":"tbrmedia","image":{"@type":"ImageObject","inLanguage":"fi","@id":"https:\/\/secure.gravatar.com\/avatar\/ee975fa091fe581d12b60debb3439022686618368a7c142044c56724d4666b16?s=96&d=mm&r=g","url":"https:\/\/secure.gravatar.com\/avatar\/ee975fa091fe581d12b60debb3439022686618368a7c142044c56724d4666b16?s=96&d=mm&r=g","contentUrl":"https:\/\/secure.gravatar.com\/avatar\/ee975fa091fe581d12b60debb3439022686618368a7c142044c56724d4666b16?s=96&d=mm&r=g","caption":"tbrmedia"}}]}},"jetpack_featured_media_url":"https:\/\/aktialiiga.fi\/naiset\/wp-content\/uploads\/sites\/6\/2014\/03\/Vaskola_Jani_Dicken1314.jpg","jetpack_sharing_enabled":true,"jetpack_shortlink":"https:\/\/wp.me\/pfYhm6-1dW","_links":{"self":[{"href":"https:\/\/aktialiiga.fi\/naiset\/wp-json\/wp\/v2\/posts\/4708","targetHints":{"allow":["GET"]}}],"collection":[{"href":"https:\/\/aktialiiga.fi\/naiset\/wp-json\/wp\/v2\/posts"}],"about":[{"href":"https:\/\/aktialiiga.fi\/naiset\/wp-json\/wp\/v2\/types\/post"}],"author":[{"embeddable":true,"href":"https:\/\/aktialiiga.fi\/naiset\/wp-json\/wp\/v2\/users\/13"}],"replies":[{"embeddable":true,"href":"https:\/\/aktialiiga.fi\/naiset\/wp-json\/wp\/v2\/comments?post=4708"}],"version-history":[{"count":1,"href":"https:\/\/aktialiiga.fi\/naiset\/wp-json\/wp\/v2\/posts\/4708\/revisions"}],"predecessor-version":[{"id":39420,"href":"https:\/\/aktialiiga.fi\/naiset\/wp-json\/wp\/v2\/posts\/4708\/revisions\/39420"}],"wp:featuredmedia":[{"embeddable":true,"href":"https:\/\/aktialiiga.fi\/naiset\/wp-json\/wp\/v2\/media\/4709"}],"wp:attachment":[{"href":"https:\/\/aktialiiga.fi\/naiset\/wp-json\/wp\/v2\/media?parent=4708"}],"wp:term":[{"taxonomy":"category","embeddable":true,"href":"https:\/\/aktialiiga.fi\/naiset\/wp-json\/wp\/v2\/categories?post=4708"},{"taxonomy":"post_tag","embeddable":true,"href":"https:\/\/aktialiiga.fi\/naiset\/wp-json\/wp\/v2\/tags?post=4708"}],"curies":[{"name":"wp","href":"https:\/\/api.w.org\/{rel}","templated":true}]}}