{"id":4711,"date":"2014-03-20T10:00:55","date_gmt":"2014-03-20T08:00:55","guid":{"rendered":"https:\/\/www.finnhandball.net\/nsm\/?p=4711"},"modified":"2024-08-28T18:30:34","modified_gmt":"2024-08-28T15:30:34","slug":"valierat-alkavat-torstaina-3-4","status":"publish","type":"post","link":"https:\/\/aktialiiga.fi\/naiset\/ajankohtaista\/valierat-alkavat-torstaina-3-4\/","title":{"rendered":"V\u00e4lier\u00e4t alkavat torstaina 3.4."},"content":{"rendered":"<p>SM-sarjan kauden 2013-14 molemmat puoliv\u00e4lier\u00e4parit ratkesivat suoraan kolmessa ottelussa ja v\u00e4lierien alkuun on aikaa viel\u00e4 kaksi viikkoa. Ensimm\u00e4iset v\u00e4lier\u00e4ottelut ovat ohjelmassa torstaina 3.4. HIFK:n ja Dickenin em\u00e4nn\u00f6idess\u00e4 avausotteluita.<!--more--><\/p>\n<p>Runkosarjan ykk\u00f6nen HIFK saa v\u00e4lieriss\u00e4 vastaansa BK-46:n pudottaneen Atlaksen ja runkosarjan kakkonen Dicken puolestaan KyIF:n puoliv\u00e4lieriss\u00e4 pudottaneen SIF:n.<\/p>\n<p>V\u00e4lier\u00e4t pelataan puoliv\u00e4lierien tavoin paras viidest\u00e4 -j\u00e4rjestelm\u00e4ll\u00e4 eli finaalipaikkaan vaaditaan kolme voittoa.<\/p>\n<p>V\u00e4lierien otteluohjelma l\u00f6ytyy <a href=\"https:\/\/www.finnhandball.net\/nsm\/2013-2014\/ottelut-2013-2014\/ohjelma\/\" target=\"_blank\" rel=\"noopener\"><strong>t\u00e4\u00e4lt\u00e4<\/strong><\/a> (otteluiden alkamisajat tarkentuvat viel\u00e4)<\/p>\n","protected":false},"excerpt":{"rendered":"<p>SM-sarjan kauden 2013-14 molemmat puoliv\u00e4lier\u00e4parit ratkesivat suoraan kolmessa ottelussa ja v\u00e4lierien alkuun on aikaa viel\u00e4 kaksi viikkoa. Ensimm\u00e4iset v\u00e4lier\u00e4ottelut ovat ohjelmassa torstaina 3.4. HIFK:n ja Dickenin em\u00e4nn\u00f6idess\u00e4 avausotteluita.<\/p>\n","protected":false},"author":13,"featured_media":4616,"comment_status":"closed","ping_status":"closed","sticky":false,"template":"","format":"standard","meta":{"_acf_changed":false,"jetpack_post_was_ever_published":false,"_jetpack_newsletter_access":"","_jetpack_dont_email_post_to_subs":false,"_jetpack_newsletter_tier_id":0,"_jetpack_memberships_contains_paywalled_content":false,"_jetpack_memberships_contains_paid_content":false,"footnotes":""},"categories":[2],"tags":[48,51,61,81],"class_list":["post-4711","post","type-post","status-publish","format-standard","has-post-thumbnail","hentry","category-ajankohtaista","tag-atlas","tag-dicken","tag-hifk","tag-sif"],"acf":[],"yoast_head":"<!-- This site is optimized with the Yoast SEO plugin v27.5 - https:\/\/yoast.com\/product\/yoast-seo-wordpress\/ -->\n<title>V\u00e4lier\u00e4t alkavat torstaina 3.4. | K\u00e4sipallon naisten Aktialiiga<\/title>\n<meta name=\"robots\" content=\"index, follow, max-snippet:-1, max-image-preview:large, max-video-preview:-1\" \/>\n<link rel=\"canonical\" href=\"https:\/\/aktialiiga.fi\/naiset\/ajankohtaista\/valierat-alkavat-torstaina-3-4\/\" \/>\n<meta property=\"og:locale\" content=\"fi_FI\" \/>\n<meta property=\"og:type\" content=\"article\" \/>\n<meta property=\"og:title\" content=\"V\u00e4lier\u00e4t alkavat torstaina 3.4. | K\u00e4sipallon naisten Aktialiiga\" \/>\n<meta property=\"og:description\" content=\"SM-sarjan kauden 2013-14 molemmat puoliv\u00e4lier\u00e4parit ratkesivat suoraan kolmessa ottelussa ja v\u00e4lierien alkuun on aikaa viel\u00e4 kaksi viikkoa. Ensimm\u00e4iset v\u00e4lier\u00e4ottelut ovat ohjelmassa torstaina 3.4. HIFK:n ja Dickenin em\u00e4nn\u00f6idess\u00e4 avausotteluita.\" \/>\n<meta property=\"og:url\" content=\"https:\/\/aktialiiga.fi\/naiset\/ajankohtaista\/valierat-alkavat-torstaina-3-4\/\" \/>\n<meta property=\"og:site_name\" content=\"K\u00e4sipallon naisten Aktialiiga\" \/>\n<meta property=\"article:publisher\" content=\"https:\/\/www.facebook.com\/finnhandball\" \/>\n<meta property=\"article:published_time\" content=\"2014-03-20T08:00:55+00:00\" \/>\n<meta property=\"article:modified_time\" content=\"2024-08-28T15:30:34+00:00\" \/>\n<meta property=\"og:image\" content=\"https:\/\/aktialiiga.fi\/naiset\/wp-content\/uploads\/sites\/6\/2014\/03\/Pallo_3.jpg\" \/>\n\t<meta property=\"og:image:width\" content=\"300\" \/>\n\t<meta property=\"og:image:height\" content=\"300\" \/>\n\t<meta property=\"og:image:type\" content=\"image\/jpeg\" \/>\n<meta name=\"author\" content=\"tbrmedia\" \/>\n<meta name=\"twitter:card\" content=\"summary_large_image\" \/>\n<meta name=\"twitter:creator\" content=\"@finnhandball\" \/>\n<meta name=\"twitter:site\" content=\"@finnhandball\" \/>\n<script type=\"application\/ld+json\" class=\"yoast-schema-graph\">{\"@context\":\"https:\\\/\\\/schema.org\",\"@graph\":[{\"@type\":\"Article\",\"@id\":\"https:\\\/\\\/aktialiiga.fi\\\/naiset\\\/ajankohtaista\\\/valierat-alkavat-torstaina-3-4\\\/#article\",\"isPartOf\":{\"@id\":\"https:\\\/\\\/aktialiiga.fi\\\/naiset\\\/ajankohtaista\\\/valierat-alkavat-torstaina-3-4\\\/\"},\"author\":{\"name\":\"tbrmedia\",\"@id\":\"https:\\\/\\\/aktialiiga.fi\\\/naiset\\\/#\\\/schema\\\/person\\\/c14bf42f47041db74603c45afcb18d87\"},\"headline\":\"V\u00e4lier\u00e4t alkavat torstaina 3.4.\",\"datePublished\":\"2014-03-20T08:00:55+00:00\",\"dateModified\":\"2024-08-28T15:30:34+00:00\",\"mainEntityOfPage\":{\"@id\":\"https:\\\/\\\/aktialiiga.fi\\\/naiset\\\/ajankohtaista\\\/valierat-alkavat-torstaina-3-4\\\/\"},\"wordCount\":93,\"publisher\":{\"@id\":\"https:\\\/\\\/aktialiiga.fi\\\/naiset\\\/#organization\"},\"image\":{\"@id\":\"https:\\\/\\\/aktialiiga.fi\\\/naiset\\\/ajankohtaista\\\/valierat-alkavat-torstaina-3-4\\\/#primaryimage\"},\"thumbnailUrl\":\"https:\\\/\\\/aktialiiga.fi\\\/naiset\\\/wp-content\\\/uploads\\\/sites\\\/6\\\/2014\\\/03\\\/Pallo_3.jpg\",\"keywords\":[\"Atlas\",\"Dicken\",\"HIFK\",\"SIF\"],\"articleSection\":[\"Ajankohtaista\"],\"inLanguage\":\"fi\"},{\"@type\":\"WebPage\",\"@id\":\"https:\\\/\\\/aktialiiga.fi\\\/naiset\\\/ajankohtaista\\\/valierat-alkavat-torstaina-3-4\\\/\",\"url\":\"https:\\\/\\\/aktialiiga.fi\\\/naiset\\\/ajankohtaista\\\/valierat-alkavat-torstaina-3-4\\\/\",\"name\":\"V\u00e4lier\u00e4t alkavat torstaina 3.4. | K\u00e4sipallon naisten Aktialiiga\",\"isPartOf\":{\"@id\":\"https:\\\/\\\/aktialiiga.fi\\\/naiset\\\/#website\"},\"primaryImageOfPage\":{\"@id\":\"https:\\\/\\\/aktialiiga.fi\\\/naiset\\\/ajankohtaista\\\/valierat-alkavat-torstaina-3-4\\\/#primaryimage\"},\"image\":{\"@id\":\"https:\\\/\\\/aktialiiga.fi\\\/naiset\\\/ajankohtaista\\\/valierat-alkavat-torstaina-3-4\\\/#primaryimage\"},\"thumbnailUrl\":\"https:\\\/\\\/aktialiiga.fi\\\/naiset\\\/wp-content\\\/uploads\\\/sites\\\/6\\\/2014\\\/03\\\/Pallo_3.jpg\",\"datePublished\":\"2014-03-20T08:00:55+00:00\",\"dateModified\":\"2024-08-28T15:30:34+00:00\",\"breadcrumb\":{\"@id\":\"https:\\\/\\\/aktialiiga.fi\\\/naiset\\\/ajankohtaista\\\/valierat-alkavat-torstaina-3-4\\\/#breadcrumb\"},\"inLanguage\":\"fi\",\"potentialAction\":[{\"@type\":\"ReadAction\",\"target\":[\"https:\\\/\\\/aktialiiga.fi\\\/naiset\\\/ajankohtaista\\\/valierat-alkavat-torstaina-3-4\\\/\"]}]},{\"@type\":\"ImageObject\",\"inLanguage\":\"fi\",\"@id\":\"https:\\\/\\\/aktialiiga.fi\\\/naiset\\\/ajankohtaista\\\/valierat-alkavat-torstaina-3-4\\\/#primaryimage\",\"url\":\"https:\\\/\\\/aktialiiga.fi\\\/naiset\\\/wp-content\\\/uploads\\\/sites\\\/6\\\/2014\\\/03\\\/Pallo_3.jpg\",\"contentUrl\":\"https:\\\/\\\/aktialiiga.fi\\\/naiset\\\/wp-content\\\/uploads\\\/sites\\\/6\\\/2014\\\/03\\\/Pallo_3.jpg\",\"width\":300,\"height\":300,\"caption\":\"Kuva: Juha Tamminen\"},{\"@type\":\"BreadcrumbList\",\"@id\":\"https:\\\/\\\/aktialiiga.fi\\\/naiset\\\/ajankohtaista\\\/valierat-alkavat-torstaina-3-4\\\/#breadcrumb\",\"itemListElement\":[{\"@type\":\"ListItem\",\"position\":1,\"name\":\"Etusivu\",\"item\":\"https:\\\/\\\/aktialiiga.fi\\\/naiset\\\/\"},{\"@type\":\"ListItem\",\"position\":2,\"name\":\"V\u00e4lier\u00e4t alkavat torstaina 3.4.\"}]},{\"@type\":\"WebSite\",\"@id\":\"https:\\\/\\\/aktialiiga.fi\\\/naiset\\\/#website\",\"url\":\"https:\\\/\\\/aktialiiga.fi\\\/naiset\\\/\",\"name\":\"K\u00e4sipallon naisten Aktialiiga\",\"description\":\"Valtakunnan vauhdikkainta palloilua!\",\"publisher\":{\"@id\":\"https:\\\/\\\/aktialiiga.fi\\\/naiset\\\/#organization\"},\"potentialAction\":[{\"@type\":\"SearchAction\",\"target\":{\"@type\":\"EntryPoint\",\"urlTemplate\":\"https:\\\/\\\/aktialiiga.fi\\\/naiset\\\/?s={search_term_string}\"},\"query-input\":{\"@type\":\"PropertyValueSpecification\",\"valueRequired\":true,\"valueName\":\"search_term_string\"}}],\"inLanguage\":\"fi\"},{\"@type\":\"Organization\",\"@id\":\"https:\\\/\\\/aktialiiga.fi\\\/naiset\\\/#organization\",\"name\":\"K\u00e4sipallon naisten Aktialiiga\",\"url\":\"https:\\\/\\\/aktialiiga.fi\\\/naiset\\\/\",\"logo\":{\"@type\":\"ImageObject\",\"inLanguage\":\"fi\",\"@id\":\"https:\\\/\\\/aktialiiga.fi\\\/naiset\\\/#\\\/schema\\\/logo\\\/image\\\/\",\"url\":\"https:\\\/\\\/aktialiiga.fi\\\/naiset\\\/wp-content\\\/uploads\\\/sites\\\/6\\\/2024\\\/09\\\/Aktialiiga-Yoast-512.png\",\"contentUrl\":\"https:\\\/\\\/aktialiiga.fi\\\/naiset\\\/wp-content\\\/uploads\\\/sites\\\/6\\\/2024\\\/09\\\/Aktialiiga-Yoast-512.png\",\"width\":512,\"height\":512,\"caption\":\"K\u00e4sipallon naisten Aktialiiga\"},\"image\":{\"@id\":\"https:\\\/\\\/aktialiiga.fi\\\/naiset\\\/#\\\/schema\\\/logo\\\/image\\\/\"},\"sameAs\":[\"https:\\\/\\\/www.facebook.com\\\/finnhandball\",\"https:\\\/\\\/x.com\\\/finnhandball\",\"https:\\\/\\\/www.instagram.com\\\/handballfinland\\\/\"]},{\"@type\":\"Person\",\"@id\":\"https:\\\/\\\/aktialiiga.fi\\\/naiset\\\/#\\\/schema\\\/person\\\/c14bf42f47041db74603c45afcb18d87\",\"name\":\"tbrmedia\",\"image\":{\"@type\":\"ImageObject\",\"inLanguage\":\"fi\",\"@id\":\"https:\\\/\\\/secure.gravatar.com\\\/avatar\\\/ee975fa091fe581d12b60debb3439022686618368a7c142044c56724d4666b16?s=96&d=mm&r=g\",\"url\":\"https:\\\/\\\/secure.gravatar.com\\\/avatar\\\/ee975fa091fe581d12b60debb3439022686618368a7c142044c56724d4666b16?s=96&d=mm&r=g\",\"contentUrl\":\"https:\\\/\\\/secure.gravatar.com\\\/avatar\\\/ee975fa091fe581d12b60debb3439022686618368a7c142044c56724d4666b16?s=96&d=mm&r=g\",\"caption\":\"tbrmedia\"}}]}<\/script>\n<!-- \/ Yoast SEO plugin. -->","yoast_head_json":{"title":"V\u00e4lier\u00e4t alkavat torstaina 3.4. | K\u00e4sipallon naisten Aktialiiga","robots":{"index":"index","follow":"follow","max-snippet":"max-snippet:-1","max-image-preview":"max-image-preview:large","max-video-preview":"max-video-preview:-1"},"canonical":"https:\/\/aktialiiga.fi\/naiset\/ajankohtaista\/valierat-alkavat-torstaina-3-4\/","og_locale":"fi_FI","og_type":"article","og_title":"V\u00e4lier\u00e4t alkavat torstaina 3.4. | K\u00e4sipallon naisten Aktialiiga","og_description":"SM-sarjan kauden 2013-14 molemmat puoliv\u00e4lier\u00e4parit ratkesivat suoraan kolmessa ottelussa ja v\u00e4lierien alkuun on aikaa viel\u00e4 kaksi viikkoa. Ensimm\u00e4iset v\u00e4lier\u00e4ottelut ovat ohjelmassa torstaina 3.4. HIFK:n ja Dickenin em\u00e4nn\u00f6idess\u00e4 avausotteluita.","og_url":"https:\/\/aktialiiga.fi\/naiset\/ajankohtaista\/valierat-alkavat-torstaina-3-4\/","og_site_name":"K\u00e4sipallon naisten Aktialiiga","article_publisher":"https:\/\/www.facebook.com\/finnhandball","article_published_time":"2014-03-20T08:00:55+00:00","article_modified_time":"2024-08-28T15:30:34+00:00","og_image":[{"width":300,"height":300,"url":"https:\/\/aktialiiga.fi\/naiset\/wp-content\/uploads\/sites\/6\/2014\/03\/Pallo_3.jpg","type":"image\/jpeg"}],"author":"tbrmedia","twitter_card":"summary_large_image","twitter_creator":"@finnhandball","twitter_site":"@finnhandball","schema":{"@context":"https:\/\/schema.org","@graph":[{"@type":"Article","@id":"https:\/\/aktialiiga.fi\/naiset\/ajankohtaista\/valierat-alkavat-torstaina-3-4\/#article","isPartOf":{"@id":"https:\/\/aktialiiga.fi\/naiset\/ajankohtaista\/valierat-alkavat-torstaina-3-4\/"},"author":{"name":"tbrmedia","@id":"https:\/\/aktialiiga.fi\/naiset\/#\/schema\/person\/c14bf42f47041db74603c45afcb18d87"},"headline":"V\u00e4lier\u00e4t alkavat torstaina 3.4.","datePublished":"2014-03-20T08:00:55+00:00","dateModified":"2024-08-28T15:30:34+00:00","mainEntityOfPage":{"@id":"https:\/\/aktialiiga.fi\/naiset\/ajankohtaista\/valierat-alkavat-torstaina-3-4\/"},"wordCount":93,"publisher":{"@id":"https:\/\/aktialiiga.fi\/naiset\/#organization"},"image":{"@id":"https:\/\/aktialiiga.fi\/naiset\/ajankohtaista\/valierat-alkavat-torstaina-3-4\/#primaryimage"},"thumbnailUrl":"https:\/\/aktialiiga.fi\/naiset\/wp-content\/uploads\/sites\/6\/2014\/03\/Pallo_3.jpg","keywords":["Atlas","Dicken","HIFK","SIF"],"articleSection":["Ajankohtaista"],"inLanguage":"fi"},{"@type":"WebPage","@id":"https:\/\/aktialiiga.fi\/naiset\/ajankohtaista\/valierat-alkavat-torstaina-3-4\/","url":"https:\/\/aktialiiga.fi\/naiset\/ajankohtaista\/valierat-alkavat-torstaina-3-4\/","name":"V\u00e4lier\u00e4t alkavat torstaina 3.4. | K\u00e4sipallon naisten Aktialiiga","isPartOf":{"@id":"https:\/\/aktialiiga.fi\/naiset\/#website"},"primaryImageOfPage":{"@id":"https:\/\/aktialiiga.fi\/naiset\/ajankohtaista\/valierat-alkavat-torstaina-3-4\/#primaryimage"},"image":{"@id":"https:\/\/aktialiiga.fi\/naiset\/ajankohtaista\/valierat-alkavat-torstaina-3-4\/#primaryimage"},"thumbnailUrl":"https:\/\/aktialiiga.fi\/naiset\/wp-content\/uploads\/sites\/6\/2014\/03\/Pallo_3.jpg","datePublished":"2014-03-20T08:00:55+00:00","dateModified":"2024-08-28T15:30:34+00:00","breadcrumb":{"@id":"https:\/\/aktialiiga.fi\/naiset\/ajankohtaista\/valierat-alkavat-torstaina-3-4\/#breadcrumb"},"inLanguage":"fi","potentialAction":[{"@type":"ReadAction","target":["https:\/\/aktialiiga.fi\/naiset\/ajankohtaista\/valierat-alkavat-torstaina-3-4\/"]}]},{"@type":"ImageObject","inLanguage":"fi","@id":"https:\/\/aktialiiga.fi\/naiset\/ajankohtaista\/valierat-alkavat-torstaina-3-4\/#primaryimage","url":"https:\/\/aktialiiga.fi\/naiset\/wp-content\/uploads\/sites\/6\/2014\/03\/Pallo_3.jpg","contentUrl":"https:\/\/aktialiiga.fi\/naiset\/wp-content\/uploads\/sites\/6\/2014\/03\/Pallo_3.jpg","width":300,"height":300,"caption":"Kuva: Juha Tamminen"},{"@type":"BreadcrumbList","@id":"https:\/\/aktialiiga.fi\/naiset\/ajankohtaista\/valierat-alkavat-torstaina-3-4\/#breadcrumb","itemListElement":[{"@type":"ListItem","position":1,"name":"Etusivu","item":"https:\/\/aktialiiga.fi\/naiset\/"},{"@type":"ListItem","position":2,"name":"V\u00e4lier\u00e4t alkavat torstaina 3.4."}]},{"@type":"WebSite","@id":"https:\/\/aktialiiga.fi\/naiset\/#website","url":"https:\/\/aktialiiga.fi\/naiset\/","name":"K\u00e4sipallon naisten Aktialiiga","description":"Valtakunnan vauhdikkainta palloilua!","publisher":{"@id":"https:\/\/aktialiiga.fi\/naiset\/#organization"},"potentialAction":[{"@type":"SearchAction","target":{"@type":"EntryPoint","urlTemplate":"https:\/\/aktialiiga.fi\/naiset\/?s={search_term_string}"},"query-input":{"@type":"PropertyValueSpecification","valueRequired":true,"valueName":"search_term_string"}}],"inLanguage":"fi"},{"@type":"Organization","@id":"https:\/\/aktialiiga.fi\/naiset\/#organization","name":"K\u00e4sipallon naisten Aktialiiga","url":"https:\/\/aktialiiga.fi\/naiset\/","logo":{"@type":"ImageObject","inLanguage":"fi","@id":"https:\/\/aktialiiga.fi\/naiset\/#\/schema\/logo\/image\/","url":"https:\/\/aktialiiga.fi\/naiset\/wp-content\/uploads\/sites\/6\/2024\/09\/Aktialiiga-Yoast-512.png","contentUrl":"https:\/\/aktialiiga.fi\/naiset\/wp-content\/uploads\/sites\/6\/2024\/09\/Aktialiiga-Yoast-512.png","width":512,"height":512,"caption":"K\u00e4sipallon naisten Aktialiiga"},"image":{"@id":"https:\/\/aktialiiga.fi\/naiset\/#\/schema\/logo\/image\/"},"sameAs":["https:\/\/www.facebook.com\/finnhandball","https:\/\/x.com\/finnhandball","https:\/\/www.instagram.com\/handballfinland\/"]},{"@type":"Person","@id":"https:\/\/aktialiiga.fi\/naiset\/#\/schema\/person\/c14bf42f47041db74603c45afcb18d87","name":"tbrmedia","image":{"@type":"ImageObject","inLanguage":"fi","@id":"https:\/\/secure.gravatar.com\/avatar\/ee975fa091fe581d12b60debb3439022686618368a7c142044c56724d4666b16?s=96&d=mm&r=g","url":"https:\/\/secure.gravatar.com\/avatar\/ee975fa091fe581d12b60debb3439022686618368a7c142044c56724d4666b16?s=96&d=mm&r=g","contentUrl":"https:\/\/secure.gravatar.com\/avatar\/ee975fa091fe581d12b60debb3439022686618368a7c142044c56724d4666b16?s=96&d=mm&r=g","caption":"tbrmedia"}}]}},"jetpack_featured_media_url":"https:\/\/aktialiiga.fi\/naiset\/wp-content\/uploads\/sites\/6\/2014\/03\/Pallo_3.jpg","jetpack_sharing_enabled":true,"jetpack_shortlink":"https:\/\/wp.me\/pfYhm6-1dZ","_links":{"self":[{"href":"https:\/\/aktialiiga.fi\/naiset\/wp-json\/wp\/v2\/posts\/4711","targetHints":{"allow":["GET"]}}],"collection":[{"href":"https:\/\/aktialiiga.fi\/naiset\/wp-json\/wp\/v2\/posts"}],"about":[{"href":"https:\/\/aktialiiga.fi\/naiset\/wp-json\/wp\/v2\/types\/post"}],"author":[{"embeddable":true,"href":"https:\/\/aktialiiga.fi\/naiset\/wp-json\/wp\/v2\/users\/13"}],"replies":[{"embeddable":true,"href":"https:\/\/aktialiiga.fi\/naiset\/wp-json\/wp\/v2\/comments?post=4711"}],"version-history":[{"count":1,"href":"https:\/\/aktialiiga.fi\/naiset\/wp-json\/wp\/v2\/posts\/4711\/revisions"}],"predecessor-version":[{"id":39419,"href":"https:\/\/aktialiiga.fi\/naiset\/wp-json\/wp\/v2\/posts\/4711\/revisions\/39419"}],"wp:featuredmedia":[{"embeddable":true,"href":"https:\/\/aktialiiga.fi\/naiset\/wp-json\/wp\/v2\/media\/4616"}],"wp:attachment":[{"href":"https:\/\/aktialiiga.fi\/naiset\/wp-json\/wp\/v2\/media?parent=4711"}],"wp:term":[{"taxonomy":"category","embeddable":true,"href":"https:\/\/aktialiiga.fi\/naiset\/wp-json\/wp\/v2\/categories?post=4711"},{"taxonomy":"post_tag","embeddable":true,"href":"https:\/\/aktialiiga.fi\/naiset\/wp-json\/wp\/v2\/tags?post=4711"}],"curies":[{"name":"wp","href":"https:\/\/api.w.org\/{rel}","templated":true}]}}