{"id":4713,"date":"2014-03-21T12:21:36","date_gmt":"2014-03-21T10:21:36","guid":{"rendered":"https:\/\/www.finnhandball.net\/nsm\/?p=4713"},"modified":"2024-08-28T18:30:34","modified_gmt":"2024-08-28T15:30:34","slug":"dicken-kapteeni-anna-lindahl-iloitsee-jani-vaskolan-jatkosta","status":"publish","type":"post","link":"https:\/\/aktialiiga.fi\/naiset\/ajankohtaista\/dicken-kapteeni-anna-lindahl-iloitsee-jani-vaskolan-jatkosta\/","title":{"rendered":"Dicken-kapteeni Anna Lindahl iloitsee Jani Vaskolan jatkosta"},"content":{"rendered":"<p>Dickenin SM-sarjajoukkueen p\u00e4\u00e4valmentaja Jani Vaskola jatkaa teht\u00e4v\u00e4ss\u00e4\u00e4n ainakin kolmannen per\u00e4tt\u00e4isen kauden alkuviikolla julkistetun jatkosopimuksen my\u00f6t\u00e4. Joukkueen pelaajisto otti uutisen ilolla vastaan.<!--more--><\/p>\n<p>Dicken-kapteeni Anna Lindahl on enemm\u00e4n kuin tyytyv\u00e4inen Vaskolan jatkosopimukseen.<\/p>\n<p>&#8211; Tuntuu todella hyv\u00e4lt\u00e4, ett\u00e4 onnistunut yhteisty\u00f6 Janin kanssa jatkuu. Jani on vienyt joukkuetta vauhdilla eteenp\u00e4in ja me pelaajat tunnemme koko ajan kehittyv\u00e4mme sek\u00e4 fyysisesti ett\u00e4 k\u00e4sipalloilullisesti h\u00e4nen johdollaan, Lindahl sanoo Dickenin verkkosivuilla.<\/p>\n<p>Lindahl muistuttaa, ett\u00e4 Vaskolan ty\u00f6n tulokset on rakennettu tunteja laskematta.<\/p>\n<p>&#8211; Jani on uhrannut k\u00e4sitt\u00e4m\u00e4tt\u00f6m\u00e4n m\u00e4\u00e4r\u00e4n tunteja vapaa-ajastaan analysoidakseen meid\u00e4n ja vastustajien peli\u00e4; sen joukkueen pelaajat arvostavat korkealle. Janin johdolla olemme joka vuosi nousseet sarjataulukossa ja olemme varmoja, ett\u00e4 Janilla on meille viel\u00e4 enemm\u00e4n annettavaa jatkossa.<\/p>\n","protected":false},"excerpt":{"rendered":"<p>Dickenin SM-sarjajoukkueen p\u00e4\u00e4valmentaja Jani Vaskola jatkaa teht\u00e4v\u00e4ss\u00e4\u00e4n ainakin kolmannen per\u00e4tt\u00e4isen kauden alkuviikolla julkistetun jatkosopimuksen my\u00f6t\u00e4. Joukkueen pelaajisto otti uutisen ilolla vastaan.<\/p>\n","protected":false},"author":13,"featured_media":4715,"comment_status":"closed","ping_status":"closed","sticky":false,"template":"","format":"standard","meta":{"_acf_changed":false,"jetpack_post_was_ever_published":false,"_jetpack_newsletter_access":"","_jetpack_dont_email_post_to_subs":false,"_jetpack_newsletter_tier_id":0,"_jetpack_memberships_contains_paywalled_content":false,"_jetpack_memberships_contains_paid_content":false,"footnotes":""},"categories":[2],"tags":[51],"class_list":["post-4713","post","type-post","status-publish","format-standard","has-post-thumbnail","hentry","category-ajankohtaista","tag-dicken"],"acf":[],"yoast_head":"<!-- This site is optimized with the Yoast SEO plugin v27.5 - https:\/\/yoast.com\/product\/yoast-seo-wordpress\/ -->\n<title>Dicken-kapteeni Anna Lindahl iloitsee Jani Vaskolan jatkosta | K\u00e4sipallon naisten Aktialiiga<\/title>\n<meta name=\"robots\" content=\"index, follow, max-snippet:-1, max-image-preview:large, max-video-preview:-1\" \/>\n<link rel=\"canonical\" href=\"https:\/\/aktialiiga.fi\/naiset\/ajankohtaista\/dicken-kapteeni-anna-lindahl-iloitsee-jani-vaskolan-jatkosta\/\" \/>\n<meta property=\"og:locale\" content=\"fi_FI\" \/>\n<meta property=\"og:type\" content=\"article\" \/>\n<meta property=\"og:title\" content=\"Dicken-kapteeni Anna Lindahl iloitsee Jani Vaskolan jatkosta | K\u00e4sipallon naisten Aktialiiga\" \/>\n<meta property=\"og:description\" content=\"Dickenin SM-sarjajoukkueen p\u00e4\u00e4valmentaja Jani Vaskola jatkaa teht\u00e4v\u00e4ss\u00e4\u00e4n ainakin kolmannen per\u00e4tt\u00e4isen kauden alkuviikolla julkistetun jatkosopimuksen my\u00f6t\u00e4. Joukkueen pelaajisto otti uutisen ilolla vastaan.\" \/>\n<meta property=\"og:url\" content=\"https:\/\/aktialiiga.fi\/naiset\/ajankohtaista\/dicken-kapteeni-anna-lindahl-iloitsee-jani-vaskolan-jatkosta\/\" \/>\n<meta property=\"og:site_name\" content=\"K\u00e4sipallon naisten Aktialiiga\" \/>\n<meta property=\"article:publisher\" content=\"https:\/\/www.facebook.com\/finnhandball\" \/>\n<meta property=\"article:published_time\" content=\"2014-03-21T10:21:36+00:00\" \/>\n<meta property=\"article:modified_time\" content=\"2024-08-28T15:30:34+00:00\" \/>\n<meta property=\"og:image\" content=\"https:\/\/aktialiiga.fi\/naiset\/wp-content\/uploads\/sites\/6\/2014\/03\/Lindahl_Anna_Dicken1314.jpg\" \/>\n\t<meta property=\"og:image:width\" content=\"300\" \/>\n\t<meta property=\"og:image:height\" content=\"300\" \/>\n\t<meta property=\"og:image:type\" content=\"image\/jpeg\" \/>\n<meta name=\"author\" content=\"tbrmedia\" \/>\n<meta name=\"twitter:card\" content=\"summary_large_image\" \/>\n<meta name=\"twitter:creator\" content=\"@finnhandball\" \/>\n<meta name=\"twitter:site\" content=\"@finnhandball\" \/>\n<script type=\"application\/ld+json\" class=\"yoast-schema-graph\">{\"@context\":\"https:\\\/\\\/schema.org\",\"@graph\":[{\"@type\":\"Article\",\"@id\":\"https:\\\/\\\/aktialiiga.fi\\\/naiset\\\/ajankohtaista\\\/dicken-kapteeni-anna-lindahl-iloitsee-jani-vaskolan-jatkosta\\\/#article\",\"isPartOf\":{\"@id\":\"https:\\\/\\\/aktialiiga.fi\\\/naiset\\\/ajankohtaista\\\/dicken-kapteeni-anna-lindahl-iloitsee-jani-vaskolan-jatkosta\\\/\"},\"author\":{\"name\":\"tbrmedia\",\"@id\":\"https:\\\/\\\/aktialiiga.fi\\\/naiset\\\/#\\\/schema\\\/person\\\/c14bf42f47041db74603c45afcb18d87\"},\"headline\":\"Dicken-kapteeni Anna Lindahl iloitsee Jani Vaskolan jatkosta\",\"datePublished\":\"2014-03-21T10:21:36+00:00\",\"dateModified\":\"2024-08-28T15:30:34+00:00\",\"mainEntityOfPage\":{\"@id\":\"https:\\\/\\\/aktialiiga.fi\\\/naiset\\\/ajankohtaista\\\/dicken-kapteeni-anna-lindahl-iloitsee-jani-vaskolan-jatkosta\\\/\"},\"wordCount\":140,\"publisher\":{\"@id\":\"https:\\\/\\\/aktialiiga.fi\\\/naiset\\\/#organization\"},\"image\":{\"@id\":\"https:\\\/\\\/aktialiiga.fi\\\/naiset\\\/ajankohtaista\\\/dicken-kapteeni-anna-lindahl-iloitsee-jani-vaskolan-jatkosta\\\/#primaryimage\"},\"thumbnailUrl\":\"https:\\\/\\\/aktialiiga.fi\\\/naiset\\\/wp-content\\\/uploads\\\/sites\\\/6\\\/2014\\\/03\\\/Lindahl_Anna_Dicken1314.jpg\",\"keywords\":[\"Dicken\"],\"articleSection\":[\"Ajankohtaista\"],\"inLanguage\":\"fi\"},{\"@type\":\"WebPage\",\"@id\":\"https:\\\/\\\/aktialiiga.fi\\\/naiset\\\/ajankohtaista\\\/dicken-kapteeni-anna-lindahl-iloitsee-jani-vaskolan-jatkosta\\\/\",\"url\":\"https:\\\/\\\/aktialiiga.fi\\\/naiset\\\/ajankohtaista\\\/dicken-kapteeni-anna-lindahl-iloitsee-jani-vaskolan-jatkosta\\\/\",\"name\":\"Dicken-kapteeni Anna Lindahl iloitsee Jani Vaskolan jatkosta | K\u00e4sipallon naisten Aktialiiga\",\"isPartOf\":{\"@id\":\"https:\\\/\\\/aktialiiga.fi\\\/naiset\\\/#website\"},\"primaryImageOfPage\":{\"@id\":\"https:\\\/\\\/aktialiiga.fi\\\/naiset\\\/ajankohtaista\\\/dicken-kapteeni-anna-lindahl-iloitsee-jani-vaskolan-jatkosta\\\/#primaryimage\"},\"image\":{\"@id\":\"https:\\\/\\\/aktialiiga.fi\\\/naiset\\\/ajankohtaista\\\/dicken-kapteeni-anna-lindahl-iloitsee-jani-vaskolan-jatkosta\\\/#primaryimage\"},\"thumbnailUrl\":\"https:\\\/\\\/aktialiiga.fi\\\/naiset\\\/wp-content\\\/uploads\\\/sites\\\/6\\\/2014\\\/03\\\/Lindahl_Anna_Dicken1314.jpg\",\"datePublished\":\"2014-03-21T10:21:36+00:00\",\"dateModified\":\"2024-08-28T15:30:34+00:00\",\"breadcrumb\":{\"@id\":\"https:\\\/\\\/aktialiiga.fi\\\/naiset\\\/ajankohtaista\\\/dicken-kapteeni-anna-lindahl-iloitsee-jani-vaskolan-jatkosta\\\/#breadcrumb\"},\"inLanguage\":\"fi\",\"potentialAction\":[{\"@type\":\"ReadAction\",\"target\":[\"https:\\\/\\\/aktialiiga.fi\\\/naiset\\\/ajankohtaista\\\/dicken-kapteeni-anna-lindahl-iloitsee-jani-vaskolan-jatkosta\\\/\"]}]},{\"@type\":\"ImageObject\",\"inLanguage\":\"fi\",\"@id\":\"https:\\\/\\\/aktialiiga.fi\\\/naiset\\\/ajankohtaista\\\/dicken-kapteeni-anna-lindahl-iloitsee-jani-vaskolan-jatkosta\\\/#primaryimage\",\"url\":\"https:\\\/\\\/aktialiiga.fi\\\/naiset\\\/wp-content\\\/uploads\\\/sites\\\/6\\\/2014\\\/03\\\/Lindahl_Anna_Dicken1314.jpg\",\"contentUrl\":\"https:\\\/\\\/aktialiiga.fi\\\/naiset\\\/wp-content\\\/uploads\\\/sites\\\/6\\\/2014\\\/03\\\/Lindahl_Anna_Dicken1314.jpg\",\"width\":300,\"height\":300},{\"@type\":\"BreadcrumbList\",\"@id\":\"https:\\\/\\\/aktialiiga.fi\\\/naiset\\\/ajankohtaista\\\/dicken-kapteeni-anna-lindahl-iloitsee-jani-vaskolan-jatkosta\\\/#breadcrumb\",\"itemListElement\":[{\"@type\":\"ListItem\",\"position\":1,\"name\":\"Etusivu\",\"item\":\"https:\\\/\\\/aktialiiga.fi\\\/naiset\\\/\"},{\"@type\":\"ListItem\",\"position\":2,\"name\":\"Dicken-kapteeni Anna Lindahl iloitsee Jani Vaskolan jatkosta\"}]},{\"@type\":\"WebSite\",\"@id\":\"https:\\\/\\\/aktialiiga.fi\\\/naiset\\\/#website\",\"url\":\"https:\\\/\\\/aktialiiga.fi\\\/naiset\\\/\",\"name\":\"K\u00e4sipallon naisten Aktialiiga\",\"description\":\"Valtakunnan vauhdikkainta palloilua!\",\"publisher\":{\"@id\":\"https:\\\/\\\/aktialiiga.fi\\\/naiset\\\/#organization\"},\"potentialAction\":[{\"@type\":\"SearchAction\",\"target\":{\"@type\":\"EntryPoint\",\"urlTemplate\":\"https:\\\/\\\/aktialiiga.fi\\\/naiset\\\/?s={search_term_string}\"},\"query-input\":{\"@type\":\"PropertyValueSpecification\",\"valueRequired\":true,\"valueName\":\"search_term_string\"}}],\"inLanguage\":\"fi\"},{\"@type\":\"Organization\",\"@id\":\"https:\\\/\\\/aktialiiga.fi\\\/naiset\\\/#organization\",\"name\":\"K\u00e4sipallon naisten Aktialiiga\",\"url\":\"https:\\\/\\\/aktialiiga.fi\\\/naiset\\\/\",\"logo\":{\"@type\":\"ImageObject\",\"inLanguage\":\"fi\",\"@id\":\"https:\\\/\\\/aktialiiga.fi\\\/naiset\\\/#\\\/schema\\\/logo\\\/image\\\/\",\"url\":\"https:\\\/\\\/aktialiiga.fi\\\/naiset\\\/wp-content\\\/uploads\\\/sites\\\/6\\\/2024\\\/09\\\/Aktialiiga-Yoast-512.png\",\"contentUrl\":\"https:\\\/\\\/aktialiiga.fi\\\/naiset\\\/wp-content\\\/uploads\\\/sites\\\/6\\\/2024\\\/09\\\/Aktialiiga-Yoast-512.png\",\"width\":512,\"height\":512,\"caption\":\"K\u00e4sipallon naisten Aktialiiga\"},\"image\":{\"@id\":\"https:\\\/\\\/aktialiiga.fi\\\/naiset\\\/#\\\/schema\\\/logo\\\/image\\\/\"},\"sameAs\":[\"https:\\\/\\\/www.facebook.com\\\/finnhandball\",\"https:\\\/\\\/x.com\\\/finnhandball\",\"https:\\\/\\\/www.instagram.com\\\/handballfinland\\\/\"]},{\"@type\":\"Person\",\"@id\":\"https:\\\/\\\/aktialiiga.fi\\\/naiset\\\/#\\\/schema\\\/person\\\/c14bf42f47041db74603c45afcb18d87\",\"name\":\"tbrmedia\",\"image\":{\"@type\":\"ImageObject\",\"inLanguage\":\"fi\",\"@id\":\"https:\\\/\\\/secure.gravatar.com\\\/avatar\\\/ee975fa091fe581d12b60debb3439022686618368a7c142044c56724d4666b16?s=96&d=mm&r=g\",\"url\":\"https:\\\/\\\/secure.gravatar.com\\\/avatar\\\/ee975fa091fe581d12b60debb3439022686618368a7c142044c56724d4666b16?s=96&d=mm&r=g\",\"contentUrl\":\"https:\\\/\\\/secure.gravatar.com\\\/avatar\\\/ee975fa091fe581d12b60debb3439022686618368a7c142044c56724d4666b16?s=96&d=mm&r=g\",\"caption\":\"tbrmedia\"}}]}<\/script>\n<!-- \/ Yoast SEO plugin. -->","yoast_head_json":{"title":"Dicken-kapteeni Anna Lindahl iloitsee Jani Vaskolan jatkosta | K\u00e4sipallon naisten Aktialiiga","robots":{"index":"index","follow":"follow","max-snippet":"max-snippet:-1","max-image-preview":"max-image-preview:large","max-video-preview":"max-video-preview:-1"},"canonical":"https:\/\/aktialiiga.fi\/naiset\/ajankohtaista\/dicken-kapteeni-anna-lindahl-iloitsee-jani-vaskolan-jatkosta\/","og_locale":"fi_FI","og_type":"article","og_title":"Dicken-kapteeni Anna Lindahl iloitsee Jani Vaskolan jatkosta | K\u00e4sipallon naisten Aktialiiga","og_description":"Dickenin SM-sarjajoukkueen p\u00e4\u00e4valmentaja Jani Vaskola jatkaa teht\u00e4v\u00e4ss\u00e4\u00e4n ainakin kolmannen per\u00e4tt\u00e4isen kauden alkuviikolla julkistetun jatkosopimuksen my\u00f6t\u00e4. Joukkueen pelaajisto otti uutisen ilolla vastaan.","og_url":"https:\/\/aktialiiga.fi\/naiset\/ajankohtaista\/dicken-kapteeni-anna-lindahl-iloitsee-jani-vaskolan-jatkosta\/","og_site_name":"K\u00e4sipallon naisten Aktialiiga","article_publisher":"https:\/\/www.facebook.com\/finnhandball","article_published_time":"2014-03-21T10:21:36+00:00","article_modified_time":"2024-08-28T15:30:34+00:00","og_image":[{"width":300,"height":300,"url":"https:\/\/aktialiiga.fi\/naiset\/wp-content\/uploads\/sites\/6\/2014\/03\/Lindahl_Anna_Dicken1314.jpg","type":"image\/jpeg"}],"author":"tbrmedia","twitter_card":"summary_large_image","twitter_creator":"@finnhandball","twitter_site":"@finnhandball","schema":{"@context":"https:\/\/schema.org","@graph":[{"@type":"Article","@id":"https:\/\/aktialiiga.fi\/naiset\/ajankohtaista\/dicken-kapteeni-anna-lindahl-iloitsee-jani-vaskolan-jatkosta\/#article","isPartOf":{"@id":"https:\/\/aktialiiga.fi\/naiset\/ajankohtaista\/dicken-kapteeni-anna-lindahl-iloitsee-jani-vaskolan-jatkosta\/"},"author":{"name":"tbrmedia","@id":"https:\/\/aktialiiga.fi\/naiset\/#\/schema\/person\/c14bf42f47041db74603c45afcb18d87"},"headline":"Dicken-kapteeni Anna Lindahl iloitsee Jani Vaskolan jatkosta","datePublished":"2014-03-21T10:21:36+00:00","dateModified":"2024-08-28T15:30:34+00:00","mainEntityOfPage":{"@id":"https:\/\/aktialiiga.fi\/naiset\/ajankohtaista\/dicken-kapteeni-anna-lindahl-iloitsee-jani-vaskolan-jatkosta\/"},"wordCount":140,"publisher":{"@id":"https:\/\/aktialiiga.fi\/naiset\/#organization"},"image":{"@id":"https:\/\/aktialiiga.fi\/naiset\/ajankohtaista\/dicken-kapteeni-anna-lindahl-iloitsee-jani-vaskolan-jatkosta\/#primaryimage"},"thumbnailUrl":"https:\/\/aktialiiga.fi\/naiset\/wp-content\/uploads\/sites\/6\/2014\/03\/Lindahl_Anna_Dicken1314.jpg","keywords":["Dicken"],"articleSection":["Ajankohtaista"],"inLanguage":"fi"},{"@type":"WebPage","@id":"https:\/\/aktialiiga.fi\/naiset\/ajankohtaista\/dicken-kapteeni-anna-lindahl-iloitsee-jani-vaskolan-jatkosta\/","url":"https:\/\/aktialiiga.fi\/naiset\/ajankohtaista\/dicken-kapteeni-anna-lindahl-iloitsee-jani-vaskolan-jatkosta\/","name":"Dicken-kapteeni Anna Lindahl iloitsee Jani Vaskolan jatkosta | K\u00e4sipallon naisten Aktialiiga","isPartOf":{"@id":"https:\/\/aktialiiga.fi\/naiset\/#website"},"primaryImageOfPage":{"@id":"https:\/\/aktialiiga.fi\/naiset\/ajankohtaista\/dicken-kapteeni-anna-lindahl-iloitsee-jani-vaskolan-jatkosta\/#primaryimage"},"image":{"@id":"https:\/\/aktialiiga.fi\/naiset\/ajankohtaista\/dicken-kapteeni-anna-lindahl-iloitsee-jani-vaskolan-jatkosta\/#primaryimage"},"thumbnailUrl":"https:\/\/aktialiiga.fi\/naiset\/wp-content\/uploads\/sites\/6\/2014\/03\/Lindahl_Anna_Dicken1314.jpg","datePublished":"2014-03-21T10:21:36+00:00","dateModified":"2024-08-28T15:30:34+00:00","breadcrumb":{"@id":"https:\/\/aktialiiga.fi\/naiset\/ajankohtaista\/dicken-kapteeni-anna-lindahl-iloitsee-jani-vaskolan-jatkosta\/#breadcrumb"},"inLanguage":"fi","potentialAction":[{"@type":"ReadAction","target":["https:\/\/aktialiiga.fi\/naiset\/ajankohtaista\/dicken-kapteeni-anna-lindahl-iloitsee-jani-vaskolan-jatkosta\/"]}]},{"@type":"ImageObject","inLanguage":"fi","@id":"https:\/\/aktialiiga.fi\/naiset\/ajankohtaista\/dicken-kapteeni-anna-lindahl-iloitsee-jani-vaskolan-jatkosta\/#primaryimage","url":"https:\/\/aktialiiga.fi\/naiset\/wp-content\/uploads\/sites\/6\/2014\/03\/Lindahl_Anna_Dicken1314.jpg","contentUrl":"https:\/\/aktialiiga.fi\/naiset\/wp-content\/uploads\/sites\/6\/2014\/03\/Lindahl_Anna_Dicken1314.jpg","width":300,"height":300},{"@type":"BreadcrumbList","@id":"https:\/\/aktialiiga.fi\/naiset\/ajankohtaista\/dicken-kapteeni-anna-lindahl-iloitsee-jani-vaskolan-jatkosta\/#breadcrumb","itemListElement":[{"@type":"ListItem","position":1,"name":"Etusivu","item":"https:\/\/aktialiiga.fi\/naiset\/"},{"@type":"ListItem","position":2,"name":"Dicken-kapteeni Anna Lindahl iloitsee Jani Vaskolan jatkosta"}]},{"@type":"WebSite","@id":"https:\/\/aktialiiga.fi\/naiset\/#website","url":"https:\/\/aktialiiga.fi\/naiset\/","name":"K\u00e4sipallon naisten Aktialiiga","description":"Valtakunnan vauhdikkainta palloilua!","publisher":{"@id":"https:\/\/aktialiiga.fi\/naiset\/#organization"},"potentialAction":[{"@type":"SearchAction","target":{"@type":"EntryPoint","urlTemplate":"https:\/\/aktialiiga.fi\/naiset\/?s={search_term_string}"},"query-input":{"@type":"PropertyValueSpecification","valueRequired":true,"valueName":"search_term_string"}}],"inLanguage":"fi"},{"@type":"Organization","@id":"https:\/\/aktialiiga.fi\/naiset\/#organization","name":"K\u00e4sipallon naisten Aktialiiga","url":"https:\/\/aktialiiga.fi\/naiset\/","logo":{"@type":"ImageObject","inLanguage":"fi","@id":"https:\/\/aktialiiga.fi\/naiset\/#\/schema\/logo\/image\/","url":"https:\/\/aktialiiga.fi\/naiset\/wp-content\/uploads\/sites\/6\/2024\/09\/Aktialiiga-Yoast-512.png","contentUrl":"https:\/\/aktialiiga.fi\/naiset\/wp-content\/uploads\/sites\/6\/2024\/09\/Aktialiiga-Yoast-512.png","width":512,"height":512,"caption":"K\u00e4sipallon naisten Aktialiiga"},"image":{"@id":"https:\/\/aktialiiga.fi\/naiset\/#\/schema\/logo\/image\/"},"sameAs":["https:\/\/www.facebook.com\/finnhandball","https:\/\/x.com\/finnhandball","https:\/\/www.instagram.com\/handballfinland\/"]},{"@type":"Person","@id":"https:\/\/aktialiiga.fi\/naiset\/#\/schema\/person\/c14bf42f47041db74603c45afcb18d87","name":"tbrmedia","image":{"@type":"ImageObject","inLanguage":"fi","@id":"https:\/\/secure.gravatar.com\/avatar\/ee975fa091fe581d12b60debb3439022686618368a7c142044c56724d4666b16?s=96&d=mm&r=g","url":"https:\/\/secure.gravatar.com\/avatar\/ee975fa091fe581d12b60debb3439022686618368a7c142044c56724d4666b16?s=96&d=mm&r=g","contentUrl":"https:\/\/secure.gravatar.com\/avatar\/ee975fa091fe581d12b60debb3439022686618368a7c142044c56724d4666b16?s=96&d=mm&r=g","caption":"tbrmedia"}}]}},"jetpack_featured_media_url":"https:\/\/aktialiiga.fi\/naiset\/wp-content\/uploads\/sites\/6\/2014\/03\/Lindahl_Anna_Dicken1314.jpg","jetpack_sharing_enabled":true,"jetpack_shortlink":"https:\/\/wp.me\/pfYhm6-1e1","_links":{"self":[{"href":"https:\/\/aktialiiga.fi\/naiset\/wp-json\/wp\/v2\/posts\/4713","targetHints":{"allow":["GET"]}}],"collection":[{"href":"https:\/\/aktialiiga.fi\/naiset\/wp-json\/wp\/v2\/posts"}],"about":[{"href":"https:\/\/aktialiiga.fi\/naiset\/wp-json\/wp\/v2\/types\/post"}],"author":[{"embeddable":true,"href":"https:\/\/aktialiiga.fi\/naiset\/wp-json\/wp\/v2\/users\/13"}],"replies":[{"embeddable":true,"href":"https:\/\/aktialiiga.fi\/naiset\/wp-json\/wp\/v2\/comments?post=4713"}],"version-history":[{"count":1,"href":"https:\/\/aktialiiga.fi\/naiset\/wp-json\/wp\/v2\/posts\/4713\/revisions"}],"predecessor-version":[{"id":39418,"href":"https:\/\/aktialiiga.fi\/naiset\/wp-json\/wp\/v2\/posts\/4713\/revisions\/39418"}],"wp:featuredmedia":[{"embeddable":true,"href":"https:\/\/aktialiiga.fi\/naiset\/wp-json\/wp\/v2\/media\/4715"}],"wp:attachment":[{"href":"https:\/\/aktialiiga.fi\/naiset\/wp-json\/wp\/v2\/media?parent=4713"}],"wp:term":[{"taxonomy":"category","embeddable":true,"href":"https:\/\/aktialiiga.fi\/naiset\/wp-json\/wp\/v2\/categories?post=4713"},{"taxonomy":"post_tag","embeddable":true,"href":"https:\/\/aktialiiga.fi\/naiset\/wp-json\/wp\/v2\/tags?post=4713"}],"curies":[{"name":"wp","href":"https:\/\/api.w.org\/{rel}","templated":true}]}}