{"id":47145,"date":"2026-03-11T11:36:15","date_gmt":"2026-03-11T09:36:15","guid":{"rendered":"https:\/\/aktialiiga.fi\/naiset\/?p=47145"},"modified":"2026-03-11T13:36:00","modified_gmt":"2026-03-11T11:36:00","slug":"jan-sundstrom-siirtyy-dickenin-paavalmentajaksi-ensi-kaudelle","status":"publish","type":"post","link":"https:\/\/aktialiiga.fi\/naiset\/ajankohtaista\/jan-sundstrom-siirtyy-dickenin-paavalmentajaksi-ensi-kaudelle\/","title":{"rendered":"Jan Sundstr\u00f6m siirtyy Dickenin p\u00e4\u00e4valmentajaksi ensi kaudelle"},"content":{"rendered":"<p>Dickenin naisten joukkueen valmennuksessa tapahtuu muutoksia tulevalle kaudelle ja p\u00e4\u00e4valmentajan teht\u00e4v\u00e4t siirtyv\u00e4t viime kaudet kakkosvalmentajana toimineelle Jan Sundstr\u00f6mille.<\/p>\n<p>Kuluvan kauden loppuun Dickenin p\u00e4\u00e4valmentajana toimii my\u00f6s miesten joukkuetta luotsaava Ken Sirenius.<\/p>\n<p>Sundstr\u00f6min pestin lis\u00e4ksi Dickenin valmennus uusiutuu my\u00f6s muilta osin. Jessika Gammals siirtyy pelaajapuolelta uuteen rooliin kakkosvalmentajana ja Jouni Ahlroth jatkaa valmennustiimiss\u00e4.<\/p>\n<p>&#8211; Olen todella innoissani saadessani jatkaa ja saadessani p\u00e4\u00e4vastuun joukkueesta. Jatkamme edelleen kehittymist\u00e4 siit\u00e4 mink\u00e4 olemme t\u00e4ll\u00e4 kaudella aloittaneet. Vaatimus- ja kunniahimotaso tulevat olemaan korkealla ja odotan, ett\u00e4 p\u00e4\u00e4semme yhdess\u00e4 tekem\u00e4\u00e4n t\u00f6it\u00e4 tavoitteidemme saavuttamiseksi, Sundstr\u00f6m sanoo Dickenin verkkosivuila<\/p>\n","protected":false},"excerpt":{"rendered":"<p>Dickenin naisten joukkueen valmennuksessa tapahtuu muutoksia tulevalle kaudelle ja p\u00e4\u00e4valmentajan teht\u00e4v\u00e4t siirtyv\u00e4t viime kaudet kakkosvalmentajana toimineelle Jan Sundstr\u00f6mille. Kuluvan kauden loppuun Dickenin p\u00e4\u00e4valmentajana toimii my\u00f6s miesten joukkuetta luotsaava Ken Sirenius. Sundstr\u00f6min pestin lis\u00e4ksi Dickenin valmennus uusiutuu my\u00f6s muilta osin. Jessika Gammals siirtyy pelaajapuolelta uuteen rooliin kakkosvalmentajana ja Jouni Ahlroth jatkaa valmennustiimiss\u00e4. &#8211; Olen todella innoissani [&hellip;]<\/p>\n","protected":false},"author":13,"featured_media":47151,"comment_status":"closed","ping_status":"closed","sticky":false,"template":"","format":"standard","meta":{"_acf_changed":false,"jetpack_post_was_ever_published":false,"_jetpack_newsletter_access":"","_jetpack_dont_email_post_to_subs":false,"_jetpack_newsletter_tier_id":0,"_jetpack_memberships_contains_paywalled_content":false,"_jetpack_memberships_contains_paid_content":false,"footnotes":""},"categories":[2],"tags":[51],"class_list":["post-47145","post","type-post","status-publish","format-standard","has-post-thumbnail","hentry","category-ajankohtaista","tag-dicken"],"acf":[],"yoast_head":"<!-- This site is optimized with the Yoast SEO plugin v27.5 - https:\/\/yoast.com\/product\/yoast-seo-wordpress\/ -->\n<title>Jan Sundstr\u00f6m siirtyy Dickenin p\u00e4\u00e4valmentajaksi ensi kaudelle | K\u00e4sipallon naisten Aktialiiga<\/title>\n<meta name=\"robots\" content=\"index, follow, max-snippet:-1, max-image-preview:large, max-video-preview:-1\" \/>\n<link rel=\"canonical\" href=\"https:\/\/aktialiiga.fi\/naiset\/ajankohtaista\/jan-sundstrom-siirtyy-dickenin-paavalmentajaksi-ensi-kaudelle\/\" \/>\n<meta property=\"og:locale\" content=\"fi_FI\" \/>\n<meta property=\"og:type\" content=\"article\" \/>\n<meta property=\"og:title\" content=\"Jan Sundstr\u00f6m siirtyy Dickenin p\u00e4\u00e4valmentajaksi ensi kaudelle | K\u00e4sipallon naisten Aktialiiga\" \/>\n<meta property=\"og:description\" content=\"Dickenin naisten joukkueen valmennuksessa tapahtuu muutoksia tulevalle kaudelle ja p\u00e4\u00e4valmentajan teht\u00e4v\u00e4t siirtyv\u00e4t viime kaudet kakkosvalmentajana toimineelle Jan Sundstr\u00f6mille. Kuluvan kauden loppuun Dickenin p\u00e4\u00e4valmentajana toimii my\u00f6s miesten joukkuetta luotsaava Ken Sirenius. Sundstr\u00f6min pestin lis\u00e4ksi Dickenin valmennus uusiutuu my\u00f6s muilta osin. Jessika Gammals siirtyy pelaajapuolelta uuteen rooliin kakkosvalmentajana ja Jouni Ahlroth jatkaa valmennustiimiss\u00e4. &#8211; Olen todella innoissani [&hellip;]\" \/>\n<meta property=\"og:url\" content=\"https:\/\/aktialiiga.fi\/naiset\/ajankohtaista\/jan-sundstrom-siirtyy-dickenin-paavalmentajaksi-ensi-kaudelle\/\" \/>\n<meta property=\"og:site_name\" content=\"K\u00e4sipallon naisten Aktialiiga\" \/>\n<meta property=\"article:publisher\" content=\"https:\/\/www.facebook.com\/finnhandball\" \/>\n<meta property=\"article:published_time\" content=\"2026-03-11T09:36:15+00:00\" \/>\n<meta property=\"article:modified_time\" content=\"2026-03-11T11:36:00+00:00\" \/>\n<meta property=\"og:image\" content=\"https:\/\/aktialiiga.fi\/naiset\/wp-content\/uploads\/sites\/6\/2026\/03\/Sundstrom1-e1773228945802.jpg\" \/>\n\t<meta property=\"og:image:width\" content=\"3115\" \/>\n\t<meta property=\"og:image:height\" content=\"2243\" \/>\n\t<meta property=\"og:image:type\" content=\"image\/jpeg\" \/>\n<meta name=\"author\" content=\"tbrmedia\" \/>\n<meta name=\"twitter:card\" content=\"summary_large_image\" \/>\n<meta name=\"twitter:creator\" content=\"@finnhandball\" \/>\n<meta name=\"twitter:site\" content=\"@finnhandball\" \/>\n<script type=\"application\/ld+json\" class=\"yoast-schema-graph\">{\"@context\":\"https:\\\/\\\/schema.org\",\"@graph\":[{\"@type\":\"Article\",\"@id\":\"https:\\\/\\\/aktialiiga.fi\\\/naiset\\\/ajankohtaista\\\/jan-sundstrom-siirtyy-dickenin-paavalmentajaksi-ensi-kaudelle\\\/#article\",\"isPartOf\":{\"@id\":\"https:\\\/\\\/aktialiiga.fi\\\/naiset\\\/ajankohtaista\\\/jan-sundstrom-siirtyy-dickenin-paavalmentajaksi-ensi-kaudelle\\\/\"},\"author\":{\"name\":\"tbrmedia\",\"@id\":\"https:\\\/\\\/aktialiiga.fi\\\/naiset\\\/#\\\/schema\\\/person\\\/c14bf42f47041db74603c45afcb18d87\"},\"headline\":\"Jan Sundstr\u00f6m siirtyy Dickenin p\u00e4\u00e4valmentajaksi ensi kaudelle\",\"datePublished\":\"2026-03-11T09:36:15+00:00\",\"dateModified\":\"2026-03-11T11:36:00+00:00\",\"mainEntityOfPage\":{\"@id\":\"https:\\\/\\\/aktialiiga.fi\\\/naiset\\\/ajankohtaista\\\/jan-sundstrom-siirtyy-dickenin-paavalmentajaksi-ensi-kaudelle\\\/\"},\"wordCount\":114,\"publisher\":{\"@id\":\"https:\\\/\\\/aktialiiga.fi\\\/naiset\\\/#organization\"},\"image\":{\"@id\":\"https:\\\/\\\/aktialiiga.fi\\\/naiset\\\/ajankohtaista\\\/jan-sundstrom-siirtyy-dickenin-paavalmentajaksi-ensi-kaudelle\\\/#primaryimage\"},\"thumbnailUrl\":\"https:\\\/\\\/aktialiiga.fi\\\/naiset\\\/wp-content\\\/uploads\\\/sites\\\/6\\\/2026\\\/03\\\/Sundstrom1-e1773228945802.jpg\",\"keywords\":[\"Dicken\"],\"articleSection\":[\"Ajankohtaista\"],\"inLanguage\":\"fi\"},{\"@type\":\"WebPage\",\"@id\":\"https:\\\/\\\/aktialiiga.fi\\\/naiset\\\/ajankohtaista\\\/jan-sundstrom-siirtyy-dickenin-paavalmentajaksi-ensi-kaudelle\\\/\",\"url\":\"https:\\\/\\\/aktialiiga.fi\\\/naiset\\\/ajankohtaista\\\/jan-sundstrom-siirtyy-dickenin-paavalmentajaksi-ensi-kaudelle\\\/\",\"name\":\"Jan Sundstr\u00f6m siirtyy Dickenin p\u00e4\u00e4valmentajaksi ensi kaudelle | K\u00e4sipallon naisten Aktialiiga\",\"isPartOf\":{\"@id\":\"https:\\\/\\\/aktialiiga.fi\\\/naiset\\\/#website\"},\"primaryImageOfPage\":{\"@id\":\"https:\\\/\\\/aktialiiga.fi\\\/naiset\\\/ajankohtaista\\\/jan-sundstrom-siirtyy-dickenin-paavalmentajaksi-ensi-kaudelle\\\/#primaryimage\"},\"image\":{\"@id\":\"https:\\\/\\\/aktialiiga.fi\\\/naiset\\\/ajankohtaista\\\/jan-sundstrom-siirtyy-dickenin-paavalmentajaksi-ensi-kaudelle\\\/#primaryimage\"},\"thumbnailUrl\":\"https:\\\/\\\/aktialiiga.fi\\\/naiset\\\/wp-content\\\/uploads\\\/sites\\\/6\\\/2026\\\/03\\\/Sundstrom1-e1773228945802.jpg\",\"datePublished\":\"2026-03-11T09:36:15+00:00\",\"dateModified\":\"2026-03-11T11:36:00+00:00\",\"breadcrumb\":{\"@id\":\"https:\\\/\\\/aktialiiga.fi\\\/naiset\\\/ajankohtaista\\\/jan-sundstrom-siirtyy-dickenin-paavalmentajaksi-ensi-kaudelle\\\/#breadcrumb\"},\"inLanguage\":\"fi\",\"potentialAction\":[{\"@type\":\"ReadAction\",\"target\":[\"https:\\\/\\\/aktialiiga.fi\\\/naiset\\\/ajankohtaista\\\/jan-sundstrom-siirtyy-dickenin-paavalmentajaksi-ensi-kaudelle\\\/\"]}]},{\"@type\":\"ImageObject\",\"inLanguage\":\"fi\",\"@id\":\"https:\\\/\\\/aktialiiga.fi\\\/naiset\\\/ajankohtaista\\\/jan-sundstrom-siirtyy-dickenin-paavalmentajaksi-ensi-kaudelle\\\/#primaryimage\",\"url\":\"https:\\\/\\\/aktialiiga.fi\\\/naiset\\\/wp-content\\\/uploads\\\/sites\\\/6\\\/2026\\\/03\\\/Sundstrom1-e1773228945802.jpg\",\"contentUrl\":\"https:\\\/\\\/aktialiiga.fi\\\/naiset\\\/wp-content\\\/uploads\\\/sites\\\/6\\\/2026\\\/03\\\/Sundstrom1-e1773228945802.jpg\",\"width\":3115,\"height\":2243},{\"@type\":\"BreadcrumbList\",\"@id\":\"https:\\\/\\\/aktialiiga.fi\\\/naiset\\\/ajankohtaista\\\/jan-sundstrom-siirtyy-dickenin-paavalmentajaksi-ensi-kaudelle\\\/#breadcrumb\",\"itemListElement\":[{\"@type\":\"ListItem\",\"position\":1,\"name\":\"Etusivu\",\"item\":\"https:\\\/\\\/aktialiiga.fi\\\/naiset\\\/\"},{\"@type\":\"ListItem\",\"position\":2,\"name\":\"Jan Sundstr\u00f6m siirtyy Dickenin p\u00e4\u00e4valmentajaksi ensi kaudelle\"}]},{\"@type\":\"WebSite\",\"@id\":\"https:\\\/\\\/aktialiiga.fi\\\/naiset\\\/#website\",\"url\":\"https:\\\/\\\/aktialiiga.fi\\\/naiset\\\/\",\"name\":\"K\u00e4sipallon naisten Aktialiiga\",\"description\":\"Valtakunnan vauhdikkainta palloilua!\",\"publisher\":{\"@id\":\"https:\\\/\\\/aktialiiga.fi\\\/naiset\\\/#organization\"},\"potentialAction\":[{\"@type\":\"SearchAction\",\"target\":{\"@type\":\"EntryPoint\",\"urlTemplate\":\"https:\\\/\\\/aktialiiga.fi\\\/naiset\\\/?s={search_term_string}\"},\"query-input\":{\"@type\":\"PropertyValueSpecification\",\"valueRequired\":true,\"valueName\":\"search_term_string\"}}],\"inLanguage\":\"fi\"},{\"@type\":\"Organization\",\"@id\":\"https:\\\/\\\/aktialiiga.fi\\\/naiset\\\/#organization\",\"name\":\"K\u00e4sipallon naisten Aktialiiga\",\"url\":\"https:\\\/\\\/aktialiiga.fi\\\/naiset\\\/\",\"logo\":{\"@type\":\"ImageObject\",\"inLanguage\":\"fi\",\"@id\":\"https:\\\/\\\/aktialiiga.fi\\\/naiset\\\/#\\\/schema\\\/logo\\\/image\\\/\",\"url\":\"https:\\\/\\\/aktialiiga.fi\\\/naiset\\\/wp-content\\\/uploads\\\/sites\\\/6\\\/2024\\\/09\\\/Aktialiiga-Yoast-512.png\",\"contentUrl\":\"https:\\\/\\\/aktialiiga.fi\\\/naiset\\\/wp-content\\\/uploads\\\/sites\\\/6\\\/2024\\\/09\\\/Aktialiiga-Yoast-512.png\",\"width\":512,\"height\":512,\"caption\":\"K\u00e4sipallon naisten Aktialiiga\"},\"image\":{\"@id\":\"https:\\\/\\\/aktialiiga.fi\\\/naiset\\\/#\\\/schema\\\/logo\\\/image\\\/\"},\"sameAs\":[\"https:\\\/\\\/www.facebook.com\\\/finnhandball\",\"https:\\\/\\\/x.com\\\/finnhandball\",\"https:\\\/\\\/www.instagram.com\\\/handballfinland\\\/\"]},{\"@type\":\"Person\",\"@id\":\"https:\\\/\\\/aktialiiga.fi\\\/naiset\\\/#\\\/schema\\\/person\\\/c14bf42f47041db74603c45afcb18d87\",\"name\":\"tbrmedia\",\"image\":{\"@type\":\"ImageObject\",\"inLanguage\":\"fi\",\"@id\":\"https:\\\/\\\/secure.gravatar.com\\\/avatar\\\/ee975fa091fe581d12b60debb3439022686618368a7c142044c56724d4666b16?s=96&d=mm&r=g\",\"url\":\"https:\\\/\\\/secure.gravatar.com\\\/avatar\\\/ee975fa091fe581d12b60debb3439022686618368a7c142044c56724d4666b16?s=96&d=mm&r=g\",\"contentUrl\":\"https:\\\/\\\/secure.gravatar.com\\\/avatar\\\/ee975fa091fe581d12b60debb3439022686618368a7c142044c56724d4666b16?s=96&d=mm&r=g\",\"caption\":\"tbrmedia\"}}]}<\/script>\n<!-- \/ Yoast SEO plugin. -->","yoast_head_json":{"title":"Jan Sundstr\u00f6m siirtyy Dickenin p\u00e4\u00e4valmentajaksi ensi kaudelle | K\u00e4sipallon naisten Aktialiiga","robots":{"index":"index","follow":"follow","max-snippet":"max-snippet:-1","max-image-preview":"max-image-preview:large","max-video-preview":"max-video-preview:-1"},"canonical":"https:\/\/aktialiiga.fi\/naiset\/ajankohtaista\/jan-sundstrom-siirtyy-dickenin-paavalmentajaksi-ensi-kaudelle\/","og_locale":"fi_FI","og_type":"article","og_title":"Jan Sundstr\u00f6m siirtyy Dickenin p\u00e4\u00e4valmentajaksi ensi kaudelle | K\u00e4sipallon naisten Aktialiiga","og_description":"Dickenin naisten joukkueen valmennuksessa tapahtuu muutoksia tulevalle kaudelle ja p\u00e4\u00e4valmentajan teht\u00e4v\u00e4t siirtyv\u00e4t viime kaudet kakkosvalmentajana toimineelle Jan Sundstr\u00f6mille. Kuluvan kauden loppuun Dickenin p\u00e4\u00e4valmentajana toimii my\u00f6s miesten joukkuetta luotsaava Ken Sirenius. Sundstr\u00f6min pestin lis\u00e4ksi Dickenin valmennus uusiutuu my\u00f6s muilta osin. Jessika Gammals siirtyy pelaajapuolelta uuteen rooliin kakkosvalmentajana ja Jouni Ahlroth jatkaa valmennustiimiss\u00e4. &#8211; Olen todella innoissani [&hellip;]","og_url":"https:\/\/aktialiiga.fi\/naiset\/ajankohtaista\/jan-sundstrom-siirtyy-dickenin-paavalmentajaksi-ensi-kaudelle\/","og_site_name":"K\u00e4sipallon naisten Aktialiiga","article_publisher":"https:\/\/www.facebook.com\/finnhandball","article_published_time":"2026-03-11T09:36:15+00:00","article_modified_time":"2026-03-11T11:36:00+00:00","og_image":[{"width":3115,"height":2243,"url":"https:\/\/aktialiiga.fi\/naiset\/wp-content\/uploads\/sites\/6\/2026\/03\/Sundstrom1-e1773228945802.jpg","type":"image\/jpeg"}],"author":"tbrmedia","twitter_card":"summary_large_image","twitter_creator":"@finnhandball","twitter_site":"@finnhandball","schema":{"@context":"https:\/\/schema.org","@graph":[{"@type":"Article","@id":"https:\/\/aktialiiga.fi\/naiset\/ajankohtaista\/jan-sundstrom-siirtyy-dickenin-paavalmentajaksi-ensi-kaudelle\/#article","isPartOf":{"@id":"https:\/\/aktialiiga.fi\/naiset\/ajankohtaista\/jan-sundstrom-siirtyy-dickenin-paavalmentajaksi-ensi-kaudelle\/"},"author":{"name":"tbrmedia","@id":"https:\/\/aktialiiga.fi\/naiset\/#\/schema\/person\/c14bf42f47041db74603c45afcb18d87"},"headline":"Jan Sundstr\u00f6m siirtyy Dickenin p\u00e4\u00e4valmentajaksi ensi kaudelle","datePublished":"2026-03-11T09:36:15+00:00","dateModified":"2026-03-11T11:36:00+00:00","mainEntityOfPage":{"@id":"https:\/\/aktialiiga.fi\/naiset\/ajankohtaista\/jan-sundstrom-siirtyy-dickenin-paavalmentajaksi-ensi-kaudelle\/"},"wordCount":114,"publisher":{"@id":"https:\/\/aktialiiga.fi\/naiset\/#organization"},"image":{"@id":"https:\/\/aktialiiga.fi\/naiset\/ajankohtaista\/jan-sundstrom-siirtyy-dickenin-paavalmentajaksi-ensi-kaudelle\/#primaryimage"},"thumbnailUrl":"https:\/\/aktialiiga.fi\/naiset\/wp-content\/uploads\/sites\/6\/2026\/03\/Sundstrom1-e1773228945802.jpg","keywords":["Dicken"],"articleSection":["Ajankohtaista"],"inLanguage":"fi"},{"@type":"WebPage","@id":"https:\/\/aktialiiga.fi\/naiset\/ajankohtaista\/jan-sundstrom-siirtyy-dickenin-paavalmentajaksi-ensi-kaudelle\/","url":"https:\/\/aktialiiga.fi\/naiset\/ajankohtaista\/jan-sundstrom-siirtyy-dickenin-paavalmentajaksi-ensi-kaudelle\/","name":"Jan Sundstr\u00f6m siirtyy Dickenin p\u00e4\u00e4valmentajaksi ensi kaudelle | K\u00e4sipallon naisten Aktialiiga","isPartOf":{"@id":"https:\/\/aktialiiga.fi\/naiset\/#website"},"primaryImageOfPage":{"@id":"https:\/\/aktialiiga.fi\/naiset\/ajankohtaista\/jan-sundstrom-siirtyy-dickenin-paavalmentajaksi-ensi-kaudelle\/#primaryimage"},"image":{"@id":"https:\/\/aktialiiga.fi\/naiset\/ajankohtaista\/jan-sundstrom-siirtyy-dickenin-paavalmentajaksi-ensi-kaudelle\/#primaryimage"},"thumbnailUrl":"https:\/\/aktialiiga.fi\/naiset\/wp-content\/uploads\/sites\/6\/2026\/03\/Sundstrom1-e1773228945802.jpg","datePublished":"2026-03-11T09:36:15+00:00","dateModified":"2026-03-11T11:36:00+00:00","breadcrumb":{"@id":"https:\/\/aktialiiga.fi\/naiset\/ajankohtaista\/jan-sundstrom-siirtyy-dickenin-paavalmentajaksi-ensi-kaudelle\/#breadcrumb"},"inLanguage":"fi","potentialAction":[{"@type":"ReadAction","target":["https:\/\/aktialiiga.fi\/naiset\/ajankohtaista\/jan-sundstrom-siirtyy-dickenin-paavalmentajaksi-ensi-kaudelle\/"]}]},{"@type":"ImageObject","inLanguage":"fi","@id":"https:\/\/aktialiiga.fi\/naiset\/ajankohtaista\/jan-sundstrom-siirtyy-dickenin-paavalmentajaksi-ensi-kaudelle\/#primaryimage","url":"https:\/\/aktialiiga.fi\/naiset\/wp-content\/uploads\/sites\/6\/2026\/03\/Sundstrom1-e1773228945802.jpg","contentUrl":"https:\/\/aktialiiga.fi\/naiset\/wp-content\/uploads\/sites\/6\/2026\/03\/Sundstrom1-e1773228945802.jpg","width":3115,"height":2243},{"@type":"BreadcrumbList","@id":"https:\/\/aktialiiga.fi\/naiset\/ajankohtaista\/jan-sundstrom-siirtyy-dickenin-paavalmentajaksi-ensi-kaudelle\/#breadcrumb","itemListElement":[{"@type":"ListItem","position":1,"name":"Etusivu","item":"https:\/\/aktialiiga.fi\/naiset\/"},{"@type":"ListItem","position":2,"name":"Jan Sundstr\u00f6m siirtyy Dickenin p\u00e4\u00e4valmentajaksi ensi kaudelle"}]},{"@type":"WebSite","@id":"https:\/\/aktialiiga.fi\/naiset\/#website","url":"https:\/\/aktialiiga.fi\/naiset\/","name":"K\u00e4sipallon naisten Aktialiiga","description":"Valtakunnan vauhdikkainta palloilua!","publisher":{"@id":"https:\/\/aktialiiga.fi\/naiset\/#organization"},"potentialAction":[{"@type":"SearchAction","target":{"@type":"EntryPoint","urlTemplate":"https:\/\/aktialiiga.fi\/naiset\/?s={search_term_string}"},"query-input":{"@type":"PropertyValueSpecification","valueRequired":true,"valueName":"search_term_string"}}],"inLanguage":"fi"},{"@type":"Organization","@id":"https:\/\/aktialiiga.fi\/naiset\/#organization","name":"K\u00e4sipallon naisten Aktialiiga","url":"https:\/\/aktialiiga.fi\/naiset\/","logo":{"@type":"ImageObject","inLanguage":"fi","@id":"https:\/\/aktialiiga.fi\/naiset\/#\/schema\/logo\/image\/","url":"https:\/\/aktialiiga.fi\/naiset\/wp-content\/uploads\/sites\/6\/2024\/09\/Aktialiiga-Yoast-512.png","contentUrl":"https:\/\/aktialiiga.fi\/naiset\/wp-content\/uploads\/sites\/6\/2024\/09\/Aktialiiga-Yoast-512.png","width":512,"height":512,"caption":"K\u00e4sipallon naisten Aktialiiga"},"image":{"@id":"https:\/\/aktialiiga.fi\/naiset\/#\/schema\/logo\/image\/"},"sameAs":["https:\/\/www.facebook.com\/finnhandball","https:\/\/x.com\/finnhandball","https:\/\/www.instagram.com\/handballfinland\/"]},{"@type":"Person","@id":"https:\/\/aktialiiga.fi\/naiset\/#\/schema\/person\/c14bf42f47041db74603c45afcb18d87","name":"tbrmedia","image":{"@type":"ImageObject","inLanguage":"fi","@id":"https:\/\/secure.gravatar.com\/avatar\/ee975fa091fe581d12b60debb3439022686618368a7c142044c56724d4666b16?s=96&d=mm&r=g","url":"https:\/\/secure.gravatar.com\/avatar\/ee975fa091fe581d12b60debb3439022686618368a7c142044c56724d4666b16?s=96&d=mm&r=g","contentUrl":"https:\/\/secure.gravatar.com\/avatar\/ee975fa091fe581d12b60debb3439022686618368a7c142044c56724d4666b16?s=96&d=mm&r=g","caption":"tbrmedia"}}]}},"jetpack_featured_media_url":"https:\/\/aktialiiga.fi\/naiset\/wp-content\/uploads\/sites\/6\/2026\/03\/Sundstrom1-e1773228945802.jpg","jetpack_sharing_enabled":true,"jetpack_shortlink":"https:\/\/wp.me\/pfYhm6-cgp","_links":{"self":[{"href":"https:\/\/aktialiiga.fi\/naiset\/wp-json\/wp\/v2\/posts\/47145","targetHints":{"allow":["GET"]}}],"collection":[{"href":"https:\/\/aktialiiga.fi\/naiset\/wp-json\/wp\/v2\/posts"}],"about":[{"href":"https:\/\/aktialiiga.fi\/naiset\/wp-json\/wp\/v2\/types\/post"}],"author":[{"embeddable":true,"href":"https:\/\/aktialiiga.fi\/naiset\/wp-json\/wp\/v2\/users\/13"}],"replies":[{"embeddable":true,"href":"https:\/\/aktialiiga.fi\/naiset\/wp-json\/wp\/v2\/comments?post=47145"}],"version-history":[{"count":1,"href":"https:\/\/aktialiiga.fi\/naiset\/wp-json\/wp\/v2\/posts\/47145\/revisions"}],"predecessor-version":[{"id":47146,"href":"https:\/\/aktialiiga.fi\/naiset\/wp-json\/wp\/v2\/posts\/47145\/revisions\/47146"}],"wp:featuredmedia":[{"embeddable":true,"href":"https:\/\/aktialiiga.fi\/naiset\/wp-json\/wp\/v2\/media\/47151"}],"wp:attachment":[{"href":"https:\/\/aktialiiga.fi\/naiset\/wp-json\/wp\/v2\/media?parent=47145"}],"wp:term":[{"taxonomy":"category","embeddable":true,"href":"https:\/\/aktialiiga.fi\/naiset\/wp-json\/wp\/v2\/categories?post=47145"},{"taxonomy":"post_tag","embeddable":true,"href":"https:\/\/aktialiiga.fi\/naiset\/wp-json\/wp\/v2\/tags?post=47145"}],"curies":[{"name":"wp","href":"https:\/\/api.w.org\/{rel}","templated":true}]}}