{"id":4719,"date":"2014-03-31T22:16:57","date_gmt":"2014-03-31T19:16:57","guid":{"rendered":"https:\/\/www.finnhandball.net\/nsm\/?p=4719"},"modified":"2024-08-28T18:30:34","modified_gmt":"2024-08-28T15:30:34","slug":"kohti-valieria-pitavatko-suosikit-pintansa","status":"publish","type":"post","link":"https:\/\/aktialiiga.fi\/naiset\/ajankohtaista\/kohti-valieria-pitavatko-suosikit-pintansa\/","title":{"rendered":"Kohti v\u00e4lieri\u00e4 \u2013 pit\u00e4v\u00e4tk\u00f6 suosikit pintansa?"},"content":{"rendered":"<p>SM-sarjan v\u00e4lier\u00e4t k\u00e4ynnistyv\u00e4t maajoukkuetauon j\u00e4lkeen torstaina 3.4. ja runkosarjan k\u00e4rkikaksikko HIFK \u2013 Dicken l\u00e4htee suosikkina hakemaan finaalipaikkaa, mutta kummatkin v\u00e4lier\u00e4parit l\u00e4htev\u00e4t luonnollisesti liikkeelle tilanteesta 0-0.<!--more--><\/p>\n<p>SIF ja Atlas raivasivat tiens\u00e4 nelj\u00e4n parhaan joukkoon puoliv\u00e4lierist\u00e4 vakuuttavasti otteluvoiton 3-0, mutta nyt molemmilla on edess\u00e4 isompi haaste. SIF saa vastaansa Dickenin ja Atlas puolestaan runkosarjan voittajan HIFK:n. V\u00e4lierist\u00e4 selvi\u00e4\u00e4 finaaliin niin ik\u00e4\u00e4n kolmella voitolla.<\/p>\n<p>Pieni erikoisuus on siin\u00e4, ett\u00e4 v\u00e4lier\u00e4joukkueet kohtasivat runkosarjassa samoilla ottelukierroksilla. SIF voitti Dickenin kauden avauskierroksella, mutta kaksi seuraavaa kohtaamista p\u00e4\u00e4ttyiv\u00e4t Dickenin selviin voittoihin. HIFK ei puolestaan runkosarjassa antanut Atlakselle mit\u00e4\u00e4n mahdollisuuksia, vaan vei kaikki kolme kohtaamista yhteismaalein 115-46.<\/p>\n<p><strong>Kauden aiemmat kohtaamiset:<\/strong><\/p>\n<p>13.09.2013 HIFK \u2013 Atlas 34-14<br \/>\n21.11.2013 Atlas \u2013 HIFK 18-43<br \/>\n24.01.2014 HIFK \u2013 Atlas 38-14<\/p>\n<p>14.09.2013 Dicken\u00a0 &#8211; SIF 24-26<br \/>\n20.11.2013 SIF \u2013 Dicken 22-34<br \/>\n25.01.2014 Dicken \u2013 SIF 38-19<\/p>\n<p><strong>Ensimm\u00e4iset v\u00e4lier\u00e4t torstaina 3.4.:<\/strong><br \/>\n18.15 Dicken \u2013 SIF<br \/>\n20.00 HIFK &#8211; Atlas<\/p>\n","protected":false},"excerpt":{"rendered":"<p>SM-sarjan v\u00e4lier\u00e4t k\u00e4ynnistyv\u00e4t maajoukkuetauon j\u00e4lkeen torstaina 3.4. ja runkosarjan k\u00e4rkikaksikko HIFK \u2013 Dicken l\u00e4htee suosikkina hakemaan finaalipaikkaa, mutta kummatkin v\u00e4lier\u00e4parit l\u00e4htev\u00e4t luonnollisesti liikkeelle tilanteesta 0-0.<\/p>\n","protected":false},"author":13,"featured_media":4494,"comment_status":"closed","ping_status":"closed","sticky":false,"template":"","format":"standard","meta":{"_acf_changed":false,"jetpack_post_was_ever_published":false,"_jetpack_newsletter_access":"","_jetpack_dont_email_post_to_subs":false,"_jetpack_newsletter_tier_id":0,"_jetpack_memberships_contains_paywalled_content":false,"_jetpack_memberships_contains_paid_content":false,"footnotes":""},"categories":[2],"tags":[48,51,61,81],"class_list":["post-4719","post","type-post","status-publish","format-standard","has-post-thumbnail","hentry","category-ajankohtaista","tag-atlas","tag-dicken","tag-hifk","tag-sif"],"acf":[],"yoast_head":"<!-- This site is optimized with the Yoast SEO plugin v27.5 - https:\/\/yoast.com\/product\/yoast-seo-wordpress\/ -->\n<title>Kohti v\u00e4lieri\u00e4 \u2013 pit\u00e4v\u00e4tk\u00f6 suosikit pintansa? | K\u00e4sipallon naisten Aktialiiga<\/title>\n<meta name=\"robots\" content=\"index, follow, max-snippet:-1, max-image-preview:large, max-video-preview:-1\" \/>\n<link rel=\"canonical\" href=\"https:\/\/aktialiiga.fi\/naiset\/ajankohtaista\/kohti-valieria-pitavatko-suosikit-pintansa\/\" \/>\n<meta property=\"og:locale\" content=\"fi_FI\" \/>\n<meta property=\"og:type\" content=\"article\" \/>\n<meta property=\"og:title\" content=\"Kohti v\u00e4lieri\u00e4 \u2013 pit\u00e4v\u00e4tk\u00f6 suosikit pintansa? | K\u00e4sipallon naisten Aktialiiga\" \/>\n<meta property=\"og:description\" content=\"SM-sarjan v\u00e4lier\u00e4t k\u00e4ynnistyv\u00e4t maajoukkuetauon j\u00e4lkeen torstaina 3.4. ja runkosarjan k\u00e4rkikaksikko HIFK \u2013 Dicken l\u00e4htee suosikkina hakemaan finaalipaikkaa, mutta kummatkin v\u00e4lier\u00e4parit l\u00e4htev\u00e4t luonnollisesti liikkeelle tilanteesta 0-0.\" \/>\n<meta property=\"og:url\" content=\"https:\/\/aktialiiga.fi\/naiset\/ajankohtaista\/kohti-valieria-pitavatko-suosikit-pintansa\/\" \/>\n<meta property=\"og:site_name\" content=\"K\u00e4sipallon naisten Aktialiiga\" \/>\n<meta property=\"article:publisher\" content=\"https:\/\/www.facebook.com\/finnhandball\" \/>\n<meta property=\"article:published_time\" content=\"2014-03-31T19:16:57+00:00\" \/>\n<meta property=\"article:modified_time\" content=\"2024-08-28T15:30:34+00:00\" \/>\n<meta property=\"og:image\" content=\"https:\/\/aktialiiga.fi\/naiset\/wp-content\/uploads\/sites\/6\/2014\/02\/Kuvitus_pallo1.jpg\" \/>\n\t<meta property=\"og:image:width\" content=\"300\" \/>\n\t<meta property=\"og:image:height\" content=\"300\" \/>\n\t<meta property=\"og:image:type\" content=\"image\/jpeg\" \/>\n<meta name=\"author\" content=\"tbrmedia\" \/>\n<meta name=\"twitter:card\" content=\"summary_large_image\" \/>\n<meta name=\"twitter:creator\" content=\"@finnhandball\" \/>\n<meta name=\"twitter:site\" content=\"@finnhandball\" \/>\n<script type=\"application\/ld+json\" class=\"yoast-schema-graph\">{\"@context\":\"https:\\\/\\\/schema.org\",\"@graph\":[{\"@type\":\"Article\",\"@id\":\"https:\\\/\\\/aktialiiga.fi\\\/naiset\\\/ajankohtaista\\\/kohti-valieria-pitavatko-suosikit-pintansa\\\/#article\",\"isPartOf\":{\"@id\":\"https:\\\/\\\/aktialiiga.fi\\\/naiset\\\/ajankohtaista\\\/kohti-valieria-pitavatko-suosikit-pintansa\\\/\"},\"author\":{\"name\":\"tbrmedia\",\"@id\":\"https:\\\/\\\/aktialiiga.fi\\\/naiset\\\/#\\\/schema\\\/person\\\/c14bf42f47041db74603c45afcb18d87\"},\"headline\":\"Kohti v\u00e4lieri\u00e4 \u2013 pit\u00e4v\u00e4tk\u00f6 suosikit pintansa?\",\"datePublished\":\"2014-03-31T19:16:57+00:00\",\"dateModified\":\"2024-08-28T15:30:34+00:00\",\"mainEntityOfPage\":{\"@id\":\"https:\\\/\\\/aktialiiga.fi\\\/naiset\\\/ajankohtaista\\\/kohti-valieria-pitavatko-suosikit-pintansa\\\/\"},\"wordCount\":159,\"publisher\":{\"@id\":\"https:\\\/\\\/aktialiiga.fi\\\/naiset\\\/#organization\"},\"image\":{\"@id\":\"https:\\\/\\\/aktialiiga.fi\\\/naiset\\\/ajankohtaista\\\/kohti-valieria-pitavatko-suosikit-pintansa\\\/#primaryimage\"},\"thumbnailUrl\":\"https:\\\/\\\/aktialiiga.fi\\\/naiset\\\/wp-content\\\/uploads\\\/sites\\\/6\\\/2014\\\/02\\\/Kuvitus_pallo1.jpg\",\"keywords\":[\"Atlas\",\"Dicken\",\"HIFK\",\"SIF\"],\"articleSection\":[\"Ajankohtaista\"],\"inLanguage\":\"fi\"},{\"@type\":\"WebPage\",\"@id\":\"https:\\\/\\\/aktialiiga.fi\\\/naiset\\\/ajankohtaista\\\/kohti-valieria-pitavatko-suosikit-pintansa\\\/\",\"url\":\"https:\\\/\\\/aktialiiga.fi\\\/naiset\\\/ajankohtaista\\\/kohti-valieria-pitavatko-suosikit-pintansa\\\/\",\"name\":\"Kohti v\u00e4lieri\u00e4 \u2013 pit\u00e4v\u00e4tk\u00f6 suosikit pintansa? | K\u00e4sipallon naisten Aktialiiga\",\"isPartOf\":{\"@id\":\"https:\\\/\\\/aktialiiga.fi\\\/naiset\\\/#website\"},\"primaryImageOfPage\":{\"@id\":\"https:\\\/\\\/aktialiiga.fi\\\/naiset\\\/ajankohtaista\\\/kohti-valieria-pitavatko-suosikit-pintansa\\\/#primaryimage\"},\"image\":{\"@id\":\"https:\\\/\\\/aktialiiga.fi\\\/naiset\\\/ajankohtaista\\\/kohti-valieria-pitavatko-suosikit-pintansa\\\/#primaryimage\"},\"thumbnailUrl\":\"https:\\\/\\\/aktialiiga.fi\\\/naiset\\\/wp-content\\\/uploads\\\/sites\\\/6\\\/2014\\\/02\\\/Kuvitus_pallo1.jpg\",\"datePublished\":\"2014-03-31T19:16:57+00:00\",\"dateModified\":\"2024-08-28T15:30:34+00:00\",\"breadcrumb\":{\"@id\":\"https:\\\/\\\/aktialiiga.fi\\\/naiset\\\/ajankohtaista\\\/kohti-valieria-pitavatko-suosikit-pintansa\\\/#breadcrumb\"},\"inLanguage\":\"fi\",\"potentialAction\":[{\"@type\":\"ReadAction\",\"target\":[\"https:\\\/\\\/aktialiiga.fi\\\/naiset\\\/ajankohtaista\\\/kohti-valieria-pitavatko-suosikit-pintansa\\\/\"]}]},{\"@type\":\"ImageObject\",\"inLanguage\":\"fi\",\"@id\":\"https:\\\/\\\/aktialiiga.fi\\\/naiset\\\/ajankohtaista\\\/kohti-valieria-pitavatko-suosikit-pintansa\\\/#primaryimage\",\"url\":\"https:\\\/\\\/aktialiiga.fi\\\/naiset\\\/wp-content\\\/uploads\\\/sites\\\/6\\\/2014\\\/02\\\/Kuvitus_pallo1.jpg\",\"contentUrl\":\"https:\\\/\\\/aktialiiga.fi\\\/naiset\\\/wp-content\\\/uploads\\\/sites\\\/6\\\/2014\\\/02\\\/Kuvitus_pallo1.jpg\",\"width\":300,\"height\":300,\"caption\":\"kuva: Juha Tamminen\"},{\"@type\":\"BreadcrumbList\",\"@id\":\"https:\\\/\\\/aktialiiga.fi\\\/naiset\\\/ajankohtaista\\\/kohti-valieria-pitavatko-suosikit-pintansa\\\/#breadcrumb\",\"itemListElement\":[{\"@type\":\"ListItem\",\"position\":1,\"name\":\"Etusivu\",\"item\":\"https:\\\/\\\/aktialiiga.fi\\\/naiset\\\/\"},{\"@type\":\"ListItem\",\"position\":2,\"name\":\"Kohti v\u00e4lieri\u00e4 \u2013 pit\u00e4v\u00e4tk\u00f6 suosikit pintansa?\"}]},{\"@type\":\"WebSite\",\"@id\":\"https:\\\/\\\/aktialiiga.fi\\\/naiset\\\/#website\",\"url\":\"https:\\\/\\\/aktialiiga.fi\\\/naiset\\\/\",\"name\":\"K\u00e4sipallon naisten Aktialiiga\",\"description\":\"Valtakunnan vauhdikkainta palloilua!\",\"publisher\":{\"@id\":\"https:\\\/\\\/aktialiiga.fi\\\/naiset\\\/#organization\"},\"potentialAction\":[{\"@type\":\"SearchAction\",\"target\":{\"@type\":\"EntryPoint\",\"urlTemplate\":\"https:\\\/\\\/aktialiiga.fi\\\/naiset\\\/?s={search_term_string}\"},\"query-input\":{\"@type\":\"PropertyValueSpecification\",\"valueRequired\":true,\"valueName\":\"search_term_string\"}}],\"inLanguage\":\"fi\"},{\"@type\":\"Organization\",\"@id\":\"https:\\\/\\\/aktialiiga.fi\\\/naiset\\\/#organization\",\"name\":\"K\u00e4sipallon naisten Aktialiiga\",\"url\":\"https:\\\/\\\/aktialiiga.fi\\\/naiset\\\/\",\"logo\":{\"@type\":\"ImageObject\",\"inLanguage\":\"fi\",\"@id\":\"https:\\\/\\\/aktialiiga.fi\\\/naiset\\\/#\\\/schema\\\/logo\\\/image\\\/\",\"url\":\"https:\\\/\\\/aktialiiga.fi\\\/naiset\\\/wp-content\\\/uploads\\\/sites\\\/6\\\/2024\\\/09\\\/Aktialiiga-Yoast-512.png\",\"contentUrl\":\"https:\\\/\\\/aktialiiga.fi\\\/naiset\\\/wp-content\\\/uploads\\\/sites\\\/6\\\/2024\\\/09\\\/Aktialiiga-Yoast-512.png\",\"width\":512,\"height\":512,\"caption\":\"K\u00e4sipallon naisten Aktialiiga\"},\"image\":{\"@id\":\"https:\\\/\\\/aktialiiga.fi\\\/naiset\\\/#\\\/schema\\\/logo\\\/image\\\/\"},\"sameAs\":[\"https:\\\/\\\/www.facebook.com\\\/finnhandball\",\"https:\\\/\\\/x.com\\\/finnhandball\",\"https:\\\/\\\/www.instagram.com\\\/handballfinland\\\/\"]},{\"@type\":\"Person\",\"@id\":\"https:\\\/\\\/aktialiiga.fi\\\/naiset\\\/#\\\/schema\\\/person\\\/c14bf42f47041db74603c45afcb18d87\",\"name\":\"tbrmedia\",\"image\":{\"@type\":\"ImageObject\",\"inLanguage\":\"fi\",\"@id\":\"https:\\\/\\\/secure.gravatar.com\\\/avatar\\\/ee975fa091fe581d12b60debb3439022686618368a7c142044c56724d4666b16?s=96&d=mm&r=g\",\"url\":\"https:\\\/\\\/secure.gravatar.com\\\/avatar\\\/ee975fa091fe581d12b60debb3439022686618368a7c142044c56724d4666b16?s=96&d=mm&r=g\",\"contentUrl\":\"https:\\\/\\\/secure.gravatar.com\\\/avatar\\\/ee975fa091fe581d12b60debb3439022686618368a7c142044c56724d4666b16?s=96&d=mm&r=g\",\"caption\":\"tbrmedia\"}}]}<\/script>\n<!-- \/ Yoast SEO plugin. -->","yoast_head_json":{"title":"Kohti v\u00e4lieri\u00e4 \u2013 pit\u00e4v\u00e4tk\u00f6 suosikit pintansa? | K\u00e4sipallon naisten Aktialiiga","robots":{"index":"index","follow":"follow","max-snippet":"max-snippet:-1","max-image-preview":"max-image-preview:large","max-video-preview":"max-video-preview:-1"},"canonical":"https:\/\/aktialiiga.fi\/naiset\/ajankohtaista\/kohti-valieria-pitavatko-suosikit-pintansa\/","og_locale":"fi_FI","og_type":"article","og_title":"Kohti v\u00e4lieri\u00e4 \u2013 pit\u00e4v\u00e4tk\u00f6 suosikit pintansa? | K\u00e4sipallon naisten Aktialiiga","og_description":"SM-sarjan v\u00e4lier\u00e4t k\u00e4ynnistyv\u00e4t maajoukkuetauon j\u00e4lkeen torstaina 3.4. ja runkosarjan k\u00e4rkikaksikko HIFK \u2013 Dicken l\u00e4htee suosikkina hakemaan finaalipaikkaa, mutta kummatkin v\u00e4lier\u00e4parit l\u00e4htev\u00e4t luonnollisesti liikkeelle tilanteesta 0-0.","og_url":"https:\/\/aktialiiga.fi\/naiset\/ajankohtaista\/kohti-valieria-pitavatko-suosikit-pintansa\/","og_site_name":"K\u00e4sipallon naisten Aktialiiga","article_publisher":"https:\/\/www.facebook.com\/finnhandball","article_published_time":"2014-03-31T19:16:57+00:00","article_modified_time":"2024-08-28T15:30:34+00:00","og_image":[{"width":300,"height":300,"url":"https:\/\/aktialiiga.fi\/naiset\/wp-content\/uploads\/sites\/6\/2014\/02\/Kuvitus_pallo1.jpg","type":"image\/jpeg"}],"author":"tbrmedia","twitter_card":"summary_large_image","twitter_creator":"@finnhandball","twitter_site":"@finnhandball","schema":{"@context":"https:\/\/schema.org","@graph":[{"@type":"Article","@id":"https:\/\/aktialiiga.fi\/naiset\/ajankohtaista\/kohti-valieria-pitavatko-suosikit-pintansa\/#article","isPartOf":{"@id":"https:\/\/aktialiiga.fi\/naiset\/ajankohtaista\/kohti-valieria-pitavatko-suosikit-pintansa\/"},"author":{"name":"tbrmedia","@id":"https:\/\/aktialiiga.fi\/naiset\/#\/schema\/person\/c14bf42f47041db74603c45afcb18d87"},"headline":"Kohti v\u00e4lieri\u00e4 \u2013 pit\u00e4v\u00e4tk\u00f6 suosikit pintansa?","datePublished":"2014-03-31T19:16:57+00:00","dateModified":"2024-08-28T15:30:34+00:00","mainEntityOfPage":{"@id":"https:\/\/aktialiiga.fi\/naiset\/ajankohtaista\/kohti-valieria-pitavatko-suosikit-pintansa\/"},"wordCount":159,"publisher":{"@id":"https:\/\/aktialiiga.fi\/naiset\/#organization"},"image":{"@id":"https:\/\/aktialiiga.fi\/naiset\/ajankohtaista\/kohti-valieria-pitavatko-suosikit-pintansa\/#primaryimage"},"thumbnailUrl":"https:\/\/aktialiiga.fi\/naiset\/wp-content\/uploads\/sites\/6\/2014\/02\/Kuvitus_pallo1.jpg","keywords":["Atlas","Dicken","HIFK","SIF"],"articleSection":["Ajankohtaista"],"inLanguage":"fi"},{"@type":"WebPage","@id":"https:\/\/aktialiiga.fi\/naiset\/ajankohtaista\/kohti-valieria-pitavatko-suosikit-pintansa\/","url":"https:\/\/aktialiiga.fi\/naiset\/ajankohtaista\/kohti-valieria-pitavatko-suosikit-pintansa\/","name":"Kohti v\u00e4lieri\u00e4 \u2013 pit\u00e4v\u00e4tk\u00f6 suosikit pintansa? | K\u00e4sipallon naisten Aktialiiga","isPartOf":{"@id":"https:\/\/aktialiiga.fi\/naiset\/#website"},"primaryImageOfPage":{"@id":"https:\/\/aktialiiga.fi\/naiset\/ajankohtaista\/kohti-valieria-pitavatko-suosikit-pintansa\/#primaryimage"},"image":{"@id":"https:\/\/aktialiiga.fi\/naiset\/ajankohtaista\/kohti-valieria-pitavatko-suosikit-pintansa\/#primaryimage"},"thumbnailUrl":"https:\/\/aktialiiga.fi\/naiset\/wp-content\/uploads\/sites\/6\/2014\/02\/Kuvitus_pallo1.jpg","datePublished":"2014-03-31T19:16:57+00:00","dateModified":"2024-08-28T15:30:34+00:00","breadcrumb":{"@id":"https:\/\/aktialiiga.fi\/naiset\/ajankohtaista\/kohti-valieria-pitavatko-suosikit-pintansa\/#breadcrumb"},"inLanguage":"fi","potentialAction":[{"@type":"ReadAction","target":["https:\/\/aktialiiga.fi\/naiset\/ajankohtaista\/kohti-valieria-pitavatko-suosikit-pintansa\/"]}]},{"@type":"ImageObject","inLanguage":"fi","@id":"https:\/\/aktialiiga.fi\/naiset\/ajankohtaista\/kohti-valieria-pitavatko-suosikit-pintansa\/#primaryimage","url":"https:\/\/aktialiiga.fi\/naiset\/wp-content\/uploads\/sites\/6\/2014\/02\/Kuvitus_pallo1.jpg","contentUrl":"https:\/\/aktialiiga.fi\/naiset\/wp-content\/uploads\/sites\/6\/2014\/02\/Kuvitus_pallo1.jpg","width":300,"height":300,"caption":"kuva: Juha Tamminen"},{"@type":"BreadcrumbList","@id":"https:\/\/aktialiiga.fi\/naiset\/ajankohtaista\/kohti-valieria-pitavatko-suosikit-pintansa\/#breadcrumb","itemListElement":[{"@type":"ListItem","position":1,"name":"Etusivu","item":"https:\/\/aktialiiga.fi\/naiset\/"},{"@type":"ListItem","position":2,"name":"Kohti v\u00e4lieri\u00e4 \u2013 pit\u00e4v\u00e4tk\u00f6 suosikit pintansa?"}]},{"@type":"WebSite","@id":"https:\/\/aktialiiga.fi\/naiset\/#website","url":"https:\/\/aktialiiga.fi\/naiset\/","name":"K\u00e4sipallon naisten Aktialiiga","description":"Valtakunnan vauhdikkainta palloilua!","publisher":{"@id":"https:\/\/aktialiiga.fi\/naiset\/#organization"},"potentialAction":[{"@type":"SearchAction","target":{"@type":"EntryPoint","urlTemplate":"https:\/\/aktialiiga.fi\/naiset\/?s={search_term_string}"},"query-input":{"@type":"PropertyValueSpecification","valueRequired":true,"valueName":"search_term_string"}}],"inLanguage":"fi"},{"@type":"Organization","@id":"https:\/\/aktialiiga.fi\/naiset\/#organization","name":"K\u00e4sipallon naisten Aktialiiga","url":"https:\/\/aktialiiga.fi\/naiset\/","logo":{"@type":"ImageObject","inLanguage":"fi","@id":"https:\/\/aktialiiga.fi\/naiset\/#\/schema\/logo\/image\/","url":"https:\/\/aktialiiga.fi\/naiset\/wp-content\/uploads\/sites\/6\/2024\/09\/Aktialiiga-Yoast-512.png","contentUrl":"https:\/\/aktialiiga.fi\/naiset\/wp-content\/uploads\/sites\/6\/2024\/09\/Aktialiiga-Yoast-512.png","width":512,"height":512,"caption":"K\u00e4sipallon naisten Aktialiiga"},"image":{"@id":"https:\/\/aktialiiga.fi\/naiset\/#\/schema\/logo\/image\/"},"sameAs":["https:\/\/www.facebook.com\/finnhandball","https:\/\/x.com\/finnhandball","https:\/\/www.instagram.com\/handballfinland\/"]},{"@type":"Person","@id":"https:\/\/aktialiiga.fi\/naiset\/#\/schema\/person\/c14bf42f47041db74603c45afcb18d87","name":"tbrmedia","image":{"@type":"ImageObject","inLanguage":"fi","@id":"https:\/\/secure.gravatar.com\/avatar\/ee975fa091fe581d12b60debb3439022686618368a7c142044c56724d4666b16?s=96&d=mm&r=g","url":"https:\/\/secure.gravatar.com\/avatar\/ee975fa091fe581d12b60debb3439022686618368a7c142044c56724d4666b16?s=96&d=mm&r=g","contentUrl":"https:\/\/secure.gravatar.com\/avatar\/ee975fa091fe581d12b60debb3439022686618368a7c142044c56724d4666b16?s=96&d=mm&r=g","caption":"tbrmedia"}}]}},"jetpack_featured_media_url":"https:\/\/aktialiiga.fi\/naiset\/wp-content\/uploads\/sites\/6\/2014\/02\/Kuvitus_pallo1.jpg","jetpack_sharing_enabled":true,"jetpack_shortlink":"https:\/\/wp.me\/pfYhm6-1e7","_links":{"self":[{"href":"https:\/\/aktialiiga.fi\/naiset\/wp-json\/wp\/v2\/posts\/4719","targetHints":{"allow":["GET"]}}],"collection":[{"href":"https:\/\/aktialiiga.fi\/naiset\/wp-json\/wp\/v2\/posts"}],"about":[{"href":"https:\/\/aktialiiga.fi\/naiset\/wp-json\/wp\/v2\/types\/post"}],"author":[{"embeddable":true,"href":"https:\/\/aktialiiga.fi\/naiset\/wp-json\/wp\/v2\/users\/13"}],"replies":[{"embeddable":true,"href":"https:\/\/aktialiiga.fi\/naiset\/wp-json\/wp\/v2\/comments?post=4719"}],"version-history":[{"count":1,"href":"https:\/\/aktialiiga.fi\/naiset\/wp-json\/wp\/v2\/posts\/4719\/revisions"}],"predecessor-version":[{"id":39417,"href":"https:\/\/aktialiiga.fi\/naiset\/wp-json\/wp\/v2\/posts\/4719\/revisions\/39417"}],"wp:featuredmedia":[{"embeddable":true,"href":"https:\/\/aktialiiga.fi\/naiset\/wp-json\/wp\/v2\/media\/4494"}],"wp:attachment":[{"href":"https:\/\/aktialiiga.fi\/naiset\/wp-json\/wp\/v2\/media?parent=4719"}],"wp:term":[{"taxonomy":"category","embeddable":true,"href":"https:\/\/aktialiiga.fi\/naiset\/wp-json\/wp\/v2\/categories?post=4719"},{"taxonomy":"post_tag","embeddable":true,"href":"https:\/\/aktialiiga.fi\/naiset\/wp-json\/wp\/v2\/tags?post=4719"}],"curies":[{"name":"wp","href":"https:\/\/api.w.org\/{rel}","templated":true}]}}