{"id":4723,"date":"2014-04-02T08:15:10","date_gmt":"2014-04-02T05:15:10","guid":{"rendered":"https:\/\/www.finnhandball.net\/nsm\/?p=4723"},"modified":"2024-08-28T18:30:34","modified_gmt":"2024-08-28T15:30:34","slug":"hifkn-ja-atlaksen-kohtaamisissa-ei-menneita-muistella","status":"publish","type":"post","link":"https:\/\/aktialiiga.fi\/naiset\/2013-2014\/ennakot-2013-2014\/hifkn-ja-atlaksen-kohtaamisissa-ei-menneita-muistella\/","title":{"rendered":"HIFK:n ja Atlaksen kohtaamisissa ei menneit\u00e4 muistella"},"content":{"rendered":"<p>HIFK ja Atlas aloittavat SM-sarjan toisen finaalipaikan ratkomisen torstaina Helsingin Urheilutalolla v\u00e4lierien ensimm\u00e4isess\u00e4 ottelussa. Runkosarjan ykk\u00f6nen HIFK l\u00e4htee v\u00e4lier\u00e4sarjaan suosikkina, mutta ennakkoon yht\u00e4\u00e4n ottelua ei ole voitettu tai h\u00e4vitty.<!--more--><\/p>\n<p><a href=\"http:\/\/sarja.finnhandball.net\/wp-content\/uploads\/sites\/6\/2014\/04\/HIFK_Atlas_logopari.jpg\"><img decoding=\"async\" class=\"size-full wp-image-4725 alignright\" alt=\"HIFK_Atlas_logopari\" src=\"http:\/\/sarja.finnhandball.net\/wp-content\/uploads\/sites\/6\/2014\/04\/HIFK_Atlas_logopari.jpg\" width=\"200\" height=\"100\" \/><\/a>HIFK vei runkosarjassa kaikki kolme kohtaamista selkein lukemin. Atlas p\u00e4\u00e4tyi runkosarjassa kuitenkin lopulta sijalle nelj\u00e4 huikean loppukirins\u00e4 ansiosta. T\u00e4st\u00e4 kertoo viimeisten ottelujen saldo: 7 voittoa, 1 tasapeli ja 1 tappio. HIFK saakin vastaansa eritt\u00e4in nousukuntoisen joukkueen, jolla on hyv\u00e4 henki p\u00e4\u00e4ll\u00e4.<\/p>\n<p>&#8211; Odotan mielenkiintoista sarjaa. Atlas on nostanut tasoaan kev\u00e4\u00e4ll\u00e4, joukkueella on vahva puolustus ja se hy\u00f6kk\u00e4\u00e4 nimenomaan joukkueensa, HIFK:n p\u00e4\u00e4valmentaja Birgitta Lindholm ruotii vastustajaa.<\/p>\n<p>Lindholmin ohella my\u00f6s Atlaksen p\u00e4\u00e4valmentaja Kari-Petri Kallio pit\u00e4\u00e4 puolustusta yhten\u00e4 joukkueen kulmakivist\u00e4.<\/p>\n<p>&#8211; Omat vahvuudet ovat puolustuspeliss\u00e4 ja siin\u00e4 ett\u00e4 joukkueen pelin taso on noussut koko kauden ajan, Kallio sanoo.<\/p>\n<p>&#8211; Vastustajan vahvuudet ovat puolestaan siin\u00e4 ett\u00e4 heill\u00e4 ei ole heikkouksia.<\/p>\n<p>Lindholm erittelee hiukan tarkemmin oman joukkueensa vahvuuksia.<\/p>\n<p>&#8211; Kova puolustus ja nopea tempo ovat meid\u00e4n vahvoja puoliamme.<\/p>\n<p>Pitk\u00e4 kausi n\u00e4kyy my\u00f6s siin\u00e4, ett\u00e4 pelaajia putoaa v\u00e4ist\u00e4m\u00e4tt\u00e4 rivist\u00e4 loukkaantumisten takia &#8211; n\u00e4in my\u00f6s sek\u00e4 IFK:n ett\u00e4 Atlaksen tapauksessa.<\/p>\n<p>&#8211; Meill\u00e4 on muutamia loukkaantumisia, mutta ne eiv\u00e4t ole mik\u00e4\u00e4n este pelin kulkemiselle, Lindholm kuittaa.<\/p>\n<p>&#8211; N\u00e4ytt\u00e4\u00e4 silt\u00e4 ett\u00e4 maalivahti Jonna Kullbergin pelit ovat t\u00e4lt\u00e4 kaudelta ohi. Lis\u00e4ksi pidemp\u00e4\u00e4n poissa olleet Isa Jauhiainen ja Salla Holopainen ovat viel\u00e4 loukkaantuneiden kirjoissa.. Muuten n\u00e4ytt\u00e4isi silt\u00e4 ett\u00e4 loput ovat enemm\u00e4n tai v\u00e4hemm\u00e4n pelikuntoisten kirjoissa, Kallio puolestaan laskee.<\/p>\n<p>L\u00e4ht\u00f6kohdat ovat siis selv\u00e4t: HIFK on suosikki, mutta ei ehk\u00e4 ihan niin selv\u00e4 suosikki kuin runkosarjan pohjalta voisi kuvitella.<\/p>\n<p>&#8211; HIFK on ylivoimainen suosikki kaikilla mittareilla mitattuna. Silti matseista tulee eritt\u00e4in tiukat ja j\u00e4nnitt\u00e4v\u00e4t, Kallio sanoo.<\/p>\n<p>&#8211; Ennakkoasetelmista huolimatta l\u00e4hdemme t\u00e4ysill\u00e4 voittamaan jokaista peli\u00e4.<\/p>\n<p>V\u00e4lier\u00e4sarjan avausottelu torstaina 3.4. kello 20.00 Helsingin Urheilutalolla.<\/p>\n<p>&nbsp;<\/p>\n","protected":false},"excerpt":{"rendered":"<p>HIFK ja Atlas aloittavat SM-sarjan toisen finaalipaikan ratkomisen torstaina Helsingin Urheilutalolla v\u00e4lierien ensimm\u00e4isess\u00e4 ottelussa. Runkosarjan ykk\u00f6nen HIFK l\u00e4htee v\u00e4lier\u00e4sarjaan suosikkina, mutta ennakkoon yht\u00e4\u00e4n ottelua ei ole voitettu tai h\u00e4vitty.<\/p>\n","protected":false},"author":13,"featured_media":4724,"comment_status":"closed","ping_status":"closed","sticky":false,"template":"","format":"standard","meta":{"_acf_changed":false,"jetpack_post_was_ever_published":false,"_jetpack_newsletter_access":"","_jetpack_dont_email_post_to_subs":false,"_jetpack_newsletter_tier_id":0,"_jetpack_memberships_contains_paywalled_content":false,"_jetpack_memberships_contains_paid_content":false,"footnotes":""},"categories":[35],"tags":[48,61],"class_list":["post-4723","post","type-post","status-publish","format-standard","has-post-thumbnail","hentry","category-ennakot-2013-2014","tag-atlas","tag-hifk"],"acf":[],"yoast_head":"<!-- This site is optimized with the Yoast SEO plugin v27.5 - https:\/\/yoast.com\/product\/yoast-seo-wordpress\/ -->\n<title>HIFK:n ja Atlaksen kohtaamisissa ei menneit\u00e4 muistella | K\u00e4sipallon naisten Aktialiiga<\/title>\n<meta name=\"robots\" content=\"index, follow, max-snippet:-1, max-image-preview:large, max-video-preview:-1\" \/>\n<link rel=\"canonical\" href=\"https:\/\/aktialiiga.fi\/naiset\/2013-2014\/ennakot-2013-2014\/hifkn-ja-atlaksen-kohtaamisissa-ei-menneita-muistella\/\" \/>\n<meta property=\"og:locale\" content=\"fi_FI\" \/>\n<meta property=\"og:type\" content=\"article\" \/>\n<meta property=\"og:title\" content=\"HIFK:n ja Atlaksen kohtaamisissa ei menneit\u00e4 muistella | K\u00e4sipallon naisten Aktialiiga\" \/>\n<meta property=\"og:description\" content=\"HIFK ja Atlas aloittavat SM-sarjan toisen finaalipaikan ratkomisen torstaina Helsingin Urheilutalolla v\u00e4lierien ensimm\u00e4isess\u00e4 ottelussa. Runkosarjan ykk\u00f6nen HIFK l\u00e4htee v\u00e4lier\u00e4sarjaan suosikkina, mutta ennakkoon yht\u00e4\u00e4n ottelua ei ole voitettu tai h\u00e4vitty.\" \/>\n<meta property=\"og:url\" content=\"https:\/\/aktialiiga.fi\/naiset\/2013-2014\/ennakot-2013-2014\/hifkn-ja-atlaksen-kohtaamisissa-ei-menneita-muistella\/\" \/>\n<meta property=\"og:site_name\" content=\"K\u00e4sipallon naisten Aktialiiga\" \/>\n<meta property=\"article:publisher\" content=\"https:\/\/www.facebook.com\/finnhandball\" \/>\n<meta property=\"article:published_time\" content=\"2014-04-02T05:15:10+00:00\" \/>\n<meta property=\"article:modified_time\" content=\"2024-08-28T15:30:34+00:00\" \/>\n<meta property=\"og:image\" content=\"https:\/\/aktialiiga.fi\/naiset\/wp-content\/uploads\/sites\/6\/2014\/04\/Palloja_maalissa_c.jpg\" \/>\n\t<meta property=\"og:image:width\" content=\"300\" \/>\n\t<meta property=\"og:image:height\" content=\"300\" \/>\n\t<meta property=\"og:image:type\" content=\"image\/jpeg\" \/>\n<meta name=\"author\" content=\"tbrmedia\" \/>\n<meta name=\"twitter:card\" content=\"summary_large_image\" \/>\n<meta name=\"twitter:creator\" content=\"@finnhandball\" \/>\n<meta name=\"twitter:site\" content=\"@finnhandball\" \/>\n<script type=\"application\/ld+json\" class=\"yoast-schema-graph\">{\"@context\":\"https:\\\/\\\/schema.org\",\"@graph\":[{\"@type\":\"Article\",\"@id\":\"https:\\\/\\\/aktialiiga.fi\\\/naiset\\\/2013-2014\\\/ennakot-2013-2014\\\/hifkn-ja-atlaksen-kohtaamisissa-ei-menneita-muistella\\\/#article\",\"isPartOf\":{\"@id\":\"https:\\\/\\\/aktialiiga.fi\\\/naiset\\\/2013-2014\\\/ennakot-2013-2014\\\/hifkn-ja-atlaksen-kohtaamisissa-ei-menneita-muistella\\\/\"},\"author\":{\"name\":\"tbrmedia\",\"@id\":\"https:\\\/\\\/aktialiiga.fi\\\/naiset\\\/#\\\/schema\\\/person\\\/c14bf42f47041db74603c45afcb18d87\"},\"headline\":\"HIFK:n ja Atlaksen kohtaamisissa ei menneit\u00e4 muistella\",\"datePublished\":\"2014-04-02T05:15:10+00:00\",\"dateModified\":\"2024-08-28T15:30:34+00:00\",\"mainEntityOfPage\":{\"@id\":\"https:\\\/\\\/aktialiiga.fi\\\/naiset\\\/2013-2014\\\/ennakot-2013-2014\\\/hifkn-ja-atlaksen-kohtaamisissa-ei-menneita-muistella\\\/\"},\"wordCount\":331,\"publisher\":{\"@id\":\"https:\\\/\\\/aktialiiga.fi\\\/naiset\\\/#organization\"},\"image\":{\"@id\":\"https:\\\/\\\/aktialiiga.fi\\\/naiset\\\/2013-2014\\\/ennakot-2013-2014\\\/hifkn-ja-atlaksen-kohtaamisissa-ei-menneita-muistella\\\/#primaryimage\"},\"thumbnailUrl\":\"https:\\\/\\\/aktialiiga.fi\\\/naiset\\\/wp-content\\\/uploads\\\/sites\\\/6\\\/2014\\\/04\\\/Palloja_maalissa_c.jpg\",\"keywords\":[\"Atlas\",\"HIFK\"],\"articleSection\":[\"Ennakot\"],\"inLanguage\":\"fi\"},{\"@type\":\"WebPage\",\"@id\":\"https:\\\/\\\/aktialiiga.fi\\\/naiset\\\/2013-2014\\\/ennakot-2013-2014\\\/hifkn-ja-atlaksen-kohtaamisissa-ei-menneita-muistella\\\/\",\"url\":\"https:\\\/\\\/aktialiiga.fi\\\/naiset\\\/2013-2014\\\/ennakot-2013-2014\\\/hifkn-ja-atlaksen-kohtaamisissa-ei-menneita-muistella\\\/\",\"name\":\"HIFK:n ja Atlaksen kohtaamisissa ei menneit\u00e4 muistella | K\u00e4sipallon naisten Aktialiiga\",\"isPartOf\":{\"@id\":\"https:\\\/\\\/aktialiiga.fi\\\/naiset\\\/#website\"},\"primaryImageOfPage\":{\"@id\":\"https:\\\/\\\/aktialiiga.fi\\\/naiset\\\/2013-2014\\\/ennakot-2013-2014\\\/hifkn-ja-atlaksen-kohtaamisissa-ei-menneita-muistella\\\/#primaryimage\"},\"image\":{\"@id\":\"https:\\\/\\\/aktialiiga.fi\\\/naiset\\\/2013-2014\\\/ennakot-2013-2014\\\/hifkn-ja-atlaksen-kohtaamisissa-ei-menneita-muistella\\\/#primaryimage\"},\"thumbnailUrl\":\"https:\\\/\\\/aktialiiga.fi\\\/naiset\\\/wp-content\\\/uploads\\\/sites\\\/6\\\/2014\\\/04\\\/Palloja_maalissa_c.jpg\",\"datePublished\":\"2014-04-02T05:15:10+00:00\",\"dateModified\":\"2024-08-28T15:30:34+00:00\",\"breadcrumb\":{\"@id\":\"https:\\\/\\\/aktialiiga.fi\\\/naiset\\\/2013-2014\\\/ennakot-2013-2014\\\/hifkn-ja-atlaksen-kohtaamisissa-ei-menneita-muistella\\\/#breadcrumb\"},\"inLanguage\":\"fi\",\"potentialAction\":[{\"@type\":\"ReadAction\",\"target\":[\"https:\\\/\\\/aktialiiga.fi\\\/naiset\\\/2013-2014\\\/ennakot-2013-2014\\\/hifkn-ja-atlaksen-kohtaamisissa-ei-menneita-muistella\\\/\"]}]},{\"@type\":\"ImageObject\",\"inLanguage\":\"fi\",\"@id\":\"https:\\\/\\\/aktialiiga.fi\\\/naiset\\\/2013-2014\\\/ennakot-2013-2014\\\/hifkn-ja-atlaksen-kohtaamisissa-ei-menneita-muistella\\\/#primaryimage\",\"url\":\"https:\\\/\\\/aktialiiga.fi\\\/naiset\\\/wp-content\\\/uploads\\\/sites\\\/6\\\/2014\\\/04\\\/Palloja_maalissa_c.jpg\",\"contentUrl\":\"https:\\\/\\\/aktialiiga.fi\\\/naiset\\\/wp-content\\\/uploads\\\/sites\\\/6\\\/2014\\\/04\\\/Palloja_maalissa_c.jpg\",\"width\":300,\"height\":300,\"caption\":\"Kuva: Juha Tamminen\"},{\"@type\":\"BreadcrumbList\",\"@id\":\"https:\\\/\\\/aktialiiga.fi\\\/naiset\\\/2013-2014\\\/ennakot-2013-2014\\\/hifkn-ja-atlaksen-kohtaamisissa-ei-menneita-muistella\\\/#breadcrumb\",\"itemListElement\":[{\"@type\":\"ListItem\",\"position\":1,\"name\":\"Etusivu\",\"item\":\"https:\\\/\\\/aktialiiga.fi\\\/naiset\\\/\"},{\"@type\":\"ListItem\",\"position\":2,\"name\":\"HIFK:n ja Atlaksen kohtaamisissa ei menneit\u00e4 muistella\"}]},{\"@type\":\"WebSite\",\"@id\":\"https:\\\/\\\/aktialiiga.fi\\\/naiset\\\/#website\",\"url\":\"https:\\\/\\\/aktialiiga.fi\\\/naiset\\\/\",\"name\":\"K\u00e4sipallon naisten Aktialiiga\",\"description\":\"Valtakunnan vauhdikkainta palloilua!\",\"publisher\":{\"@id\":\"https:\\\/\\\/aktialiiga.fi\\\/naiset\\\/#organization\"},\"potentialAction\":[{\"@type\":\"SearchAction\",\"target\":{\"@type\":\"EntryPoint\",\"urlTemplate\":\"https:\\\/\\\/aktialiiga.fi\\\/naiset\\\/?s={search_term_string}\"},\"query-input\":{\"@type\":\"PropertyValueSpecification\",\"valueRequired\":true,\"valueName\":\"search_term_string\"}}],\"inLanguage\":\"fi\"},{\"@type\":\"Organization\",\"@id\":\"https:\\\/\\\/aktialiiga.fi\\\/naiset\\\/#organization\",\"name\":\"K\u00e4sipallon naisten Aktialiiga\",\"url\":\"https:\\\/\\\/aktialiiga.fi\\\/naiset\\\/\",\"logo\":{\"@type\":\"ImageObject\",\"inLanguage\":\"fi\",\"@id\":\"https:\\\/\\\/aktialiiga.fi\\\/naiset\\\/#\\\/schema\\\/logo\\\/image\\\/\",\"url\":\"https:\\\/\\\/aktialiiga.fi\\\/naiset\\\/wp-content\\\/uploads\\\/sites\\\/6\\\/2024\\\/09\\\/Aktialiiga-Yoast-512.png\",\"contentUrl\":\"https:\\\/\\\/aktialiiga.fi\\\/naiset\\\/wp-content\\\/uploads\\\/sites\\\/6\\\/2024\\\/09\\\/Aktialiiga-Yoast-512.png\",\"width\":512,\"height\":512,\"caption\":\"K\u00e4sipallon naisten Aktialiiga\"},\"image\":{\"@id\":\"https:\\\/\\\/aktialiiga.fi\\\/naiset\\\/#\\\/schema\\\/logo\\\/image\\\/\"},\"sameAs\":[\"https:\\\/\\\/www.facebook.com\\\/finnhandball\",\"https:\\\/\\\/x.com\\\/finnhandball\",\"https:\\\/\\\/www.instagram.com\\\/handballfinland\\\/\"]},{\"@type\":\"Person\",\"@id\":\"https:\\\/\\\/aktialiiga.fi\\\/naiset\\\/#\\\/schema\\\/person\\\/c14bf42f47041db74603c45afcb18d87\",\"name\":\"tbrmedia\",\"image\":{\"@type\":\"ImageObject\",\"inLanguage\":\"fi\",\"@id\":\"https:\\\/\\\/secure.gravatar.com\\\/avatar\\\/ee975fa091fe581d12b60debb3439022686618368a7c142044c56724d4666b16?s=96&d=mm&r=g\",\"url\":\"https:\\\/\\\/secure.gravatar.com\\\/avatar\\\/ee975fa091fe581d12b60debb3439022686618368a7c142044c56724d4666b16?s=96&d=mm&r=g\",\"contentUrl\":\"https:\\\/\\\/secure.gravatar.com\\\/avatar\\\/ee975fa091fe581d12b60debb3439022686618368a7c142044c56724d4666b16?s=96&d=mm&r=g\",\"caption\":\"tbrmedia\"}}]}<\/script>\n<!-- \/ Yoast SEO plugin. -->","yoast_head_json":{"title":"HIFK:n ja Atlaksen kohtaamisissa ei menneit\u00e4 muistella | K\u00e4sipallon naisten Aktialiiga","robots":{"index":"index","follow":"follow","max-snippet":"max-snippet:-1","max-image-preview":"max-image-preview:large","max-video-preview":"max-video-preview:-1"},"canonical":"https:\/\/aktialiiga.fi\/naiset\/2013-2014\/ennakot-2013-2014\/hifkn-ja-atlaksen-kohtaamisissa-ei-menneita-muistella\/","og_locale":"fi_FI","og_type":"article","og_title":"HIFK:n ja Atlaksen kohtaamisissa ei menneit\u00e4 muistella | K\u00e4sipallon naisten Aktialiiga","og_description":"HIFK ja Atlas aloittavat SM-sarjan toisen finaalipaikan ratkomisen torstaina Helsingin Urheilutalolla v\u00e4lierien ensimm\u00e4isess\u00e4 ottelussa. Runkosarjan ykk\u00f6nen HIFK l\u00e4htee v\u00e4lier\u00e4sarjaan suosikkina, mutta ennakkoon yht\u00e4\u00e4n ottelua ei ole voitettu tai h\u00e4vitty.","og_url":"https:\/\/aktialiiga.fi\/naiset\/2013-2014\/ennakot-2013-2014\/hifkn-ja-atlaksen-kohtaamisissa-ei-menneita-muistella\/","og_site_name":"K\u00e4sipallon naisten Aktialiiga","article_publisher":"https:\/\/www.facebook.com\/finnhandball","article_published_time":"2014-04-02T05:15:10+00:00","article_modified_time":"2024-08-28T15:30:34+00:00","og_image":[{"width":300,"height":300,"url":"https:\/\/aktialiiga.fi\/naiset\/wp-content\/uploads\/sites\/6\/2014\/04\/Palloja_maalissa_c.jpg","type":"image\/jpeg"}],"author":"tbrmedia","twitter_card":"summary_large_image","twitter_creator":"@finnhandball","twitter_site":"@finnhandball","schema":{"@context":"https:\/\/schema.org","@graph":[{"@type":"Article","@id":"https:\/\/aktialiiga.fi\/naiset\/2013-2014\/ennakot-2013-2014\/hifkn-ja-atlaksen-kohtaamisissa-ei-menneita-muistella\/#article","isPartOf":{"@id":"https:\/\/aktialiiga.fi\/naiset\/2013-2014\/ennakot-2013-2014\/hifkn-ja-atlaksen-kohtaamisissa-ei-menneita-muistella\/"},"author":{"name":"tbrmedia","@id":"https:\/\/aktialiiga.fi\/naiset\/#\/schema\/person\/c14bf42f47041db74603c45afcb18d87"},"headline":"HIFK:n ja Atlaksen kohtaamisissa ei menneit\u00e4 muistella","datePublished":"2014-04-02T05:15:10+00:00","dateModified":"2024-08-28T15:30:34+00:00","mainEntityOfPage":{"@id":"https:\/\/aktialiiga.fi\/naiset\/2013-2014\/ennakot-2013-2014\/hifkn-ja-atlaksen-kohtaamisissa-ei-menneita-muistella\/"},"wordCount":331,"publisher":{"@id":"https:\/\/aktialiiga.fi\/naiset\/#organization"},"image":{"@id":"https:\/\/aktialiiga.fi\/naiset\/2013-2014\/ennakot-2013-2014\/hifkn-ja-atlaksen-kohtaamisissa-ei-menneita-muistella\/#primaryimage"},"thumbnailUrl":"https:\/\/aktialiiga.fi\/naiset\/wp-content\/uploads\/sites\/6\/2014\/04\/Palloja_maalissa_c.jpg","keywords":["Atlas","HIFK"],"articleSection":["Ennakot"],"inLanguage":"fi"},{"@type":"WebPage","@id":"https:\/\/aktialiiga.fi\/naiset\/2013-2014\/ennakot-2013-2014\/hifkn-ja-atlaksen-kohtaamisissa-ei-menneita-muistella\/","url":"https:\/\/aktialiiga.fi\/naiset\/2013-2014\/ennakot-2013-2014\/hifkn-ja-atlaksen-kohtaamisissa-ei-menneita-muistella\/","name":"HIFK:n ja Atlaksen kohtaamisissa ei menneit\u00e4 muistella | K\u00e4sipallon naisten Aktialiiga","isPartOf":{"@id":"https:\/\/aktialiiga.fi\/naiset\/#website"},"primaryImageOfPage":{"@id":"https:\/\/aktialiiga.fi\/naiset\/2013-2014\/ennakot-2013-2014\/hifkn-ja-atlaksen-kohtaamisissa-ei-menneita-muistella\/#primaryimage"},"image":{"@id":"https:\/\/aktialiiga.fi\/naiset\/2013-2014\/ennakot-2013-2014\/hifkn-ja-atlaksen-kohtaamisissa-ei-menneita-muistella\/#primaryimage"},"thumbnailUrl":"https:\/\/aktialiiga.fi\/naiset\/wp-content\/uploads\/sites\/6\/2014\/04\/Palloja_maalissa_c.jpg","datePublished":"2014-04-02T05:15:10+00:00","dateModified":"2024-08-28T15:30:34+00:00","breadcrumb":{"@id":"https:\/\/aktialiiga.fi\/naiset\/2013-2014\/ennakot-2013-2014\/hifkn-ja-atlaksen-kohtaamisissa-ei-menneita-muistella\/#breadcrumb"},"inLanguage":"fi","potentialAction":[{"@type":"ReadAction","target":["https:\/\/aktialiiga.fi\/naiset\/2013-2014\/ennakot-2013-2014\/hifkn-ja-atlaksen-kohtaamisissa-ei-menneita-muistella\/"]}]},{"@type":"ImageObject","inLanguage":"fi","@id":"https:\/\/aktialiiga.fi\/naiset\/2013-2014\/ennakot-2013-2014\/hifkn-ja-atlaksen-kohtaamisissa-ei-menneita-muistella\/#primaryimage","url":"https:\/\/aktialiiga.fi\/naiset\/wp-content\/uploads\/sites\/6\/2014\/04\/Palloja_maalissa_c.jpg","contentUrl":"https:\/\/aktialiiga.fi\/naiset\/wp-content\/uploads\/sites\/6\/2014\/04\/Palloja_maalissa_c.jpg","width":300,"height":300,"caption":"Kuva: Juha Tamminen"},{"@type":"BreadcrumbList","@id":"https:\/\/aktialiiga.fi\/naiset\/2013-2014\/ennakot-2013-2014\/hifkn-ja-atlaksen-kohtaamisissa-ei-menneita-muistella\/#breadcrumb","itemListElement":[{"@type":"ListItem","position":1,"name":"Etusivu","item":"https:\/\/aktialiiga.fi\/naiset\/"},{"@type":"ListItem","position":2,"name":"HIFK:n ja Atlaksen kohtaamisissa ei menneit\u00e4 muistella"}]},{"@type":"WebSite","@id":"https:\/\/aktialiiga.fi\/naiset\/#website","url":"https:\/\/aktialiiga.fi\/naiset\/","name":"K\u00e4sipallon naisten Aktialiiga","description":"Valtakunnan vauhdikkainta palloilua!","publisher":{"@id":"https:\/\/aktialiiga.fi\/naiset\/#organization"},"potentialAction":[{"@type":"SearchAction","target":{"@type":"EntryPoint","urlTemplate":"https:\/\/aktialiiga.fi\/naiset\/?s={search_term_string}"},"query-input":{"@type":"PropertyValueSpecification","valueRequired":true,"valueName":"search_term_string"}}],"inLanguage":"fi"},{"@type":"Organization","@id":"https:\/\/aktialiiga.fi\/naiset\/#organization","name":"K\u00e4sipallon naisten Aktialiiga","url":"https:\/\/aktialiiga.fi\/naiset\/","logo":{"@type":"ImageObject","inLanguage":"fi","@id":"https:\/\/aktialiiga.fi\/naiset\/#\/schema\/logo\/image\/","url":"https:\/\/aktialiiga.fi\/naiset\/wp-content\/uploads\/sites\/6\/2024\/09\/Aktialiiga-Yoast-512.png","contentUrl":"https:\/\/aktialiiga.fi\/naiset\/wp-content\/uploads\/sites\/6\/2024\/09\/Aktialiiga-Yoast-512.png","width":512,"height":512,"caption":"K\u00e4sipallon naisten Aktialiiga"},"image":{"@id":"https:\/\/aktialiiga.fi\/naiset\/#\/schema\/logo\/image\/"},"sameAs":["https:\/\/www.facebook.com\/finnhandball","https:\/\/x.com\/finnhandball","https:\/\/www.instagram.com\/handballfinland\/"]},{"@type":"Person","@id":"https:\/\/aktialiiga.fi\/naiset\/#\/schema\/person\/c14bf42f47041db74603c45afcb18d87","name":"tbrmedia","image":{"@type":"ImageObject","inLanguage":"fi","@id":"https:\/\/secure.gravatar.com\/avatar\/ee975fa091fe581d12b60debb3439022686618368a7c142044c56724d4666b16?s=96&d=mm&r=g","url":"https:\/\/secure.gravatar.com\/avatar\/ee975fa091fe581d12b60debb3439022686618368a7c142044c56724d4666b16?s=96&d=mm&r=g","contentUrl":"https:\/\/secure.gravatar.com\/avatar\/ee975fa091fe581d12b60debb3439022686618368a7c142044c56724d4666b16?s=96&d=mm&r=g","caption":"tbrmedia"}}]}},"jetpack_featured_media_url":"https:\/\/aktialiiga.fi\/naiset\/wp-content\/uploads\/sites\/6\/2014\/04\/Palloja_maalissa_c.jpg","jetpack_sharing_enabled":true,"jetpack_shortlink":"https:\/\/wp.me\/pfYhm6-1eb","_links":{"self":[{"href":"https:\/\/aktialiiga.fi\/naiset\/wp-json\/wp\/v2\/posts\/4723","targetHints":{"allow":["GET"]}}],"collection":[{"href":"https:\/\/aktialiiga.fi\/naiset\/wp-json\/wp\/v2\/posts"}],"about":[{"href":"https:\/\/aktialiiga.fi\/naiset\/wp-json\/wp\/v2\/types\/post"}],"author":[{"embeddable":true,"href":"https:\/\/aktialiiga.fi\/naiset\/wp-json\/wp\/v2\/users\/13"}],"replies":[{"embeddable":true,"href":"https:\/\/aktialiiga.fi\/naiset\/wp-json\/wp\/v2\/comments?post=4723"}],"version-history":[{"count":1,"href":"https:\/\/aktialiiga.fi\/naiset\/wp-json\/wp\/v2\/posts\/4723\/revisions"}],"predecessor-version":[{"id":39415,"href":"https:\/\/aktialiiga.fi\/naiset\/wp-json\/wp\/v2\/posts\/4723\/revisions\/39415"}],"wp:featuredmedia":[{"embeddable":true,"href":"https:\/\/aktialiiga.fi\/naiset\/wp-json\/wp\/v2\/media\/4724"}],"wp:attachment":[{"href":"https:\/\/aktialiiga.fi\/naiset\/wp-json\/wp\/v2\/media?parent=4723"}],"wp:term":[{"taxonomy":"category","embeddable":true,"href":"https:\/\/aktialiiga.fi\/naiset\/wp-json\/wp\/v2\/categories?post=4723"},{"taxonomy":"post_tag","embeddable":true,"href":"https:\/\/aktialiiga.fi\/naiset\/wp-json\/wp\/v2\/tags?post=4723"}],"curies":[{"name":"wp","href":"https:\/\/api.w.org\/{rel}","templated":true}]}}