{"id":4732,"date":"2014-04-02T20:04:34","date_gmt":"2014-04-02T17:04:34","guid":{"rendered":"https:\/\/www.finnhandball.net\/nsm\/?p=4732"},"modified":"2024-08-28T18:30:34","modified_gmt":"2024-08-28T15:30:34","slug":"sif-valmis-haastamaan-dickenin","status":"publish","type":"post","link":"https:\/\/aktialiiga.fi\/naiset\/2013-2014\/ennakot-2013-2014\/sif-valmis-haastamaan-dickenin\/","title":{"rendered":"SIF valmis haastamaan Dickenin"},"content":{"rendered":"<p>Dicken ja SIF kohtaavat SM-sarjan v\u00e4lieriss\u00e4 ja ensimm\u00e4isen kerran joukkueet iskev\u00e4t yhteen torstaina Pirkkolassa. Runkosarjan kakkonen Dicken l\u00e4htee v\u00e4lieriin suosikkina, mutta siuntiolaiset uskovat vakaasti omiin mahdollisuuksiinsa.<!--more--><\/p>\n<p><a href=\"http:\/\/sarja.finnhandball.net\/wp-content\/uploads\/sites\/6\/2014\/04\/Dicken_SIF_logopari.jpg\"><img decoding=\"async\" class=\"size-full wp-image-4733 alignright\" alt=\"Dicken_SIF_logopari\" src=\"http:\/\/sarja.finnhandball.net\/wp-content\/uploads\/sites\/6\/2014\/04\/Dicken_SIF_logopari.jpg\" width=\"200\" height=\"100\" \/><\/a>Dicken vei runkosarjan kohtaamisista nimiins\u00e4 kaksi kolmesta, mutta kauden avauskierroksella SIF oli vahvempi joukkueitten kohtaamisessa.<\/p>\n<p>SIF:n p\u00e4\u00e4valmentaja Marcus Sj\u00f6stedt uskoo, ett\u00e4 Dicken pystyt\u00e4\u00e4n pist\u00e4m\u00e4\u00e4n v\u00e4hint\u00e4\u00e4nkin lujille.<\/p>\n<p>&#8211; Odotan tiukkoja ja kovavauhtisia otteluita, Sj\u00f6stedt ennakoi.<\/p>\n<p>&#8211; Meid\u00e4n omat vahvuutemme ovat puolustuksessa ja asemapeliss\u00e4. Dickenill\u00e4 puolestaan on hyv\u00e4t maalivahdit ja puolustus sek\u00e4 heid\u00e4n nopeat ja puolinopeat vastahy\u00f6kk\u00e4yksens\u00e4 ovat vaarallisia.<\/p>\n<p>Kumpikin joukkue p\u00e4\u00e4see sik\u00e4li hyvist\u00e4 asetelmista v\u00e4lieriin, ett\u00e4 merkitt\u00e4vi\u00e4 poissaoloja ei ole. Maajoukkueviikon j\u00e4lkeen Dicken on p\u00e4\u00e4ssyt kerran harjoittelemaan t\u00e4ydell\u00e4 ryhm\u00e4ll\u00e4 torstaita varten ja viimeistelee viel\u00e4 ennen peli\u00e4 tiettyj\u00e4 pelillisi\u00e4 taktiikoita. P\u00e4\u00e4paino otteluissa tulee olemaan oman pelitavan pelaaminen, kova puolustuspeli ottelusta toiseen sek\u00e4 reagointikyky suunnanmuutoksiin.<\/p>\n<p>SIF:llakaan ei merkitt\u00e4vi\u00e4 loukkaantumisia ole.<\/p>\n<p>&#8211; Joitain pieni\u00e4 kolhuja, mutta k\u00e4yt\u00e4nn\u00f6ss\u00e4 kaikki ovat terveit\u00e4, Sj\u00f6stedt vahvistaa.<\/p>\n<p>Joukkueet aloittavat urakkansa torstaina 3.4. kello 18.15 Pirkkolassa. Luvassa on kovaa taistelua paikasta finaalissa.<\/p>\n<p>&#8211; Toivotaan paljon yleis\u00f6\u00e4 otteluihin, Sj\u00f6stedt haastaa my\u00f6s katsojat.<\/p>\n","protected":false},"excerpt":{"rendered":"<p>Dicken ja SIF kohtaavat SM-sarjan v\u00e4lieriss\u00e4 ja ensimm\u00e4isen kerran joukkueet iskev\u00e4t yhteen torstaina Pirkkolassa. Runkosarjan kakkonen Dicken l\u00e4htee v\u00e4lieriin suosikkina, mutta siuntiolaiset uskovat vakaasti omiin mahdollisuuksiinsa.<\/p>\n","protected":false},"author":13,"featured_media":4734,"comment_status":"closed","ping_status":"closed","sticky":false,"template":"","format":"standard","meta":{"_acf_changed":false,"jetpack_post_was_ever_published":false,"_jetpack_newsletter_access":"","_jetpack_dont_email_post_to_subs":false,"_jetpack_newsletter_tier_id":0,"_jetpack_memberships_contains_paywalled_content":false,"_jetpack_memberships_contains_paid_content":false,"footnotes":""},"categories":[35],"tags":[51,81],"class_list":["post-4732","post","type-post","status-publish","format-standard","has-post-thumbnail","hentry","category-ennakot-2013-2014","tag-dicken","tag-sif"],"acf":[],"yoast_head":"<!-- This site is optimized with the Yoast SEO plugin v27.5 - https:\/\/yoast.com\/product\/yoast-seo-wordpress\/ -->\n<title>SIF valmis haastamaan Dickenin | K\u00e4sipallon naisten Aktialiiga<\/title>\n<meta name=\"robots\" content=\"index, follow, max-snippet:-1, max-image-preview:large, max-video-preview:-1\" \/>\n<link rel=\"canonical\" href=\"https:\/\/aktialiiga.fi\/naiset\/2013-2014\/ennakot-2013-2014\/sif-valmis-haastamaan-dickenin\/\" \/>\n<meta property=\"og:locale\" content=\"fi_FI\" \/>\n<meta property=\"og:type\" content=\"article\" \/>\n<meta property=\"og:title\" content=\"SIF valmis haastamaan Dickenin | K\u00e4sipallon naisten Aktialiiga\" \/>\n<meta property=\"og:description\" content=\"Dicken ja SIF kohtaavat SM-sarjan v\u00e4lieriss\u00e4 ja ensimm\u00e4isen kerran joukkueet iskev\u00e4t yhteen torstaina Pirkkolassa. Runkosarjan kakkonen Dicken l\u00e4htee v\u00e4lieriin suosikkina, mutta siuntiolaiset uskovat vakaasti omiin mahdollisuuksiinsa.\" \/>\n<meta property=\"og:url\" content=\"https:\/\/aktialiiga.fi\/naiset\/2013-2014\/ennakot-2013-2014\/sif-valmis-haastamaan-dickenin\/\" \/>\n<meta property=\"og:site_name\" content=\"K\u00e4sipallon naisten Aktialiiga\" \/>\n<meta property=\"article:publisher\" content=\"https:\/\/www.facebook.com\/finnhandball\" \/>\n<meta property=\"article:published_time\" content=\"2014-04-02T17:04:34+00:00\" \/>\n<meta property=\"article:modified_time\" content=\"2024-08-28T15:30:34+00:00\" \/>\n<meta property=\"og:image\" content=\"https:\/\/aktialiiga.fi\/naiset\/wp-content\/uploads\/sites\/6\/2014\/04\/Palloja_maalissa_b.jpg\" \/>\n\t<meta property=\"og:image:width\" content=\"300\" \/>\n\t<meta property=\"og:image:height\" content=\"300\" \/>\n\t<meta property=\"og:image:type\" content=\"image\/jpeg\" \/>\n<meta name=\"author\" content=\"tbrmedia\" \/>\n<meta name=\"twitter:card\" content=\"summary_large_image\" \/>\n<meta name=\"twitter:creator\" content=\"@finnhandball\" \/>\n<meta name=\"twitter:site\" content=\"@finnhandball\" \/>\n<script type=\"application\/ld+json\" class=\"yoast-schema-graph\">{\"@context\":\"https:\\\/\\\/schema.org\",\"@graph\":[{\"@type\":\"Article\",\"@id\":\"https:\\\/\\\/aktialiiga.fi\\\/naiset\\\/2013-2014\\\/ennakot-2013-2014\\\/sif-valmis-haastamaan-dickenin\\\/#article\",\"isPartOf\":{\"@id\":\"https:\\\/\\\/aktialiiga.fi\\\/naiset\\\/2013-2014\\\/ennakot-2013-2014\\\/sif-valmis-haastamaan-dickenin\\\/\"},\"author\":{\"name\":\"tbrmedia\",\"@id\":\"https:\\\/\\\/aktialiiga.fi\\\/naiset\\\/#\\\/schema\\\/person\\\/c14bf42f47041db74603c45afcb18d87\"},\"headline\":\"SIF valmis haastamaan Dickenin\",\"datePublished\":\"2014-04-02T17:04:34+00:00\",\"dateModified\":\"2024-08-28T15:30:34+00:00\",\"mainEntityOfPage\":{\"@id\":\"https:\\\/\\\/aktialiiga.fi\\\/naiset\\\/2013-2014\\\/ennakot-2013-2014\\\/sif-valmis-haastamaan-dickenin\\\/\"},\"wordCount\":205,\"publisher\":{\"@id\":\"https:\\\/\\\/aktialiiga.fi\\\/naiset\\\/#organization\"},\"image\":{\"@id\":\"https:\\\/\\\/aktialiiga.fi\\\/naiset\\\/2013-2014\\\/ennakot-2013-2014\\\/sif-valmis-haastamaan-dickenin\\\/#primaryimage\"},\"thumbnailUrl\":\"https:\\\/\\\/aktialiiga.fi\\\/naiset\\\/wp-content\\\/uploads\\\/sites\\\/6\\\/2014\\\/04\\\/Palloja_maalissa_b.jpg\",\"keywords\":[\"Dicken\",\"SIF\"],\"articleSection\":[\"Ennakot\"],\"inLanguage\":\"fi\"},{\"@type\":\"WebPage\",\"@id\":\"https:\\\/\\\/aktialiiga.fi\\\/naiset\\\/2013-2014\\\/ennakot-2013-2014\\\/sif-valmis-haastamaan-dickenin\\\/\",\"url\":\"https:\\\/\\\/aktialiiga.fi\\\/naiset\\\/2013-2014\\\/ennakot-2013-2014\\\/sif-valmis-haastamaan-dickenin\\\/\",\"name\":\"SIF valmis haastamaan Dickenin | K\u00e4sipallon naisten Aktialiiga\",\"isPartOf\":{\"@id\":\"https:\\\/\\\/aktialiiga.fi\\\/naiset\\\/#website\"},\"primaryImageOfPage\":{\"@id\":\"https:\\\/\\\/aktialiiga.fi\\\/naiset\\\/2013-2014\\\/ennakot-2013-2014\\\/sif-valmis-haastamaan-dickenin\\\/#primaryimage\"},\"image\":{\"@id\":\"https:\\\/\\\/aktialiiga.fi\\\/naiset\\\/2013-2014\\\/ennakot-2013-2014\\\/sif-valmis-haastamaan-dickenin\\\/#primaryimage\"},\"thumbnailUrl\":\"https:\\\/\\\/aktialiiga.fi\\\/naiset\\\/wp-content\\\/uploads\\\/sites\\\/6\\\/2014\\\/04\\\/Palloja_maalissa_b.jpg\",\"datePublished\":\"2014-04-02T17:04:34+00:00\",\"dateModified\":\"2024-08-28T15:30:34+00:00\",\"breadcrumb\":{\"@id\":\"https:\\\/\\\/aktialiiga.fi\\\/naiset\\\/2013-2014\\\/ennakot-2013-2014\\\/sif-valmis-haastamaan-dickenin\\\/#breadcrumb\"},\"inLanguage\":\"fi\",\"potentialAction\":[{\"@type\":\"ReadAction\",\"target\":[\"https:\\\/\\\/aktialiiga.fi\\\/naiset\\\/2013-2014\\\/ennakot-2013-2014\\\/sif-valmis-haastamaan-dickenin\\\/\"]}]},{\"@type\":\"ImageObject\",\"inLanguage\":\"fi\",\"@id\":\"https:\\\/\\\/aktialiiga.fi\\\/naiset\\\/2013-2014\\\/ennakot-2013-2014\\\/sif-valmis-haastamaan-dickenin\\\/#primaryimage\",\"url\":\"https:\\\/\\\/aktialiiga.fi\\\/naiset\\\/wp-content\\\/uploads\\\/sites\\\/6\\\/2014\\\/04\\\/Palloja_maalissa_b.jpg\",\"contentUrl\":\"https:\\\/\\\/aktialiiga.fi\\\/naiset\\\/wp-content\\\/uploads\\\/sites\\\/6\\\/2014\\\/04\\\/Palloja_maalissa_b.jpg\",\"width\":300,\"height\":300,\"caption\":\"Kuva: Juha Tamminen\"},{\"@type\":\"BreadcrumbList\",\"@id\":\"https:\\\/\\\/aktialiiga.fi\\\/naiset\\\/2013-2014\\\/ennakot-2013-2014\\\/sif-valmis-haastamaan-dickenin\\\/#breadcrumb\",\"itemListElement\":[{\"@type\":\"ListItem\",\"position\":1,\"name\":\"Etusivu\",\"item\":\"https:\\\/\\\/aktialiiga.fi\\\/naiset\\\/\"},{\"@type\":\"ListItem\",\"position\":2,\"name\":\"SIF valmis haastamaan Dickenin\"}]},{\"@type\":\"WebSite\",\"@id\":\"https:\\\/\\\/aktialiiga.fi\\\/naiset\\\/#website\",\"url\":\"https:\\\/\\\/aktialiiga.fi\\\/naiset\\\/\",\"name\":\"K\u00e4sipallon naisten Aktialiiga\",\"description\":\"Valtakunnan vauhdikkainta palloilua!\",\"publisher\":{\"@id\":\"https:\\\/\\\/aktialiiga.fi\\\/naiset\\\/#organization\"},\"potentialAction\":[{\"@type\":\"SearchAction\",\"target\":{\"@type\":\"EntryPoint\",\"urlTemplate\":\"https:\\\/\\\/aktialiiga.fi\\\/naiset\\\/?s={search_term_string}\"},\"query-input\":{\"@type\":\"PropertyValueSpecification\",\"valueRequired\":true,\"valueName\":\"search_term_string\"}}],\"inLanguage\":\"fi\"},{\"@type\":\"Organization\",\"@id\":\"https:\\\/\\\/aktialiiga.fi\\\/naiset\\\/#organization\",\"name\":\"K\u00e4sipallon naisten Aktialiiga\",\"url\":\"https:\\\/\\\/aktialiiga.fi\\\/naiset\\\/\",\"logo\":{\"@type\":\"ImageObject\",\"inLanguage\":\"fi\",\"@id\":\"https:\\\/\\\/aktialiiga.fi\\\/naiset\\\/#\\\/schema\\\/logo\\\/image\\\/\",\"url\":\"https:\\\/\\\/aktialiiga.fi\\\/naiset\\\/wp-content\\\/uploads\\\/sites\\\/6\\\/2024\\\/09\\\/Aktialiiga-Yoast-512.png\",\"contentUrl\":\"https:\\\/\\\/aktialiiga.fi\\\/naiset\\\/wp-content\\\/uploads\\\/sites\\\/6\\\/2024\\\/09\\\/Aktialiiga-Yoast-512.png\",\"width\":512,\"height\":512,\"caption\":\"K\u00e4sipallon naisten Aktialiiga\"},\"image\":{\"@id\":\"https:\\\/\\\/aktialiiga.fi\\\/naiset\\\/#\\\/schema\\\/logo\\\/image\\\/\"},\"sameAs\":[\"https:\\\/\\\/www.facebook.com\\\/finnhandball\",\"https:\\\/\\\/x.com\\\/finnhandball\",\"https:\\\/\\\/www.instagram.com\\\/handballfinland\\\/\"]},{\"@type\":\"Person\",\"@id\":\"https:\\\/\\\/aktialiiga.fi\\\/naiset\\\/#\\\/schema\\\/person\\\/c14bf42f47041db74603c45afcb18d87\",\"name\":\"tbrmedia\",\"image\":{\"@type\":\"ImageObject\",\"inLanguage\":\"fi\",\"@id\":\"https:\\\/\\\/secure.gravatar.com\\\/avatar\\\/ee975fa091fe581d12b60debb3439022686618368a7c142044c56724d4666b16?s=96&d=mm&r=g\",\"url\":\"https:\\\/\\\/secure.gravatar.com\\\/avatar\\\/ee975fa091fe581d12b60debb3439022686618368a7c142044c56724d4666b16?s=96&d=mm&r=g\",\"contentUrl\":\"https:\\\/\\\/secure.gravatar.com\\\/avatar\\\/ee975fa091fe581d12b60debb3439022686618368a7c142044c56724d4666b16?s=96&d=mm&r=g\",\"caption\":\"tbrmedia\"}}]}<\/script>\n<!-- \/ Yoast SEO plugin. -->","yoast_head_json":{"title":"SIF valmis haastamaan Dickenin | K\u00e4sipallon naisten Aktialiiga","robots":{"index":"index","follow":"follow","max-snippet":"max-snippet:-1","max-image-preview":"max-image-preview:large","max-video-preview":"max-video-preview:-1"},"canonical":"https:\/\/aktialiiga.fi\/naiset\/2013-2014\/ennakot-2013-2014\/sif-valmis-haastamaan-dickenin\/","og_locale":"fi_FI","og_type":"article","og_title":"SIF valmis haastamaan Dickenin | K\u00e4sipallon naisten Aktialiiga","og_description":"Dicken ja SIF kohtaavat SM-sarjan v\u00e4lieriss\u00e4 ja ensimm\u00e4isen kerran joukkueet iskev\u00e4t yhteen torstaina Pirkkolassa. Runkosarjan kakkonen Dicken l\u00e4htee v\u00e4lieriin suosikkina, mutta siuntiolaiset uskovat vakaasti omiin mahdollisuuksiinsa.","og_url":"https:\/\/aktialiiga.fi\/naiset\/2013-2014\/ennakot-2013-2014\/sif-valmis-haastamaan-dickenin\/","og_site_name":"K\u00e4sipallon naisten Aktialiiga","article_publisher":"https:\/\/www.facebook.com\/finnhandball","article_published_time":"2014-04-02T17:04:34+00:00","article_modified_time":"2024-08-28T15:30:34+00:00","og_image":[{"width":300,"height":300,"url":"https:\/\/aktialiiga.fi\/naiset\/wp-content\/uploads\/sites\/6\/2014\/04\/Palloja_maalissa_b.jpg","type":"image\/jpeg"}],"author":"tbrmedia","twitter_card":"summary_large_image","twitter_creator":"@finnhandball","twitter_site":"@finnhandball","schema":{"@context":"https:\/\/schema.org","@graph":[{"@type":"Article","@id":"https:\/\/aktialiiga.fi\/naiset\/2013-2014\/ennakot-2013-2014\/sif-valmis-haastamaan-dickenin\/#article","isPartOf":{"@id":"https:\/\/aktialiiga.fi\/naiset\/2013-2014\/ennakot-2013-2014\/sif-valmis-haastamaan-dickenin\/"},"author":{"name":"tbrmedia","@id":"https:\/\/aktialiiga.fi\/naiset\/#\/schema\/person\/c14bf42f47041db74603c45afcb18d87"},"headline":"SIF valmis haastamaan Dickenin","datePublished":"2014-04-02T17:04:34+00:00","dateModified":"2024-08-28T15:30:34+00:00","mainEntityOfPage":{"@id":"https:\/\/aktialiiga.fi\/naiset\/2013-2014\/ennakot-2013-2014\/sif-valmis-haastamaan-dickenin\/"},"wordCount":205,"publisher":{"@id":"https:\/\/aktialiiga.fi\/naiset\/#organization"},"image":{"@id":"https:\/\/aktialiiga.fi\/naiset\/2013-2014\/ennakot-2013-2014\/sif-valmis-haastamaan-dickenin\/#primaryimage"},"thumbnailUrl":"https:\/\/aktialiiga.fi\/naiset\/wp-content\/uploads\/sites\/6\/2014\/04\/Palloja_maalissa_b.jpg","keywords":["Dicken","SIF"],"articleSection":["Ennakot"],"inLanguage":"fi"},{"@type":"WebPage","@id":"https:\/\/aktialiiga.fi\/naiset\/2013-2014\/ennakot-2013-2014\/sif-valmis-haastamaan-dickenin\/","url":"https:\/\/aktialiiga.fi\/naiset\/2013-2014\/ennakot-2013-2014\/sif-valmis-haastamaan-dickenin\/","name":"SIF valmis haastamaan Dickenin | K\u00e4sipallon naisten Aktialiiga","isPartOf":{"@id":"https:\/\/aktialiiga.fi\/naiset\/#website"},"primaryImageOfPage":{"@id":"https:\/\/aktialiiga.fi\/naiset\/2013-2014\/ennakot-2013-2014\/sif-valmis-haastamaan-dickenin\/#primaryimage"},"image":{"@id":"https:\/\/aktialiiga.fi\/naiset\/2013-2014\/ennakot-2013-2014\/sif-valmis-haastamaan-dickenin\/#primaryimage"},"thumbnailUrl":"https:\/\/aktialiiga.fi\/naiset\/wp-content\/uploads\/sites\/6\/2014\/04\/Palloja_maalissa_b.jpg","datePublished":"2014-04-02T17:04:34+00:00","dateModified":"2024-08-28T15:30:34+00:00","breadcrumb":{"@id":"https:\/\/aktialiiga.fi\/naiset\/2013-2014\/ennakot-2013-2014\/sif-valmis-haastamaan-dickenin\/#breadcrumb"},"inLanguage":"fi","potentialAction":[{"@type":"ReadAction","target":["https:\/\/aktialiiga.fi\/naiset\/2013-2014\/ennakot-2013-2014\/sif-valmis-haastamaan-dickenin\/"]}]},{"@type":"ImageObject","inLanguage":"fi","@id":"https:\/\/aktialiiga.fi\/naiset\/2013-2014\/ennakot-2013-2014\/sif-valmis-haastamaan-dickenin\/#primaryimage","url":"https:\/\/aktialiiga.fi\/naiset\/wp-content\/uploads\/sites\/6\/2014\/04\/Palloja_maalissa_b.jpg","contentUrl":"https:\/\/aktialiiga.fi\/naiset\/wp-content\/uploads\/sites\/6\/2014\/04\/Palloja_maalissa_b.jpg","width":300,"height":300,"caption":"Kuva: Juha Tamminen"},{"@type":"BreadcrumbList","@id":"https:\/\/aktialiiga.fi\/naiset\/2013-2014\/ennakot-2013-2014\/sif-valmis-haastamaan-dickenin\/#breadcrumb","itemListElement":[{"@type":"ListItem","position":1,"name":"Etusivu","item":"https:\/\/aktialiiga.fi\/naiset\/"},{"@type":"ListItem","position":2,"name":"SIF valmis haastamaan Dickenin"}]},{"@type":"WebSite","@id":"https:\/\/aktialiiga.fi\/naiset\/#website","url":"https:\/\/aktialiiga.fi\/naiset\/","name":"K\u00e4sipallon naisten Aktialiiga","description":"Valtakunnan vauhdikkainta palloilua!","publisher":{"@id":"https:\/\/aktialiiga.fi\/naiset\/#organization"},"potentialAction":[{"@type":"SearchAction","target":{"@type":"EntryPoint","urlTemplate":"https:\/\/aktialiiga.fi\/naiset\/?s={search_term_string}"},"query-input":{"@type":"PropertyValueSpecification","valueRequired":true,"valueName":"search_term_string"}}],"inLanguage":"fi"},{"@type":"Organization","@id":"https:\/\/aktialiiga.fi\/naiset\/#organization","name":"K\u00e4sipallon naisten Aktialiiga","url":"https:\/\/aktialiiga.fi\/naiset\/","logo":{"@type":"ImageObject","inLanguage":"fi","@id":"https:\/\/aktialiiga.fi\/naiset\/#\/schema\/logo\/image\/","url":"https:\/\/aktialiiga.fi\/naiset\/wp-content\/uploads\/sites\/6\/2024\/09\/Aktialiiga-Yoast-512.png","contentUrl":"https:\/\/aktialiiga.fi\/naiset\/wp-content\/uploads\/sites\/6\/2024\/09\/Aktialiiga-Yoast-512.png","width":512,"height":512,"caption":"K\u00e4sipallon naisten Aktialiiga"},"image":{"@id":"https:\/\/aktialiiga.fi\/naiset\/#\/schema\/logo\/image\/"},"sameAs":["https:\/\/www.facebook.com\/finnhandball","https:\/\/x.com\/finnhandball","https:\/\/www.instagram.com\/handballfinland\/"]},{"@type":"Person","@id":"https:\/\/aktialiiga.fi\/naiset\/#\/schema\/person\/c14bf42f47041db74603c45afcb18d87","name":"tbrmedia","image":{"@type":"ImageObject","inLanguage":"fi","@id":"https:\/\/secure.gravatar.com\/avatar\/ee975fa091fe581d12b60debb3439022686618368a7c142044c56724d4666b16?s=96&d=mm&r=g","url":"https:\/\/secure.gravatar.com\/avatar\/ee975fa091fe581d12b60debb3439022686618368a7c142044c56724d4666b16?s=96&d=mm&r=g","contentUrl":"https:\/\/secure.gravatar.com\/avatar\/ee975fa091fe581d12b60debb3439022686618368a7c142044c56724d4666b16?s=96&d=mm&r=g","caption":"tbrmedia"}}]}},"jetpack_featured_media_url":"https:\/\/aktialiiga.fi\/naiset\/wp-content\/uploads\/sites\/6\/2014\/04\/Palloja_maalissa_b.jpg","jetpack_sharing_enabled":true,"jetpack_shortlink":"https:\/\/wp.me\/pfYhm6-1ek","_links":{"self":[{"href":"https:\/\/aktialiiga.fi\/naiset\/wp-json\/wp\/v2\/posts\/4732","targetHints":{"allow":["GET"]}}],"collection":[{"href":"https:\/\/aktialiiga.fi\/naiset\/wp-json\/wp\/v2\/posts"}],"about":[{"href":"https:\/\/aktialiiga.fi\/naiset\/wp-json\/wp\/v2\/types\/post"}],"author":[{"embeddable":true,"href":"https:\/\/aktialiiga.fi\/naiset\/wp-json\/wp\/v2\/users\/13"}],"replies":[{"embeddable":true,"href":"https:\/\/aktialiiga.fi\/naiset\/wp-json\/wp\/v2\/comments?post=4732"}],"version-history":[{"count":1,"href":"https:\/\/aktialiiga.fi\/naiset\/wp-json\/wp\/v2\/posts\/4732\/revisions"}],"predecessor-version":[{"id":39414,"href":"https:\/\/aktialiiga.fi\/naiset\/wp-json\/wp\/v2\/posts\/4732\/revisions\/39414"}],"wp:featuredmedia":[{"embeddable":true,"href":"https:\/\/aktialiiga.fi\/naiset\/wp-json\/wp\/v2\/media\/4734"}],"wp:attachment":[{"href":"https:\/\/aktialiiga.fi\/naiset\/wp-json\/wp\/v2\/media?parent=4732"}],"wp:term":[{"taxonomy":"category","embeddable":true,"href":"https:\/\/aktialiiga.fi\/naiset\/wp-json\/wp\/v2\/categories?post=4732"},{"taxonomy":"post_tag","embeddable":true,"href":"https:\/\/aktialiiga.fi\/naiset\/wp-json\/wp\/v2\/tags?post=4732"}],"curies":[{"name":"wp","href":"https:\/\/api.w.org\/{rel}","templated":true}]}}