{"id":4780,"date":"2014-04-21T21:30:40","date_gmt":"2014-04-21T18:30:40","guid":{"rendered":"https:\/\/www.finnhandball.net\/nsm\/?p=4780"},"modified":"2024-08-28T18:30:33","modified_gmt":"2024-08-28T15:30:33","slug":"ken-sirenius-spartan-naisten-paavalmentajaksi","status":"publish","type":"post","link":"https:\/\/aktialiiga.fi\/naiset\/ajankohtaista\/ken-sirenius-spartan-naisten-paavalmentajaksi\/","title":{"rendered":"Ken Sirenius Spartan naisten p\u00e4\u00e4valmentajaksi"},"content":{"rendered":"<p>K\u00e4sipalloseura Sparta IF:n naisten joukkueen p\u00e4\u00e4valmentajaksi on nimetty Ken Sirenius. Erityisesti henkil\u00f6kohtaista valmentamista k\u00e4sipallossa painottava Sirenius pyrkii nostamaan joukkueen j\u00e4lleen mitalikantaan.<!--more--><\/p>\n<p>&#8211; Pirkkolassa n\u00e4hd\u00e4\u00e4n syksyll\u00e4 nopeaa ja \u00e4lyk\u00e4st\u00e4 k\u00e4sipalloa, Sirenius toteaa.<\/p>\n<p>Sireniuksen valmennussopimus on tehty kaudeksi 2014-2015. Spartan puheenjohtaja Katri Koskela iloitsee uudesta p\u00e4\u00e4valmentajasta.<\/p>\n<p>&#8211; Sirenius on luonnollinen valinta joukkueen valmentajaksi nelj\u00e4n vuoden t\u00e4ht\u00e4imell\u00e4 aloitettuun projektiin. H\u00e4nen vahvuutenaan on pelaajien henkil\u00f6kohtaisen tekniikan kehitt\u00e4minen, johon nyt seurassa panostetaan. Lis\u00e4ksi Sirenius tuntee vanhemmat pelaajat entuudestaan, sill\u00e4 h\u00e4n on ollut taustalla tekemisiss\u00e4 joukkueen kanssa jo vuosia.<\/p>\n<h3>Parempia k\u00e4sipalloilijoita<\/h3>\n<p>Vuonna 1955 perustettu Sparta IF on yksi Suomen menestyneimmist\u00e4 k\u00e4sipalloseuroista. Parin heikomman kauden j\u00e4lkeen seura haluaa j\u00e4lleen menesty\u00e4 naisten k\u00e4sipallon SM-sarjassa.<\/p>\n<p>Sirenius ottaa mielell\u00e4\u00e4n t\u00e4m\u00e4n haasteen vastaan tavoitteenaan kehitt\u00e4\u00e4 joukkueessa yksil\u00f6taitoja ja tehd\u00e4 jokaisesta pelaajasta parempi k\u00e4sipalloilija. Sirenius uskoo, ett\u00e4 v\u00e4hint\u00e4\u00e4n kahden vuoden sis\u00e4ll\u00e4 naisten kaulaan ripustetaan jonkinv\u00e4riset mitalit.<\/p>\n<p>&#8211; Joukkueessa on paljon potentiaalia ja paljon lupaavia nuoria pelaajia.<\/p>\n<p>My\u00f6s Koskela luottaa nuoriin pelaajiin.<\/p>\n<p>&#8211; Seuran lupaavat juniorit nostetaan nyt virallisesti naisten joukkueeseen.<\/p>\n<p>Kaudella 2014-2015 joukkueen kakkosvalmentajat ovat oman aktiiviuransa t\u00e4lt\u00e4 er\u00e4\u00e4 lopettanut Katri Koskela ja kaksi viimeist\u00e4 kautta p\u00e4\u00e4valmentajana toiminut Jarmo Weckstr\u00f6m.<\/p>\n","protected":false},"excerpt":{"rendered":"<p>K\u00e4sipalloseura Sparta IF:n naisten joukkueen p\u00e4\u00e4valmentajaksi on nimetty Ken Sirenius. Erityisesti henkil\u00f6kohtaista valmentamista k\u00e4sipallossa painottava Sirenius pyrkii nostamaan joukkueen j\u00e4lleen mitalikantaan.<\/p>\n","protected":false},"author":13,"featured_media":64,"comment_status":"closed","ping_status":"closed","sticky":false,"template":"","format":"standard","meta":{"_acf_changed":false,"jetpack_post_was_ever_published":false,"_jetpack_newsletter_access":"","_jetpack_dont_email_post_to_subs":false,"_jetpack_newsletter_tier_id":0,"_jetpack_memberships_contains_paywalled_content":false,"_jetpack_memberships_contains_paid_content":false,"footnotes":""},"categories":[2],"tags":[84],"class_list":["post-4780","post","type-post","status-publish","format-standard","has-post-thumbnail","hentry","category-ajankohtaista","tag-sparta"],"acf":[],"yoast_head":"<!-- This site is optimized with the Yoast SEO plugin v27.5 - https:\/\/yoast.com\/product\/yoast-seo-wordpress\/ -->\n<title>Ken Sirenius Spartan naisten p\u00e4\u00e4valmentajaksi | K\u00e4sipallon naisten Aktialiiga<\/title>\n<meta name=\"robots\" content=\"index, follow, max-snippet:-1, max-image-preview:large, max-video-preview:-1\" \/>\n<link rel=\"canonical\" href=\"https:\/\/aktialiiga.fi\/naiset\/ajankohtaista\/ken-sirenius-spartan-naisten-paavalmentajaksi\/\" \/>\n<meta property=\"og:locale\" content=\"fi_FI\" \/>\n<meta property=\"og:type\" content=\"article\" \/>\n<meta property=\"og:title\" content=\"Ken Sirenius Spartan naisten p\u00e4\u00e4valmentajaksi | K\u00e4sipallon naisten Aktialiiga\" \/>\n<meta property=\"og:description\" content=\"K\u00e4sipalloseura Sparta IF:n naisten joukkueen p\u00e4\u00e4valmentajaksi on nimetty Ken Sirenius. Erityisesti henkil\u00f6kohtaista valmentamista k\u00e4sipallossa painottava Sirenius pyrkii nostamaan joukkueen j\u00e4lleen mitalikantaan.\" \/>\n<meta property=\"og:url\" content=\"https:\/\/aktialiiga.fi\/naiset\/ajankohtaista\/ken-sirenius-spartan-naisten-paavalmentajaksi\/\" \/>\n<meta property=\"og:site_name\" content=\"K\u00e4sipallon naisten Aktialiiga\" \/>\n<meta property=\"article:publisher\" content=\"https:\/\/www.facebook.com\/finnhandball\" \/>\n<meta property=\"article:published_time\" content=\"2014-04-21T18:30:40+00:00\" \/>\n<meta property=\"article:modified_time\" content=\"2024-08-28T15:30:33+00:00\" \/>\n<meta property=\"og:image\" content=\"https:\/\/aktialiiga.fi\/naiset\/wp-content\/uploads\/sites\/6\/2011\/08\/logo-sparta.gif\" \/>\n\t<meta property=\"og:image:width\" content=\"100\" \/>\n\t<meta property=\"og:image:height\" content=\"115\" \/>\n\t<meta property=\"og:image:type\" content=\"image\/gif\" \/>\n<meta name=\"author\" content=\"tbrmedia\" \/>\n<meta name=\"twitter:card\" content=\"summary_large_image\" \/>\n<meta name=\"twitter:creator\" content=\"@finnhandball\" \/>\n<meta name=\"twitter:site\" content=\"@finnhandball\" \/>\n<script type=\"application\/ld+json\" class=\"yoast-schema-graph\">{\"@context\":\"https:\\\/\\\/schema.org\",\"@graph\":[{\"@type\":\"Article\",\"@id\":\"https:\\\/\\\/aktialiiga.fi\\\/naiset\\\/ajankohtaista\\\/ken-sirenius-spartan-naisten-paavalmentajaksi\\\/#article\",\"isPartOf\":{\"@id\":\"https:\\\/\\\/aktialiiga.fi\\\/naiset\\\/ajankohtaista\\\/ken-sirenius-spartan-naisten-paavalmentajaksi\\\/\"},\"author\":{\"name\":\"tbrmedia\",\"@id\":\"https:\\\/\\\/aktialiiga.fi\\\/naiset\\\/#\\\/schema\\\/person\\\/c14bf42f47041db74603c45afcb18d87\"},\"headline\":\"Ken Sirenius Spartan naisten p\u00e4\u00e4valmentajaksi\",\"datePublished\":\"2014-04-21T18:30:40+00:00\",\"dateModified\":\"2024-08-28T15:30:33+00:00\",\"mainEntityOfPage\":{\"@id\":\"https:\\\/\\\/aktialiiga.fi\\\/naiset\\\/ajankohtaista\\\/ken-sirenius-spartan-naisten-paavalmentajaksi\\\/\"},\"wordCount\":220,\"publisher\":{\"@id\":\"https:\\\/\\\/aktialiiga.fi\\\/naiset\\\/#organization\"},\"image\":{\"@id\":\"https:\\\/\\\/aktialiiga.fi\\\/naiset\\\/ajankohtaista\\\/ken-sirenius-spartan-naisten-paavalmentajaksi\\\/#primaryimage\"},\"thumbnailUrl\":\"https:\\\/\\\/aktialiiga.fi\\\/naiset\\\/wp-content\\\/uploads\\\/sites\\\/6\\\/2011\\\/08\\\/logo-sparta.gif\",\"keywords\":[\"Sparta\"],\"articleSection\":[\"Ajankohtaista\"],\"inLanguage\":\"fi\"},{\"@type\":\"WebPage\",\"@id\":\"https:\\\/\\\/aktialiiga.fi\\\/naiset\\\/ajankohtaista\\\/ken-sirenius-spartan-naisten-paavalmentajaksi\\\/\",\"url\":\"https:\\\/\\\/aktialiiga.fi\\\/naiset\\\/ajankohtaista\\\/ken-sirenius-spartan-naisten-paavalmentajaksi\\\/\",\"name\":\"Ken Sirenius Spartan naisten p\u00e4\u00e4valmentajaksi | K\u00e4sipallon naisten Aktialiiga\",\"isPartOf\":{\"@id\":\"https:\\\/\\\/aktialiiga.fi\\\/naiset\\\/#website\"},\"primaryImageOfPage\":{\"@id\":\"https:\\\/\\\/aktialiiga.fi\\\/naiset\\\/ajankohtaista\\\/ken-sirenius-spartan-naisten-paavalmentajaksi\\\/#primaryimage\"},\"image\":{\"@id\":\"https:\\\/\\\/aktialiiga.fi\\\/naiset\\\/ajankohtaista\\\/ken-sirenius-spartan-naisten-paavalmentajaksi\\\/#primaryimage\"},\"thumbnailUrl\":\"https:\\\/\\\/aktialiiga.fi\\\/naiset\\\/wp-content\\\/uploads\\\/sites\\\/6\\\/2011\\\/08\\\/logo-sparta.gif\",\"datePublished\":\"2014-04-21T18:30:40+00:00\",\"dateModified\":\"2024-08-28T15:30:33+00:00\",\"breadcrumb\":{\"@id\":\"https:\\\/\\\/aktialiiga.fi\\\/naiset\\\/ajankohtaista\\\/ken-sirenius-spartan-naisten-paavalmentajaksi\\\/#breadcrumb\"},\"inLanguage\":\"fi\",\"potentialAction\":[{\"@type\":\"ReadAction\",\"target\":[\"https:\\\/\\\/aktialiiga.fi\\\/naiset\\\/ajankohtaista\\\/ken-sirenius-spartan-naisten-paavalmentajaksi\\\/\"]}]},{\"@type\":\"ImageObject\",\"inLanguage\":\"fi\",\"@id\":\"https:\\\/\\\/aktialiiga.fi\\\/naiset\\\/ajankohtaista\\\/ken-sirenius-spartan-naisten-paavalmentajaksi\\\/#primaryimage\",\"url\":\"https:\\\/\\\/aktialiiga.fi\\\/naiset\\\/wp-content\\\/uploads\\\/sites\\\/6\\\/2011\\\/08\\\/logo-sparta.gif\",\"contentUrl\":\"https:\\\/\\\/aktialiiga.fi\\\/naiset\\\/wp-content\\\/uploads\\\/sites\\\/6\\\/2011\\\/08\\\/logo-sparta.gif\",\"width\":100,\"height\":115,\"caption\":\"Sparta, Helsinki\"},{\"@type\":\"BreadcrumbList\",\"@id\":\"https:\\\/\\\/aktialiiga.fi\\\/naiset\\\/ajankohtaista\\\/ken-sirenius-spartan-naisten-paavalmentajaksi\\\/#breadcrumb\",\"itemListElement\":[{\"@type\":\"ListItem\",\"position\":1,\"name\":\"Etusivu\",\"item\":\"https:\\\/\\\/aktialiiga.fi\\\/naiset\\\/\"},{\"@type\":\"ListItem\",\"position\":2,\"name\":\"Ken Sirenius Spartan naisten p\u00e4\u00e4valmentajaksi\"}]},{\"@type\":\"WebSite\",\"@id\":\"https:\\\/\\\/aktialiiga.fi\\\/naiset\\\/#website\",\"url\":\"https:\\\/\\\/aktialiiga.fi\\\/naiset\\\/\",\"name\":\"K\u00e4sipallon naisten Aktialiiga\",\"description\":\"Valtakunnan vauhdikkainta palloilua!\",\"publisher\":{\"@id\":\"https:\\\/\\\/aktialiiga.fi\\\/naiset\\\/#organization\"},\"potentialAction\":[{\"@type\":\"SearchAction\",\"target\":{\"@type\":\"EntryPoint\",\"urlTemplate\":\"https:\\\/\\\/aktialiiga.fi\\\/naiset\\\/?s={search_term_string}\"},\"query-input\":{\"@type\":\"PropertyValueSpecification\",\"valueRequired\":true,\"valueName\":\"search_term_string\"}}],\"inLanguage\":\"fi\"},{\"@type\":\"Organization\",\"@id\":\"https:\\\/\\\/aktialiiga.fi\\\/naiset\\\/#organization\",\"name\":\"K\u00e4sipallon naisten Aktialiiga\",\"url\":\"https:\\\/\\\/aktialiiga.fi\\\/naiset\\\/\",\"logo\":{\"@type\":\"ImageObject\",\"inLanguage\":\"fi\",\"@id\":\"https:\\\/\\\/aktialiiga.fi\\\/naiset\\\/#\\\/schema\\\/logo\\\/image\\\/\",\"url\":\"https:\\\/\\\/aktialiiga.fi\\\/naiset\\\/wp-content\\\/uploads\\\/sites\\\/6\\\/2024\\\/09\\\/Aktialiiga-Yoast-512.png\",\"contentUrl\":\"https:\\\/\\\/aktialiiga.fi\\\/naiset\\\/wp-content\\\/uploads\\\/sites\\\/6\\\/2024\\\/09\\\/Aktialiiga-Yoast-512.png\",\"width\":512,\"height\":512,\"caption\":\"K\u00e4sipallon naisten Aktialiiga\"},\"image\":{\"@id\":\"https:\\\/\\\/aktialiiga.fi\\\/naiset\\\/#\\\/schema\\\/logo\\\/image\\\/\"},\"sameAs\":[\"https:\\\/\\\/www.facebook.com\\\/finnhandball\",\"https:\\\/\\\/x.com\\\/finnhandball\",\"https:\\\/\\\/www.instagram.com\\\/handballfinland\\\/\"]},{\"@type\":\"Person\",\"@id\":\"https:\\\/\\\/aktialiiga.fi\\\/naiset\\\/#\\\/schema\\\/person\\\/c14bf42f47041db74603c45afcb18d87\",\"name\":\"tbrmedia\",\"image\":{\"@type\":\"ImageObject\",\"inLanguage\":\"fi\",\"@id\":\"https:\\\/\\\/secure.gravatar.com\\\/avatar\\\/ee975fa091fe581d12b60debb3439022686618368a7c142044c56724d4666b16?s=96&d=mm&r=g\",\"url\":\"https:\\\/\\\/secure.gravatar.com\\\/avatar\\\/ee975fa091fe581d12b60debb3439022686618368a7c142044c56724d4666b16?s=96&d=mm&r=g\",\"contentUrl\":\"https:\\\/\\\/secure.gravatar.com\\\/avatar\\\/ee975fa091fe581d12b60debb3439022686618368a7c142044c56724d4666b16?s=96&d=mm&r=g\",\"caption\":\"tbrmedia\"}}]}<\/script>\n<!-- \/ Yoast SEO plugin. -->","yoast_head_json":{"title":"Ken Sirenius Spartan naisten p\u00e4\u00e4valmentajaksi | K\u00e4sipallon naisten Aktialiiga","robots":{"index":"index","follow":"follow","max-snippet":"max-snippet:-1","max-image-preview":"max-image-preview:large","max-video-preview":"max-video-preview:-1"},"canonical":"https:\/\/aktialiiga.fi\/naiset\/ajankohtaista\/ken-sirenius-spartan-naisten-paavalmentajaksi\/","og_locale":"fi_FI","og_type":"article","og_title":"Ken Sirenius Spartan naisten p\u00e4\u00e4valmentajaksi | K\u00e4sipallon naisten Aktialiiga","og_description":"K\u00e4sipalloseura Sparta IF:n naisten joukkueen p\u00e4\u00e4valmentajaksi on nimetty Ken Sirenius. Erityisesti henkil\u00f6kohtaista valmentamista k\u00e4sipallossa painottava Sirenius pyrkii nostamaan joukkueen j\u00e4lleen mitalikantaan.","og_url":"https:\/\/aktialiiga.fi\/naiset\/ajankohtaista\/ken-sirenius-spartan-naisten-paavalmentajaksi\/","og_site_name":"K\u00e4sipallon naisten Aktialiiga","article_publisher":"https:\/\/www.facebook.com\/finnhandball","article_published_time":"2014-04-21T18:30:40+00:00","article_modified_time":"2024-08-28T15:30:33+00:00","og_image":[{"width":100,"height":115,"url":"https:\/\/aktialiiga.fi\/naiset\/wp-content\/uploads\/sites\/6\/2011\/08\/logo-sparta.gif","type":"image\/gif"}],"author":"tbrmedia","twitter_card":"summary_large_image","twitter_creator":"@finnhandball","twitter_site":"@finnhandball","schema":{"@context":"https:\/\/schema.org","@graph":[{"@type":"Article","@id":"https:\/\/aktialiiga.fi\/naiset\/ajankohtaista\/ken-sirenius-spartan-naisten-paavalmentajaksi\/#article","isPartOf":{"@id":"https:\/\/aktialiiga.fi\/naiset\/ajankohtaista\/ken-sirenius-spartan-naisten-paavalmentajaksi\/"},"author":{"name":"tbrmedia","@id":"https:\/\/aktialiiga.fi\/naiset\/#\/schema\/person\/c14bf42f47041db74603c45afcb18d87"},"headline":"Ken Sirenius Spartan naisten p\u00e4\u00e4valmentajaksi","datePublished":"2014-04-21T18:30:40+00:00","dateModified":"2024-08-28T15:30:33+00:00","mainEntityOfPage":{"@id":"https:\/\/aktialiiga.fi\/naiset\/ajankohtaista\/ken-sirenius-spartan-naisten-paavalmentajaksi\/"},"wordCount":220,"publisher":{"@id":"https:\/\/aktialiiga.fi\/naiset\/#organization"},"image":{"@id":"https:\/\/aktialiiga.fi\/naiset\/ajankohtaista\/ken-sirenius-spartan-naisten-paavalmentajaksi\/#primaryimage"},"thumbnailUrl":"https:\/\/aktialiiga.fi\/naiset\/wp-content\/uploads\/sites\/6\/2011\/08\/logo-sparta.gif","keywords":["Sparta"],"articleSection":["Ajankohtaista"],"inLanguage":"fi"},{"@type":"WebPage","@id":"https:\/\/aktialiiga.fi\/naiset\/ajankohtaista\/ken-sirenius-spartan-naisten-paavalmentajaksi\/","url":"https:\/\/aktialiiga.fi\/naiset\/ajankohtaista\/ken-sirenius-spartan-naisten-paavalmentajaksi\/","name":"Ken Sirenius Spartan naisten p\u00e4\u00e4valmentajaksi | K\u00e4sipallon naisten Aktialiiga","isPartOf":{"@id":"https:\/\/aktialiiga.fi\/naiset\/#website"},"primaryImageOfPage":{"@id":"https:\/\/aktialiiga.fi\/naiset\/ajankohtaista\/ken-sirenius-spartan-naisten-paavalmentajaksi\/#primaryimage"},"image":{"@id":"https:\/\/aktialiiga.fi\/naiset\/ajankohtaista\/ken-sirenius-spartan-naisten-paavalmentajaksi\/#primaryimage"},"thumbnailUrl":"https:\/\/aktialiiga.fi\/naiset\/wp-content\/uploads\/sites\/6\/2011\/08\/logo-sparta.gif","datePublished":"2014-04-21T18:30:40+00:00","dateModified":"2024-08-28T15:30:33+00:00","breadcrumb":{"@id":"https:\/\/aktialiiga.fi\/naiset\/ajankohtaista\/ken-sirenius-spartan-naisten-paavalmentajaksi\/#breadcrumb"},"inLanguage":"fi","potentialAction":[{"@type":"ReadAction","target":["https:\/\/aktialiiga.fi\/naiset\/ajankohtaista\/ken-sirenius-spartan-naisten-paavalmentajaksi\/"]}]},{"@type":"ImageObject","inLanguage":"fi","@id":"https:\/\/aktialiiga.fi\/naiset\/ajankohtaista\/ken-sirenius-spartan-naisten-paavalmentajaksi\/#primaryimage","url":"https:\/\/aktialiiga.fi\/naiset\/wp-content\/uploads\/sites\/6\/2011\/08\/logo-sparta.gif","contentUrl":"https:\/\/aktialiiga.fi\/naiset\/wp-content\/uploads\/sites\/6\/2011\/08\/logo-sparta.gif","width":100,"height":115,"caption":"Sparta, Helsinki"},{"@type":"BreadcrumbList","@id":"https:\/\/aktialiiga.fi\/naiset\/ajankohtaista\/ken-sirenius-spartan-naisten-paavalmentajaksi\/#breadcrumb","itemListElement":[{"@type":"ListItem","position":1,"name":"Etusivu","item":"https:\/\/aktialiiga.fi\/naiset\/"},{"@type":"ListItem","position":2,"name":"Ken Sirenius Spartan naisten p\u00e4\u00e4valmentajaksi"}]},{"@type":"WebSite","@id":"https:\/\/aktialiiga.fi\/naiset\/#website","url":"https:\/\/aktialiiga.fi\/naiset\/","name":"K\u00e4sipallon naisten Aktialiiga","description":"Valtakunnan vauhdikkainta palloilua!","publisher":{"@id":"https:\/\/aktialiiga.fi\/naiset\/#organization"},"potentialAction":[{"@type":"SearchAction","target":{"@type":"EntryPoint","urlTemplate":"https:\/\/aktialiiga.fi\/naiset\/?s={search_term_string}"},"query-input":{"@type":"PropertyValueSpecification","valueRequired":true,"valueName":"search_term_string"}}],"inLanguage":"fi"},{"@type":"Organization","@id":"https:\/\/aktialiiga.fi\/naiset\/#organization","name":"K\u00e4sipallon naisten Aktialiiga","url":"https:\/\/aktialiiga.fi\/naiset\/","logo":{"@type":"ImageObject","inLanguage":"fi","@id":"https:\/\/aktialiiga.fi\/naiset\/#\/schema\/logo\/image\/","url":"https:\/\/aktialiiga.fi\/naiset\/wp-content\/uploads\/sites\/6\/2024\/09\/Aktialiiga-Yoast-512.png","contentUrl":"https:\/\/aktialiiga.fi\/naiset\/wp-content\/uploads\/sites\/6\/2024\/09\/Aktialiiga-Yoast-512.png","width":512,"height":512,"caption":"K\u00e4sipallon naisten Aktialiiga"},"image":{"@id":"https:\/\/aktialiiga.fi\/naiset\/#\/schema\/logo\/image\/"},"sameAs":["https:\/\/www.facebook.com\/finnhandball","https:\/\/x.com\/finnhandball","https:\/\/www.instagram.com\/handballfinland\/"]},{"@type":"Person","@id":"https:\/\/aktialiiga.fi\/naiset\/#\/schema\/person\/c14bf42f47041db74603c45afcb18d87","name":"tbrmedia","image":{"@type":"ImageObject","inLanguage":"fi","@id":"https:\/\/secure.gravatar.com\/avatar\/ee975fa091fe581d12b60debb3439022686618368a7c142044c56724d4666b16?s=96&d=mm&r=g","url":"https:\/\/secure.gravatar.com\/avatar\/ee975fa091fe581d12b60debb3439022686618368a7c142044c56724d4666b16?s=96&d=mm&r=g","contentUrl":"https:\/\/secure.gravatar.com\/avatar\/ee975fa091fe581d12b60debb3439022686618368a7c142044c56724d4666b16?s=96&d=mm&r=g","caption":"tbrmedia"}}]}},"jetpack_featured_media_url":"https:\/\/aktialiiga.fi\/naiset\/wp-content\/uploads\/sites\/6\/2011\/08\/logo-sparta.gif","jetpack_sharing_enabled":true,"jetpack_shortlink":"https:\/\/wp.me\/pfYhm6-1f6","_links":{"self":[{"href":"https:\/\/aktialiiga.fi\/naiset\/wp-json\/wp\/v2\/posts\/4780","targetHints":{"allow":["GET"]}}],"collection":[{"href":"https:\/\/aktialiiga.fi\/naiset\/wp-json\/wp\/v2\/posts"}],"about":[{"href":"https:\/\/aktialiiga.fi\/naiset\/wp-json\/wp\/v2\/types\/post"}],"author":[{"embeddable":true,"href":"https:\/\/aktialiiga.fi\/naiset\/wp-json\/wp\/v2\/users\/13"}],"replies":[{"embeddable":true,"href":"https:\/\/aktialiiga.fi\/naiset\/wp-json\/wp\/v2\/comments?post=4780"}],"version-history":[{"count":1,"href":"https:\/\/aktialiiga.fi\/naiset\/wp-json\/wp\/v2\/posts\/4780\/revisions"}],"predecessor-version":[{"id":39400,"href":"https:\/\/aktialiiga.fi\/naiset\/wp-json\/wp\/v2\/posts\/4780\/revisions\/39400"}],"wp:featuredmedia":[{"embeddable":true,"href":"https:\/\/aktialiiga.fi\/naiset\/wp-json\/wp\/v2\/media\/64"}],"wp:attachment":[{"href":"https:\/\/aktialiiga.fi\/naiset\/wp-json\/wp\/v2\/media?parent=4780"}],"wp:term":[{"taxonomy":"category","embeddable":true,"href":"https:\/\/aktialiiga.fi\/naiset\/wp-json\/wp\/v2\/categories?post=4780"},{"taxonomy":"post_tag","embeddable":true,"href":"https:\/\/aktialiiga.fi\/naiset\/wp-json\/wp\/v2\/tags?post=4780"}],"curies":[{"name":"wp","href":"https:\/\/api.w.org\/{rel}","templated":true}]}}