{"id":4808,"date":"2014-04-25T20:23:19","date_gmt":"2014-04-25T17:23:19","guid":{"rendered":"https:\/\/www.finnhandball.net\/nsm\/?p=4808"},"modified":"2024-08-28T18:30:33","modified_gmt":"2024-08-28T15:30:33","slug":"sif-juhli-pronssia-kotiyleisonsa-edessa","status":"publish","type":"post","link":"https:\/\/aktialiiga.fi\/naiset\/2013-2014\/ottelut-2013-2014\/play-off-2013-2014\/sif-juhli-pronssia-kotiyleisonsa-edessa\/","title":{"rendered":"SIF juhli pronssia kotiyleis\u00f6ns\u00e4 edess\u00e4"},"content":{"rendered":"<p>Kauden 2013-14 SM-sarjan viimeistenkin mitalien kohtalo ratkesi perjantaina. SIF kaatoi kotiyleis\u00f6ns\u00e4 edess\u00e4 toisessa pronssiottelussa Atlaksen maalein 28-23 ja vei mitalit nimiins\u00e4 kahden ottelun yhteismaalein 57-44.<!--more--><\/p>\n<p>SIF l\u00e4hti otteluun kahdeksan maalin etumatkan turvin ja l\u00e4hti kasvattamaan t\u00e4t\u00e4 heti alkuminuuteista l\u00e4htien. Siuntiolaisten johto kasvoi tasaisesti aina seitsem\u00e4\u00e4n maaliin, kunnes Atlas p\u00e4\u00e4si paremmin peliin mukaan ja avausjakson loppu edettiin suhteellisen tasatahtia.<\/p>\n<p>Toisella puoliajalla ero vaihteli 6-9 maalin v\u00e4lill\u00e4, mutta pronssimitalien kohtalo alkoi varmistua minuutti minuutilta. Atlas ei pystynyt kunnolla uhkaamaan SIF:n voittoa ottelussa &#8211; saati yhteismaaleissa. Loppunumerot SIF:lle kirjattiin 28-23 ja yhteismaaleissa ero tuli 13 osuman verran.<\/p>\n<p>SIF valmentaja Marcus Sj\u00f6stedt saattoi olla tyytyv\u00e4in kauden p\u00e4\u00e4tytty\u00e4 juhlaan.<\/p>\n<p>&#8211;\u00a0Peli oli hallussa ja se oli iloista ja rentoa. Mitalia haettiin ja voitimme pronssisen, Sj\u00f6stedt summasi.<\/p>\n<p>Samoilla mietteill\u00e4 oli kolmen t\u00e4hden pelaaja Sanna Ylipuranen<\/p>\n<p>&#8211;\u00a0 Eritt\u00e4in hyv\u00e4\u00e4 ja hauskaa peli\u00e4. Oli kiva lopettaa kausi mitalilla.<\/p>\n<p>Atlas-valmentaja Kari-Petri Kallio antoi tilaa pronssijuhlijoille:<\/p>\n<p>&#8211;\u00a0Onneksi olkoon SIF naiset, Kallio toivotti.<\/p>\n<p><strong>SIF &#8211; Atlas 28-23 (14-8)<\/strong><br \/>\n<em><strong> (SIF:lle pronssia yhteismaalein 57-44)<\/strong><\/em><\/p>\n<p><strong>Maalintekij\u00e4t<\/strong>:<br \/>\nSIF: Madeleine Lindholm 6, Sanna Ylipuranen 6, Carolina Rehnberg 5, Linda Olin 3, Janica Tallqvist 2. Inka S\u00f6derstr\u00f6m 2, Carolina Roos 2, Emmi Perovuo 1, Anni Joensuu 1<br \/>\nAtlas: Tiina Helaskoski 4, Annika Sj\u00f6lund 3, Isa Jauhiainen 3, Adriana Jakimova 2, Emmi H\u00f6gbacka 2, Anu Pihlstr\u00f6m 2, Jenna Martikainen 2, Nea Heerman 2, Tiina Ahovaara 1, Ami Kunttu 1, Maju Lindberg 1<\/p>\n<p><strong>Varoitukset<\/strong>:<br \/>\nSIF: Madeleine Lindholm, Carolina Roos<br \/>\nAtlas: Noora Ekstr\u00f6m, Isa Jauhiainen<\/p>\n<p><strong>Ulosajot<\/strong>:<br \/>\nSIF: Janika Tallqvist<br \/>\nAtlas: Tiina Helaskoski<\/p>\n<p><strong>L\u00e4hiTapiola-t\u00e4hdet:<\/strong><br \/>\n*** Sanna Ylipuranen, SIF<br \/>\n** Madeleine Lindholm, SIF<br \/>\n* Nea Heerman, Atlas<\/p>\n","protected":false},"excerpt":{"rendered":"<p>Kauden 2013-14 SM-sarjan viimeistenkin mitalien kohtalo ratkesi perjantaina. SIF kaatoi kotiyleis\u00f6ns\u00e4 edess\u00e4 toisessa pronssiottelussa Atlaksen maalein 28-23 ja vei mitalit nimiins\u00e4 kahden ottelun yhteismaalein 57-44.<\/p>\n","protected":false},"author":13,"featured_media":4162,"comment_status":"closed","ping_status":"closed","sticky":false,"template":"","format":"standard","meta":{"_acf_changed":false,"jetpack_post_was_ever_published":false,"_jetpack_newsletter_access":"","_jetpack_dont_email_post_to_subs":false,"_jetpack_newsletter_tier_id":0,"_jetpack_memberships_contains_paywalled_content":false,"_jetpack_memberships_contains_paid_content":false,"footnotes":""},"categories":[23],"tags":[48,81],"class_list":["post-4808","post","type-post","status-publish","format-standard","has-post-thumbnail","hentry","category-play-off-2013-2014","tag-atlas","tag-sif"],"acf":[],"yoast_head":"<!-- This site is optimized with the Yoast SEO plugin v27.5 - https:\/\/yoast.com\/product\/yoast-seo-wordpress\/ -->\n<title>SIF juhli pronssia kotiyleis\u00f6ns\u00e4 edess\u00e4 | K\u00e4sipallon naisten Aktialiiga<\/title>\n<meta name=\"robots\" content=\"index, follow, max-snippet:-1, max-image-preview:large, max-video-preview:-1\" \/>\n<link rel=\"canonical\" href=\"https:\/\/aktialiiga.fi\/naiset\/2013-2014\/ottelut-2013-2014\/play-off-2013-2014\/sif-juhli-pronssia-kotiyleisonsa-edessa\/\" \/>\n<meta property=\"og:locale\" content=\"fi_FI\" \/>\n<meta property=\"og:type\" content=\"article\" \/>\n<meta property=\"og:title\" content=\"SIF juhli pronssia kotiyleis\u00f6ns\u00e4 edess\u00e4 | K\u00e4sipallon naisten Aktialiiga\" \/>\n<meta property=\"og:description\" content=\"Kauden 2013-14 SM-sarjan viimeistenkin mitalien kohtalo ratkesi perjantaina. SIF kaatoi kotiyleis\u00f6ns\u00e4 edess\u00e4 toisessa pronssiottelussa Atlaksen maalein 28-23 ja vei mitalit nimiins\u00e4 kahden ottelun yhteismaalein 57-44.\" \/>\n<meta property=\"og:url\" content=\"https:\/\/aktialiiga.fi\/naiset\/2013-2014\/ottelut-2013-2014\/play-off-2013-2014\/sif-juhli-pronssia-kotiyleisonsa-edessa\/\" \/>\n<meta property=\"og:site_name\" content=\"K\u00e4sipallon naisten Aktialiiga\" \/>\n<meta property=\"article:publisher\" content=\"https:\/\/www.facebook.com\/finnhandball\" \/>\n<meta property=\"article:published_time\" content=\"2014-04-25T17:23:19+00:00\" \/>\n<meta property=\"article:modified_time\" content=\"2024-08-28T15:30:33+00:00\" \/>\n<meta property=\"og:image\" content=\"https:\/\/aktialiiga.fi\/naiset\/wp-content\/uploads\/sites\/6\/2013\/09\/sif_2013-14.jpg\" \/>\n\t<meta property=\"og:image:width\" content=\"1024\" \/>\n\t<meta property=\"og:image:height\" content=\"628\" \/>\n\t<meta property=\"og:image:type\" content=\"image\/jpeg\" \/>\n<meta name=\"author\" content=\"tbrmedia\" \/>\n<meta name=\"twitter:card\" content=\"summary_large_image\" \/>\n<meta name=\"twitter:creator\" content=\"@finnhandball\" \/>\n<meta name=\"twitter:site\" content=\"@finnhandball\" \/>\n<script type=\"application\/ld+json\" class=\"yoast-schema-graph\">{\"@context\":\"https:\\\/\\\/schema.org\",\"@graph\":[{\"@type\":\"Article\",\"@id\":\"https:\\\/\\\/aktialiiga.fi\\\/naiset\\\/2013-2014\\\/ottelut-2013-2014\\\/play-off-2013-2014\\\/sif-juhli-pronssia-kotiyleisonsa-edessa\\\/#article\",\"isPartOf\":{\"@id\":\"https:\\\/\\\/aktialiiga.fi\\\/naiset\\\/2013-2014\\\/ottelut-2013-2014\\\/play-off-2013-2014\\\/sif-juhli-pronssia-kotiyleisonsa-edessa\\\/\"},\"author\":{\"name\":\"tbrmedia\",\"@id\":\"https:\\\/\\\/aktialiiga.fi\\\/naiset\\\/#\\\/schema\\\/person\\\/c14bf42f47041db74603c45afcb18d87\"},\"headline\":\"SIF juhli pronssia kotiyleis\u00f6ns\u00e4 edess\u00e4\",\"datePublished\":\"2014-04-25T17:23:19+00:00\",\"dateModified\":\"2024-08-28T15:30:33+00:00\",\"mainEntityOfPage\":{\"@id\":\"https:\\\/\\\/aktialiiga.fi\\\/naiset\\\/2013-2014\\\/ottelut-2013-2014\\\/play-off-2013-2014\\\/sif-juhli-pronssia-kotiyleisonsa-edessa\\\/\"},\"wordCount\":264,\"publisher\":{\"@id\":\"https:\\\/\\\/aktialiiga.fi\\\/naiset\\\/#organization\"},\"image\":{\"@id\":\"https:\\\/\\\/aktialiiga.fi\\\/naiset\\\/2013-2014\\\/ottelut-2013-2014\\\/play-off-2013-2014\\\/sif-juhli-pronssia-kotiyleisonsa-edessa\\\/#primaryimage\"},\"thumbnailUrl\":\"https:\\\/\\\/aktialiiga.fi\\\/naiset\\\/wp-content\\\/uploads\\\/sites\\\/6\\\/2013\\\/09\\\/sif_2013-14.jpg\",\"keywords\":[\"Atlas\",\"SIF\"],\"articleSection\":[\"Play off\"],\"inLanguage\":\"fi\"},{\"@type\":\"WebPage\",\"@id\":\"https:\\\/\\\/aktialiiga.fi\\\/naiset\\\/2013-2014\\\/ottelut-2013-2014\\\/play-off-2013-2014\\\/sif-juhli-pronssia-kotiyleisonsa-edessa\\\/\",\"url\":\"https:\\\/\\\/aktialiiga.fi\\\/naiset\\\/2013-2014\\\/ottelut-2013-2014\\\/play-off-2013-2014\\\/sif-juhli-pronssia-kotiyleisonsa-edessa\\\/\",\"name\":\"SIF juhli pronssia kotiyleis\u00f6ns\u00e4 edess\u00e4 | K\u00e4sipallon naisten Aktialiiga\",\"isPartOf\":{\"@id\":\"https:\\\/\\\/aktialiiga.fi\\\/naiset\\\/#website\"},\"primaryImageOfPage\":{\"@id\":\"https:\\\/\\\/aktialiiga.fi\\\/naiset\\\/2013-2014\\\/ottelut-2013-2014\\\/play-off-2013-2014\\\/sif-juhli-pronssia-kotiyleisonsa-edessa\\\/#primaryimage\"},\"image\":{\"@id\":\"https:\\\/\\\/aktialiiga.fi\\\/naiset\\\/2013-2014\\\/ottelut-2013-2014\\\/play-off-2013-2014\\\/sif-juhli-pronssia-kotiyleisonsa-edessa\\\/#primaryimage\"},\"thumbnailUrl\":\"https:\\\/\\\/aktialiiga.fi\\\/naiset\\\/wp-content\\\/uploads\\\/sites\\\/6\\\/2013\\\/09\\\/sif_2013-14.jpg\",\"datePublished\":\"2014-04-25T17:23:19+00:00\",\"dateModified\":\"2024-08-28T15:30:33+00:00\",\"breadcrumb\":{\"@id\":\"https:\\\/\\\/aktialiiga.fi\\\/naiset\\\/2013-2014\\\/ottelut-2013-2014\\\/play-off-2013-2014\\\/sif-juhli-pronssia-kotiyleisonsa-edessa\\\/#breadcrumb\"},\"inLanguage\":\"fi\",\"potentialAction\":[{\"@type\":\"ReadAction\",\"target\":[\"https:\\\/\\\/aktialiiga.fi\\\/naiset\\\/2013-2014\\\/ottelut-2013-2014\\\/play-off-2013-2014\\\/sif-juhli-pronssia-kotiyleisonsa-edessa\\\/\"]}]},{\"@type\":\"ImageObject\",\"inLanguage\":\"fi\",\"@id\":\"https:\\\/\\\/aktialiiga.fi\\\/naiset\\\/2013-2014\\\/ottelut-2013-2014\\\/play-off-2013-2014\\\/sif-juhli-pronssia-kotiyleisonsa-edessa\\\/#primaryimage\",\"url\":\"https:\\\/\\\/aktialiiga.fi\\\/naiset\\\/wp-content\\\/uploads\\\/sites\\\/6\\\/2013\\\/09\\\/sif_2013-14.jpg\",\"contentUrl\":\"https:\\\/\\\/aktialiiga.fi\\\/naiset\\\/wp-content\\\/uploads\\\/sites\\\/6\\\/2013\\\/09\\\/sif_2013-14.jpg\",\"width\":1024,\"height\":628,\"caption\":\"SIF:n naisten edustusjoukkue 2013-2014\"},{\"@type\":\"BreadcrumbList\",\"@id\":\"https:\\\/\\\/aktialiiga.fi\\\/naiset\\\/2013-2014\\\/ottelut-2013-2014\\\/play-off-2013-2014\\\/sif-juhli-pronssia-kotiyleisonsa-edessa\\\/#breadcrumb\",\"itemListElement\":[{\"@type\":\"ListItem\",\"position\":1,\"name\":\"Etusivu\",\"item\":\"https:\\\/\\\/aktialiiga.fi\\\/naiset\\\/\"},{\"@type\":\"ListItem\",\"position\":2,\"name\":\"SIF juhli pronssia kotiyleis\u00f6ns\u00e4 edess\u00e4\"}]},{\"@type\":\"WebSite\",\"@id\":\"https:\\\/\\\/aktialiiga.fi\\\/naiset\\\/#website\",\"url\":\"https:\\\/\\\/aktialiiga.fi\\\/naiset\\\/\",\"name\":\"K\u00e4sipallon naisten Aktialiiga\",\"description\":\"Valtakunnan vauhdikkainta palloilua!\",\"publisher\":{\"@id\":\"https:\\\/\\\/aktialiiga.fi\\\/naiset\\\/#organization\"},\"potentialAction\":[{\"@type\":\"SearchAction\",\"target\":{\"@type\":\"EntryPoint\",\"urlTemplate\":\"https:\\\/\\\/aktialiiga.fi\\\/naiset\\\/?s={search_term_string}\"},\"query-input\":{\"@type\":\"PropertyValueSpecification\",\"valueRequired\":true,\"valueName\":\"search_term_string\"}}],\"inLanguage\":\"fi\"},{\"@type\":\"Organization\",\"@id\":\"https:\\\/\\\/aktialiiga.fi\\\/naiset\\\/#organization\",\"name\":\"K\u00e4sipallon naisten Aktialiiga\",\"url\":\"https:\\\/\\\/aktialiiga.fi\\\/naiset\\\/\",\"logo\":{\"@type\":\"ImageObject\",\"inLanguage\":\"fi\",\"@id\":\"https:\\\/\\\/aktialiiga.fi\\\/naiset\\\/#\\\/schema\\\/logo\\\/image\\\/\",\"url\":\"https:\\\/\\\/aktialiiga.fi\\\/naiset\\\/wp-content\\\/uploads\\\/sites\\\/6\\\/2024\\\/09\\\/Aktialiiga-Yoast-512.png\",\"contentUrl\":\"https:\\\/\\\/aktialiiga.fi\\\/naiset\\\/wp-content\\\/uploads\\\/sites\\\/6\\\/2024\\\/09\\\/Aktialiiga-Yoast-512.png\",\"width\":512,\"height\":512,\"caption\":\"K\u00e4sipallon naisten Aktialiiga\"},\"image\":{\"@id\":\"https:\\\/\\\/aktialiiga.fi\\\/naiset\\\/#\\\/schema\\\/logo\\\/image\\\/\"},\"sameAs\":[\"https:\\\/\\\/www.facebook.com\\\/finnhandball\",\"https:\\\/\\\/x.com\\\/finnhandball\",\"https:\\\/\\\/www.instagram.com\\\/handballfinland\\\/\"]},{\"@type\":\"Person\",\"@id\":\"https:\\\/\\\/aktialiiga.fi\\\/naiset\\\/#\\\/schema\\\/person\\\/c14bf42f47041db74603c45afcb18d87\",\"name\":\"tbrmedia\",\"image\":{\"@type\":\"ImageObject\",\"inLanguage\":\"fi\",\"@id\":\"https:\\\/\\\/secure.gravatar.com\\\/avatar\\\/ee975fa091fe581d12b60debb3439022686618368a7c142044c56724d4666b16?s=96&d=mm&r=g\",\"url\":\"https:\\\/\\\/secure.gravatar.com\\\/avatar\\\/ee975fa091fe581d12b60debb3439022686618368a7c142044c56724d4666b16?s=96&d=mm&r=g\",\"contentUrl\":\"https:\\\/\\\/secure.gravatar.com\\\/avatar\\\/ee975fa091fe581d12b60debb3439022686618368a7c142044c56724d4666b16?s=96&d=mm&r=g\",\"caption\":\"tbrmedia\"}}]}<\/script>\n<!-- \/ Yoast SEO plugin. -->","yoast_head_json":{"title":"SIF juhli pronssia kotiyleis\u00f6ns\u00e4 edess\u00e4 | K\u00e4sipallon naisten Aktialiiga","robots":{"index":"index","follow":"follow","max-snippet":"max-snippet:-1","max-image-preview":"max-image-preview:large","max-video-preview":"max-video-preview:-1"},"canonical":"https:\/\/aktialiiga.fi\/naiset\/2013-2014\/ottelut-2013-2014\/play-off-2013-2014\/sif-juhli-pronssia-kotiyleisonsa-edessa\/","og_locale":"fi_FI","og_type":"article","og_title":"SIF juhli pronssia kotiyleis\u00f6ns\u00e4 edess\u00e4 | K\u00e4sipallon naisten Aktialiiga","og_description":"Kauden 2013-14 SM-sarjan viimeistenkin mitalien kohtalo ratkesi perjantaina. SIF kaatoi kotiyleis\u00f6ns\u00e4 edess\u00e4 toisessa pronssiottelussa Atlaksen maalein 28-23 ja vei mitalit nimiins\u00e4 kahden ottelun yhteismaalein 57-44.","og_url":"https:\/\/aktialiiga.fi\/naiset\/2013-2014\/ottelut-2013-2014\/play-off-2013-2014\/sif-juhli-pronssia-kotiyleisonsa-edessa\/","og_site_name":"K\u00e4sipallon naisten Aktialiiga","article_publisher":"https:\/\/www.facebook.com\/finnhandball","article_published_time":"2014-04-25T17:23:19+00:00","article_modified_time":"2024-08-28T15:30:33+00:00","og_image":[{"width":1024,"height":628,"url":"https:\/\/aktialiiga.fi\/naiset\/wp-content\/uploads\/sites\/6\/2013\/09\/sif_2013-14.jpg","type":"image\/jpeg"}],"author":"tbrmedia","twitter_card":"summary_large_image","twitter_creator":"@finnhandball","twitter_site":"@finnhandball","schema":{"@context":"https:\/\/schema.org","@graph":[{"@type":"Article","@id":"https:\/\/aktialiiga.fi\/naiset\/2013-2014\/ottelut-2013-2014\/play-off-2013-2014\/sif-juhli-pronssia-kotiyleisonsa-edessa\/#article","isPartOf":{"@id":"https:\/\/aktialiiga.fi\/naiset\/2013-2014\/ottelut-2013-2014\/play-off-2013-2014\/sif-juhli-pronssia-kotiyleisonsa-edessa\/"},"author":{"name":"tbrmedia","@id":"https:\/\/aktialiiga.fi\/naiset\/#\/schema\/person\/c14bf42f47041db74603c45afcb18d87"},"headline":"SIF juhli pronssia kotiyleis\u00f6ns\u00e4 edess\u00e4","datePublished":"2014-04-25T17:23:19+00:00","dateModified":"2024-08-28T15:30:33+00:00","mainEntityOfPage":{"@id":"https:\/\/aktialiiga.fi\/naiset\/2013-2014\/ottelut-2013-2014\/play-off-2013-2014\/sif-juhli-pronssia-kotiyleisonsa-edessa\/"},"wordCount":264,"publisher":{"@id":"https:\/\/aktialiiga.fi\/naiset\/#organization"},"image":{"@id":"https:\/\/aktialiiga.fi\/naiset\/2013-2014\/ottelut-2013-2014\/play-off-2013-2014\/sif-juhli-pronssia-kotiyleisonsa-edessa\/#primaryimage"},"thumbnailUrl":"https:\/\/aktialiiga.fi\/naiset\/wp-content\/uploads\/sites\/6\/2013\/09\/sif_2013-14.jpg","keywords":["Atlas","SIF"],"articleSection":["Play off"],"inLanguage":"fi"},{"@type":"WebPage","@id":"https:\/\/aktialiiga.fi\/naiset\/2013-2014\/ottelut-2013-2014\/play-off-2013-2014\/sif-juhli-pronssia-kotiyleisonsa-edessa\/","url":"https:\/\/aktialiiga.fi\/naiset\/2013-2014\/ottelut-2013-2014\/play-off-2013-2014\/sif-juhli-pronssia-kotiyleisonsa-edessa\/","name":"SIF juhli pronssia kotiyleis\u00f6ns\u00e4 edess\u00e4 | K\u00e4sipallon naisten Aktialiiga","isPartOf":{"@id":"https:\/\/aktialiiga.fi\/naiset\/#website"},"primaryImageOfPage":{"@id":"https:\/\/aktialiiga.fi\/naiset\/2013-2014\/ottelut-2013-2014\/play-off-2013-2014\/sif-juhli-pronssia-kotiyleisonsa-edessa\/#primaryimage"},"image":{"@id":"https:\/\/aktialiiga.fi\/naiset\/2013-2014\/ottelut-2013-2014\/play-off-2013-2014\/sif-juhli-pronssia-kotiyleisonsa-edessa\/#primaryimage"},"thumbnailUrl":"https:\/\/aktialiiga.fi\/naiset\/wp-content\/uploads\/sites\/6\/2013\/09\/sif_2013-14.jpg","datePublished":"2014-04-25T17:23:19+00:00","dateModified":"2024-08-28T15:30:33+00:00","breadcrumb":{"@id":"https:\/\/aktialiiga.fi\/naiset\/2013-2014\/ottelut-2013-2014\/play-off-2013-2014\/sif-juhli-pronssia-kotiyleisonsa-edessa\/#breadcrumb"},"inLanguage":"fi","potentialAction":[{"@type":"ReadAction","target":["https:\/\/aktialiiga.fi\/naiset\/2013-2014\/ottelut-2013-2014\/play-off-2013-2014\/sif-juhli-pronssia-kotiyleisonsa-edessa\/"]}]},{"@type":"ImageObject","inLanguage":"fi","@id":"https:\/\/aktialiiga.fi\/naiset\/2013-2014\/ottelut-2013-2014\/play-off-2013-2014\/sif-juhli-pronssia-kotiyleisonsa-edessa\/#primaryimage","url":"https:\/\/aktialiiga.fi\/naiset\/wp-content\/uploads\/sites\/6\/2013\/09\/sif_2013-14.jpg","contentUrl":"https:\/\/aktialiiga.fi\/naiset\/wp-content\/uploads\/sites\/6\/2013\/09\/sif_2013-14.jpg","width":1024,"height":628,"caption":"SIF:n naisten edustusjoukkue 2013-2014"},{"@type":"BreadcrumbList","@id":"https:\/\/aktialiiga.fi\/naiset\/2013-2014\/ottelut-2013-2014\/play-off-2013-2014\/sif-juhli-pronssia-kotiyleisonsa-edessa\/#breadcrumb","itemListElement":[{"@type":"ListItem","position":1,"name":"Etusivu","item":"https:\/\/aktialiiga.fi\/naiset\/"},{"@type":"ListItem","position":2,"name":"SIF juhli pronssia kotiyleis\u00f6ns\u00e4 edess\u00e4"}]},{"@type":"WebSite","@id":"https:\/\/aktialiiga.fi\/naiset\/#website","url":"https:\/\/aktialiiga.fi\/naiset\/","name":"K\u00e4sipallon naisten Aktialiiga","description":"Valtakunnan vauhdikkainta palloilua!","publisher":{"@id":"https:\/\/aktialiiga.fi\/naiset\/#organization"},"potentialAction":[{"@type":"SearchAction","target":{"@type":"EntryPoint","urlTemplate":"https:\/\/aktialiiga.fi\/naiset\/?s={search_term_string}"},"query-input":{"@type":"PropertyValueSpecification","valueRequired":true,"valueName":"search_term_string"}}],"inLanguage":"fi"},{"@type":"Organization","@id":"https:\/\/aktialiiga.fi\/naiset\/#organization","name":"K\u00e4sipallon naisten Aktialiiga","url":"https:\/\/aktialiiga.fi\/naiset\/","logo":{"@type":"ImageObject","inLanguage":"fi","@id":"https:\/\/aktialiiga.fi\/naiset\/#\/schema\/logo\/image\/","url":"https:\/\/aktialiiga.fi\/naiset\/wp-content\/uploads\/sites\/6\/2024\/09\/Aktialiiga-Yoast-512.png","contentUrl":"https:\/\/aktialiiga.fi\/naiset\/wp-content\/uploads\/sites\/6\/2024\/09\/Aktialiiga-Yoast-512.png","width":512,"height":512,"caption":"K\u00e4sipallon naisten Aktialiiga"},"image":{"@id":"https:\/\/aktialiiga.fi\/naiset\/#\/schema\/logo\/image\/"},"sameAs":["https:\/\/www.facebook.com\/finnhandball","https:\/\/x.com\/finnhandball","https:\/\/www.instagram.com\/handballfinland\/"]},{"@type":"Person","@id":"https:\/\/aktialiiga.fi\/naiset\/#\/schema\/person\/c14bf42f47041db74603c45afcb18d87","name":"tbrmedia","image":{"@type":"ImageObject","inLanguage":"fi","@id":"https:\/\/secure.gravatar.com\/avatar\/ee975fa091fe581d12b60debb3439022686618368a7c142044c56724d4666b16?s=96&d=mm&r=g","url":"https:\/\/secure.gravatar.com\/avatar\/ee975fa091fe581d12b60debb3439022686618368a7c142044c56724d4666b16?s=96&d=mm&r=g","contentUrl":"https:\/\/secure.gravatar.com\/avatar\/ee975fa091fe581d12b60debb3439022686618368a7c142044c56724d4666b16?s=96&d=mm&r=g","caption":"tbrmedia"}}]}},"jetpack_featured_media_url":"https:\/\/aktialiiga.fi\/naiset\/wp-content\/uploads\/sites\/6\/2013\/09\/sif_2013-14.jpg","jetpack_sharing_enabled":true,"jetpack_shortlink":"https:\/\/wp.me\/pfYhm6-1fy","_links":{"self":[{"href":"https:\/\/aktialiiga.fi\/naiset\/wp-json\/wp\/v2\/posts\/4808","targetHints":{"allow":["GET"]}}],"collection":[{"href":"https:\/\/aktialiiga.fi\/naiset\/wp-json\/wp\/v2\/posts"}],"about":[{"href":"https:\/\/aktialiiga.fi\/naiset\/wp-json\/wp\/v2\/types\/post"}],"author":[{"embeddable":true,"href":"https:\/\/aktialiiga.fi\/naiset\/wp-json\/wp\/v2\/users\/13"}],"replies":[{"embeddable":true,"href":"https:\/\/aktialiiga.fi\/naiset\/wp-json\/wp\/v2\/comments?post=4808"}],"version-history":[{"count":1,"href":"https:\/\/aktialiiga.fi\/naiset\/wp-json\/wp\/v2\/posts\/4808\/revisions"}],"predecessor-version":[{"id":39392,"href":"https:\/\/aktialiiga.fi\/naiset\/wp-json\/wp\/v2\/posts\/4808\/revisions\/39392"}],"wp:featuredmedia":[{"embeddable":true,"href":"https:\/\/aktialiiga.fi\/naiset\/wp-json\/wp\/v2\/media\/4162"}],"wp:attachment":[{"href":"https:\/\/aktialiiga.fi\/naiset\/wp-json\/wp\/v2\/media?parent=4808"}],"wp:term":[{"taxonomy":"category","embeddable":true,"href":"https:\/\/aktialiiga.fi\/naiset\/wp-json\/wp\/v2\/categories?post=4808"},{"taxonomy":"post_tag","embeddable":true,"href":"https:\/\/aktialiiga.fi\/naiset\/wp-json\/wp\/v2\/tags?post=4808"}],"curies":[{"name":"wp","href":"https:\/\/api.w.org\/{rel}","templated":true}]}}