{"id":4976,"date":"2014-09-11T14:23:01","date_gmt":"2014-09-11T11:23:01","guid":{"rendered":"https:\/\/www.finnhandball.net\/nsm\/?p=4976"},"modified":"2024-08-28T18:30:32","modified_gmt":"2024-08-28T15:30:32","slug":"kohti-kautta-aifk-valmiina-haastamaan-muut","status":"publish","type":"post","link":"https:\/\/aktialiiga.fi\/naiset\/2014-2015\/kohti-kautta\/kohti-kautta-aifk-valmiina-haastamaan-muut\/","title":{"rendered":"Kohti kautta: \u00c5IFK valmiina haastamaan muut"},"content":{"rendered":"<p>\u00c5IFK l\u00e4htee kauteen 2014-15 positiivisen odottavalla mielell\u00e4. P\u00e4\u00e4valmentaja Ulf Andersson on tyytyv\u00e4inen takana olevaan harjoituskauteen ja uskoo joukkueensa olevan viime kautta valmiimpi taistelemaan korkeammista sijoituksista.<!--more--><\/p>\n<p>Suuria muutoksia \u00c5IFK:n ryhm\u00e4ss\u00e4 ei sitten viime kauden ole tapahtunut, mutta ilme on Anderssonin mukaan ollut toisenn\u00e4k\u00f6inen.<\/p>\n<p>&#8211; T\u00e4ytyy ensinn\u00e4 sanoa, ett\u00e4 joukkue koko ryhm\u00e4n\u00e4 on aiempaa motivoituneempi ja t\u00e4ynn\u00e4 energiaa. Joukkue on aika samann\u00e4k\u00f6inen kuin ennen, mutta pieni\u00e4 muutoksia on.<\/p>\n<p>&#8211; Maalivahti Sara Pollesello BK-46:sta on uusi pelaaja; h\u00e4n asuu ja opiskelee Turussa ja on ehdottomasti vahvistus. Muutenkin maalivahtiosastolla olemme todella vahvoilla. Vanja Radic on nyt j\u00e4lleen todella hyv\u00e4ss\u00e4 kunnossa ja lis\u00e4ksi Sandra R\u00e5holm jatkaa ja riveiss\u00e4 on tulevaisuuden t\u00e4hti Linnea Back. Johanna Kajander on sen lis\u00e4ksi palannut joukkueeseen ja antaa meille mahdollisuuden vaihtaa pelaajia ja taktiikkaa hy\u00f6kk\u00e4yksess\u00e4 toisella tapaa kuin ennen.<\/p>\n<p>Pelaajarinki on my\u00f6s laajempi, sill\u00e4 mukaan on tullut tulevaisuuden lupauksia.<\/p>\n<p>&#8211; Nostamme ykk\u00f6sjoukkueen harjoituksiin mukaan A-tytt\u00f6j\u00e4. Sen my\u00f6t\u00e4 pelaajia on m\u00e4\u00e4r\u00e4llisesti hyvin ja teemme lujasti t\u00f6it\u00e4 sen eteen ett\u00e4 he nousevat t\u00e4lle tasolle. Sara Pettersson vasemmalla 6 metriss\u00e4 ja Kaisa Lappi 9 metriss\u00e4 ovat t\u00e4ll\u00e4 hetkell\u00e4 l\u00e4hinn\u00e4.<\/p>\n<p>Kes\u00e4 on mennyt Anderssonin mukaan koko lailla suunnitellusti loukkaantumisia lukuun ottamatta.<\/p>\n<p>&#8211; Joukkue on ollut paljon yhdess\u00e4 ja todella moni on hoitanut kes\u00e4harjoittelunsa eritt\u00e4in hyvin ja on paremmin valmistautunut kauteen kuin vuosi sitten. Pelaajia on joutunut my\u00f6s sairaslistalle, mutta he ovat palaamassa ja on vain bonusta, kun saamme heid\u00e4t kent\u00e4lle mukaan. Carolina Pettersson, Emma Saarela, Fredrika Lagerbohm, Onay Sari ovat kaikki pelaajia, joita odotamme takaisin.<\/p>\n<p>\u00c5IFK:n vahvuudeksi p\u00e4\u00e4valmentaja nostaa joukkueen yhten\u00e4isyyden ja mahdollisuuden pelin monipuolistamiseen aiemmasta.<\/p>\n<p>&#8211; Vahvin puolemme on varmasti se, ett\u00e4 olemme vahvoja yhdess\u00e4. Moni pelaaja on nostanut tasoaan harjoituksissa ja pystyy antamaan peliin paljon enemm\u00e4n kuin aiemmin. Maalivahtien laatu antaa meille toivottavasti lis\u00e4\u00e4 mahdollisuuksia hy\u00f6kk\u00e4\u00e4miseen ja kun useampi pelaaja pystyy ottamaan vastuuta, meid\u00e4n peli\u00e4mme pit\u00e4isi olla vaikeampi lukea.<\/p>\n<p>Suoranaista sijoitustavoitetta kaudelle Andersson ei l\u00e4hde kertomaan, mutta antaa selke\u00e4sti ymm\u00e4rt\u00e4\u00e4 riman olevan aiempaa korkeammalla.<\/p>\n<p>&#8211; Meill\u00e4 on sis\u00e4isesti korkealle asetettu tavoite ja tulemme tekem\u00e4\u00e4n kaikkemme sen saavuttamiseksi. Sit\u00e4 varten meid\u00e4n pit\u00e4\u00e4 pysty\u00e4 parantamaan kaikkea 40 prosenttia, jotta pystymme tarjoamaan vastuksen kilpailijoillemme.<\/p>\n<p>&#8211; Harjoituskausi on sis\u00e4lt\u00e4nyt paljon harjoittelua ja sek\u00e4 henkisesti ett\u00e4 asenteellisesti n\u00e4en valmentaja selke\u00e4\u00e4 parannusta ja potentiaalia. Sen saa sitten n\u00e4hd\u00e4 mihin se riitt\u00e4\u00e4.<\/p>\n","protected":false},"excerpt":{"rendered":"<p>\u00c5IFK l\u00e4htee kauteen 2014-15 positiivisen odottavalla mielell\u00e4. P\u00e4\u00e4valmentaja Ulf Andersson on tyytyv\u00e4inen takana olevaan harjoituskauteen ja uskoo joukkueensa olevan viime kautta valmiimpi taistelemaan korkeammista sijoituksista.<\/p>\n","protected":false},"author":13,"featured_media":56,"comment_status":"closed","ping_status":"closed","sticky":false,"template":"","format":"standard","meta":{"_acf_changed":false,"jetpack_post_was_ever_published":false,"_jetpack_newsletter_access":"","_jetpack_dont_email_post_to_subs":false,"_jetpack_newsletter_tier_id":0,"_jetpack_memberships_contains_paywalled_content":false,"_jetpack_memberships_contains_paid_content":false,"footnotes":""},"categories":[10],"tags":[45],"class_list":["post-4976","post","type-post","status-publish","format-standard","has-post-thumbnail","hentry","category-kohti-kautta","tag-aifk"],"acf":[],"yoast_head":"<!-- This site is optimized with the Yoast SEO plugin v27.5 - https:\/\/yoast.com\/product\/yoast-seo-wordpress\/ -->\n<title>Kohti kautta: \u00c5IFK valmiina haastamaan muut | K\u00e4sipallon naisten Aktialiiga<\/title>\n<meta name=\"robots\" content=\"index, follow, max-snippet:-1, max-image-preview:large, max-video-preview:-1\" \/>\n<link rel=\"canonical\" href=\"https:\/\/aktialiiga.fi\/naiset\/2014-2015\/kohti-kautta\/kohti-kautta-aifk-valmiina-haastamaan-muut\/\" \/>\n<meta property=\"og:locale\" content=\"fi_FI\" \/>\n<meta property=\"og:type\" content=\"article\" \/>\n<meta property=\"og:title\" content=\"Kohti kautta: \u00c5IFK valmiina haastamaan muut | K\u00e4sipallon naisten Aktialiiga\" \/>\n<meta property=\"og:description\" content=\"\u00c5IFK l\u00e4htee kauteen 2014-15 positiivisen odottavalla mielell\u00e4. P\u00e4\u00e4valmentaja Ulf Andersson on tyytyv\u00e4inen takana olevaan harjoituskauteen ja uskoo joukkueensa olevan viime kautta valmiimpi taistelemaan korkeammista sijoituksista.\" \/>\n<meta property=\"og:url\" content=\"https:\/\/aktialiiga.fi\/naiset\/2014-2015\/kohti-kautta\/kohti-kautta-aifk-valmiina-haastamaan-muut\/\" \/>\n<meta property=\"og:site_name\" content=\"K\u00e4sipallon naisten Aktialiiga\" \/>\n<meta property=\"article:publisher\" content=\"https:\/\/www.facebook.com\/finnhandball\" \/>\n<meta property=\"article:published_time\" content=\"2014-09-11T11:23:01+00:00\" \/>\n<meta property=\"article:modified_time\" content=\"2024-08-28T15:30:32+00:00\" \/>\n<meta property=\"og:image\" content=\"https:\/\/aktialiiga.fi\/naiset\/wp-content\/uploads\/sites\/6\/2011\/08\/logo-aifk.gif\" \/>\n\t<meta property=\"og:image:width\" content=\"92\" \/>\n\t<meta property=\"og:image:height\" content=\"110\" \/>\n\t<meta property=\"og:image:type\" content=\"image\/gif\" \/>\n<meta name=\"author\" content=\"tbrmedia\" \/>\n<meta name=\"twitter:card\" content=\"summary_large_image\" \/>\n<meta name=\"twitter:creator\" content=\"@finnhandball\" \/>\n<meta name=\"twitter:site\" content=\"@finnhandball\" \/>\n<script type=\"application\/ld+json\" class=\"yoast-schema-graph\">{\"@context\":\"https:\\\/\\\/schema.org\",\"@graph\":[{\"@type\":\"Article\",\"@id\":\"https:\\\/\\\/aktialiiga.fi\\\/naiset\\\/2014-2015\\\/kohti-kautta\\\/kohti-kautta-aifk-valmiina-haastamaan-muut\\\/#article\",\"isPartOf\":{\"@id\":\"https:\\\/\\\/aktialiiga.fi\\\/naiset\\\/2014-2015\\\/kohti-kautta\\\/kohti-kautta-aifk-valmiina-haastamaan-muut\\\/\"},\"author\":{\"name\":\"tbrmedia\",\"@id\":\"https:\\\/\\\/aktialiiga.fi\\\/naiset\\\/#\\\/schema\\\/person\\\/c14bf42f47041db74603c45afcb18d87\"},\"headline\":\"Kohti kautta: \u00c5IFK valmiina haastamaan muut\",\"datePublished\":\"2014-09-11T11:23:01+00:00\",\"dateModified\":\"2024-08-28T15:30:32+00:00\",\"mainEntityOfPage\":{\"@id\":\"https:\\\/\\\/aktialiiga.fi\\\/naiset\\\/2014-2015\\\/kohti-kautta\\\/kohti-kautta-aifk-valmiina-haastamaan-muut\\\/\"},\"wordCount\":421,\"publisher\":{\"@id\":\"https:\\\/\\\/aktialiiga.fi\\\/naiset\\\/#organization\"},\"image\":{\"@id\":\"https:\\\/\\\/aktialiiga.fi\\\/naiset\\\/2014-2015\\\/kohti-kautta\\\/kohti-kautta-aifk-valmiina-haastamaan-muut\\\/#primaryimage\"},\"thumbnailUrl\":\"https:\\\/\\\/aktialiiga.fi\\\/naiset\\\/wp-content\\\/uploads\\\/sites\\\/6\\\/2011\\\/08\\\/logo-aifk.gif\",\"keywords\":[\"\u00c5IFK\"],\"articleSection\":[\"Kohti kautta\"],\"inLanguage\":\"fi\"},{\"@type\":\"WebPage\",\"@id\":\"https:\\\/\\\/aktialiiga.fi\\\/naiset\\\/2014-2015\\\/kohti-kautta\\\/kohti-kautta-aifk-valmiina-haastamaan-muut\\\/\",\"url\":\"https:\\\/\\\/aktialiiga.fi\\\/naiset\\\/2014-2015\\\/kohti-kautta\\\/kohti-kautta-aifk-valmiina-haastamaan-muut\\\/\",\"name\":\"Kohti kautta: \u00c5IFK valmiina haastamaan muut | K\u00e4sipallon naisten Aktialiiga\",\"isPartOf\":{\"@id\":\"https:\\\/\\\/aktialiiga.fi\\\/naiset\\\/#website\"},\"primaryImageOfPage\":{\"@id\":\"https:\\\/\\\/aktialiiga.fi\\\/naiset\\\/2014-2015\\\/kohti-kautta\\\/kohti-kautta-aifk-valmiina-haastamaan-muut\\\/#primaryimage\"},\"image\":{\"@id\":\"https:\\\/\\\/aktialiiga.fi\\\/naiset\\\/2014-2015\\\/kohti-kautta\\\/kohti-kautta-aifk-valmiina-haastamaan-muut\\\/#primaryimage\"},\"thumbnailUrl\":\"https:\\\/\\\/aktialiiga.fi\\\/naiset\\\/wp-content\\\/uploads\\\/sites\\\/6\\\/2011\\\/08\\\/logo-aifk.gif\",\"datePublished\":\"2014-09-11T11:23:01+00:00\",\"dateModified\":\"2024-08-28T15:30:32+00:00\",\"breadcrumb\":{\"@id\":\"https:\\\/\\\/aktialiiga.fi\\\/naiset\\\/2014-2015\\\/kohti-kautta\\\/kohti-kautta-aifk-valmiina-haastamaan-muut\\\/#breadcrumb\"},\"inLanguage\":\"fi\",\"potentialAction\":[{\"@type\":\"ReadAction\",\"target\":[\"https:\\\/\\\/aktialiiga.fi\\\/naiset\\\/2014-2015\\\/kohti-kautta\\\/kohti-kautta-aifk-valmiina-haastamaan-muut\\\/\"]}]},{\"@type\":\"ImageObject\",\"inLanguage\":\"fi\",\"@id\":\"https:\\\/\\\/aktialiiga.fi\\\/naiset\\\/2014-2015\\\/kohti-kautta\\\/kohti-kautta-aifk-valmiina-haastamaan-muut\\\/#primaryimage\",\"url\":\"https:\\\/\\\/aktialiiga.fi\\\/naiset\\\/wp-content\\\/uploads\\\/sites\\\/6\\\/2011\\\/08\\\/logo-aifk.gif\",\"contentUrl\":\"https:\\\/\\\/aktialiiga.fi\\\/naiset\\\/wp-content\\\/uploads\\\/sites\\\/6\\\/2011\\\/08\\\/logo-aifk.gif\",\"width\":92,\"height\":110,\"caption\":\"\u00c5IFK, Turku\"},{\"@type\":\"BreadcrumbList\",\"@id\":\"https:\\\/\\\/aktialiiga.fi\\\/naiset\\\/2014-2015\\\/kohti-kautta\\\/kohti-kautta-aifk-valmiina-haastamaan-muut\\\/#breadcrumb\",\"itemListElement\":[{\"@type\":\"ListItem\",\"position\":1,\"name\":\"Etusivu\",\"item\":\"https:\\\/\\\/aktialiiga.fi\\\/naiset\\\/\"},{\"@type\":\"ListItem\",\"position\":2,\"name\":\"Kohti kautta: \u00c5IFK valmiina haastamaan muut\"}]},{\"@type\":\"WebSite\",\"@id\":\"https:\\\/\\\/aktialiiga.fi\\\/naiset\\\/#website\",\"url\":\"https:\\\/\\\/aktialiiga.fi\\\/naiset\\\/\",\"name\":\"K\u00e4sipallon naisten Aktialiiga\",\"description\":\"Valtakunnan vauhdikkainta palloilua!\",\"publisher\":{\"@id\":\"https:\\\/\\\/aktialiiga.fi\\\/naiset\\\/#organization\"},\"potentialAction\":[{\"@type\":\"SearchAction\",\"target\":{\"@type\":\"EntryPoint\",\"urlTemplate\":\"https:\\\/\\\/aktialiiga.fi\\\/naiset\\\/?s={search_term_string}\"},\"query-input\":{\"@type\":\"PropertyValueSpecification\",\"valueRequired\":true,\"valueName\":\"search_term_string\"}}],\"inLanguage\":\"fi\"},{\"@type\":\"Organization\",\"@id\":\"https:\\\/\\\/aktialiiga.fi\\\/naiset\\\/#organization\",\"name\":\"K\u00e4sipallon naisten Aktialiiga\",\"url\":\"https:\\\/\\\/aktialiiga.fi\\\/naiset\\\/\",\"logo\":{\"@type\":\"ImageObject\",\"inLanguage\":\"fi\",\"@id\":\"https:\\\/\\\/aktialiiga.fi\\\/naiset\\\/#\\\/schema\\\/logo\\\/image\\\/\",\"url\":\"https:\\\/\\\/aktialiiga.fi\\\/naiset\\\/wp-content\\\/uploads\\\/sites\\\/6\\\/2024\\\/09\\\/Aktialiiga-Yoast-512.png\",\"contentUrl\":\"https:\\\/\\\/aktialiiga.fi\\\/naiset\\\/wp-content\\\/uploads\\\/sites\\\/6\\\/2024\\\/09\\\/Aktialiiga-Yoast-512.png\",\"width\":512,\"height\":512,\"caption\":\"K\u00e4sipallon naisten Aktialiiga\"},\"image\":{\"@id\":\"https:\\\/\\\/aktialiiga.fi\\\/naiset\\\/#\\\/schema\\\/logo\\\/image\\\/\"},\"sameAs\":[\"https:\\\/\\\/www.facebook.com\\\/finnhandball\",\"https:\\\/\\\/x.com\\\/finnhandball\",\"https:\\\/\\\/www.instagram.com\\\/handballfinland\\\/\"]},{\"@type\":\"Person\",\"@id\":\"https:\\\/\\\/aktialiiga.fi\\\/naiset\\\/#\\\/schema\\\/person\\\/c14bf42f47041db74603c45afcb18d87\",\"name\":\"tbrmedia\",\"image\":{\"@type\":\"ImageObject\",\"inLanguage\":\"fi\",\"@id\":\"https:\\\/\\\/secure.gravatar.com\\\/avatar\\\/ee975fa091fe581d12b60debb3439022686618368a7c142044c56724d4666b16?s=96&d=mm&r=g\",\"url\":\"https:\\\/\\\/secure.gravatar.com\\\/avatar\\\/ee975fa091fe581d12b60debb3439022686618368a7c142044c56724d4666b16?s=96&d=mm&r=g\",\"contentUrl\":\"https:\\\/\\\/secure.gravatar.com\\\/avatar\\\/ee975fa091fe581d12b60debb3439022686618368a7c142044c56724d4666b16?s=96&d=mm&r=g\",\"caption\":\"tbrmedia\"}}]}<\/script>\n<!-- \/ Yoast SEO plugin. -->","yoast_head_json":{"title":"Kohti kautta: \u00c5IFK valmiina haastamaan muut | K\u00e4sipallon naisten Aktialiiga","robots":{"index":"index","follow":"follow","max-snippet":"max-snippet:-1","max-image-preview":"max-image-preview:large","max-video-preview":"max-video-preview:-1"},"canonical":"https:\/\/aktialiiga.fi\/naiset\/2014-2015\/kohti-kautta\/kohti-kautta-aifk-valmiina-haastamaan-muut\/","og_locale":"fi_FI","og_type":"article","og_title":"Kohti kautta: \u00c5IFK valmiina haastamaan muut | K\u00e4sipallon naisten Aktialiiga","og_description":"\u00c5IFK l\u00e4htee kauteen 2014-15 positiivisen odottavalla mielell\u00e4. P\u00e4\u00e4valmentaja Ulf Andersson on tyytyv\u00e4inen takana olevaan harjoituskauteen ja uskoo joukkueensa olevan viime kautta valmiimpi taistelemaan korkeammista sijoituksista.","og_url":"https:\/\/aktialiiga.fi\/naiset\/2014-2015\/kohti-kautta\/kohti-kautta-aifk-valmiina-haastamaan-muut\/","og_site_name":"K\u00e4sipallon naisten Aktialiiga","article_publisher":"https:\/\/www.facebook.com\/finnhandball","article_published_time":"2014-09-11T11:23:01+00:00","article_modified_time":"2024-08-28T15:30:32+00:00","og_image":[{"width":92,"height":110,"url":"https:\/\/aktialiiga.fi\/naiset\/wp-content\/uploads\/sites\/6\/2011\/08\/logo-aifk.gif","type":"image\/gif"}],"author":"tbrmedia","twitter_card":"summary_large_image","twitter_creator":"@finnhandball","twitter_site":"@finnhandball","schema":{"@context":"https:\/\/schema.org","@graph":[{"@type":"Article","@id":"https:\/\/aktialiiga.fi\/naiset\/2014-2015\/kohti-kautta\/kohti-kautta-aifk-valmiina-haastamaan-muut\/#article","isPartOf":{"@id":"https:\/\/aktialiiga.fi\/naiset\/2014-2015\/kohti-kautta\/kohti-kautta-aifk-valmiina-haastamaan-muut\/"},"author":{"name":"tbrmedia","@id":"https:\/\/aktialiiga.fi\/naiset\/#\/schema\/person\/c14bf42f47041db74603c45afcb18d87"},"headline":"Kohti kautta: \u00c5IFK valmiina haastamaan muut","datePublished":"2014-09-11T11:23:01+00:00","dateModified":"2024-08-28T15:30:32+00:00","mainEntityOfPage":{"@id":"https:\/\/aktialiiga.fi\/naiset\/2014-2015\/kohti-kautta\/kohti-kautta-aifk-valmiina-haastamaan-muut\/"},"wordCount":421,"publisher":{"@id":"https:\/\/aktialiiga.fi\/naiset\/#organization"},"image":{"@id":"https:\/\/aktialiiga.fi\/naiset\/2014-2015\/kohti-kautta\/kohti-kautta-aifk-valmiina-haastamaan-muut\/#primaryimage"},"thumbnailUrl":"https:\/\/aktialiiga.fi\/naiset\/wp-content\/uploads\/sites\/6\/2011\/08\/logo-aifk.gif","keywords":["\u00c5IFK"],"articleSection":["Kohti kautta"],"inLanguage":"fi"},{"@type":"WebPage","@id":"https:\/\/aktialiiga.fi\/naiset\/2014-2015\/kohti-kautta\/kohti-kautta-aifk-valmiina-haastamaan-muut\/","url":"https:\/\/aktialiiga.fi\/naiset\/2014-2015\/kohti-kautta\/kohti-kautta-aifk-valmiina-haastamaan-muut\/","name":"Kohti kautta: \u00c5IFK valmiina haastamaan muut | K\u00e4sipallon naisten Aktialiiga","isPartOf":{"@id":"https:\/\/aktialiiga.fi\/naiset\/#website"},"primaryImageOfPage":{"@id":"https:\/\/aktialiiga.fi\/naiset\/2014-2015\/kohti-kautta\/kohti-kautta-aifk-valmiina-haastamaan-muut\/#primaryimage"},"image":{"@id":"https:\/\/aktialiiga.fi\/naiset\/2014-2015\/kohti-kautta\/kohti-kautta-aifk-valmiina-haastamaan-muut\/#primaryimage"},"thumbnailUrl":"https:\/\/aktialiiga.fi\/naiset\/wp-content\/uploads\/sites\/6\/2011\/08\/logo-aifk.gif","datePublished":"2014-09-11T11:23:01+00:00","dateModified":"2024-08-28T15:30:32+00:00","breadcrumb":{"@id":"https:\/\/aktialiiga.fi\/naiset\/2014-2015\/kohti-kautta\/kohti-kautta-aifk-valmiina-haastamaan-muut\/#breadcrumb"},"inLanguage":"fi","potentialAction":[{"@type":"ReadAction","target":["https:\/\/aktialiiga.fi\/naiset\/2014-2015\/kohti-kautta\/kohti-kautta-aifk-valmiina-haastamaan-muut\/"]}]},{"@type":"ImageObject","inLanguage":"fi","@id":"https:\/\/aktialiiga.fi\/naiset\/2014-2015\/kohti-kautta\/kohti-kautta-aifk-valmiina-haastamaan-muut\/#primaryimage","url":"https:\/\/aktialiiga.fi\/naiset\/wp-content\/uploads\/sites\/6\/2011\/08\/logo-aifk.gif","contentUrl":"https:\/\/aktialiiga.fi\/naiset\/wp-content\/uploads\/sites\/6\/2011\/08\/logo-aifk.gif","width":92,"height":110,"caption":"\u00c5IFK, Turku"},{"@type":"BreadcrumbList","@id":"https:\/\/aktialiiga.fi\/naiset\/2014-2015\/kohti-kautta\/kohti-kautta-aifk-valmiina-haastamaan-muut\/#breadcrumb","itemListElement":[{"@type":"ListItem","position":1,"name":"Etusivu","item":"https:\/\/aktialiiga.fi\/naiset\/"},{"@type":"ListItem","position":2,"name":"Kohti kautta: \u00c5IFK valmiina haastamaan muut"}]},{"@type":"WebSite","@id":"https:\/\/aktialiiga.fi\/naiset\/#website","url":"https:\/\/aktialiiga.fi\/naiset\/","name":"K\u00e4sipallon naisten Aktialiiga","description":"Valtakunnan vauhdikkainta palloilua!","publisher":{"@id":"https:\/\/aktialiiga.fi\/naiset\/#organization"},"potentialAction":[{"@type":"SearchAction","target":{"@type":"EntryPoint","urlTemplate":"https:\/\/aktialiiga.fi\/naiset\/?s={search_term_string}"},"query-input":{"@type":"PropertyValueSpecification","valueRequired":true,"valueName":"search_term_string"}}],"inLanguage":"fi"},{"@type":"Organization","@id":"https:\/\/aktialiiga.fi\/naiset\/#organization","name":"K\u00e4sipallon naisten Aktialiiga","url":"https:\/\/aktialiiga.fi\/naiset\/","logo":{"@type":"ImageObject","inLanguage":"fi","@id":"https:\/\/aktialiiga.fi\/naiset\/#\/schema\/logo\/image\/","url":"https:\/\/aktialiiga.fi\/naiset\/wp-content\/uploads\/sites\/6\/2024\/09\/Aktialiiga-Yoast-512.png","contentUrl":"https:\/\/aktialiiga.fi\/naiset\/wp-content\/uploads\/sites\/6\/2024\/09\/Aktialiiga-Yoast-512.png","width":512,"height":512,"caption":"K\u00e4sipallon naisten Aktialiiga"},"image":{"@id":"https:\/\/aktialiiga.fi\/naiset\/#\/schema\/logo\/image\/"},"sameAs":["https:\/\/www.facebook.com\/finnhandball","https:\/\/x.com\/finnhandball","https:\/\/www.instagram.com\/handballfinland\/"]},{"@type":"Person","@id":"https:\/\/aktialiiga.fi\/naiset\/#\/schema\/person\/c14bf42f47041db74603c45afcb18d87","name":"tbrmedia","image":{"@type":"ImageObject","inLanguage":"fi","@id":"https:\/\/secure.gravatar.com\/avatar\/ee975fa091fe581d12b60debb3439022686618368a7c142044c56724d4666b16?s=96&d=mm&r=g","url":"https:\/\/secure.gravatar.com\/avatar\/ee975fa091fe581d12b60debb3439022686618368a7c142044c56724d4666b16?s=96&d=mm&r=g","contentUrl":"https:\/\/secure.gravatar.com\/avatar\/ee975fa091fe581d12b60debb3439022686618368a7c142044c56724d4666b16?s=96&d=mm&r=g","caption":"tbrmedia"}}]}},"jetpack_featured_media_url":"https:\/\/aktialiiga.fi\/naiset\/wp-content\/uploads\/sites\/6\/2011\/08\/logo-aifk.gif","jetpack_sharing_enabled":true,"jetpack_shortlink":"https:\/\/wp.me\/pfYhm6-1ig","_links":{"self":[{"href":"https:\/\/aktialiiga.fi\/naiset\/wp-json\/wp\/v2\/posts\/4976","targetHints":{"allow":["GET"]}}],"collection":[{"href":"https:\/\/aktialiiga.fi\/naiset\/wp-json\/wp\/v2\/posts"}],"about":[{"href":"https:\/\/aktialiiga.fi\/naiset\/wp-json\/wp\/v2\/types\/post"}],"author":[{"embeddable":true,"href":"https:\/\/aktialiiga.fi\/naiset\/wp-json\/wp\/v2\/users\/13"}],"replies":[{"embeddable":true,"href":"https:\/\/aktialiiga.fi\/naiset\/wp-json\/wp\/v2\/comments?post=4976"}],"version-history":[{"count":1,"href":"https:\/\/aktialiiga.fi\/naiset\/wp-json\/wp\/v2\/posts\/4976\/revisions"}],"predecessor-version":[{"id":39361,"href":"https:\/\/aktialiiga.fi\/naiset\/wp-json\/wp\/v2\/posts\/4976\/revisions\/39361"}],"wp:featuredmedia":[{"embeddable":true,"href":"https:\/\/aktialiiga.fi\/naiset\/wp-json\/wp\/v2\/media\/56"}],"wp:attachment":[{"href":"https:\/\/aktialiiga.fi\/naiset\/wp-json\/wp\/v2\/media?parent=4976"}],"wp:term":[{"taxonomy":"category","embeddable":true,"href":"https:\/\/aktialiiga.fi\/naiset\/wp-json\/wp\/v2\/categories?post=4976"},{"taxonomy":"post_tag","embeddable":true,"href":"https:\/\/aktialiiga.fi\/naiset\/wp-json\/wp\/v2\/tags?post=4976"}],"curies":[{"name":"wp","href":"https:\/\/api.w.org\/{rel}","templated":true}]}}