{"id":504,"date":"2011-09-06T13:17:09","date_gmt":"2011-09-06T10:17:09","guid":{"rendered":"https:\/\/www.finnhandball.net\/nsm\/?p=504"},"modified":"2024-08-28T18:31:42","modified_gmt":"2024-08-28T15:31:42","slug":"naisten-sm-sarja-laajenee","status":"publish","type":"post","link":"https:\/\/aktialiiga.fi\/naiset\/ajankohtaista\/naisten-sm-sarja-laajenee\/","title":{"rendered":"Naisten SM-sarja laajenee"},"content":{"rendered":"<p><strong>Naisten SM-sarjan joukkuem\u00e4\u00e4r\u00e4 kasvaa t\u00e4ll\u00e4 kaudella nelj\u00e4ll\u00e4. Uudistus on saanut laajalti kannatusta. \u201dIlman muutoksia pelaajia olisi nyt vaikeampi motivoida\u201d, valmentaja Jani Vaskola sanoo.<\/strong><br \/>\n<!--more--><br \/>\nUusia seuroja p\u00e4\u00e4sarjatasolla ovat viime kaudella 1-divisioonassa pelanneet Akilles, Atlas, Dicken ja KyIF. Uudistuksen my\u00f6t\u00e4 joukkueet kohtaavat kesken\u00e4\u00e4n vain kahdesti, kun viime sesonki pelattiin nelinkertaisena.<\/p>\n<p><strong>Muutos on mieluinen<\/strong><\/p>\n<p>\u201dOlihan sarjaj\u00e4rjestelm\u00e4 aavistuksen v\u00e4\u00e4ristynyt, kun 1-divisioonassa oli puolitoistakertainen m\u00e4\u00e4r\u00e4 joukkueita p\u00e4\u00e4sarjaan verrattuna. Ennen kaikkea muutos tehtiin pelaajien vuoksi. Kymmenen joukkueen sarjassa on enemm\u00e4n vaihtelua\u201d, K\u00e4sipalloliiton toiminnanjohtaja Tomi Puikkonen sanoo.<\/p>\n<p>Samoilla linjoilla on Jani Vaskola, joka viime kauden p\u00e4\u00e4tteeksi juhli mestaruutta Sparta IF:n p\u00e4\u00e4valmentajana.<\/p>\n<p>\u201dPelaajat ovat ottaneet sarjan laajennuksen ilolla vastaan. Viime kev\u00e4\u00e4n\u00e4 veimme finaalit otteluvoitoin 3-0.\u201d<\/p>\n<p>\u201dHaemme peliimme tuoreita asioita. Osittain sen vuoksi, ett\u00e4 olisimme entist\u00e4 parempia ja toiseksi, jotta kova ty\u00f6nteko tuntuisi edelleen pelaajista mielekk\u00e4\u00e4lt\u00e4. Eri joukkueita vastaan voi kehitt\u00e4\u00e4 pelin eri osa-alueita ja hioa enemm\u00e4n taktisia nyansseja\u201d, Vaskola kertoo.<\/p>\n<p><strong>Peli uomiin kev\u00e4\u00e4ksi<\/strong><\/p>\n<p>Yksi Spartan joukkueen kantavista voimista, Lotta von Numers, siirtyi t\u00e4ksi kaudeksi Ruotsiin. Moni valmentaja j\u00e4isi tuskailemaan menetyst\u00e4, mutta Vaskola k\u00e4\u00e4nt\u00e4\u00e4 asian positiiviseksi ongelmaksi.<\/p>\n<p>\u201dIsot saappaat j\u00e4\u00e4 t\u00e4ytett\u00e4v\u00e4ksi, se on selv\u00e4. Muutos avaa kuitenkin muille pelaajille mahdollisuuden kehitty\u00e4 huipputasolle. Uskon, ett\u00e4 korvaajat ovat kev\u00e4\u00e4ll\u00e4 valmiina, kun ratkaisupelit alkavat. Nyt voimme my\u00f6s painottaa sentteripeli\u00e4 entist\u00e4 enemm\u00e4n, sill\u00e4 siell\u00e4kin on paljon k\u00e4ytt\u00e4m\u00e4t\u00f6nt\u00e4 potentiaalia.\u201d<\/p>\n<p>Sparta IF on seurana ottanut poikkeuksellisen avoimen linjan.<\/p>\n<p>\u00a0\u201dPelasimme harjoitusottelun Akillesta vastaan ja sen yhteydess\u00e4 luennoin seuran henkil\u00f6ille meid\u00e4n tavastamme harjoitella ja valmistautua otteluihin. Toivon vilpitt\u00f6m\u00e4sti, ett\u00e4 muut seurat kehittyv\u00e4t pitk\u00e4j\u00e4nteisell\u00e4 ja kovalla ty\u00f6nteolla haastamaan t\u00e4m\u00e4n hetken k\u00e4rkijoukkueita\u201d, Vaskola toteaa.<\/p>\n<p>Vaskola vie joukkueensa kauden alla Ruotsiin, jossa siell\u00e4 vastaan asettuu todella kovia joukkueita.<\/p>\n<p>\u201dTaso l\u00e4nsinaapurissa on huimaava. Tarkoituksena on saada pelilliset puutteemme n\u00e4kyviin t\u00e4ss\u00e4 vaiheessa. Siten meille j\u00e4\u00e4 aikaa pist\u00e4\u00e4 peli uomiin ennen kev\u00e4tt\u00e4. Uskon, ett\u00e4 kovimmat haastajamme kotimaassa l\u00f6ytyy porukasta, johon kuuluu valmentajaa vaihtanut SIF, viime kauden finaalivastus HIFK, GrIFK ja mielenkiintoinen nousijajoukkue Dicken.\u201d<\/p>\n<p><strong>HIFK on vesi kielell\u00e4<\/strong><\/p>\n<p>Sarjauudistus on otettu my\u00f6s HIFK:ssa my\u00f6nteisesti vastaan. Kaulaan pujotettiin viime kauden p\u00e4\u00e4tteeksi hopeaa. Markus Thom\u00e9 odottaa alkavaa kautta vesi kielell\u00e4.<\/p>\n<p>\u201dN\u00e4ytt\u00e4isi silt\u00e4, ett\u00e4 p\u00e4\u00e4semme alkavaan kauteen paremmista asemista kuin vuosi sitten. Pakkiosastomme on p\u00e4\u00e4osin terveen\u00e4 ja se avaa meille enemm\u00e4n pelillisi\u00e4 vaihtoehtoja. Joukkueiden lis\u00e4\u00e4minen on ehdottomasti plussaa. Pelaajat ovat todella innoissaan. Viime vuonna kohtasimme jotkut joukkueet 4-6 kertaa tai jopa useammin\u201d, Thom\u00e9 muistelee paikoin jopa puuduttavaa edelliskautta.<\/p>\n<p>Oman ryhm\u00e4n lis\u00e4ksi ennakkosuosikit kauteen l\u00f6ytyv\u00e4t pohdinnan j\u00e4lkeen.<\/p>\n<p>\u201dSparta IF on varmasti iskussa my\u00f6s t\u00e4n\u00e4 vuonna. SIF on \u00e4\u00e4rimm\u00e4isen vaikeasti ly\u00f6t\u00e4viss\u00e4, ja ehdottomasti mausteensa tuovat mukaan my\u00f6s yll\u00e4tysvalmiit Dicken ja GrIFK.\u201d<\/p>\n<p>&#8211; Julius Vauhkonen &#8211;<\/p>\n","protected":false},"excerpt":{"rendered":"<p>Naisten SM-sarjan joukkuem\u00e4\u00e4r\u00e4 kasvaa t\u00e4ll\u00e4 kaudella nelj\u00e4ll\u00e4. Uudistus on saanut laajalti kannatusta. \u201dIlman muutoksia pelaajia olisi nyt vaikeampi motivoida\u201d, valmentaja Jani Vaskola sanoo.<\/p>\n","protected":false},"author":13,"featured_media":671,"comment_status":"closed","ping_status":"closed","sticky":false,"template":"","format":"standard","meta":{"_acf_changed":false,"jetpack_post_was_ever_published":false,"_jetpack_newsletter_access":"","_jetpack_dont_email_post_to_subs":false,"_jetpack_newsletter_tier_id":0,"_jetpack_memberships_contains_paywalled_content":false,"_jetpack_memberships_contains_paid_content":false,"footnotes":""},"categories":[2],"tags":[46,51,57,61,81,84],"class_list":["post-504","post","type-post","status-publish","format-standard","has-post-thumbnail","hentry","category-ajankohtaista","tag-akilles","tag-dicken","tag-grifk","tag-hifk","tag-sif","tag-sparta"],"acf":[],"yoast_head":"<!-- This site is optimized with the Yoast SEO plugin v27.5 - https:\/\/yoast.com\/product\/yoast-seo-wordpress\/ -->\n<title>Naisten SM-sarja laajenee | K\u00e4sipallon naisten Aktialiiga<\/title>\n<meta name=\"robots\" content=\"index, follow, max-snippet:-1, max-image-preview:large, max-video-preview:-1\" \/>\n<link rel=\"canonical\" href=\"https:\/\/aktialiiga.fi\/naiset\/ajankohtaista\/naisten-sm-sarja-laajenee\/\" \/>\n<meta property=\"og:locale\" content=\"fi_FI\" \/>\n<meta property=\"og:type\" content=\"article\" \/>\n<meta property=\"og:title\" content=\"Naisten SM-sarja laajenee | K\u00e4sipallon naisten Aktialiiga\" \/>\n<meta property=\"og:description\" content=\"Naisten SM-sarjan joukkuem\u00e4\u00e4r\u00e4 kasvaa t\u00e4ll\u00e4 kaudella nelj\u00e4ll\u00e4. Uudistus on saanut laajalti kannatusta. \u201dIlman muutoksia pelaajia olisi nyt vaikeampi motivoida\u201d, valmentaja Jani Vaskola sanoo.\" \/>\n<meta property=\"og:url\" content=\"https:\/\/aktialiiga.fi\/naiset\/ajankohtaista\/naisten-sm-sarja-laajenee\/\" \/>\n<meta property=\"og:site_name\" content=\"K\u00e4sipallon naisten Aktialiiga\" \/>\n<meta property=\"article:publisher\" content=\"https:\/\/www.facebook.com\/finnhandball\" \/>\n<meta property=\"article:published_time\" content=\"2011-09-06T10:17:09+00:00\" \/>\n<meta property=\"article:modified_time\" content=\"2024-08-28T15:31:42+00:00\" \/>\n<meta property=\"og:image\" content=\"https:\/\/aktialiiga.fi\/naiset\/wp-content\/uploads\/sites\/6\/2011\/09\/Sparta-123.jpg\" \/>\n\t<meta property=\"og:image:width\" content=\"4752\" \/>\n\t<meta property=\"og:image:height\" content=\"3168\" \/>\n\t<meta property=\"og:image:type\" content=\"image\/jpeg\" \/>\n<meta name=\"author\" content=\"tbrmedia\" \/>\n<meta name=\"twitter:card\" content=\"summary_large_image\" \/>\n<meta name=\"twitter:creator\" content=\"@finnhandball\" \/>\n<meta name=\"twitter:site\" content=\"@finnhandball\" \/>\n<script type=\"application\/ld+json\" class=\"yoast-schema-graph\">{\"@context\":\"https:\\\/\\\/schema.org\",\"@graph\":[{\"@type\":\"Article\",\"@id\":\"https:\\\/\\\/aktialiiga.fi\\\/naiset\\\/ajankohtaista\\\/naisten-sm-sarja-laajenee\\\/#article\",\"isPartOf\":{\"@id\":\"https:\\\/\\\/aktialiiga.fi\\\/naiset\\\/ajankohtaista\\\/naisten-sm-sarja-laajenee\\\/\"},\"author\":{\"name\":\"tbrmedia\",\"@id\":\"https:\\\/\\\/aktialiiga.fi\\\/naiset\\\/#\\\/schema\\\/person\\\/c14bf42f47041db74603c45afcb18d87\"},\"headline\":\"Naisten SM-sarja laajenee\",\"datePublished\":\"2011-09-06T10:17:09+00:00\",\"dateModified\":\"2024-08-28T15:31:42+00:00\",\"mainEntityOfPage\":{\"@id\":\"https:\\\/\\\/aktialiiga.fi\\\/naiset\\\/ajankohtaista\\\/naisten-sm-sarja-laajenee\\\/\"},\"wordCount\":480,\"publisher\":{\"@id\":\"https:\\\/\\\/aktialiiga.fi\\\/naiset\\\/#organization\"},\"image\":{\"@id\":\"https:\\\/\\\/aktialiiga.fi\\\/naiset\\\/ajankohtaista\\\/naisten-sm-sarja-laajenee\\\/#primaryimage\"},\"thumbnailUrl\":\"https:\\\/\\\/aktialiiga.fi\\\/naiset\\\/wp-content\\\/uploads\\\/sites\\\/6\\\/2011\\\/09\\\/Sparta-123.jpg\",\"keywords\":[\"Akilles\",\"Dicken\",\"GrIFK\",\"HIFK\",\"SIF\",\"Sparta\"],\"articleSection\":[\"Ajankohtaista\"],\"inLanguage\":\"fi\"},{\"@type\":\"WebPage\",\"@id\":\"https:\\\/\\\/aktialiiga.fi\\\/naiset\\\/ajankohtaista\\\/naisten-sm-sarja-laajenee\\\/\",\"url\":\"https:\\\/\\\/aktialiiga.fi\\\/naiset\\\/ajankohtaista\\\/naisten-sm-sarja-laajenee\\\/\",\"name\":\"Naisten SM-sarja laajenee | K\u00e4sipallon naisten Aktialiiga\",\"isPartOf\":{\"@id\":\"https:\\\/\\\/aktialiiga.fi\\\/naiset\\\/#website\"},\"primaryImageOfPage\":{\"@id\":\"https:\\\/\\\/aktialiiga.fi\\\/naiset\\\/ajankohtaista\\\/naisten-sm-sarja-laajenee\\\/#primaryimage\"},\"image\":{\"@id\":\"https:\\\/\\\/aktialiiga.fi\\\/naiset\\\/ajankohtaista\\\/naisten-sm-sarja-laajenee\\\/#primaryimage\"},\"thumbnailUrl\":\"https:\\\/\\\/aktialiiga.fi\\\/naiset\\\/wp-content\\\/uploads\\\/sites\\\/6\\\/2011\\\/09\\\/Sparta-123.jpg\",\"datePublished\":\"2011-09-06T10:17:09+00:00\",\"dateModified\":\"2024-08-28T15:31:42+00:00\",\"breadcrumb\":{\"@id\":\"https:\\\/\\\/aktialiiga.fi\\\/naiset\\\/ajankohtaista\\\/naisten-sm-sarja-laajenee\\\/#breadcrumb\"},\"inLanguage\":\"fi\",\"potentialAction\":[{\"@type\":\"ReadAction\",\"target\":[\"https:\\\/\\\/aktialiiga.fi\\\/naiset\\\/ajankohtaista\\\/naisten-sm-sarja-laajenee\\\/\"]}]},{\"@type\":\"ImageObject\",\"inLanguage\":\"fi\",\"@id\":\"https:\\\/\\\/aktialiiga.fi\\\/naiset\\\/ajankohtaista\\\/naisten-sm-sarja-laajenee\\\/#primaryimage\",\"url\":\"https:\\\/\\\/aktialiiga.fi\\\/naiset\\\/wp-content\\\/uploads\\\/sites\\\/6\\\/2011\\\/09\\\/Sparta-123.jpg\",\"contentUrl\":\"https:\\\/\\\/aktialiiga.fi\\\/naiset\\\/wp-content\\\/uploads\\\/sites\\\/6\\\/2011\\\/09\\\/Sparta-123.jpg\",\"width\":4752,\"height\":3168},{\"@type\":\"BreadcrumbList\",\"@id\":\"https:\\\/\\\/aktialiiga.fi\\\/naiset\\\/ajankohtaista\\\/naisten-sm-sarja-laajenee\\\/#breadcrumb\",\"itemListElement\":[{\"@type\":\"ListItem\",\"position\":1,\"name\":\"Etusivu\",\"item\":\"https:\\\/\\\/aktialiiga.fi\\\/naiset\\\/\"},{\"@type\":\"ListItem\",\"position\":2,\"name\":\"Naisten SM-sarja laajenee\"}]},{\"@type\":\"WebSite\",\"@id\":\"https:\\\/\\\/aktialiiga.fi\\\/naiset\\\/#website\",\"url\":\"https:\\\/\\\/aktialiiga.fi\\\/naiset\\\/\",\"name\":\"K\u00e4sipallon naisten Aktialiiga\",\"description\":\"Valtakunnan vauhdikkainta palloilua!\",\"publisher\":{\"@id\":\"https:\\\/\\\/aktialiiga.fi\\\/naiset\\\/#organization\"},\"potentialAction\":[{\"@type\":\"SearchAction\",\"target\":{\"@type\":\"EntryPoint\",\"urlTemplate\":\"https:\\\/\\\/aktialiiga.fi\\\/naiset\\\/?s={search_term_string}\"},\"query-input\":{\"@type\":\"PropertyValueSpecification\",\"valueRequired\":true,\"valueName\":\"search_term_string\"}}],\"inLanguage\":\"fi\"},{\"@type\":\"Organization\",\"@id\":\"https:\\\/\\\/aktialiiga.fi\\\/naiset\\\/#organization\",\"name\":\"K\u00e4sipallon naisten Aktialiiga\",\"url\":\"https:\\\/\\\/aktialiiga.fi\\\/naiset\\\/\",\"logo\":{\"@type\":\"ImageObject\",\"inLanguage\":\"fi\",\"@id\":\"https:\\\/\\\/aktialiiga.fi\\\/naiset\\\/#\\\/schema\\\/logo\\\/image\\\/\",\"url\":\"https:\\\/\\\/aktialiiga.fi\\\/naiset\\\/wp-content\\\/uploads\\\/sites\\\/6\\\/2024\\\/09\\\/Aktialiiga-Yoast-512.png\",\"contentUrl\":\"https:\\\/\\\/aktialiiga.fi\\\/naiset\\\/wp-content\\\/uploads\\\/sites\\\/6\\\/2024\\\/09\\\/Aktialiiga-Yoast-512.png\",\"width\":512,\"height\":512,\"caption\":\"K\u00e4sipallon naisten Aktialiiga\"},\"image\":{\"@id\":\"https:\\\/\\\/aktialiiga.fi\\\/naiset\\\/#\\\/schema\\\/logo\\\/image\\\/\"},\"sameAs\":[\"https:\\\/\\\/www.facebook.com\\\/finnhandball\",\"https:\\\/\\\/x.com\\\/finnhandball\",\"https:\\\/\\\/www.instagram.com\\\/handballfinland\\\/\"]},{\"@type\":\"Person\",\"@id\":\"https:\\\/\\\/aktialiiga.fi\\\/naiset\\\/#\\\/schema\\\/person\\\/c14bf42f47041db74603c45afcb18d87\",\"name\":\"tbrmedia\",\"image\":{\"@type\":\"ImageObject\",\"inLanguage\":\"fi\",\"@id\":\"https:\\\/\\\/secure.gravatar.com\\\/avatar\\\/ee975fa091fe581d12b60debb3439022686618368a7c142044c56724d4666b16?s=96&d=mm&r=g\",\"url\":\"https:\\\/\\\/secure.gravatar.com\\\/avatar\\\/ee975fa091fe581d12b60debb3439022686618368a7c142044c56724d4666b16?s=96&d=mm&r=g\",\"contentUrl\":\"https:\\\/\\\/secure.gravatar.com\\\/avatar\\\/ee975fa091fe581d12b60debb3439022686618368a7c142044c56724d4666b16?s=96&d=mm&r=g\",\"caption\":\"tbrmedia\"}}]}<\/script>\n<!-- \/ Yoast SEO plugin. -->","yoast_head_json":{"title":"Naisten SM-sarja laajenee | K\u00e4sipallon naisten Aktialiiga","robots":{"index":"index","follow":"follow","max-snippet":"max-snippet:-1","max-image-preview":"max-image-preview:large","max-video-preview":"max-video-preview:-1"},"canonical":"https:\/\/aktialiiga.fi\/naiset\/ajankohtaista\/naisten-sm-sarja-laajenee\/","og_locale":"fi_FI","og_type":"article","og_title":"Naisten SM-sarja laajenee | K\u00e4sipallon naisten Aktialiiga","og_description":"Naisten SM-sarjan joukkuem\u00e4\u00e4r\u00e4 kasvaa t\u00e4ll\u00e4 kaudella nelj\u00e4ll\u00e4. Uudistus on saanut laajalti kannatusta. \u201dIlman muutoksia pelaajia olisi nyt vaikeampi motivoida\u201d, valmentaja Jani Vaskola sanoo.","og_url":"https:\/\/aktialiiga.fi\/naiset\/ajankohtaista\/naisten-sm-sarja-laajenee\/","og_site_name":"K\u00e4sipallon naisten Aktialiiga","article_publisher":"https:\/\/www.facebook.com\/finnhandball","article_published_time":"2011-09-06T10:17:09+00:00","article_modified_time":"2024-08-28T15:31:42+00:00","og_image":[{"width":4752,"height":3168,"url":"https:\/\/aktialiiga.fi\/naiset\/wp-content\/uploads\/sites\/6\/2011\/09\/Sparta-123.jpg","type":"image\/jpeg"}],"author":"tbrmedia","twitter_card":"summary_large_image","twitter_creator":"@finnhandball","twitter_site":"@finnhandball","schema":{"@context":"https:\/\/schema.org","@graph":[{"@type":"Article","@id":"https:\/\/aktialiiga.fi\/naiset\/ajankohtaista\/naisten-sm-sarja-laajenee\/#article","isPartOf":{"@id":"https:\/\/aktialiiga.fi\/naiset\/ajankohtaista\/naisten-sm-sarja-laajenee\/"},"author":{"name":"tbrmedia","@id":"https:\/\/aktialiiga.fi\/naiset\/#\/schema\/person\/c14bf42f47041db74603c45afcb18d87"},"headline":"Naisten SM-sarja laajenee","datePublished":"2011-09-06T10:17:09+00:00","dateModified":"2024-08-28T15:31:42+00:00","mainEntityOfPage":{"@id":"https:\/\/aktialiiga.fi\/naiset\/ajankohtaista\/naisten-sm-sarja-laajenee\/"},"wordCount":480,"publisher":{"@id":"https:\/\/aktialiiga.fi\/naiset\/#organization"},"image":{"@id":"https:\/\/aktialiiga.fi\/naiset\/ajankohtaista\/naisten-sm-sarja-laajenee\/#primaryimage"},"thumbnailUrl":"https:\/\/aktialiiga.fi\/naiset\/wp-content\/uploads\/sites\/6\/2011\/09\/Sparta-123.jpg","keywords":["Akilles","Dicken","GrIFK","HIFK","SIF","Sparta"],"articleSection":["Ajankohtaista"],"inLanguage":"fi"},{"@type":"WebPage","@id":"https:\/\/aktialiiga.fi\/naiset\/ajankohtaista\/naisten-sm-sarja-laajenee\/","url":"https:\/\/aktialiiga.fi\/naiset\/ajankohtaista\/naisten-sm-sarja-laajenee\/","name":"Naisten SM-sarja laajenee | K\u00e4sipallon naisten Aktialiiga","isPartOf":{"@id":"https:\/\/aktialiiga.fi\/naiset\/#website"},"primaryImageOfPage":{"@id":"https:\/\/aktialiiga.fi\/naiset\/ajankohtaista\/naisten-sm-sarja-laajenee\/#primaryimage"},"image":{"@id":"https:\/\/aktialiiga.fi\/naiset\/ajankohtaista\/naisten-sm-sarja-laajenee\/#primaryimage"},"thumbnailUrl":"https:\/\/aktialiiga.fi\/naiset\/wp-content\/uploads\/sites\/6\/2011\/09\/Sparta-123.jpg","datePublished":"2011-09-06T10:17:09+00:00","dateModified":"2024-08-28T15:31:42+00:00","breadcrumb":{"@id":"https:\/\/aktialiiga.fi\/naiset\/ajankohtaista\/naisten-sm-sarja-laajenee\/#breadcrumb"},"inLanguage":"fi","potentialAction":[{"@type":"ReadAction","target":["https:\/\/aktialiiga.fi\/naiset\/ajankohtaista\/naisten-sm-sarja-laajenee\/"]}]},{"@type":"ImageObject","inLanguage":"fi","@id":"https:\/\/aktialiiga.fi\/naiset\/ajankohtaista\/naisten-sm-sarja-laajenee\/#primaryimage","url":"https:\/\/aktialiiga.fi\/naiset\/wp-content\/uploads\/sites\/6\/2011\/09\/Sparta-123.jpg","contentUrl":"https:\/\/aktialiiga.fi\/naiset\/wp-content\/uploads\/sites\/6\/2011\/09\/Sparta-123.jpg","width":4752,"height":3168},{"@type":"BreadcrumbList","@id":"https:\/\/aktialiiga.fi\/naiset\/ajankohtaista\/naisten-sm-sarja-laajenee\/#breadcrumb","itemListElement":[{"@type":"ListItem","position":1,"name":"Etusivu","item":"https:\/\/aktialiiga.fi\/naiset\/"},{"@type":"ListItem","position":2,"name":"Naisten SM-sarja laajenee"}]},{"@type":"WebSite","@id":"https:\/\/aktialiiga.fi\/naiset\/#website","url":"https:\/\/aktialiiga.fi\/naiset\/","name":"K\u00e4sipallon naisten Aktialiiga","description":"Valtakunnan vauhdikkainta palloilua!","publisher":{"@id":"https:\/\/aktialiiga.fi\/naiset\/#organization"},"potentialAction":[{"@type":"SearchAction","target":{"@type":"EntryPoint","urlTemplate":"https:\/\/aktialiiga.fi\/naiset\/?s={search_term_string}"},"query-input":{"@type":"PropertyValueSpecification","valueRequired":true,"valueName":"search_term_string"}}],"inLanguage":"fi"},{"@type":"Organization","@id":"https:\/\/aktialiiga.fi\/naiset\/#organization","name":"K\u00e4sipallon naisten Aktialiiga","url":"https:\/\/aktialiiga.fi\/naiset\/","logo":{"@type":"ImageObject","inLanguage":"fi","@id":"https:\/\/aktialiiga.fi\/naiset\/#\/schema\/logo\/image\/","url":"https:\/\/aktialiiga.fi\/naiset\/wp-content\/uploads\/sites\/6\/2024\/09\/Aktialiiga-Yoast-512.png","contentUrl":"https:\/\/aktialiiga.fi\/naiset\/wp-content\/uploads\/sites\/6\/2024\/09\/Aktialiiga-Yoast-512.png","width":512,"height":512,"caption":"K\u00e4sipallon naisten Aktialiiga"},"image":{"@id":"https:\/\/aktialiiga.fi\/naiset\/#\/schema\/logo\/image\/"},"sameAs":["https:\/\/www.facebook.com\/finnhandball","https:\/\/x.com\/finnhandball","https:\/\/www.instagram.com\/handballfinland\/"]},{"@type":"Person","@id":"https:\/\/aktialiiga.fi\/naiset\/#\/schema\/person\/c14bf42f47041db74603c45afcb18d87","name":"tbrmedia","image":{"@type":"ImageObject","inLanguage":"fi","@id":"https:\/\/secure.gravatar.com\/avatar\/ee975fa091fe581d12b60debb3439022686618368a7c142044c56724d4666b16?s=96&d=mm&r=g","url":"https:\/\/secure.gravatar.com\/avatar\/ee975fa091fe581d12b60debb3439022686618368a7c142044c56724d4666b16?s=96&d=mm&r=g","contentUrl":"https:\/\/secure.gravatar.com\/avatar\/ee975fa091fe581d12b60debb3439022686618368a7c142044c56724d4666b16?s=96&d=mm&r=g","caption":"tbrmedia"}}]}},"jetpack_featured_media_url":"https:\/\/aktialiiga.fi\/naiset\/wp-content\/uploads\/sites\/6\/2011\/09\/Sparta-123.jpg","jetpack_sharing_enabled":true,"jetpack_shortlink":"https:\/\/wp.me\/pfYhm6-88","_links":{"self":[{"href":"https:\/\/aktialiiga.fi\/naiset\/wp-json\/wp\/v2\/posts\/504","targetHints":{"allow":["GET"]}}],"collection":[{"href":"https:\/\/aktialiiga.fi\/naiset\/wp-json\/wp\/v2\/posts"}],"about":[{"href":"https:\/\/aktialiiga.fi\/naiset\/wp-json\/wp\/v2\/types\/post"}],"author":[{"embeddable":true,"href":"https:\/\/aktialiiga.fi\/naiset\/wp-json\/wp\/v2\/users\/13"}],"replies":[{"embeddable":true,"href":"https:\/\/aktialiiga.fi\/naiset\/wp-json\/wp\/v2\/comments?post=504"}],"version-history":[{"count":1,"href":"https:\/\/aktialiiga.fi\/naiset\/wp-json\/wp\/v2\/posts\/504\/revisions"}],"predecessor-version":[{"id":39906,"href":"https:\/\/aktialiiga.fi\/naiset\/wp-json\/wp\/v2\/posts\/504\/revisions\/39906"}],"wp:featuredmedia":[{"embeddable":true,"href":"https:\/\/aktialiiga.fi\/naiset\/wp-json\/wp\/v2\/media\/671"}],"wp:attachment":[{"href":"https:\/\/aktialiiga.fi\/naiset\/wp-json\/wp\/v2\/media?parent=504"}],"wp:term":[{"taxonomy":"category","embeddable":true,"href":"https:\/\/aktialiiga.fi\/naiset\/wp-json\/wp\/v2\/categories?post=504"},{"taxonomy":"post_tag","embeddable":true,"href":"https:\/\/aktialiiga.fi\/naiset\/wp-json\/wp\/v2\/tags?post=504"}],"curies":[{"name":"wp","href":"https:\/\/api.w.org\/{rel}","templated":true}]}}