{"id":5584,"date":"2015-01-07T07:58:34","date_gmt":"2015-01-07T05:58:34","guid":{"rendered":"https:\/\/aktialiiga.fi\/naiset\/?p=5584"},"modified":"2024-08-28T18:30:15","modified_gmt":"2024-08-28T15:30:15","slug":"sif-ja-dicken-avaavat-uuden-vuoden-karkikamppailulla","status":"publish","type":"post","link":"https:\/\/aktialiiga.fi\/naiset\/2014-2015\/ennakot-2014-2015\/sif-ja-dicken-avaavat-uuden-vuoden-karkikamppailulla\/","title":{"rendered":"SIF ja Dicken avaavat uuden vuoden k\u00e4rkikamppailulla"},"content":{"rendered":"<p>Naisten SM-sarja jatkuu j\u00e4lleen joulutauon j\u00e4lkeen keskiviikkona ja ensimm\u00e4isen\u00e4 otteluna k\u00e4ynnistyy Siuntiossa kello 18.30 kamppailu SIF &#8211; Dicken.<\/p>\n<p>N\u00e4in heti kev\u00e4\u00e4n alkuun saadaan melkoinen herkkupala, sill\u00e4 vastakkain ovat sijoilla 3. ja 1. olevat joukkueet. Dicken eteni syksyn voitosta voittoon ja SIF:n tili\u00e4kin tahraa vain kaksi tappiota kauden yhdeks\u00e4st\u00e4 pelatusta ottelusta.<\/p>\n<p>Siuntiolaisten molemmat tappiot tulivat per\u00e4j\u00e4lkeen loka-marraskuun vaihteessa. Ensin Dicken kaatoi siuntiolaiset kotonaan niukasti 24-22 ja per\u00e4\u00e4n sarjakakkonen HIFK haki pisteet Siuntiosta lukemin 22-27. T\u00e4m\u00e4n j\u00e4lkeen tilille ehti ennen joulua tulla kuitenkin nelj\u00e4 per\u00e4tt\u00e4ist\u00e4 voittoa.<\/p>\n<p>Dickenill\u00e4 etenkin ratkaisijoita on todella laajalla rintamalla ja parhaana maalintekij\u00e4n\u00e4 Anna Lindahl on tehtaillut \u201dvain\u201d 42 maalia. SIF ei my\u00f6sk\u00e4\u00e4n ole yhden tai parin maalintekij\u00e4n varassa. Madeleine Lindholm on parhaana nakuttanut t\u00e4h\u00e4n menness\u00e4 47 maalia.<\/p>\n<p>Vastakkain on my\u00f6s kaksi alkukauden parasta puolustusta. Dickenin verkkoon palloja on uponnut vain 20,33 maalin keskiarvolla ottelua kohden, eik\u00e4 SIF j\u00e4\u00e4 paljon j\u00e4lkeen lukemalla 21,89.<\/p>\n","protected":false},"excerpt":{"rendered":"<p>Naisten SM-sarja jatkuu j\u00e4lleen joulutauon j\u00e4lkeen keskiviikkona ja ensimm\u00e4isen\u00e4 otteluna k\u00e4ynnistyy Siuntiossa kello 18.30 kamppailu SIF &#8211; Dicken. N\u00e4in heti kev\u00e4\u00e4n alkuun saadaan melkoinen herkkupala, sill\u00e4 vastakkain ovat sijoilla 3. ja 1. olevat joukkueet. Dicken eteni syksyn voitosta voittoon ja SIF:n tili\u00e4kin tahraa vain kaksi tappiota kauden yhdeks\u00e4st\u00e4 pelatusta ottelusta. Siuntiolaisten molemmat tappiot tulivat per\u00e4j\u00e4lkeen [&hellip;]<\/p>\n","protected":false},"author":13,"featured_media":5529,"comment_status":"closed","ping_status":"closed","sticky":false,"template":"","format":"standard","meta":{"_acf_changed":false,"jetpack_post_was_ever_published":false,"_jetpack_newsletter_access":"","_jetpack_dont_email_post_to_subs":false,"_jetpack_newsletter_tier_id":0,"_jetpack_memberships_contains_paywalled_content":false,"_jetpack_memberships_contains_paid_content":false,"footnotes":""},"categories":[36],"tags":[51,81],"class_list":["post-5584","post","type-post","status-publish","format-standard","has-post-thumbnail","hentry","category-ennakot-2014-2015","tag-dicken","tag-sif"],"acf":[],"yoast_head":"<!-- This site is optimized with the Yoast SEO plugin v27.5 - https:\/\/yoast.com\/product\/yoast-seo-wordpress\/ -->\n<title>SIF ja Dicken avaavat uuden vuoden k\u00e4rkikamppailulla | K\u00e4sipallon naisten Aktialiiga<\/title>\n<meta name=\"robots\" content=\"index, follow, max-snippet:-1, max-image-preview:large, max-video-preview:-1\" \/>\n<link rel=\"canonical\" href=\"https:\/\/aktialiiga.fi\/naiset\/2014-2015\/ennakot-2014-2015\/sif-ja-dicken-avaavat-uuden-vuoden-karkikamppailulla\/\" \/>\n<meta property=\"og:locale\" content=\"fi_FI\" \/>\n<meta property=\"og:type\" content=\"article\" \/>\n<meta property=\"og:title\" content=\"SIF ja Dicken avaavat uuden vuoden k\u00e4rkikamppailulla | K\u00e4sipallon naisten Aktialiiga\" \/>\n<meta property=\"og:description\" content=\"Naisten SM-sarja jatkuu j\u00e4lleen joulutauon j\u00e4lkeen keskiviikkona ja ensimm\u00e4isen\u00e4 otteluna k\u00e4ynnistyy Siuntiossa kello 18.30 kamppailu SIF &#8211; Dicken. N\u00e4in heti kev\u00e4\u00e4n alkuun saadaan melkoinen herkkupala, sill\u00e4 vastakkain ovat sijoilla 3. ja 1. olevat joukkueet. Dicken eteni syksyn voitosta voittoon ja SIF:n tili\u00e4kin tahraa vain kaksi tappiota kauden yhdeks\u00e4st\u00e4 pelatusta ottelusta. Siuntiolaisten molemmat tappiot tulivat per\u00e4j\u00e4lkeen [&hellip;]\" \/>\n<meta property=\"og:url\" content=\"https:\/\/aktialiiga.fi\/naiset\/2014-2015\/ennakot-2014-2015\/sif-ja-dicken-avaavat-uuden-vuoden-karkikamppailulla\/\" \/>\n<meta property=\"og:site_name\" content=\"K\u00e4sipallon naisten Aktialiiga\" \/>\n<meta property=\"article:publisher\" content=\"https:\/\/www.facebook.com\/finnhandball\" \/>\n<meta property=\"article:published_time\" content=\"2015-01-07T05:58:34+00:00\" \/>\n<meta property=\"article:modified_time\" content=\"2024-08-28T15:30:15+00:00\" \/>\n<meta property=\"og:image\" content=\"https:\/\/aktialiiga.fi\/naiset\/wp-content\/uploads\/sites\/6\/2014\/12\/SIF_Valkamo_Emilia_1415.jpg\" \/>\n\t<meta property=\"og:image:width\" content=\"640\" \/>\n\t<meta property=\"og:image:height\" content=\"359\" \/>\n\t<meta property=\"og:image:type\" content=\"image\/jpeg\" \/>\n<meta name=\"author\" content=\"tbrmedia\" \/>\n<meta name=\"twitter:card\" content=\"summary_large_image\" \/>\n<meta name=\"twitter:creator\" content=\"@finnhandball\" \/>\n<meta name=\"twitter:site\" content=\"@finnhandball\" \/>\n<script type=\"application\/ld+json\" class=\"yoast-schema-graph\">{\"@context\":\"https:\\\/\\\/schema.org\",\"@graph\":[{\"@type\":\"Article\",\"@id\":\"https:\\\/\\\/aktialiiga.fi\\\/naiset\\\/2014-2015\\\/ennakot-2014-2015\\\/sif-ja-dicken-avaavat-uuden-vuoden-karkikamppailulla\\\/#article\",\"isPartOf\":{\"@id\":\"https:\\\/\\\/aktialiiga.fi\\\/naiset\\\/2014-2015\\\/ennakot-2014-2015\\\/sif-ja-dicken-avaavat-uuden-vuoden-karkikamppailulla\\\/\"},\"author\":{\"name\":\"tbrmedia\",\"@id\":\"https:\\\/\\\/aktialiiga.fi\\\/naiset\\\/#\\\/schema\\\/person\\\/c14bf42f47041db74603c45afcb18d87\"},\"headline\":\"SIF ja Dicken avaavat uuden vuoden k\u00e4rkikamppailulla\",\"datePublished\":\"2015-01-07T05:58:34+00:00\",\"dateModified\":\"2024-08-28T15:30:15+00:00\",\"mainEntityOfPage\":{\"@id\":\"https:\\\/\\\/aktialiiga.fi\\\/naiset\\\/2014-2015\\\/ennakot-2014-2015\\\/sif-ja-dicken-avaavat-uuden-vuoden-karkikamppailulla\\\/\"},\"wordCount\":170,\"publisher\":{\"@id\":\"https:\\\/\\\/aktialiiga.fi\\\/naiset\\\/#organization\"},\"image\":{\"@id\":\"https:\\\/\\\/aktialiiga.fi\\\/naiset\\\/2014-2015\\\/ennakot-2014-2015\\\/sif-ja-dicken-avaavat-uuden-vuoden-karkikamppailulla\\\/#primaryimage\"},\"thumbnailUrl\":\"https:\\\/\\\/aktialiiga.fi\\\/naiset\\\/wp-content\\\/uploads\\\/sites\\\/6\\\/2014\\\/12\\\/SIF_Valkamo_Emilia_1415.jpg\",\"keywords\":[\"Dicken\",\"SIF\"],\"articleSection\":[\"Ennakot\"],\"inLanguage\":\"fi\"},{\"@type\":\"WebPage\",\"@id\":\"https:\\\/\\\/aktialiiga.fi\\\/naiset\\\/2014-2015\\\/ennakot-2014-2015\\\/sif-ja-dicken-avaavat-uuden-vuoden-karkikamppailulla\\\/\",\"url\":\"https:\\\/\\\/aktialiiga.fi\\\/naiset\\\/2014-2015\\\/ennakot-2014-2015\\\/sif-ja-dicken-avaavat-uuden-vuoden-karkikamppailulla\\\/\",\"name\":\"SIF ja Dicken avaavat uuden vuoden k\u00e4rkikamppailulla | K\u00e4sipallon naisten Aktialiiga\",\"isPartOf\":{\"@id\":\"https:\\\/\\\/aktialiiga.fi\\\/naiset\\\/#website\"},\"primaryImageOfPage\":{\"@id\":\"https:\\\/\\\/aktialiiga.fi\\\/naiset\\\/2014-2015\\\/ennakot-2014-2015\\\/sif-ja-dicken-avaavat-uuden-vuoden-karkikamppailulla\\\/#primaryimage\"},\"image\":{\"@id\":\"https:\\\/\\\/aktialiiga.fi\\\/naiset\\\/2014-2015\\\/ennakot-2014-2015\\\/sif-ja-dicken-avaavat-uuden-vuoden-karkikamppailulla\\\/#primaryimage\"},\"thumbnailUrl\":\"https:\\\/\\\/aktialiiga.fi\\\/naiset\\\/wp-content\\\/uploads\\\/sites\\\/6\\\/2014\\\/12\\\/SIF_Valkamo_Emilia_1415.jpg\",\"datePublished\":\"2015-01-07T05:58:34+00:00\",\"dateModified\":\"2024-08-28T15:30:15+00:00\",\"breadcrumb\":{\"@id\":\"https:\\\/\\\/aktialiiga.fi\\\/naiset\\\/2014-2015\\\/ennakot-2014-2015\\\/sif-ja-dicken-avaavat-uuden-vuoden-karkikamppailulla\\\/#breadcrumb\"},\"inLanguage\":\"fi\",\"potentialAction\":[{\"@type\":\"ReadAction\",\"target\":[\"https:\\\/\\\/aktialiiga.fi\\\/naiset\\\/2014-2015\\\/ennakot-2014-2015\\\/sif-ja-dicken-avaavat-uuden-vuoden-karkikamppailulla\\\/\"]}]},{\"@type\":\"ImageObject\",\"inLanguage\":\"fi\",\"@id\":\"https:\\\/\\\/aktialiiga.fi\\\/naiset\\\/2014-2015\\\/ennakot-2014-2015\\\/sif-ja-dicken-avaavat-uuden-vuoden-karkikamppailulla\\\/#primaryimage\",\"url\":\"https:\\\/\\\/aktialiiga.fi\\\/naiset\\\/wp-content\\\/uploads\\\/sites\\\/6\\\/2014\\\/12\\\/SIF_Valkamo_Emilia_1415.jpg\",\"contentUrl\":\"https:\\\/\\\/aktialiiga.fi\\\/naiset\\\/wp-content\\\/uploads\\\/sites\\\/6\\\/2014\\\/12\\\/SIF_Valkamo_Emilia_1415.jpg\",\"width\":640,\"height\":359},{\"@type\":\"BreadcrumbList\",\"@id\":\"https:\\\/\\\/aktialiiga.fi\\\/naiset\\\/2014-2015\\\/ennakot-2014-2015\\\/sif-ja-dicken-avaavat-uuden-vuoden-karkikamppailulla\\\/#breadcrumb\",\"itemListElement\":[{\"@type\":\"ListItem\",\"position\":1,\"name\":\"Etusivu\",\"item\":\"https:\\\/\\\/aktialiiga.fi\\\/naiset\\\/\"},{\"@type\":\"ListItem\",\"position\":2,\"name\":\"SIF ja Dicken avaavat uuden vuoden k\u00e4rkikamppailulla\"}]},{\"@type\":\"WebSite\",\"@id\":\"https:\\\/\\\/aktialiiga.fi\\\/naiset\\\/#website\",\"url\":\"https:\\\/\\\/aktialiiga.fi\\\/naiset\\\/\",\"name\":\"K\u00e4sipallon naisten Aktialiiga\",\"description\":\"Valtakunnan vauhdikkainta palloilua!\",\"publisher\":{\"@id\":\"https:\\\/\\\/aktialiiga.fi\\\/naiset\\\/#organization\"},\"potentialAction\":[{\"@type\":\"SearchAction\",\"target\":{\"@type\":\"EntryPoint\",\"urlTemplate\":\"https:\\\/\\\/aktialiiga.fi\\\/naiset\\\/?s={search_term_string}\"},\"query-input\":{\"@type\":\"PropertyValueSpecification\",\"valueRequired\":true,\"valueName\":\"search_term_string\"}}],\"inLanguage\":\"fi\"},{\"@type\":\"Organization\",\"@id\":\"https:\\\/\\\/aktialiiga.fi\\\/naiset\\\/#organization\",\"name\":\"K\u00e4sipallon naisten Aktialiiga\",\"url\":\"https:\\\/\\\/aktialiiga.fi\\\/naiset\\\/\",\"logo\":{\"@type\":\"ImageObject\",\"inLanguage\":\"fi\",\"@id\":\"https:\\\/\\\/aktialiiga.fi\\\/naiset\\\/#\\\/schema\\\/logo\\\/image\\\/\",\"url\":\"https:\\\/\\\/aktialiiga.fi\\\/naiset\\\/wp-content\\\/uploads\\\/sites\\\/6\\\/2024\\\/09\\\/Aktialiiga-Yoast-512.png\",\"contentUrl\":\"https:\\\/\\\/aktialiiga.fi\\\/naiset\\\/wp-content\\\/uploads\\\/sites\\\/6\\\/2024\\\/09\\\/Aktialiiga-Yoast-512.png\",\"width\":512,\"height\":512,\"caption\":\"K\u00e4sipallon naisten Aktialiiga\"},\"image\":{\"@id\":\"https:\\\/\\\/aktialiiga.fi\\\/naiset\\\/#\\\/schema\\\/logo\\\/image\\\/\"},\"sameAs\":[\"https:\\\/\\\/www.facebook.com\\\/finnhandball\",\"https:\\\/\\\/x.com\\\/finnhandball\",\"https:\\\/\\\/www.instagram.com\\\/handballfinland\\\/\"]},{\"@type\":\"Person\",\"@id\":\"https:\\\/\\\/aktialiiga.fi\\\/naiset\\\/#\\\/schema\\\/person\\\/c14bf42f47041db74603c45afcb18d87\",\"name\":\"tbrmedia\",\"image\":{\"@type\":\"ImageObject\",\"inLanguage\":\"fi\",\"@id\":\"https:\\\/\\\/secure.gravatar.com\\\/avatar\\\/ee975fa091fe581d12b60debb3439022686618368a7c142044c56724d4666b16?s=96&d=mm&r=g\",\"url\":\"https:\\\/\\\/secure.gravatar.com\\\/avatar\\\/ee975fa091fe581d12b60debb3439022686618368a7c142044c56724d4666b16?s=96&d=mm&r=g\",\"contentUrl\":\"https:\\\/\\\/secure.gravatar.com\\\/avatar\\\/ee975fa091fe581d12b60debb3439022686618368a7c142044c56724d4666b16?s=96&d=mm&r=g\",\"caption\":\"tbrmedia\"}}]}<\/script>\n<!-- \/ Yoast SEO plugin. -->","yoast_head_json":{"title":"SIF ja Dicken avaavat uuden vuoden k\u00e4rkikamppailulla | K\u00e4sipallon naisten Aktialiiga","robots":{"index":"index","follow":"follow","max-snippet":"max-snippet:-1","max-image-preview":"max-image-preview:large","max-video-preview":"max-video-preview:-1"},"canonical":"https:\/\/aktialiiga.fi\/naiset\/2014-2015\/ennakot-2014-2015\/sif-ja-dicken-avaavat-uuden-vuoden-karkikamppailulla\/","og_locale":"fi_FI","og_type":"article","og_title":"SIF ja Dicken avaavat uuden vuoden k\u00e4rkikamppailulla | K\u00e4sipallon naisten Aktialiiga","og_description":"Naisten SM-sarja jatkuu j\u00e4lleen joulutauon j\u00e4lkeen keskiviikkona ja ensimm\u00e4isen\u00e4 otteluna k\u00e4ynnistyy Siuntiossa kello 18.30 kamppailu SIF &#8211; Dicken. N\u00e4in heti kev\u00e4\u00e4n alkuun saadaan melkoinen herkkupala, sill\u00e4 vastakkain ovat sijoilla 3. ja 1. olevat joukkueet. Dicken eteni syksyn voitosta voittoon ja SIF:n tili\u00e4kin tahraa vain kaksi tappiota kauden yhdeks\u00e4st\u00e4 pelatusta ottelusta. Siuntiolaisten molemmat tappiot tulivat per\u00e4j\u00e4lkeen [&hellip;]","og_url":"https:\/\/aktialiiga.fi\/naiset\/2014-2015\/ennakot-2014-2015\/sif-ja-dicken-avaavat-uuden-vuoden-karkikamppailulla\/","og_site_name":"K\u00e4sipallon naisten Aktialiiga","article_publisher":"https:\/\/www.facebook.com\/finnhandball","article_published_time":"2015-01-07T05:58:34+00:00","article_modified_time":"2024-08-28T15:30:15+00:00","og_image":[{"width":640,"height":359,"url":"https:\/\/aktialiiga.fi\/naiset\/wp-content\/uploads\/sites\/6\/2014\/12\/SIF_Valkamo_Emilia_1415.jpg","type":"image\/jpeg"}],"author":"tbrmedia","twitter_card":"summary_large_image","twitter_creator":"@finnhandball","twitter_site":"@finnhandball","schema":{"@context":"https:\/\/schema.org","@graph":[{"@type":"Article","@id":"https:\/\/aktialiiga.fi\/naiset\/2014-2015\/ennakot-2014-2015\/sif-ja-dicken-avaavat-uuden-vuoden-karkikamppailulla\/#article","isPartOf":{"@id":"https:\/\/aktialiiga.fi\/naiset\/2014-2015\/ennakot-2014-2015\/sif-ja-dicken-avaavat-uuden-vuoden-karkikamppailulla\/"},"author":{"name":"tbrmedia","@id":"https:\/\/aktialiiga.fi\/naiset\/#\/schema\/person\/c14bf42f47041db74603c45afcb18d87"},"headline":"SIF ja Dicken avaavat uuden vuoden k\u00e4rkikamppailulla","datePublished":"2015-01-07T05:58:34+00:00","dateModified":"2024-08-28T15:30:15+00:00","mainEntityOfPage":{"@id":"https:\/\/aktialiiga.fi\/naiset\/2014-2015\/ennakot-2014-2015\/sif-ja-dicken-avaavat-uuden-vuoden-karkikamppailulla\/"},"wordCount":170,"publisher":{"@id":"https:\/\/aktialiiga.fi\/naiset\/#organization"},"image":{"@id":"https:\/\/aktialiiga.fi\/naiset\/2014-2015\/ennakot-2014-2015\/sif-ja-dicken-avaavat-uuden-vuoden-karkikamppailulla\/#primaryimage"},"thumbnailUrl":"https:\/\/aktialiiga.fi\/naiset\/wp-content\/uploads\/sites\/6\/2014\/12\/SIF_Valkamo_Emilia_1415.jpg","keywords":["Dicken","SIF"],"articleSection":["Ennakot"],"inLanguage":"fi"},{"@type":"WebPage","@id":"https:\/\/aktialiiga.fi\/naiset\/2014-2015\/ennakot-2014-2015\/sif-ja-dicken-avaavat-uuden-vuoden-karkikamppailulla\/","url":"https:\/\/aktialiiga.fi\/naiset\/2014-2015\/ennakot-2014-2015\/sif-ja-dicken-avaavat-uuden-vuoden-karkikamppailulla\/","name":"SIF ja Dicken avaavat uuden vuoden k\u00e4rkikamppailulla | K\u00e4sipallon naisten Aktialiiga","isPartOf":{"@id":"https:\/\/aktialiiga.fi\/naiset\/#website"},"primaryImageOfPage":{"@id":"https:\/\/aktialiiga.fi\/naiset\/2014-2015\/ennakot-2014-2015\/sif-ja-dicken-avaavat-uuden-vuoden-karkikamppailulla\/#primaryimage"},"image":{"@id":"https:\/\/aktialiiga.fi\/naiset\/2014-2015\/ennakot-2014-2015\/sif-ja-dicken-avaavat-uuden-vuoden-karkikamppailulla\/#primaryimage"},"thumbnailUrl":"https:\/\/aktialiiga.fi\/naiset\/wp-content\/uploads\/sites\/6\/2014\/12\/SIF_Valkamo_Emilia_1415.jpg","datePublished":"2015-01-07T05:58:34+00:00","dateModified":"2024-08-28T15:30:15+00:00","breadcrumb":{"@id":"https:\/\/aktialiiga.fi\/naiset\/2014-2015\/ennakot-2014-2015\/sif-ja-dicken-avaavat-uuden-vuoden-karkikamppailulla\/#breadcrumb"},"inLanguage":"fi","potentialAction":[{"@type":"ReadAction","target":["https:\/\/aktialiiga.fi\/naiset\/2014-2015\/ennakot-2014-2015\/sif-ja-dicken-avaavat-uuden-vuoden-karkikamppailulla\/"]}]},{"@type":"ImageObject","inLanguage":"fi","@id":"https:\/\/aktialiiga.fi\/naiset\/2014-2015\/ennakot-2014-2015\/sif-ja-dicken-avaavat-uuden-vuoden-karkikamppailulla\/#primaryimage","url":"https:\/\/aktialiiga.fi\/naiset\/wp-content\/uploads\/sites\/6\/2014\/12\/SIF_Valkamo_Emilia_1415.jpg","contentUrl":"https:\/\/aktialiiga.fi\/naiset\/wp-content\/uploads\/sites\/6\/2014\/12\/SIF_Valkamo_Emilia_1415.jpg","width":640,"height":359},{"@type":"BreadcrumbList","@id":"https:\/\/aktialiiga.fi\/naiset\/2014-2015\/ennakot-2014-2015\/sif-ja-dicken-avaavat-uuden-vuoden-karkikamppailulla\/#breadcrumb","itemListElement":[{"@type":"ListItem","position":1,"name":"Etusivu","item":"https:\/\/aktialiiga.fi\/naiset\/"},{"@type":"ListItem","position":2,"name":"SIF ja Dicken avaavat uuden vuoden k\u00e4rkikamppailulla"}]},{"@type":"WebSite","@id":"https:\/\/aktialiiga.fi\/naiset\/#website","url":"https:\/\/aktialiiga.fi\/naiset\/","name":"K\u00e4sipallon naisten Aktialiiga","description":"Valtakunnan vauhdikkainta palloilua!","publisher":{"@id":"https:\/\/aktialiiga.fi\/naiset\/#organization"},"potentialAction":[{"@type":"SearchAction","target":{"@type":"EntryPoint","urlTemplate":"https:\/\/aktialiiga.fi\/naiset\/?s={search_term_string}"},"query-input":{"@type":"PropertyValueSpecification","valueRequired":true,"valueName":"search_term_string"}}],"inLanguage":"fi"},{"@type":"Organization","@id":"https:\/\/aktialiiga.fi\/naiset\/#organization","name":"K\u00e4sipallon naisten Aktialiiga","url":"https:\/\/aktialiiga.fi\/naiset\/","logo":{"@type":"ImageObject","inLanguage":"fi","@id":"https:\/\/aktialiiga.fi\/naiset\/#\/schema\/logo\/image\/","url":"https:\/\/aktialiiga.fi\/naiset\/wp-content\/uploads\/sites\/6\/2024\/09\/Aktialiiga-Yoast-512.png","contentUrl":"https:\/\/aktialiiga.fi\/naiset\/wp-content\/uploads\/sites\/6\/2024\/09\/Aktialiiga-Yoast-512.png","width":512,"height":512,"caption":"K\u00e4sipallon naisten Aktialiiga"},"image":{"@id":"https:\/\/aktialiiga.fi\/naiset\/#\/schema\/logo\/image\/"},"sameAs":["https:\/\/www.facebook.com\/finnhandball","https:\/\/x.com\/finnhandball","https:\/\/www.instagram.com\/handballfinland\/"]},{"@type":"Person","@id":"https:\/\/aktialiiga.fi\/naiset\/#\/schema\/person\/c14bf42f47041db74603c45afcb18d87","name":"tbrmedia","image":{"@type":"ImageObject","inLanguage":"fi","@id":"https:\/\/secure.gravatar.com\/avatar\/ee975fa091fe581d12b60debb3439022686618368a7c142044c56724d4666b16?s=96&d=mm&r=g","url":"https:\/\/secure.gravatar.com\/avatar\/ee975fa091fe581d12b60debb3439022686618368a7c142044c56724d4666b16?s=96&d=mm&r=g","contentUrl":"https:\/\/secure.gravatar.com\/avatar\/ee975fa091fe581d12b60debb3439022686618368a7c142044c56724d4666b16?s=96&d=mm&r=g","caption":"tbrmedia"}}]}},"jetpack_featured_media_url":"https:\/\/aktialiiga.fi\/naiset\/wp-content\/uploads\/sites\/6\/2014\/12\/SIF_Valkamo_Emilia_1415.jpg","jetpack_sharing_enabled":true,"jetpack_shortlink":"https:\/\/wp.me\/pfYhm6-1s4","_links":{"self":[{"href":"https:\/\/aktialiiga.fi\/naiset\/wp-json\/wp\/v2\/posts\/5584","targetHints":{"allow":["GET"]}}],"collection":[{"href":"https:\/\/aktialiiga.fi\/naiset\/wp-json\/wp\/v2\/posts"}],"about":[{"href":"https:\/\/aktialiiga.fi\/naiset\/wp-json\/wp\/v2\/types\/post"}],"author":[{"embeddable":true,"href":"https:\/\/aktialiiga.fi\/naiset\/wp-json\/wp\/v2\/users\/13"}],"replies":[{"embeddable":true,"href":"https:\/\/aktialiiga.fi\/naiset\/wp-json\/wp\/v2\/comments?post=5584"}],"version-history":[{"count":1,"href":"https:\/\/aktialiiga.fi\/naiset\/wp-json\/wp\/v2\/posts\/5584\/revisions"}],"predecessor-version":[{"id":39273,"href":"https:\/\/aktialiiga.fi\/naiset\/wp-json\/wp\/v2\/posts\/5584\/revisions\/39273"}],"wp:featuredmedia":[{"embeddable":true,"href":"https:\/\/aktialiiga.fi\/naiset\/wp-json\/wp\/v2\/media\/5529"}],"wp:attachment":[{"href":"https:\/\/aktialiiga.fi\/naiset\/wp-json\/wp\/v2\/media?parent=5584"}],"wp:term":[{"taxonomy":"category","embeddable":true,"href":"https:\/\/aktialiiga.fi\/naiset\/wp-json\/wp\/v2\/categories?post=5584"},{"taxonomy":"post_tag","embeddable":true,"href":"https:\/\/aktialiiga.fi\/naiset\/wp-json\/wp\/v2\/tags?post=5584"}],"curies":[{"name":"wp","href":"https:\/\/api.w.org\/{rel}","templated":true}]}}