{"id":5867,"date":"2015-03-09T14:05:43","date_gmt":"2015-03-09T12:05:43","guid":{"rendered":"https:\/\/aktialiiga.fi\/naiset\/?p=5867"},"modified":"2024-08-28T18:30:12","modified_gmt":"2024-08-28T15:30:12","slug":"kohti-puolivalieria-sparta-ja-aifk-parantaneet-viime-kaudesta","status":"publish","type":"post","link":"https:\/\/aktialiiga.fi\/naiset\/2014-2015\/kohti-play-offeja\/kohti-puolivalieria-sparta-ja-aifk-parantaneet-viime-kaudesta\/","title":{"rendered":"Kohti puoliv\u00e4lieri\u00e4: Sparta ja \u00c5IFK parantaneet viime kaudesta"},"content":{"rendered":"<p>SM-sarjan puoliv\u00e4lieriss\u00e4 kohtaavat Sparta ja \u00c5IFK ovat molemmat parantaneet edelliskaudesta ja vastakkain on kaksi hyv\u00e4ss\u00e4 nosteessa olevaa ryhm\u00e4\u00e4.<\/p>\n<p>Sparta sijoittui runkosarjassa nelj\u00e4nneksi ja \u00c5IFK viidenneksi, mik\u00e4 merkitsi molemmille selke\u00e4\u00e4 parannusta.<\/p>\n<p>&#8211; Sijoitus runkosarjassa parani kolme pyk\u00e4l\u00e4\u00e4 viime kaudesta. Nuori joukkue on kehittynyt mukavasti runkosarjan aikana, iloitsee Spartan p\u00e4\u00e4valmentaja Ken Sirenius.<\/p>\n<p>\u00c5IFK:n p\u00e4\u00e4valmentaja Ulf Anderssonin mukaan my\u00f6s h\u00e4nen joukkueessaan ero on selv\u00e4 edelliskauteen verrattuna.<\/p>\n<p>&#8211; Runkosarjassa moni asia oli paremmin kuin edellisell\u00e4 kaudella. Moni pelaaja on kehittynyt ja kasvanut k\u00e4sipalloilijana ja p\u00e4rj\u00e4\u00e4 SM-tasolla merkitt\u00e4v\u00e4sti paremmin. Meill\u00e4 on nyt leve\u00e4mpi pelaajamateriaali ja useampia pelaajia, jotka pystyv\u00e4t maalintekoon, Andersson luettelee.<\/p>\n<p>&#8211; Olemme saaneet Carolina Pettersson ja nyt kauden lopulla my\u00f6s Emma Saarelan takaisin pitkien loukkaantumisten j\u00e4lkeen ja sen my\u00f6t\u00e4 9 metriin on paljon enemm\u00e4n vaihtoehtoja. T\u00e4ksi kaudeksi tulleen Sara Pollesellon my\u00f6t\u00e4 meill\u00e4 on my\u00f6s viel\u00e4 yksi maalivahti, jolla on edellytykset onnistua eritt\u00e4in hyvin maalissa.\u00a0 My\u00f6s Anna Harri on t\u00e4ll\u00e4 kaudella voinut keskitty\u00e4 enimm\u00e4kseen pelaamiseen laidalla, josta on ollut hy\u00f6ty\u00e4 vastahy\u00f6kk\u00e4yksiss\u00e4mme.<\/p>\n<p>\u00c5IFK on v\u00e4l\u00e4ytellyt puristamalla mm. tasapelin runkosarjan voittaja HIFK:n vieraana, mutta tietty tasaisuus viel\u00e4 puuttuu.<\/p>\n<p>&#8211; Parantamisen varaa on viel\u00e4 siin\u00e4, ett\u00e4 emme ole pystyneet esiintym\u00e4\u00e4n tasaisesti ottelujaksoissa, useammassa per\u00e4tt\u00e4isess\u00e4 ottelussa tai otteluissa samaa vastustajaa vastaan. Emme ole henkisesti pystyneet ottamaan sit\u00e4 harppausta, jonka olisimme mielest\u00e4mme tarvinneet. Joukkueessa on nyt kuitenkin todella paljon enemm\u00e4n henkist\u00e4 voimaa ja uskoa siihen, ett\u00e4 osaamme.<\/p>\n<p>Sparta p\u00e4\u00e4see puoliv\u00e4lieriin kotiedun turvin ja kauden aiempien kohtaamisten valossa edusta todella voidaan puhua, sill\u00e4 kaikki kolme kohtaamista p\u00e4\u00e4ttyiv\u00e4t kotivoittoihin.<\/p>\n<p>\u00c5IFK:lla ei varsinaisesti loukkaantumishuolia ole pitk\u00e4aikaispotilaidenkin palattua riviin. Spartalla sen sijaan on ik\u00e4v\u00e4mpi\u00e4 uutisia pudotuspelien alla.<\/p>\n<p>&#8211; Anniina Nyholmin kausi on ohi. Se on meille ik\u00e4v\u00e4 takaisku, mutta uskon ett\u00e4 joukkueesta l\u00f6ytyy vastuunottajia, Sirenius sanoo.<\/p>\n<p>Puhuttaessa joukkueensa vahvuuksista puoliv\u00e4lieri\u00e4 ajatellen Andersson on arvoituksellinen, kun Sirenius puolestaan latoo p\u00f6yt\u00e4\u00e4n selvemm\u00e4t teesit.<\/p>\n<p>&#8211; Mit\u00e4\u00e4n ei nosteta esille, eik\u00e4 mit\u00e4\u00e4n unohdeta, Andersson heitt\u00e4\u00e4.<\/p>\n<p>&#8211; Tahto ja pelillinen kollektiivisuus ovat meid\u00e4n aseemme, Sirenius linjaa.<\/p>\n<p>Vastustajan osalta molemmat valmentajat ovat vuolassanaisempia.<\/p>\n<p>&#8211; \u00c5IFK on hyv\u00e4 joukkue ja heill\u00e4 on sarjan parhaimpiin kuuluva maalivahti- ja puolustuspeli. Olemme kuitenkin valmistautuneet hyvin puoliv\u00e4lieriin ja tied\u00e4mme mit\u00e4 odottaa, Sirenius vakuuttaa.<\/p>\n<p>&#8211; Sparta on pelannut hyvin ja on onnistunut luomaan pelityylin, jossa heill\u00e4 on useita vaihtoehtoja. J\u00e4ntin sisarukset ansaitsevat kaiken kunnian, mutta joukkueen materiaali on meid\u00e4n tapaamme tullut leve\u00e4mm\u00e4ksi ja useampi pelaaja pystyy rakentamaan menestyst\u00e4, arvioi Andersson puolestaan Spartaa.<\/p>\n<p><strong>Kohtaamiset runkosarjassa:<\/strong><br \/>\n01.10. Sparta \u2013 \u00c5IFK 32-25<br \/>\n03.12. \u00c5IFK \u2013 Sparta 29-19<br \/>\n07.02. Sparta \u2013 \u00c5IFK 37-25<\/p>\n<p><strong>Puoliv\u00e4lierien ohjelma<\/strong>:<br \/>\n10.03. 20.15 Sparta &#8211; \u00c5IFK, Pirkkola<br \/>\n12.03. 18.30 \u00c5IFK \u2013 Sparta, Samppalinna<br \/>\n15.03. 14.30 Sparta &#8211; \u00c5IFK, Pirkkola<br \/>\n<em>tarvittaessa<\/em>:<br \/>\n18.03. 18.30 \u00c5IFK \u2013 Sparta, Samppalinna<br \/>\n21.03. xx.xx Sparta &#8211; \u00c5IFK, Pirkkola<\/p>\n","protected":false},"excerpt":{"rendered":"<p>SM-sarjan puoliv\u00e4lieriss\u00e4 kohtaavat Sparta ja \u00c5IFK ovat molemmat parantaneet edelliskaudesta ja vastakkain on kaksi hyv\u00e4ss\u00e4 nosteessa olevaa ryhm\u00e4\u00e4. Sparta sijoittui runkosarjassa nelj\u00e4nneksi ja \u00c5IFK viidenneksi, mik\u00e4 merkitsi molemmille selke\u00e4\u00e4 parannusta. &#8211; Sijoitus runkosarjassa parani kolme pyk\u00e4l\u00e4\u00e4 viime kaudesta. Nuori joukkue on kehittynyt mukavasti runkosarjan aikana, iloitsee Spartan p\u00e4\u00e4valmentaja Ken Sirenius. \u00c5IFK:n p\u00e4\u00e4valmentaja Ulf Anderssonin mukaan [&hellip;]<\/p>\n","protected":false},"author":13,"featured_media":5450,"comment_status":"closed","ping_status":"closed","sticky":false,"template":"","format":"standard","meta":{"_acf_changed":false,"jetpack_post_was_ever_published":false,"_jetpack_newsletter_access":"","_jetpack_dont_email_post_to_subs":false,"_jetpack_newsletter_tier_id":0,"_jetpack_memberships_contains_paywalled_content":false,"_jetpack_memberships_contains_paid_content":false,"footnotes":""},"categories":[36,13],"tags":[84,45],"class_list":["post-5867","post","type-post","status-publish","format-standard","has-post-thumbnail","hentry","category-ennakot-2014-2015","category-kohti-play-offeja","tag-sparta","tag-aifk"],"acf":[],"yoast_head":"<!-- This site is optimized with the Yoast SEO plugin v27.4 - https:\/\/yoast.com\/product\/yoast-seo-wordpress\/ -->\n<title>Kohti puoliv\u00e4lieri\u00e4: Sparta ja \u00c5IFK parantaneet viime kaudesta | K\u00e4sipallon naisten Aktialiiga<\/title>\n<meta name=\"robots\" content=\"index, follow, max-snippet:-1, max-image-preview:large, max-video-preview:-1\" \/>\n<link rel=\"canonical\" href=\"https:\/\/aktialiiga.fi\/naiset\/2014-2015\/kohti-play-offeja\/kohti-puolivalieria-sparta-ja-aifk-parantaneet-viime-kaudesta\/\" \/>\n<meta property=\"og:locale\" content=\"fi_FI\" \/>\n<meta property=\"og:type\" content=\"article\" \/>\n<meta property=\"og:title\" content=\"Kohti puoliv\u00e4lieri\u00e4: Sparta ja \u00c5IFK parantaneet viime kaudesta | K\u00e4sipallon naisten Aktialiiga\" \/>\n<meta property=\"og:description\" content=\"SM-sarjan puoliv\u00e4lieriss\u00e4 kohtaavat Sparta ja \u00c5IFK ovat molemmat parantaneet edelliskaudesta ja vastakkain on kaksi hyv\u00e4ss\u00e4 nosteessa olevaa ryhm\u00e4\u00e4. Sparta sijoittui runkosarjassa nelj\u00e4nneksi ja \u00c5IFK viidenneksi, mik\u00e4 merkitsi molemmille selke\u00e4\u00e4 parannusta. &#8211; Sijoitus runkosarjassa parani kolme pyk\u00e4l\u00e4\u00e4 viime kaudesta. Nuori joukkue on kehittynyt mukavasti runkosarjan aikana, iloitsee Spartan p\u00e4\u00e4valmentaja Ken Sirenius. \u00c5IFK:n p\u00e4\u00e4valmentaja Ulf Anderssonin mukaan [&hellip;]\" \/>\n<meta property=\"og:url\" content=\"https:\/\/aktialiiga.fi\/naiset\/2014-2015\/kohti-play-offeja\/kohti-puolivalieria-sparta-ja-aifk-parantaneet-viime-kaudesta\/\" \/>\n<meta property=\"og:site_name\" content=\"K\u00e4sipallon naisten Aktialiiga\" \/>\n<meta property=\"article:publisher\" content=\"https:\/\/www.facebook.com\/finnhandball\" \/>\n<meta property=\"article:published_time\" content=\"2015-03-09T12:05:43+00:00\" \/>\n<meta property=\"article:modified_time\" content=\"2024-08-28T15:30:12+00:00\" \/>\n<meta property=\"og:image\" content=\"https:\/\/aktialiiga.fi\/naiset\/wp-content\/uploads\/sites\/6\/2014\/11\/Sparta_Lassinharju_Sirpa_1415.jpg\" \/>\n\t<meta property=\"og:image:width\" content=\"640\" \/>\n\t<meta property=\"og:image:height\" content=\"359\" \/>\n\t<meta property=\"og:image:type\" content=\"image\/jpeg\" \/>\n<meta name=\"author\" content=\"tbrmedia\" \/>\n<meta name=\"twitter:card\" content=\"summary_large_image\" \/>\n<meta name=\"twitter:creator\" content=\"@finnhandball\" \/>\n<meta name=\"twitter:site\" content=\"@finnhandball\" \/>\n<script type=\"application\/ld+json\" class=\"yoast-schema-graph\">{\"@context\":\"https:\\\/\\\/schema.org\",\"@graph\":[{\"@type\":\"Article\",\"@id\":\"https:\\\/\\\/aktialiiga.fi\\\/naiset\\\/2014-2015\\\/kohti-play-offeja\\\/kohti-puolivalieria-sparta-ja-aifk-parantaneet-viime-kaudesta\\\/#article\",\"isPartOf\":{\"@id\":\"https:\\\/\\\/aktialiiga.fi\\\/naiset\\\/2014-2015\\\/kohti-play-offeja\\\/kohti-puolivalieria-sparta-ja-aifk-parantaneet-viime-kaudesta\\\/\"},\"author\":{\"name\":\"tbrmedia\",\"@id\":\"https:\\\/\\\/aktialiiga.fi\\\/naiset\\\/#\\\/schema\\\/person\\\/c14bf42f47041db74603c45afcb18d87\"},\"headline\":\"Kohti puoliv\u00e4lieri\u00e4: Sparta ja \u00c5IFK parantaneet viime kaudesta\",\"datePublished\":\"2015-03-09T12:05:43+00:00\",\"dateModified\":\"2024-08-28T15:30:12+00:00\",\"mainEntityOfPage\":{\"@id\":\"https:\\\/\\\/aktialiiga.fi\\\/naiset\\\/2014-2015\\\/kohti-play-offeja\\\/kohti-puolivalieria-sparta-ja-aifk-parantaneet-viime-kaudesta\\\/\"},\"wordCount\":481,\"publisher\":{\"@id\":\"https:\\\/\\\/aktialiiga.fi\\\/naiset\\\/#organization\"},\"image\":{\"@id\":\"https:\\\/\\\/aktialiiga.fi\\\/naiset\\\/2014-2015\\\/kohti-play-offeja\\\/kohti-puolivalieria-sparta-ja-aifk-parantaneet-viime-kaudesta\\\/#primaryimage\"},\"thumbnailUrl\":\"https:\\\/\\\/aktialiiga.fi\\\/naiset\\\/wp-content\\\/uploads\\\/sites\\\/6\\\/2014\\\/11\\\/Sparta_Lassinharju_Sirpa_1415.jpg\",\"keywords\":[\"Sparta\",\"\u00c5IFK\"],\"articleSection\":[\"Ennakot\",\"Kohti Play offeja\"],\"inLanguage\":\"fi\"},{\"@type\":\"WebPage\",\"@id\":\"https:\\\/\\\/aktialiiga.fi\\\/naiset\\\/2014-2015\\\/kohti-play-offeja\\\/kohti-puolivalieria-sparta-ja-aifk-parantaneet-viime-kaudesta\\\/\",\"url\":\"https:\\\/\\\/aktialiiga.fi\\\/naiset\\\/2014-2015\\\/kohti-play-offeja\\\/kohti-puolivalieria-sparta-ja-aifk-parantaneet-viime-kaudesta\\\/\",\"name\":\"Kohti puoliv\u00e4lieri\u00e4: Sparta ja \u00c5IFK parantaneet viime kaudesta | K\u00e4sipallon naisten Aktialiiga\",\"isPartOf\":{\"@id\":\"https:\\\/\\\/aktialiiga.fi\\\/naiset\\\/#website\"},\"primaryImageOfPage\":{\"@id\":\"https:\\\/\\\/aktialiiga.fi\\\/naiset\\\/2014-2015\\\/kohti-play-offeja\\\/kohti-puolivalieria-sparta-ja-aifk-parantaneet-viime-kaudesta\\\/#primaryimage\"},\"image\":{\"@id\":\"https:\\\/\\\/aktialiiga.fi\\\/naiset\\\/2014-2015\\\/kohti-play-offeja\\\/kohti-puolivalieria-sparta-ja-aifk-parantaneet-viime-kaudesta\\\/#primaryimage\"},\"thumbnailUrl\":\"https:\\\/\\\/aktialiiga.fi\\\/naiset\\\/wp-content\\\/uploads\\\/sites\\\/6\\\/2014\\\/11\\\/Sparta_Lassinharju_Sirpa_1415.jpg\",\"datePublished\":\"2015-03-09T12:05:43+00:00\",\"dateModified\":\"2024-08-28T15:30:12+00:00\",\"breadcrumb\":{\"@id\":\"https:\\\/\\\/aktialiiga.fi\\\/naiset\\\/2014-2015\\\/kohti-play-offeja\\\/kohti-puolivalieria-sparta-ja-aifk-parantaneet-viime-kaudesta\\\/#breadcrumb\"},\"inLanguage\":\"fi\",\"potentialAction\":[{\"@type\":\"ReadAction\",\"target\":[\"https:\\\/\\\/aktialiiga.fi\\\/naiset\\\/2014-2015\\\/kohti-play-offeja\\\/kohti-puolivalieria-sparta-ja-aifk-parantaneet-viime-kaudesta\\\/\"]}]},{\"@type\":\"ImageObject\",\"inLanguage\":\"fi\",\"@id\":\"https:\\\/\\\/aktialiiga.fi\\\/naiset\\\/2014-2015\\\/kohti-play-offeja\\\/kohti-puolivalieria-sparta-ja-aifk-parantaneet-viime-kaudesta\\\/#primaryimage\",\"url\":\"https:\\\/\\\/aktialiiga.fi\\\/naiset\\\/wp-content\\\/uploads\\\/sites\\\/6\\\/2014\\\/11\\\/Sparta_Lassinharju_Sirpa_1415.jpg\",\"contentUrl\":\"https:\\\/\\\/aktialiiga.fi\\\/naiset\\\/wp-content\\\/uploads\\\/sites\\\/6\\\/2014\\\/11\\\/Sparta_Lassinharju_Sirpa_1415.jpg\",\"width\":640,\"height\":359},{\"@type\":\"BreadcrumbList\",\"@id\":\"https:\\\/\\\/aktialiiga.fi\\\/naiset\\\/2014-2015\\\/kohti-play-offeja\\\/kohti-puolivalieria-sparta-ja-aifk-parantaneet-viime-kaudesta\\\/#breadcrumb\",\"itemListElement\":[{\"@type\":\"ListItem\",\"position\":1,\"name\":\"Etusivu\",\"item\":\"https:\\\/\\\/aktialiiga.fi\\\/naiset\\\/\"},{\"@type\":\"ListItem\",\"position\":2,\"name\":\"Kohti puoliv\u00e4lieri\u00e4: Sparta ja \u00c5IFK parantaneet viime kaudesta\"}]},{\"@type\":\"WebSite\",\"@id\":\"https:\\\/\\\/aktialiiga.fi\\\/naiset\\\/#website\",\"url\":\"https:\\\/\\\/aktialiiga.fi\\\/naiset\\\/\",\"name\":\"K\u00e4sipallon naisten Aktialiiga\",\"description\":\"Valtakunnan vauhdikkainta palloilua!\",\"publisher\":{\"@id\":\"https:\\\/\\\/aktialiiga.fi\\\/naiset\\\/#organization\"},\"potentialAction\":[{\"@type\":\"SearchAction\",\"target\":{\"@type\":\"EntryPoint\",\"urlTemplate\":\"https:\\\/\\\/aktialiiga.fi\\\/naiset\\\/?s={search_term_string}\"},\"query-input\":{\"@type\":\"PropertyValueSpecification\",\"valueRequired\":true,\"valueName\":\"search_term_string\"}}],\"inLanguage\":\"fi\"},{\"@type\":\"Organization\",\"@id\":\"https:\\\/\\\/aktialiiga.fi\\\/naiset\\\/#organization\",\"name\":\"K\u00e4sipallon naisten Aktialiiga\",\"url\":\"https:\\\/\\\/aktialiiga.fi\\\/naiset\\\/\",\"logo\":{\"@type\":\"ImageObject\",\"inLanguage\":\"fi\",\"@id\":\"https:\\\/\\\/aktialiiga.fi\\\/naiset\\\/#\\\/schema\\\/logo\\\/image\\\/\",\"url\":\"https:\\\/\\\/aktialiiga.fi\\\/naiset\\\/wp-content\\\/uploads\\\/sites\\\/6\\\/2024\\\/09\\\/Aktialiiga-Yoast-512.png\",\"contentUrl\":\"https:\\\/\\\/aktialiiga.fi\\\/naiset\\\/wp-content\\\/uploads\\\/sites\\\/6\\\/2024\\\/09\\\/Aktialiiga-Yoast-512.png\",\"width\":512,\"height\":512,\"caption\":\"K\u00e4sipallon naisten Aktialiiga\"},\"image\":{\"@id\":\"https:\\\/\\\/aktialiiga.fi\\\/naiset\\\/#\\\/schema\\\/logo\\\/image\\\/\"},\"sameAs\":[\"https:\\\/\\\/www.facebook.com\\\/finnhandball\",\"https:\\\/\\\/x.com\\\/finnhandball\",\"https:\\\/\\\/www.instagram.com\\\/handballfinland\\\/\"]},{\"@type\":\"Person\",\"@id\":\"https:\\\/\\\/aktialiiga.fi\\\/naiset\\\/#\\\/schema\\\/person\\\/c14bf42f47041db74603c45afcb18d87\",\"name\":\"tbrmedia\",\"image\":{\"@type\":\"ImageObject\",\"inLanguage\":\"fi\",\"@id\":\"https:\\\/\\\/secure.gravatar.com\\\/avatar\\\/ee975fa091fe581d12b60debb3439022686618368a7c142044c56724d4666b16?s=96&d=mm&r=g\",\"url\":\"https:\\\/\\\/secure.gravatar.com\\\/avatar\\\/ee975fa091fe581d12b60debb3439022686618368a7c142044c56724d4666b16?s=96&d=mm&r=g\",\"contentUrl\":\"https:\\\/\\\/secure.gravatar.com\\\/avatar\\\/ee975fa091fe581d12b60debb3439022686618368a7c142044c56724d4666b16?s=96&d=mm&r=g\",\"caption\":\"tbrmedia\"}}]}<\/script>\n<!-- \/ Yoast SEO plugin. -->","yoast_head_json":{"title":"Kohti puoliv\u00e4lieri\u00e4: Sparta ja \u00c5IFK parantaneet viime kaudesta | K\u00e4sipallon naisten Aktialiiga","robots":{"index":"index","follow":"follow","max-snippet":"max-snippet:-1","max-image-preview":"max-image-preview:large","max-video-preview":"max-video-preview:-1"},"canonical":"https:\/\/aktialiiga.fi\/naiset\/2014-2015\/kohti-play-offeja\/kohti-puolivalieria-sparta-ja-aifk-parantaneet-viime-kaudesta\/","og_locale":"fi_FI","og_type":"article","og_title":"Kohti puoliv\u00e4lieri\u00e4: Sparta ja \u00c5IFK parantaneet viime kaudesta | K\u00e4sipallon naisten Aktialiiga","og_description":"SM-sarjan puoliv\u00e4lieriss\u00e4 kohtaavat Sparta ja \u00c5IFK ovat molemmat parantaneet edelliskaudesta ja vastakkain on kaksi hyv\u00e4ss\u00e4 nosteessa olevaa ryhm\u00e4\u00e4. Sparta sijoittui runkosarjassa nelj\u00e4nneksi ja \u00c5IFK viidenneksi, mik\u00e4 merkitsi molemmille selke\u00e4\u00e4 parannusta. &#8211; Sijoitus runkosarjassa parani kolme pyk\u00e4l\u00e4\u00e4 viime kaudesta. Nuori joukkue on kehittynyt mukavasti runkosarjan aikana, iloitsee Spartan p\u00e4\u00e4valmentaja Ken Sirenius. \u00c5IFK:n p\u00e4\u00e4valmentaja Ulf Anderssonin mukaan [&hellip;]","og_url":"https:\/\/aktialiiga.fi\/naiset\/2014-2015\/kohti-play-offeja\/kohti-puolivalieria-sparta-ja-aifk-parantaneet-viime-kaudesta\/","og_site_name":"K\u00e4sipallon naisten Aktialiiga","article_publisher":"https:\/\/www.facebook.com\/finnhandball","article_published_time":"2015-03-09T12:05:43+00:00","article_modified_time":"2024-08-28T15:30:12+00:00","og_image":[{"width":640,"height":359,"url":"https:\/\/aktialiiga.fi\/naiset\/wp-content\/uploads\/sites\/6\/2014\/11\/Sparta_Lassinharju_Sirpa_1415.jpg","type":"image\/jpeg"}],"author":"tbrmedia","twitter_card":"summary_large_image","twitter_creator":"@finnhandball","twitter_site":"@finnhandball","schema":{"@context":"https:\/\/schema.org","@graph":[{"@type":"Article","@id":"https:\/\/aktialiiga.fi\/naiset\/2014-2015\/kohti-play-offeja\/kohti-puolivalieria-sparta-ja-aifk-parantaneet-viime-kaudesta\/#article","isPartOf":{"@id":"https:\/\/aktialiiga.fi\/naiset\/2014-2015\/kohti-play-offeja\/kohti-puolivalieria-sparta-ja-aifk-parantaneet-viime-kaudesta\/"},"author":{"name":"tbrmedia","@id":"https:\/\/aktialiiga.fi\/naiset\/#\/schema\/person\/c14bf42f47041db74603c45afcb18d87"},"headline":"Kohti puoliv\u00e4lieri\u00e4: Sparta ja \u00c5IFK parantaneet viime kaudesta","datePublished":"2015-03-09T12:05:43+00:00","dateModified":"2024-08-28T15:30:12+00:00","mainEntityOfPage":{"@id":"https:\/\/aktialiiga.fi\/naiset\/2014-2015\/kohti-play-offeja\/kohti-puolivalieria-sparta-ja-aifk-parantaneet-viime-kaudesta\/"},"wordCount":481,"publisher":{"@id":"https:\/\/aktialiiga.fi\/naiset\/#organization"},"image":{"@id":"https:\/\/aktialiiga.fi\/naiset\/2014-2015\/kohti-play-offeja\/kohti-puolivalieria-sparta-ja-aifk-parantaneet-viime-kaudesta\/#primaryimage"},"thumbnailUrl":"https:\/\/aktialiiga.fi\/naiset\/wp-content\/uploads\/sites\/6\/2014\/11\/Sparta_Lassinharju_Sirpa_1415.jpg","keywords":["Sparta","\u00c5IFK"],"articleSection":["Ennakot","Kohti Play offeja"],"inLanguage":"fi"},{"@type":"WebPage","@id":"https:\/\/aktialiiga.fi\/naiset\/2014-2015\/kohti-play-offeja\/kohti-puolivalieria-sparta-ja-aifk-parantaneet-viime-kaudesta\/","url":"https:\/\/aktialiiga.fi\/naiset\/2014-2015\/kohti-play-offeja\/kohti-puolivalieria-sparta-ja-aifk-parantaneet-viime-kaudesta\/","name":"Kohti puoliv\u00e4lieri\u00e4: Sparta ja \u00c5IFK parantaneet viime kaudesta | K\u00e4sipallon naisten Aktialiiga","isPartOf":{"@id":"https:\/\/aktialiiga.fi\/naiset\/#website"},"primaryImageOfPage":{"@id":"https:\/\/aktialiiga.fi\/naiset\/2014-2015\/kohti-play-offeja\/kohti-puolivalieria-sparta-ja-aifk-parantaneet-viime-kaudesta\/#primaryimage"},"image":{"@id":"https:\/\/aktialiiga.fi\/naiset\/2014-2015\/kohti-play-offeja\/kohti-puolivalieria-sparta-ja-aifk-parantaneet-viime-kaudesta\/#primaryimage"},"thumbnailUrl":"https:\/\/aktialiiga.fi\/naiset\/wp-content\/uploads\/sites\/6\/2014\/11\/Sparta_Lassinharju_Sirpa_1415.jpg","datePublished":"2015-03-09T12:05:43+00:00","dateModified":"2024-08-28T15:30:12+00:00","breadcrumb":{"@id":"https:\/\/aktialiiga.fi\/naiset\/2014-2015\/kohti-play-offeja\/kohti-puolivalieria-sparta-ja-aifk-parantaneet-viime-kaudesta\/#breadcrumb"},"inLanguage":"fi","potentialAction":[{"@type":"ReadAction","target":["https:\/\/aktialiiga.fi\/naiset\/2014-2015\/kohti-play-offeja\/kohti-puolivalieria-sparta-ja-aifk-parantaneet-viime-kaudesta\/"]}]},{"@type":"ImageObject","inLanguage":"fi","@id":"https:\/\/aktialiiga.fi\/naiset\/2014-2015\/kohti-play-offeja\/kohti-puolivalieria-sparta-ja-aifk-parantaneet-viime-kaudesta\/#primaryimage","url":"https:\/\/aktialiiga.fi\/naiset\/wp-content\/uploads\/sites\/6\/2014\/11\/Sparta_Lassinharju_Sirpa_1415.jpg","contentUrl":"https:\/\/aktialiiga.fi\/naiset\/wp-content\/uploads\/sites\/6\/2014\/11\/Sparta_Lassinharju_Sirpa_1415.jpg","width":640,"height":359},{"@type":"BreadcrumbList","@id":"https:\/\/aktialiiga.fi\/naiset\/2014-2015\/kohti-play-offeja\/kohti-puolivalieria-sparta-ja-aifk-parantaneet-viime-kaudesta\/#breadcrumb","itemListElement":[{"@type":"ListItem","position":1,"name":"Etusivu","item":"https:\/\/aktialiiga.fi\/naiset\/"},{"@type":"ListItem","position":2,"name":"Kohti puoliv\u00e4lieri\u00e4: Sparta ja \u00c5IFK parantaneet viime kaudesta"}]},{"@type":"WebSite","@id":"https:\/\/aktialiiga.fi\/naiset\/#website","url":"https:\/\/aktialiiga.fi\/naiset\/","name":"K\u00e4sipallon naisten Aktialiiga","description":"Valtakunnan vauhdikkainta palloilua!","publisher":{"@id":"https:\/\/aktialiiga.fi\/naiset\/#organization"},"potentialAction":[{"@type":"SearchAction","target":{"@type":"EntryPoint","urlTemplate":"https:\/\/aktialiiga.fi\/naiset\/?s={search_term_string}"},"query-input":{"@type":"PropertyValueSpecification","valueRequired":true,"valueName":"search_term_string"}}],"inLanguage":"fi"},{"@type":"Organization","@id":"https:\/\/aktialiiga.fi\/naiset\/#organization","name":"K\u00e4sipallon naisten Aktialiiga","url":"https:\/\/aktialiiga.fi\/naiset\/","logo":{"@type":"ImageObject","inLanguage":"fi","@id":"https:\/\/aktialiiga.fi\/naiset\/#\/schema\/logo\/image\/","url":"https:\/\/aktialiiga.fi\/naiset\/wp-content\/uploads\/sites\/6\/2024\/09\/Aktialiiga-Yoast-512.png","contentUrl":"https:\/\/aktialiiga.fi\/naiset\/wp-content\/uploads\/sites\/6\/2024\/09\/Aktialiiga-Yoast-512.png","width":512,"height":512,"caption":"K\u00e4sipallon naisten Aktialiiga"},"image":{"@id":"https:\/\/aktialiiga.fi\/naiset\/#\/schema\/logo\/image\/"},"sameAs":["https:\/\/www.facebook.com\/finnhandball","https:\/\/x.com\/finnhandball","https:\/\/www.instagram.com\/handballfinland\/"]},{"@type":"Person","@id":"https:\/\/aktialiiga.fi\/naiset\/#\/schema\/person\/c14bf42f47041db74603c45afcb18d87","name":"tbrmedia","image":{"@type":"ImageObject","inLanguage":"fi","@id":"https:\/\/secure.gravatar.com\/avatar\/ee975fa091fe581d12b60debb3439022686618368a7c142044c56724d4666b16?s=96&d=mm&r=g","url":"https:\/\/secure.gravatar.com\/avatar\/ee975fa091fe581d12b60debb3439022686618368a7c142044c56724d4666b16?s=96&d=mm&r=g","contentUrl":"https:\/\/secure.gravatar.com\/avatar\/ee975fa091fe581d12b60debb3439022686618368a7c142044c56724d4666b16?s=96&d=mm&r=g","caption":"tbrmedia"}}]}},"jetpack_featured_media_url":"https:\/\/aktialiiga.fi\/naiset\/wp-content\/uploads\/sites\/6\/2014\/11\/Sparta_Lassinharju_Sirpa_1415.jpg","jetpack_sharing_enabled":true,"jetpack_shortlink":"https:\/\/wp.me\/pfYhm6-1wD","_links":{"self":[{"href":"https:\/\/aktialiiga.fi\/naiset\/wp-json\/wp\/v2\/posts\/5867","targetHints":{"allow":["GET"]}}],"collection":[{"href":"https:\/\/aktialiiga.fi\/naiset\/wp-json\/wp\/v2\/posts"}],"about":[{"href":"https:\/\/aktialiiga.fi\/naiset\/wp-json\/wp\/v2\/types\/post"}],"author":[{"embeddable":true,"href":"https:\/\/aktialiiga.fi\/naiset\/wp-json\/wp\/v2\/users\/13"}],"replies":[{"embeddable":true,"href":"https:\/\/aktialiiga.fi\/naiset\/wp-json\/wp\/v2\/comments?post=5867"}],"version-history":[{"count":1,"href":"https:\/\/aktialiiga.fi\/naiset\/wp-json\/wp\/v2\/posts\/5867\/revisions"}],"predecessor-version":[{"id":39202,"href":"https:\/\/aktialiiga.fi\/naiset\/wp-json\/wp\/v2\/posts\/5867\/revisions\/39202"}],"wp:featuredmedia":[{"embeddable":true,"href":"https:\/\/aktialiiga.fi\/naiset\/wp-json\/wp\/v2\/media\/5450"}],"wp:attachment":[{"href":"https:\/\/aktialiiga.fi\/naiset\/wp-json\/wp\/v2\/media?parent=5867"}],"wp:term":[{"taxonomy":"category","embeddable":true,"href":"https:\/\/aktialiiga.fi\/naiset\/wp-json\/wp\/v2\/categories?post=5867"},{"taxonomy":"post_tag","embeddable":true,"href":"https:\/\/aktialiiga.fi\/naiset\/wp-json\/wp\/v2\/tags?post=5867"}],"curies":[{"name":"wp","href":"https:\/\/api.w.org\/{rel}","templated":true}]}}