{"id":5919,"date":"2015-03-17T21:59:49","date_gmt":"2015-03-17T19:59:49","guid":{"rendered":"https:\/\/aktialiiga.fi\/naiset\/?p=5919"},"modified":"2024-08-28T18:30:11","modified_gmt":"2024-08-28T15:30:11","slug":"spartalla-puolivalierasarja-katkolla-aifkn-vieraana","status":"publish","type":"post","link":"https:\/\/aktialiiga.fi\/naiset\/2014-2015\/ennakot-2014-2015\/spartalla-puolivalierasarja-katkolla-aifkn-vieraana\/","title":{"rendered":"Spartalla puoliv\u00e4lier\u00e4sarja katkolla \u00c5IFK:n vieraana"},"content":{"rendered":"<p>\u00c5IFK ja Sparta kohtaavat keskiviikkona SM-sarjan nelj\u00e4nness\u00e4 puoliv\u00e4lier\u00e4ottelussa ja sarja on ensi kertaa katkolla Spartalla.<\/p>\n<p>Kaksikko on jatkanut puoliv\u00e4lieriss\u00e4 samalla linjalla kuin runkosarjassa eli kumpikin on voittanut t\u00e4h\u00e4n menness\u00e4 kotiottelunsa. \u00c5IFK:n on nyt pakko jatkaa t\u00e4t\u00e4 sarjaa venytt\u00e4\u00e4kseen puoliv\u00e4lier\u00e4t viimeiseen viidenteen otteluun.<\/p>\n<p>Yksik\u00e4\u00e4n kolmesta pelatusta ottelusta ei ole ollut mik\u00e4\u00e4n l\u00e4pihuutojuttu, vaan ratkaisua on haettu pitk\u00e4n kaavan kautta. Sparta sai edellisess\u00e4 kohtaamisessa maalijyv\u00e4n kohdilleen toisin kuin edellisess\u00e4 ottelussa Turussa, jossa \u00c5IFK puolusti Spartan tehottomaksi.<\/p>\n<p>Jo runkosarjassa joukkueita erotti se, ett\u00e4 Sparta oli hy\u00f6kk\u00e4ysp\u00e4\u00e4ss\u00e4 tehokkaampi ja \u00c5IFK puolestaan puolusti tiiviimmin. Onko t\u00e4ss\u00e4 sitten ratkaisu suuntaan tai toiseen my\u00f6s keskiviikkona?<\/p>\n<p>Ottelu Samppalinnan palloiluhallissa alkaa keskiviikkona kello 18.30.<\/p>\n<p><strong>Edelliset ottelut:<\/strong><br \/>\nTi 10.03. Sparta \u2013 \u00c5IFK 26-21<br \/>\nTo 12.03. \u00c5IFK \u2013 Sparta 21-17<br \/>\nSu 15.03. Sparta \u2013 \u00c5IFK 30-25<\/p>\n","protected":false},"excerpt":{"rendered":"<p>\u00c5IFK ja Sparta kohtaavat keskiviikkona SM-sarjan nelj\u00e4nness\u00e4 puoliv\u00e4lier\u00e4ottelussa ja sarja on ensi kertaa katkolla Spartalla. Kaksikko on jatkanut puoliv\u00e4lieriss\u00e4 samalla linjalla kuin runkosarjassa eli kumpikin on voittanut t\u00e4h\u00e4n menness\u00e4 kotiottelunsa. \u00c5IFK:n on nyt pakko jatkaa t\u00e4t\u00e4 sarjaa venytt\u00e4\u00e4kseen puoliv\u00e4lier\u00e4t viimeiseen viidenteen otteluun. Yksik\u00e4\u00e4n kolmesta pelatusta ottelusta ei ole ollut mik\u00e4\u00e4n l\u00e4pihuutojuttu, vaan ratkaisua on haettu [&hellip;]<\/p>\n","protected":false},"author":13,"featured_media":5756,"comment_status":"closed","ping_status":"closed","sticky":false,"template":"","format":"standard","meta":{"_acf_changed":false,"jetpack_post_was_ever_published":false,"_jetpack_newsletter_access":"","_jetpack_dont_email_post_to_subs":false,"_jetpack_newsletter_tier_id":0,"_jetpack_memberships_contains_paywalled_content":false,"_jetpack_memberships_contains_paid_content":false,"footnotes":""},"categories":[36],"tags":[84,45],"class_list":["post-5919","post","type-post","status-publish","format-standard","has-post-thumbnail","hentry","category-ennakot-2014-2015","tag-sparta","tag-aifk"],"acf":[],"yoast_head":"<!-- This site is optimized with the Yoast SEO plugin v27.4 - https:\/\/yoast.com\/product\/yoast-seo-wordpress\/ -->\n<title>Spartalla puoliv\u00e4lier\u00e4sarja katkolla \u00c5IFK:n vieraana | K\u00e4sipallon naisten Aktialiiga<\/title>\n<meta name=\"robots\" content=\"index, follow, max-snippet:-1, max-image-preview:large, max-video-preview:-1\" \/>\n<link rel=\"canonical\" href=\"https:\/\/aktialiiga.fi\/naiset\/2014-2015\/ennakot-2014-2015\/spartalla-puolivalierasarja-katkolla-aifkn-vieraana\/\" \/>\n<meta property=\"og:locale\" content=\"fi_FI\" \/>\n<meta property=\"og:type\" content=\"article\" \/>\n<meta property=\"og:title\" content=\"Spartalla puoliv\u00e4lier\u00e4sarja katkolla \u00c5IFK:n vieraana | K\u00e4sipallon naisten Aktialiiga\" \/>\n<meta property=\"og:description\" content=\"\u00c5IFK ja Sparta kohtaavat keskiviikkona SM-sarjan nelj\u00e4nness\u00e4 puoliv\u00e4lier\u00e4ottelussa ja sarja on ensi kertaa katkolla Spartalla. Kaksikko on jatkanut puoliv\u00e4lieriss\u00e4 samalla linjalla kuin runkosarjassa eli kumpikin on voittanut t\u00e4h\u00e4n menness\u00e4 kotiottelunsa. \u00c5IFK:n on nyt pakko jatkaa t\u00e4t\u00e4 sarjaa venytt\u00e4\u00e4kseen puoliv\u00e4lier\u00e4t viimeiseen viidenteen otteluun. Yksik\u00e4\u00e4n kolmesta pelatusta ottelusta ei ole ollut mik\u00e4\u00e4n l\u00e4pihuutojuttu, vaan ratkaisua on haettu [&hellip;]\" \/>\n<meta property=\"og:url\" content=\"https:\/\/aktialiiga.fi\/naiset\/2014-2015\/ennakot-2014-2015\/spartalla-puolivalierasarja-katkolla-aifkn-vieraana\/\" \/>\n<meta property=\"og:site_name\" content=\"K\u00e4sipallon naisten Aktialiiga\" \/>\n<meta property=\"article:publisher\" content=\"https:\/\/www.facebook.com\/finnhandball\" \/>\n<meta property=\"article:published_time\" content=\"2015-03-17T19:59:49+00:00\" \/>\n<meta property=\"article:modified_time\" content=\"2024-08-28T15:30:11+00:00\" \/>\n<meta property=\"og:image\" content=\"https:\/\/aktialiiga.fi\/naiset\/wp-content\/uploads\/sites\/6\/2015\/02\/AIFK_Harri_Anna_1415.jpg\" \/>\n\t<meta property=\"og:image:width\" content=\"640\" \/>\n\t<meta property=\"og:image:height\" content=\"360\" \/>\n\t<meta property=\"og:image:type\" content=\"image\/jpeg\" \/>\n<meta name=\"author\" content=\"tbrmedia\" \/>\n<meta name=\"twitter:card\" content=\"summary_large_image\" \/>\n<meta name=\"twitter:creator\" content=\"@finnhandball\" \/>\n<meta name=\"twitter:site\" content=\"@finnhandball\" \/>\n<script type=\"application\/ld+json\" class=\"yoast-schema-graph\">{\"@context\":\"https:\\\/\\\/schema.org\",\"@graph\":[{\"@type\":\"Article\",\"@id\":\"https:\\\/\\\/aktialiiga.fi\\\/naiset\\\/2014-2015\\\/ennakot-2014-2015\\\/spartalla-puolivalierasarja-katkolla-aifkn-vieraana\\\/#article\",\"isPartOf\":{\"@id\":\"https:\\\/\\\/aktialiiga.fi\\\/naiset\\\/2014-2015\\\/ennakot-2014-2015\\\/spartalla-puolivalierasarja-katkolla-aifkn-vieraana\\\/\"},\"author\":{\"name\":\"tbrmedia\",\"@id\":\"https:\\\/\\\/aktialiiga.fi\\\/naiset\\\/#\\\/schema\\\/person\\\/c14bf42f47041db74603c45afcb18d87\"},\"headline\":\"Spartalla puoliv\u00e4lier\u00e4sarja katkolla \u00c5IFK:n vieraana\",\"datePublished\":\"2015-03-17T19:59:49+00:00\",\"dateModified\":\"2024-08-28T15:30:11+00:00\",\"mainEntityOfPage\":{\"@id\":\"https:\\\/\\\/aktialiiga.fi\\\/naiset\\\/2014-2015\\\/ennakot-2014-2015\\\/spartalla-puolivalierasarja-katkolla-aifkn-vieraana\\\/\"},\"wordCount\":147,\"publisher\":{\"@id\":\"https:\\\/\\\/aktialiiga.fi\\\/naiset\\\/#organization\"},\"image\":{\"@id\":\"https:\\\/\\\/aktialiiga.fi\\\/naiset\\\/2014-2015\\\/ennakot-2014-2015\\\/spartalla-puolivalierasarja-katkolla-aifkn-vieraana\\\/#primaryimage\"},\"thumbnailUrl\":\"https:\\\/\\\/aktialiiga.fi\\\/naiset\\\/wp-content\\\/uploads\\\/sites\\\/6\\\/2015\\\/02\\\/AIFK_Harri_Anna_1415.jpg\",\"keywords\":[\"Sparta\",\"\u00c5IFK\"],\"articleSection\":[\"Ennakot\"],\"inLanguage\":\"fi\"},{\"@type\":\"WebPage\",\"@id\":\"https:\\\/\\\/aktialiiga.fi\\\/naiset\\\/2014-2015\\\/ennakot-2014-2015\\\/spartalla-puolivalierasarja-katkolla-aifkn-vieraana\\\/\",\"url\":\"https:\\\/\\\/aktialiiga.fi\\\/naiset\\\/2014-2015\\\/ennakot-2014-2015\\\/spartalla-puolivalierasarja-katkolla-aifkn-vieraana\\\/\",\"name\":\"Spartalla puoliv\u00e4lier\u00e4sarja katkolla \u00c5IFK:n vieraana | K\u00e4sipallon naisten Aktialiiga\",\"isPartOf\":{\"@id\":\"https:\\\/\\\/aktialiiga.fi\\\/naiset\\\/#website\"},\"primaryImageOfPage\":{\"@id\":\"https:\\\/\\\/aktialiiga.fi\\\/naiset\\\/2014-2015\\\/ennakot-2014-2015\\\/spartalla-puolivalierasarja-katkolla-aifkn-vieraana\\\/#primaryimage\"},\"image\":{\"@id\":\"https:\\\/\\\/aktialiiga.fi\\\/naiset\\\/2014-2015\\\/ennakot-2014-2015\\\/spartalla-puolivalierasarja-katkolla-aifkn-vieraana\\\/#primaryimage\"},\"thumbnailUrl\":\"https:\\\/\\\/aktialiiga.fi\\\/naiset\\\/wp-content\\\/uploads\\\/sites\\\/6\\\/2015\\\/02\\\/AIFK_Harri_Anna_1415.jpg\",\"datePublished\":\"2015-03-17T19:59:49+00:00\",\"dateModified\":\"2024-08-28T15:30:11+00:00\",\"breadcrumb\":{\"@id\":\"https:\\\/\\\/aktialiiga.fi\\\/naiset\\\/2014-2015\\\/ennakot-2014-2015\\\/spartalla-puolivalierasarja-katkolla-aifkn-vieraana\\\/#breadcrumb\"},\"inLanguage\":\"fi\",\"potentialAction\":[{\"@type\":\"ReadAction\",\"target\":[\"https:\\\/\\\/aktialiiga.fi\\\/naiset\\\/2014-2015\\\/ennakot-2014-2015\\\/spartalla-puolivalierasarja-katkolla-aifkn-vieraana\\\/\"]}]},{\"@type\":\"ImageObject\",\"inLanguage\":\"fi\",\"@id\":\"https:\\\/\\\/aktialiiga.fi\\\/naiset\\\/2014-2015\\\/ennakot-2014-2015\\\/spartalla-puolivalierasarja-katkolla-aifkn-vieraana\\\/#primaryimage\",\"url\":\"https:\\\/\\\/aktialiiga.fi\\\/naiset\\\/wp-content\\\/uploads\\\/sites\\\/6\\\/2015\\\/02\\\/AIFK_Harri_Anna_1415.jpg\",\"contentUrl\":\"https:\\\/\\\/aktialiiga.fi\\\/naiset\\\/wp-content\\\/uploads\\\/sites\\\/6\\\/2015\\\/02\\\/AIFK_Harri_Anna_1415.jpg\",\"width\":640,\"height\":360},{\"@type\":\"BreadcrumbList\",\"@id\":\"https:\\\/\\\/aktialiiga.fi\\\/naiset\\\/2014-2015\\\/ennakot-2014-2015\\\/spartalla-puolivalierasarja-katkolla-aifkn-vieraana\\\/#breadcrumb\",\"itemListElement\":[{\"@type\":\"ListItem\",\"position\":1,\"name\":\"Etusivu\",\"item\":\"https:\\\/\\\/aktialiiga.fi\\\/naiset\\\/\"},{\"@type\":\"ListItem\",\"position\":2,\"name\":\"Spartalla puoliv\u00e4lier\u00e4sarja katkolla \u00c5IFK:n vieraana\"}]},{\"@type\":\"WebSite\",\"@id\":\"https:\\\/\\\/aktialiiga.fi\\\/naiset\\\/#website\",\"url\":\"https:\\\/\\\/aktialiiga.fi\\\/naiset\\\/\",\"name\":\"K\u00e4sipallon naisten Aktialiiga\",\"description\":\"Valtakunnan vauhdikkainta palloilua!\",\"publisher\":{\"@id\":\"https:\\\/\\\/aktialiiga.fi\\\/naiset\\\/#organization\"},\"potentialAction\":[{\"@type\":\"SearchAction\",\"target\":{\"@type\":\"EntryPoint\",\"urlTemplate\":\"https:\\\/\\\/aktialiiga.fi\\\/naiset\\\/?s={search_term_string}\"},\"query-input\":{\"@type\":\"PropertyValueSpecification\",\"valueRequired\":true,\"valueName\":\"search_term_string\"}}],\"inLanguage\":\"fi\"},{\"@type\":\"Organization\",\"@id\":\"https:\\\/\\\/aktialiiga.fi\\\/naiset\\\/#organization\",\"name\":\"K\u00e4sipallon naisten Aktialiiga\",\"url\":\"https:\\\/\\\/aktialiiga.fi\\\/naiset\\\/\",\"logo\":{\"@type\":\"ImageObject\",\"inLanguage\":\"fi\",\"@id\":\"https:\\\/\\\/aktialiiga.fi\\\/naiset\\\/#\\\/schema\\\/logo\\\/image\\\/\",\"url\":\"https:\\\/\\\/aktialiiga.fi\\\/naiset\\\/wp-content\\\/uploads\\\/sites\\\/6\\\/2024\\\/09\\\/Aktialiiga-Yoast-512.png\",\"contentUrl\":\"https:\\\/\\\/aktialiiga.fi\\\/naiset\\\/wp-content\\\/uploads\\\/sites\\\/6\\\/2024\\\/09\\\/Aktialiiga-Yoast-512.png\",\"width\":512,\"height\":512,\"caption\":\"K\u00e4sipallon naisten Aktialiiga\"},\"image\":{\"@id\":\"https:\\\/\\\/aktialiiga.fi\\\/naiset\\\/#\\\/schema\\\/logo\\\/image\\\/\"},\"sameAs\":[\"https:\\\/\\\/www.facebook.com\\\/finnhandball\",\"https:\\\/\\\/x.com\\\/finnhandball\",\"https:\\\/\\\/www.instagram.com\\\/handballfinland\\\/\"]},{\"@type\":\"Person\",\"@id\":\"https:\\\/\\\/aktialiiga.fi\\\/naiset\\\/#\\\/schema\\\/person\\\/c14bf42f47041db74603c45afcb18d87\",\"name\":\"tbrmedia\",\"image\":{\"@type\":\"ImageObject\",\"inLanguage\":\"fi\",\"@id\":\"https:\\\/\\\/secure.gravatar.com\\\/avatar\\\/ee975fa091fe581d12b60debb3439022686618368a7c142044c56724d4666b16?s=96&d=mm&r=g\",\"url\":\"https:\\\/\\\/secure.gravatar.com\\\/avatar\\\/ee975fa091fe581d12b60debb3439022686618368a7c142044c56724d4666b16?s=96&d=mm&r=g\",\"contentUrl\":\"https:\\\/\\\/secure.gravatar.com\\\/avatar\\\/ee975fa091fe581d12b60debb3439022686618368a7c142044c56724d4666b16?s=96&d=mm&r=g\",\"caption\":\"tbrmedia\"}}]}<\/script>\n<!-- \/ Yoast SEO plugin. -->","yoast_head_json":{"title":"Spartalla puoliv\u00e4lier\u00e4sarja katkolla \u00c5IFK:n vieraana | K\u00e4sipallon naisten Aktialiiga","robots":{"index":"index","follow":"follow","max-snippet":"max-snippet:-1","max-image-preview":"max-image-preview:large","max-video-preview":"max-video-preview:-1"},"canonical":"https:\/\/aktialiiga.fi\/naiset\/2014-2015\/ennakot-2014-2015\/spartalla-puolivalierasarja-katkolla-aifkn-vieraana\/","og_locale":"fi_FI","og_type":"article","og_title":"Spartalla puoliv\u00e4lier\u00e4sarja katkolla \u00c5IFK:n vieraana | K\u00e4sipallon naisten Aktialiiga","og_description":"\u00c5IFK ja Sparta kohtaavat keskiviikkona SM-sarjan nelj\u00e4nness\u00e4 puoliv\u00e4lier\u00e4ottelussa ja sarja on ensi kertaa katkolla Spartalla. Kaksikko on jatkanut puoliv\u00e4lieriss\u00e4 samalla linjalla kuin runkosarjassa eli kumpikin on voittanut t\u00e4h\u00e4n menness\u00e4 kotiottelunsa. \u00c5IFK:n on nyt pakko jatkaa t\u00e4t\u00e4 sarjaa venytt\u00e4\u00e4kseen puoliv\u00e4lier\u00e4t viimeiseen viidenteen otteluun. Yksik\u00e4\u00e4n kolmesta pelatusta ottelusta ei ole ollut mik\u00e4\u00e4n l\u00e4pihuutojuttu, vaan ratkaisua on haettu [&hellip;]","og_url":"https:\/\/aktialiiga.fi\/naiset\/2014-2015\/ennakot-2014-2015\/spartalla-puolivalierasarja-katkolla-aifkn-vieraana\/","og_site_name":"K\u00e4sipallon naisten Aktialiiga","article_publisher":"https:\/\/www.facebook.com\/finnhandball","article_published_time":"2015-03-17T19:59:49+00:00","article_modified_time":"2024-08-28T15:30:11+00:00","og_image":[{"width":640,"height":360,"url":"https:\/\/aktialiiga.fi\/naiset\/wp-content\/uploads\/sites\/6\/2015\/02\/AIFK_Harri_Anna_1415.jpg","type":"image\/jpeg"}],"author":"tbrmedia","twitter_card":"summary_large_image","twitter_creator":"@finnhandball","twitter_site":"@finnhandball","schema":{"@context":"https:\/\/schema.org","@graph":[{"@type":"Article","@id":"https:\/\/aktialiiga.fi\/naiset\/2014-2015\/ennakot-2014-2015\/spartalla-puolivalierasarja-katkolla-aifkn-vieraana\/#article","isPartOf":{"@id":"https:\/\/aktialiiga.fi\/naiset\/2014-2015\/ennakot-2014-2015\/spartalla-puolivalierasarja-katkolla-aifkn-vieraana\/"},"author":{"name":"tbrmedia","@id":"https:\/\/aktialiiga.fi\/naiset\/#\/schema\/person\/c14bf42f47041db74603c45afcb18d87"},"headline":"Spartalla puoliv\u00e4lier\u00e4sarja katkolla \u00c5IFK:n vieraana","datePublished":"2015-03-17T19:59:49+00:00","dateModified":"2024-08-28T15:30:11+00:00","mainEntityOfPage":{"@id":"https:\/\/aktialiiga.fi\/naiset\/2014-2015\/ennakot-2014-2015\/spartalla-puolivalierasarja-katkolla-aifkn-vieraana\/"},"wordCount":147,"publisher":{"@id":"https:\/\/aktialiiga.fi\/naiset\/#organization"},"image":{"@id":"https:\/\/aktialiiga.fi\/naiset\/2014-2015\/ennakot-2014-2015\/spartalla-puolivalierasarja-katkolla-aifkn-vieraana\/#primaryimage"},"thumbnailUrl":"https:\/\/aktialiiga.fi\/naiset\/wp-content\/uploads\/sites\/6\/2015\/02\/AIFK_Harri_Anna_1415.jpg","keywords":["Sparta","\u00c5IFK"],"articleSection":["Ennakot"],"inLanguage":"fi"},{"@type":"WebPage","@id":"https:\/\/aktialiiga.fi\/naiset\/2014-2015\/ennakot-2014-2015\/spartalla-puolivalierasarja-katkolla-aifkn-vieraana\/","url":"https:\/\/aktialiiga.fi\/naiset\/2014-2015\/ennakot-2014-2015\/spartalla-puolivalierasarja-katkolla-aifkn-vieraana\/","name":"Spartalla puoliv\u00e4lier\u00e4sarja katkolla \u00c5IFK:n vieraana | K\u00e4sipallon naisten Aktialiiga","isPartOf":{"@id":"https:\/\/aktialiiga.fi\/naiset\/#website"},"primaryImageOfPage":{"@id":"https:\/\/aktialiiga.fi\/naiset\/2014-2015\/ennakot-2014-2015\/spartalla-puolivalierasarja-katkolla-aifkn-vieraana\/#primaryimage"},"image":{"@id":"https:\/\/aktialiiga.fi\/naiset\/2014-2015\/ennakot-2014-2015\/spartalla-puolivalierasarja-katkolla-aifkn-vieraana\/#primaryimage"},"thumbnailUrl":"https:\/\/aktialiiga.fi\/naiset\/wp-content\/uploads\/sites\/6\/2015\/02\/AIFK_Harri_Anna_1415.jpg","datePublished":"2015-03-17T19:59:49+00:00","dateModified":"2024-08-28T15:30:11+00:00","breadcrumb":{"@id":"https:\/\/aktialiiga.fi\/naiset\/2014-2015\/ennakot-2014-2015\/spartalla-puolivalierasarja-katkolla-aifkn-vieraana\/#breadcrumb"},"inLanguage":"fi","potentialAction":[{"@type":"ReadAction","target":["https:\/\/aktialiiga.fi\/naiset\/2014-2015\/ennakot-2014-2015\/spartalla-puolivalierasarja-katkolla-aifkn-vieraana\/"]}]},{"@type":"ImageObject","inLanguage":"fi","@id":"https:\/\/aktialiiga.fi\/naiset\/2014-2015\/ennakot-2014-2015\/spartalla-puolivalierasarja-katkolla-aifkn-vieraana\/#primaryimage","url":"https:\/\/aktialiiga.fi\/naiset\/wp-content\/uploads\/sites\/6\/2015\/02\/AIFK_Harri_Anna_1415.jpg","contentUrl":"https:\/\/aktialiiga.fi\/naiset\/wp-content\/uploads\/sites\/6\/2015\/02\/AIFK_Harri_Anna_1415.jpg","width":640,"height":360},{"@type":"BreadcrumbList","@id":"https:\/\/aktialiiga.fi\/naiset\/2014-2015\/ennakot-2014-2015\/spartalla-puolivalierasarja-katkolla-aifkn-vieraana\/#breadcrumb","itemListElement":[{"@type":"ListItem","position":1,"name":"Etusivu","item":"https:\/\/aktialiiga.fi\/naiset\/"},{"@type":"ListItem","position":2,"name":"Spartalla puoliv\u00e4lier\u00e4sarja katkolla \u00c5IFK:n vieraana"}]},{"@type":"WebSite","@id":"https:\/\/aktialiiga.fi\/naiset\/#website","url":"https:\/\/aktialiiga.fi\/naiset\/","name":"K\u00e4sipallon naisten Aktialiiga","description":"Valtakunnan vauhdikkainta palloilua!","publisher":{"@id":"https:\/\/aktialiiga.fi\/naiset\/#organization"},"potentialAction":[{"@type":"SearchAction","target":{"@type":"EntryPoint","urlTemplate":"https:\/\/aktialiiga.fi\/naiset\/?s={search_term_string}"},"query-input":{"@type":"PropertyValueSpecification","valueRequired":true,"valueName":"search_term_string"}}],"inLanguage":"fi"},{"@type":"Organization","@id":"https:\/\/aktialiiga.fi\/naiset\/#organization","name":"K\u00e4sipallon naisten Aktialiiga","url":"https:\/\/aktialiiga.fi\/naiset\/","logo":{"@type":"ImageObject","inLanguage":"fi","@id":"https:\/\/aktialiiga.fi\/naiset\/#\/schema\/logo\/image\/","url":"https:\/\/aktialiiga.fi\/naiset\/wp-content\/uploads\/sites\/6\/2024\/09\/Aktialiiga-Yoast-512.png","contentUrl":"https:\/\/aktialiiga.fi\/naiset\/wp-content\/uploads\/sites\/6\/2024\/09\/Aktialiiga-Yoast-512.png","width":512,"height":512,"caption":"K\u00e4sipallon naisten Aktialiiga"},"image":{"@id":"https:\/\/aktialiiga.fi\/naiset\/#\/schema\/logo\/image\/"},"sameAs":["https:\/\/www.facebook.com\/finnhandball","https:\/\/x.com\/finnhandball","https:\/\/www.instagram.com\/handballfinland\/"]},{"@type":"Person","@id":"https:\/\/aktialiiga.fi\/naiset\/#\/schema\/person\/c14bf42f47041db74603c45afcb18d87","name":"tbrmedia","image":{"@type":"ImageObject","inLanguage":"fi","@id":"https:\/\/secure.gravatar.com\/avatar\/ee975fa091fe581d12b60debb3439022686618368a7c142044c56724d4666b16?s=96&d=mm&r=g","url":"https:\/\/secure.gravatar.com\/avatar\/ee975fa091fe581d12b60debb3439022686618368a7c142044c56724d4666b16?s=96&d=mm&r=g","contentUrl":"https:\/\/secure.gravatar.com\/avatar\/ee975fa091fe581d12b60debb3439022686618368a7c142044c56724d4666b16?s=96&d=mm&r=g","caption":"tbrmedia"}}]}},"jetpack_featured_media_url":"https:\/\/aktialiiga.fi\/naiset\/wp-content\/uploads\/sites\/6\/2015\/02\/AIFK_Harri_Anna_1415.jpg","jetpack_sharing_enabled":true,"jetpack_shortlink":"https:\/\/wp.me\/pfYhm6-1xt","_links":{"self":[{"href":"https:\/\/aktialiiga.fi\/naiset\/wp-json\/wp\/v2\/posts\/5919","targetHints":{"allow":["GET"]}}],"collection":[{"href":"https:\/\/aktialiiga.fi\/naiset\/wp-json\/wp\/v2\/posts"}],"about":[{"href":"https:\/\/aktialiiga.fi\/naiset\/wp-json\/wp\/v2\/types\/post"}],"author":[{"embeddable":true,"href":"https:\/\/aktialiiga.fi\/naiset\/wp-json\/wp\/v2\/users\/13"}],"replies":[{"embeddable":true,"href":"https:\/\/aktialiiga.fi\/naiset\/wp-json\/wp\/v2\/comments?post=5919"}],"version-history":[{"count":1,"href":"https:\/\/aktialiiga.fi\/naiset\/wp-json\/wp\/v2\/posts\/5919\/revisions"}],"predecessor-version":[{"id":39190,"href":"https:\/\/aktialiiga.fi\/naiset\/wp-json\/wp\/v2\/posts\/5919\/revisions\/39190"}],"wp:featuredmedia":[{"embeddable":true,"href":"https:\/\/aktialiiga.fi\/naiset\/wp-json\/wp\/v2\/media\/5756"}],"wp:attachment":[{"href":"https:\/\/aktialiiga.fi\/naiset\/wp-json\/wp\/v2\/media?parent=5919"}],"wp:term":[{"taxonomy":"category","embeddable":true,"href":"https:\/\/aktialiiga.fi\/naiset\/wp-json\/wp\/v2\/categories?post=5919"},{"taxonomy":"post_tag","embeddable":true,"href":"https:\/\/aktialiiga.fi\/naiset\/wp-json\/wp\/v2\/tags?post=5919"}],"curies":[{"name":"wp","href":"https:\/\/api.w.org\/{rel}","templated":true}]}}