{"id":5956,"date":"2015-03-25T12:17:06","date_gmt":"2015-03-25T10:17:06","guid":{"rendered":"https:\/\/aktialiiga.fi\/naiset\/?p=5956"},"modified":"2024-08-28T18:30:11","modified_gmt":"2024-08-28T15:30:11","slug":"anna-lindahl-dicken-tarvitsee-karsivallisyytta-hyokkayspaassa","status":"publish","type":"post","link":"https:\/\/aktialiiga.fi\/naiset\/ajankohtaista\/anna-lindahl-dicken-tarvitsee-karsivallisyytta-hyokkayspaassa\/","title":{"rendered":"Anna Lindahl: Dicken tarvitsee k\u00e4rsiv\u00e4llisyytt\u00e4 hy\u00f6kk\u00e4ysp\u00e4\u00e4ss\u00e4"},"content":{"rendered":"<p>Helsinkil\u00e4inen Dicken matkaa keskiviikkona alkavissa SM-sarjan v\u00e4lieriss\u00e4 avausotteluun SIF:n vieraaksi. Dickenin Anna Lindahlin mukaan molemmat joukkueet ovat hyvin tuttuja toisilleen.<\/p>\n<p>&#8211; Olemme pelanneet Siuntiota vastaan kolme kertaa t\u00e4ll\u00e4 kaudella. Heill\u00e4 on hyv\u00e4 puolustus ja maalivahti. Siuntion hy\u00f6kk\u00e4yspelikin toimii ihan hyvin. He hy\u00f6kk\u00e4\u00e4v\u00e4t paljon keskelt\u00e4, eli meill\u00e4 pit\u00e4\u00e4 olla vahva keskuspuolustus, Lindahl sanoo.<\/p>\n<p>H\u00e4n odottaa todella tiukkaa ottelusarjaa.<\/p>\n<p>&#8211; T\u00e4st\u00e4 tulee varmasti todella tiukka v\u00e4lier\u00e4sarja. Uskallan sanoa, ett\u00e4 toisesta v\u00e4lier\u00e4st\u00e4 HIFK-Sparta ei tule lainkaan yht\u00e4 tiukka. Siuntio oli toinen runkosarjassa ja me kolmannella sijalla. Keskin\u00e4isist\u00e4 otteluistamme meill\u00e4 on yksi ja Siuntiolla kaksi voittoa.<\/p>\n<p>Lindahl korostaa puolustuspelin t\u00e4rkeytt\u00e4 Siuntiota vastaan.<\/p>\n<p>&#8211; Meid\u00e4n pit\u00e4\u00e4 saada oma puolustuksemme toimimaan ja yritt\u00e4\u00e4 p\u00e4\u00e4st\u00e4 nopeisiin vastahy\u00f6kk\u00e4yksiin. Tarvitsemme my\u00f6s k\u00e4rsiv\u00e4llisyytt\u00e4 hy\u00f6kk\u00e4ysp\u00e4\u00e4ss\u00e4, ettei h\u00e4tik\u00f6id\u00e4 ja yritet\u00e4 ratkaisua liian aikaisin, kun heill\u00e4 on niin hyv\u00e4 maalivahti, h\u00e4n kertoo.<\/p>\n<p>V\u00e4lier\u00e4avaus SIF-Dicken Siuntiossa keskiviikkona kello 18.30. Lis\u00e4\u00e4 v\u00e4lier\u00e4sarjasta <a title=\"Kohti v\u00e4lieri\u00e4: SIF ja Dicken taistelevat finaalipaikasta\" href=\"\/naiset\/2014-2015\/ennakot-2014-2015\/kohti-valieria-sif-ja-dicken-taistelevat-finaalipaikasta\/\">ennakkoon<\/a>.<\/p>\n","protected":false},"excerpt":{"rendered":"<p>Helsinkil\u00e4inen Dicken matkaa keskiviikkona alkavissa SM-sarjan v\u00e4lieriss\u00e4 avausotteluun SIF:n vieraaksi. Dickenin Anna Lindahlin mukaan molemmat joukkueet ovat hyvin tuttuja toisilleen. &#8211; Olemme pelanneet Siuntiota vastaan kolme kertaa t\u00e4ll\u00e4 kaudella. Heill\u00e4 on hyv\u00e4 puolustus ja maalivahti. Siuntion hy\u00f6kk\u00e4yspelikin toimii ihan hyvin. He hy\u00f6kk\u00e4\u00e4v\u00e4t paljon keskelt\u00e4, eli meill\u00e4 pit\u00e4\u00e4 olla vahva keskuspuolustus, Lindahl sanoo. H\u00e4n odottaa todella [&hellip;]<\/p>\n","protected":false},"author":13,"featured_media":5957,"comment_status":"closed","ping_status":"closed","sticky":false,"template":"","format":"standard","meta":{"_acf_changed":false,"jetpack_post_was_ever_published":false,"_jetpack_newsletter_access":"","_jetpack_dont_email_post_to_subs":false,"_jetpack_newsletter_tier_id":0,"_jetpack_memberships_contains_paywalled_content":false,"_jetpack_memberships_contains_paid_content":false,"footnotes":""},"categories":[2],"tags":[51],"class_list":["post-5956","post","type-post","status-publish","format-standard","has-post-thumbnail","hentry","category-ajankohtaista","tag-dicken"],"acf":[],"yoast_head":"<!-- This site is optimized with the Yoast SEO plugin v27.4 - https:\/\/yoast.com\/product\/yoast-seo-wordpress\/ -->\n<title>Anna Lindahl: Dicken tarvitsee k\u00e4rsiv\u00e4llisyytt\u00e4 hy\u00f6kk\u00e4ysp\u00e4\u00e4ss\u00e4 | K\u00e4sipallon naisten Aktialiiga<\/title>\n<meta name=\"robots\" content=\"index, follow, max-snippet:-1, max-image-preview:large, max-video-preview:-1\" \/>\n<link rel=\"canonical\" href=\"https:\/\/aktialiiga.fi\/naiset\/ajankohtaista\/anna-lindahl-dicken-tarvitsee-karsivallisyytta-hyokkayspaassa\/\" \/>\n<meta property=\"og:locale\" content=\"fi_FI\" \/>\n<meta property=\"og:type\" content=\"article\" \/>\n<meta property=\"og:title\" content=\"Anna Lindahl: Dicken tarvitsee k\u00e4rsiv\u00e4llisyytt\u00e4 hy\u00f6kk\u00e4ysp\u00e4\u00e4ss\u00e4 | K\u00e4sipallon naisten Aktialiiga\" \/>\n<meta property=\"og:description\" content=\"Helsinkil\u00e4inen Dicken matkaa keskiviikkona alkavissa SM-sarjan v\u00e4lieriss\u00e4 avausotteluun SIF:n vieraaksi. Dickenin Anna Lindahlin mukaan molemmat joukkueet ovat hyvin tuttuja toisilleen. &#8211; Olemme pelanneet Siuntiota vastaan kolme kertaa t\u00e4ll\u00e4 kaudella. Heill\u00e4 on hyv\u00e4 puolustus ja maalivahti. Siuntion hy\u00f6kk\u00e4yspelikin toimii ihan hyvin. He hy\u00f6kk\u00e4\u00e4v\u00e4t paljon keskelt\u00e4, eli meill\u00e4 pit\u00e4\u00e4 olla vahva keskuspuolustus, Lindahl sanoo. H\u00e4n odottaa todella [&hellip;]\" \/>\n<meta property=\"og:url\" content=\"https:\/\/aktialiiga.fi\/naiset\/ajankohtaista\/anna-lindahl-dicken-tarvitsee-karsivallisyytta-hyokkayspaassa\/\" \/>\n<meta property=\"og:site_name\" content=\"K\u00e4sipallon naisten Aktialiiga\" \/>\n<meta property=\"article:publisher\" content=\"https:\/\/www.facebook.com\/finnhandball\" \/>\n<meta property=\"article:published_time\" content=\"2015-03-25T10:17:06+00:00\" \/>\n<meta property=\"article:modified_time\" content=\"2024-08-28T15:30:11+00:00\" \/>\n<meta property=\"og:image\" content=\"https:\/\/aktialiiga.fi\/naiset\/wp-content\/uploads\/sites\/6\/2015\/03\/Dicken_Lindahl_Anna_1415b.jpg\" \/>\n\t<meta property=\"og:image:width\" content=\"640\" \/>\n\t<meta property=\"og:image:height\" content=\"360\" \/>\n\t<meta property=\"og:image:type\" content=\"image\/jpeg\" \/>\n<meta name=\"author\" content=\"tbrmedia\" \/>\n<meta name=\"twitter:card\" content=\"summary_large_image\" \/>\n<meta name=\"twitter:creator\" content=\"@finnhandball\" \/>\n<meta name=\"twitter:site\" content=\"@finnhandball\" \/>\n<script type=\"application\/ld+json\" class=\"yoast-schema-graph\">{\"@context\":\"https:\\\/\\\/schema.org\",\"@graph\":[{\"@type\":\"Article\",\"@id\":\"https:\\\/\\\/aktialiiga.fi\\\/naiset\\\/ajankohtaista\\\/anna-lindahl-dicken-tarvitsee-karsivallisyytta-hyokkayspaassa\\\/#article\",\"isPartOf\":{\"@id\":\"https:\\\/\\\/aktialiiga.fi\\\/naiset\\\/ajankohtaista\\\/anna-lindahl-dicken-tarvitsee-karsivallisyytta-hyokkayspaassa\\\/\"},\"author\":{\"name\":\"tbrmedia\",\"@id\":\"https:\\\/\\\/aktialiiga.fi\\\/naiset\\\/#\\\/schema\\\/person\\\/c14bf42f47041db74603c45afcb18d87\"},\"headline\":\"Anna Lindahl: Dicken tarvitsee k\u00e4rsiv\u00e4llisyytt\u00e4 hy\u00f6kk\u00e4ysp\u00e4\u00e4ss\u00e4\",\"datePublished\":\"2015-03-25T10:17:06+00:00\",\"dateModified\":\"2024-08-28T15:30:11+00:00\",\"mainEntityOfPage\":{\"@id\":\"https:\\\/\\\/aktialiiga.fi\\\/naiset\\\/ajankohtaista\\\/anna-lindahl-dicken-tarvitsee-karsivallisyytta-hyokkayspaassa\\\/\"},\"wordCount\":182,\"publisher\":{\"@id\":\"https:\\\/\\\/aktialiiga.fi\\\/naiset\\\/#organization\"},\"image\":{\"@id\":\"https:\\\/\\\/aktialiiga.fi\\\/naiset\\\/ajankohtaista\\\/anna-lindahl-dicken-tarvitsee-karsivallisyytta-hyokkayspaassa\\\/#primaryimage\"},\"thumbnailUrl\":\"https:\\\/\\\/aktialiiga.fi\\\/naiset\\\/wp-content\\\/uploads\\\/sites\\\/6\\\/2015\\\/03\\\/Dicken_Lindahl_Anna_1415b.jpg\",\"keywords\":[\"Dicken\"],\"articleSection\":[\"Ajankohtaista\"],\"inLanguage\":\"fi\"},{\"@type\":\"WebPage\",\"@id\":\"https:\\\/\\\/aktialiiga.fi\\\/naiset\\\/ajankohtaista\\\/anna-lindahl-dicken-tarvitsee-karsivallisyytta-hyokkayspaassa\\\/\",\"url\":\"https:\\\/\\\/aktialiiga.fi\\\/naiset\\\/ajankohtaista\\\/anna-lindahl-dicken-tarvitsee-karsivallisyytta-hyokkayspaassa\\\/\",\"name\":\"Anna Lindahl: Dicken tarvitsee k\u00e4rsiv\u00e4llisyytt\u00e4 hy\u00f6kk\u00e4ysp\u00e4\u00e4ss\u00e4 | K\u00e4sipallon naisten Aktialiiga\",\"isPartOf\":{\"@id\":\"https:\\\/\\\/aktialiiga.fi\\\/naiset\\\/#website\"},\"primaryImageOfPage\":{\"@id\":\"https:\\\/\\\/aktialiiga.fi\\\/naiset\\\/ajankohtaista\\\/anna-lindahl-dicken-tarvitsee-karsivallisyytta-hyokkayspaassa\\\/#primaryimage\"},\"image\":{\"@id\":\"https:\\\/\\\/aktialiiga.fi\\\/naiset\\\/ajankohtaista\\\/anna-lindahl-dicken-tarvitsee-karsivallisyytta-hyokkayspaassa\\\/#primaryimage\"},\"thumbnailUrl\":\"https:\\\/\\\/aktialiiga.fi\\\/naiset\\\/wp-content\\\/uploads\\\/sites\\\/6\\\/2015\\\/03\\\/Dicken_Lindahl_Anna_1415b.jpg\",\"datePublished\":\"2015-03-25T10:17:06+00:00\",\"dateModified\":\"2024-08-28T15:30:11+00:00\",\"breadcrumb\":{\"@id\":\"https:\\\/\\\/aktialiiga.fi\\\/naiset\\\/ajankohtaista\\\/anna-lindahl-dicken-tarvitsee-karsivallisyytta-hyokkayspaassa\\\/#breadcrumb\"},\"inLanguage\":\"fi\",\"potentialAction\":[{\"@type\":\"ReadAction\",\"target\":[\"https:\\\/\\\/aktialiiga.fi\\\/naiset\\\/ajankohtaista\\\/anna-lindahl-dicken-tarvitsee-karsivallisyytta-hyokkayspaassa\\\/\"]}]},{\"@type\":\"ImageObject\",\"inLanguage\":\"fi\",\"@id\":\"https:\\\/\\\/aktialiiga.fi\\\/naiset\\\/ajankohtaista\\\/anna-lindahl-dicken-tarvitsee-karsivallisyytta-hyokkayspaassa\\\/#primaryimage\",\"url\":\"https:\\\/\\\/aktialiiga.fi\\\/naiset\\\/wp-content\\\/uploads\\\/sites\\\/6\\\/2015\\\/03\\\/Dicken_Lindahl_Anna_1415b.jpg\",\"contentUrl\":\"https:\\\/\\\/aktialiiga.fi\\\/naiset\\\/wp-content\\\/uploads\\\/sites\\\/6\\\/2015\\\/03\\\/Dicken_Lindahl_Anna_1415b.jpg\",\"width\":640,\"height\":360},{\"@type\":\"BreadcrumbList\",\"@id\":\"https:\\\/\\\/aktialiiga.fi\\\/naiset\\\/ajankohtaista\\\/anna-lindahl-dicken-tarvitsee-karsivallisyytta-hyokkayspaassa\\\/#breadcrumb\",\"itemListElement\":[{\"@type\":\"ListItem\",\"position\":1,\"name\":\"Etusivu\",\"item\":\"https:\\\/\\\/aktialiiga.fi\\\/naiset\\\/\"},{\"@type\":\"ListItem\",\"position\":2,\"name\":\"Anna Lindahl: Dicken tarvitsee k\u00e4rsiv\u00e4llisyytt\u00e4 hy\u00f6kk\u00e4ysp\u00e4\u00e4ss\u00e4\"}]},{\"@type\":\"WebSite\",\"@id\":\"https:\\\/\\\/aktialiiga.fi\\\/naiset\\\/#website\",\"url\":\"https:\\\/\\\/aktialiiga.fi\\\/naiset\\\/\",\"name\":\"K\u00e4sipallon naisten Aktialiiga\",\"description\":\"Valtakunnan vauhdikkainta palloilua!\",\"publisher\":{\"@id\":\"https:\\\/\\\/aktialiiga.fi\\\/naiset\\\/#organization\"},\"potentialAction\":[{\"@type\":\"SearchAction\",\"target\":{\"@type\":\"EntryPoint\",\"urlTemplate\":\"https:\\\/\\\/aktialiiga.fi\\\/naiset\\\/?s={search_term_string}\"},\"query-input\":{\"@type\":\"PropertyValueSpecification\",\"valueRequired\":true,\"valueName\":\"search_term_string\"}}],\"inLanguage\":\"fi\"},{\"@type\":\"Organization\",\"@id\":\"https:\\\/\\\/aktialiiga.fi\\\/naiset\\\/#organization\",\"name\":\"K\u00e4sipallon naisten Aktialiiga\",\"url\":\"https:\\\/\\\/aktialiiga.fi\\\/naiset\\\/\",\"logo\":{\"@type\":\"ImageObject\",\"inLanguage\":\"fi\",\"@id\":\"https:\\\/\\\/aktialiiga.fi\\\/naiset\\\/#\\\/schema\\\/logo\\\/image\\\/\",\"url\":\"https:\\\/\\\/aktialiiga.fi\\\/naiset\\\/wp-content\\\/uploads\\\/sites\\\/6\\\/2024\\\/09\\\/Aktialiiga-Yoast-512.png\",\"contentUrl\":\"https:\\\/\\\/aktialiiga.fi\\\/naiset\\\/wp-content\\\/uploads\\\/sites\\\/6\\\/2024\\\/09\\\/Aktialiiga-Yoast-512.png\",\"width\":512,\"height\":512,\"caption\":\"K\u00e4sipallon naisten Aktialiiga\"},\"image\":{\"@id\":\"https:\\\/\\\/aktialiiga.fi\\\/naiset\\\/#\\\/schema\\\/logo\\\/image\\\/\"},\"sameAs\":[\"https:\\\/\\\/www.facebook.com\\\/finnhandball\",\"https:\\\/\\\/x.com\\\/finnhandball\",\"https:\\\/\\\/www.instagram.com\\\/handballfinland\\\/\"]},{\"@type\":\"Person\",\"@id\":\"https:\\\/\\\/aktialiiga.fi\\\/naiset\\\/#\\\/schema\\\/person\\\/c14bf42f47041db74603c45afcb18d87\",\"name\":\"tbrmedia\",\"image\":{\"@type\":\"ImageObject\",\"inLanguage\":\"fi\",\"@id\":\"https:\\\/\\\/secure.gravatar.com\\\/avatar\\\/ee975fa091fe581d12b60debb3439022686618368a7c142044c56724d4666b16?s=96&d=mm&r=g\",\"url\":\"https:\\\/\\\/secure.gravatar.com\\\/avatar\\\/ee975fa091fe581d12b60debb3439022686618368a7c142044c56724d4666b16?s=96&d=mm&r=g\",\"contentUrl\":\"https:\\\/\\\/secure.gravatar.com\\\/avatar\\\/ee975fa091fe581d12b60debb3439022686618368a7c142044c56724d4666b16?s=96&d=mm&r=g\",\"caption\":\"tbrmedia\"}}]}<\/script>\n<!-- \/ Yoast SEO plugin. -->","yoast_head_json":{"title":"Anna Lindahl: Dicken tarvitsee k\u00e4rsiv\u00e4llisyytt\u00e4 hy\u00f6kk\u00e4ysp\u00e4\u00e4ss\u00e4 | K\u00e4sipallon naisten Aktialiiga","robots":{"index":"index","follow":"follow","max-snippet":"max-snippet:-1","max-image-preview":"max-image-preview:large","max-video-preview":"max-video-preview:-1"},"canonical":"https:\/\/aktialiiga.fi\/naiset\/ajankohtaista\/anna-lindahl-dicken-tarvitsee-karsivallisyytta-hyokkayspaassa\/","og_locale":"fi_FI","og_type":"article","og_title":"Anna Lindahl: Dicken tarvitsee k\u00e4rsiv\u00e4llisyytt\u00e4 hy\u00f6kk\u00e4ysp\u00e4\u00e4ss\u00e4 | K\u00e4sipallon naisten Aktialiiga","og_description":"Helsinkil\u00e4inen Dicken matkaa keskiviikkona alkavissa SM-sarjan v\u00e4lieriss\u00e4 avausotteluun SIF:n vieraaksi. Dickenin Anna Lindahlin mukaan molemmat joukkueet ovat hyvin tuttuja toisilleen. &#8211; Olemme pelanneet Siuntiota vastaan kolme kertaa t\u00e4ll\u00e4 kaudella. Heill\u00e4 on hyv\u00e4 puolustus ja maalivahti. Siuntion hy\u00f6kk\u00e4yspelikin toimii ihan hyvin. He hy\u00f6kk\u00e4\u00e4v\u00e4t paljon keskelt\u00e4, eli meill\u00e4 pit\u00e4\u00e4 olla vahva keskuspuolustus, Lindahl sanoo. H\u00e4n odottaa todella [&hellip;]","og_url":"https:\/\/aktialiiga.fi\/naiset\/ajankohtaista\/anna-lindahl-dicken-tarvitsee-karsivallisyytta-hyokkayspaassa\/","og_site_name":"K\u00e4sipallon naisten Aktialiiga","article_publisher":"https:\/\/www.facebook.com\/finnhandball","article_published_time":"2015-03-25T10:17:06+00:00","article_modified_time":"2024-08-28T15:30:11+00:00","og_image":[{"width":640,"height":360,"url":"https:\/\/aktialiiga.fi\/naiset\/wp-content\/uploads\/sites\/6\/2015\/03\/Dicken_Lindahl_Anna_1415b.jpg","type":"image\/jpeg"}],"author":"tbrmedia","twitter_card":"summary_large_image","twitter_creator":"@finnhandball","twitter_site":"@finnhandball","schema":{"@context":"https:\/\/schema.org","@graph":[{"@type":"Article","@id":"https:\/\/aktialiiga.fi\/naiset\/ajankohtaista\/anna-lindahl-dicken-tarvitsee-karsivallisyytta-hyokkayspaassa\/#article","isPartOf":{"@id":"https:\/\/aktialiiga.fi\/naiset\/ajankohtaista\/anna-lindahl-dicken-tarvitsee-karsivallisyytta-hyokkayspaassa\/"},"author":{"name":"tbrmedia","@id":"https:\/\/aktialiiga.fi\/naiset\/#\/schema\/person\/c14bf42f47041db74603c45afcb18d87"},"headline":"Anna Lindahl: Dicken tarvitsee k\u00e4rsiv\u00e4llisyytt\u00e4 hy\u00f6kk\u00e4ysp\u00e4\u00e4ss\u00e4","datePublished":"2015-03-25T10:17:06+00:00","dateModified":"2024-08-28T15:30:11+00:00","mainEntityOfPage":{"@id":"https:\/\/aktialiiga.fi\/naiset\/ajankohtaista\/anna-lindahl-dicken-tarvitsee-karsivallisyytta-hyokkayspaassa\/"},"wordCount":182,"publisher":{"@id":"https:\/\/aktialiiga.fi\/naiset\/#organization"},"image":{"@id":"https:\/\/aktialiiga.fi\/naiset\/ajankohtaista\/anna-lindahl-dicken-tarvitsee-karsivallisyytta-hyokkayspaassa\/#primaryimage"},"thumbnailUrl":"https:\/\/aktialiiga.fi\/naiset\/wp-content\/uploads\/sites\/6\/2015\/03\/Dicken_Lindahl_Anna_1415b.jpg","keywords":["Dicken"],"articleSection":["Ajankohtaista"],"inLanguage":"fi"},{"@type":"WebPage","@id":"https:\/\/aktialiiga.fi\/naiset\/ajankohtaista\/anna-lindahl-dicken-tarvitsee-karsivallisyytta-hyokkayspaassa\/","url":"https:\/\/aktialiiga.fi\/naiset\/ajankohtaista\/anna-lindahl-dicken-tarvitsee-karsivallisyytta-hyokkayspaassa\/","name":"Anna Lindahl: Dicken tarvitsee k\u00e4rsiv\u00e4llisyytt\u00e4 hy\u00f6kk\u00e4ysp\u00e4\u00e4ss\u00e4 | K\u00e4sipallon naisten Aktialiiga","isPartOf":{"@id":"https:\/\/aktialiiga.fi\/naiset\/#website"},"primaryImageOfPage":{"@id":"https:\/\/aktialiiga.fi\/naiset\/ajankohtaista\/anna-lindahl-dicken-tarvitsee-karsivallisyytta-hyokkayspaassa\/#primaryimage"},"image":{"@id":"https:\/\/aktialiiga.fi\/naiset\/ajankohtaista\/anna-lindahl-dicken-tarvitsee-karsivallisyytta-hyokkayspaassa\/#primaryimage"},"thumbnailUrl":"https:\/\/aktialiiga.fi\/naiset\/wp-content\/uploads\/sites\/6\/2015\/03\/Dicken_Lindahl_Anna_1415b.jpg","datePublished":"2015-03-25T10:17:06+00:00","dateModified":"2024-08-28T15:30:11+00:00","breadcrumb":{"@id":"https:\/\/aktialiiga.fi\/naiset\/ajankohtaista\/anna-lindahl-dicken-tarvitsee-karsivallisyytta-hyokkayspaassa\/#breadcrumb"},"inLanguage":"fi","potentialAction":[{"@type":"ReadAction","target":["https:\/\/aktialiiga.fi\/naiset\/ajankohtaista\/anna-lindahl-dicken-tarvitsee-karsivallisyytta-hyokkayspaassa\/"]}]},{"@type":"ImageObject","inLanguage":"fi","@id":"https:\/\/aktialiiga.fi\/naiset\/ajankohtaista\/anna-lindahl-dicken-tarvitsee-karsivallisyytta-hyokkayspaassa\/#primaryimage","url":"https:\/\/aktialiiga.fi\/naiset\/wp-content\/uploads\/sites\/6\/2015\/03\/Dicken_Lindahl_Anna_1415b.jpg","contentUrl":"https:\/\/aktialiiga.fi\/naiset\/wp-content\/uploads\/sites\/6\/2015\/03\/Dicken_Lindahl_Anna_1415b.jpg","width":640,"height":360},{"@type":"BreadcrumbList","@id":"https:\/\/aktialiiga.fi\/naiset\/ajankohtaista\/anna-lindahl-dicken-tarvitsee-karsivallisyytta-hyokkayspaassa\/#breadcrumb","itemListElement":[{"@type":"ListItem","position":1,"name":"Etusivu","item":"https:\/\/aktialiiga.fi\/naiset\/"},{"@type":"ListItem","position":2,"name":"Anna Lindahl: Dicken tarvitsee k\u00e4rsiv\u00e4llisyytt\u00e4 hy\u00f6kk\u00e4ysp\u00e4\u00e4ss\u00e4"}]},{"@type":"WebSite","@id":"https:\/\/aktialiiga.fi\/naiset\/#website","url":"https:\/\/aktialiiga.fi\/naiset\/","name":"K\u00e4sipallon naisten Aktialiiga","description":"Valtakunnan vauhdikkainta palloilua!","publisher":{"@id":"https:\/\/aktialiiga.fi\/naiset\/#organization"},"potentialAction":[{"@type":"SearchAction","target":{"@type":"EntryPoint","urlTemplate":"https:\/\/aktialiiga.fi\/naiset\/?s={search_term_string}"},"query-input":{"@type":"PropertyValueSpecification","valueRequired":true,"valueName":"search_term_string"}}],"inLanguage":"fi"},{"@type":"Organization","@id":"https:\/\/aktialiiga.fi\/naiset\/#organization","name":"K\u00e4sipallon naisten Aktialiiga","url":"https:\/\/aktialiiga.fi\/naiset\/","logo":{"@type":"ImageObject","inLanguage":"fi","@id":"https:\/\/aktialiiga.fi\/naiset\/#\/schema\/logo\/image\/","url":"https:\/\/aktialiiga.fi\/naiset\/wp-content\/uploads\/sites\/6\/2024\/09\/Aktialiiga-Yoast-512.png","contentUrl":"https:\/\/aktialiiga.fi\/naiset\/wp-content\/uploads\/sites\/6\/2024\/09\/Aktialiiga-Yoast-512.png","width":512,"height":512,"caption":"K\u00e4sipallon naisten Aktialiiga"},"image":{"@id":"https:\/\/aktialiiga.fi\/naiset\/#\/schema\/logo\/image\/"},"sameAs":["https:\/\/www.facebook.com\/finnhandball","https:\/\/x.com\/finnhandball","https:\/\/www.instagram.com\/handballfinland\/"]},{"@type":"Person","@id":"https:\/\/aktialiiga.fi\/naiset\/#\/schema\/person\/c14bf42f47041db74603c45afcb18d87","name":"tbrmedia","image":{"@type":"ImageObject","inLanguage":"fi","@id":"https:\/\/secure.gravatar.com\/avatar\/ee975fa091fe581d12b60debb3439022686618368a7c142044c56724d4666b16?s=96&d=mm&r=g","url":"https:\/\/secure.gravatar.com\/avatar\/ee975fa091fe581d12b60debb3439022686618368a7c142044c56724d4666b16?s=96&d=mm&r=g","contentUrl":"https:\/\/secure.gravatar.com\/avatar\/ee975fa091fe581d12b60debb3439022686618368a7c142044c56724d4666b16?s=96&d=mm&r=g","caption":"tbrmedia"}}]}},"jetpack_featured_media_url":"https:\/\/aktialiiga.fi\/naiset\/wp-content\/uploads\/sites\/6\/2015\/03\/Dicken_Lindahl_Anna_1415b.jpg","jetpack_sharing_enabled":true,"jetpack_shortlink":"https:\/\/wp.me\/pfYhm6-1y4","_links":{"self":[{"href":"https:\/\/aktialiiga.fi\/naiset\/wp-json\/wp\/v2\/posts\/5956","targetHints":{"allow":["GET"]}}],"collection":[{"href":"https:\/\/aktialiiga.fi\/naiset\/wp-json\/wp\/v2\/posts"}],"about":[{"href":"https:\/\/aktialiiga.fi\/naiset\/wp-json\/wp\/v2\/types\/post"}],"author":[{"embeddable":true,"href":"https:\/\/aktialiiga.fi\/naiset\/wp-json\/wp\/v2\/users\/13"}],"replies":[{"embeddable":true,"href":"https:\/\/aktialiiga.fi\/naiset\/wp-json\/wp\/v2\/comments?post=5956"}],"version-history":[{"count":1,"href":"https:\/\/aktialiiga.fi\/naiset\/wp-json\/wp\/v2\/posts\/5956\/revisions"}],"predecessor-version":[{"id":39183,"href":"https:\/\/aktialiiga.fi\/naiset\/wp-json\/wp\/v2\/posts\/5956\/revisions\/39183"}],"wp:featuredmedia":[{"embeddable":true,"href":"https:\/\/aktialiiga.fi\/naiset\/wp-json\/wp\/v2\/media\/5957"}],"wp:attachment":[{"href":"https:\/\/aktialiiga.fi\/naiset\/wp-json\/wp\/v2\/media?parent=5956"}],"wp:term":[{"taxonomy":"category","embeddable":true,"href":"https:\/\/aktialiiga.fi\/naiset\/wp-json\/wp\/v2\/categories?post=5956"},{"taxonomy":"post_tag","embeddable":true,"href":"https:\/\/aktialiiga.fi\/naiset\/wp-json\/wp\/v2\/tags?post=5956"}],"curies":[{"name":"wp","href":"https:\/\/api.w.org\/{rel}","templated":true}]}}