{"id":6383,"date":"2015-09-25T19:42:27","date_gmt":"2015-09-25T16:42:27","guid":{"rendered":"https:\/\/aktialiiga.fi\/naiset\/?p=6383"},"modified":"2024-08-28T18:29:48","modified_gmt":"2024-08-28T15:29:48","slug":"bk-46-emannoi-avauspelissa-superlauantaina-grifkta","status":"publish","type":"post","link":"https:\/\/aktialiiga.fi\/naiset\/2015-2016\/ennakot-2015-2016\/bk-46-emannoi-avauspelissa-superlauantaina-grifkta\/","title":{"rendered":"BK-46 em\u00e4nn\u00f6i avauspeliss\u00e4 \u201dsuperlauantaina\u201d GrIFK:ta"},"content":{"rendered":"<p>K\u00e4sipallokausi 2015-16 saadaan kertaheitolla komeasti k\u00e4yntiin lauantaina, kun BK-46 saa SM-sarjan avauskierroksen kamppailussa vieraakseen GrIFK:n ja per\u00e4\u00e4n pelataan miesten SM-liigan ottelu BK-46 &#8211; Dicken.<\/p>\n<p>Ottelu on Granille ensimm\u00e4inen SM-sarjaan paluun j\u00e4lkeen ja p\u00e4\u00e4valmentaja Sebastian Aarnio l\u00e4htee otteluun hiukan varovaisin odotuksin. Peruuttelemaan kauniaislaiset eiv\u00e4t SISU Arenalle kuitenkaan l\u00e4hde.<\/p>\n<p>&#8211; Olen n\u00e4hnyt BK:lta muutaman pelin ja heilt\u00e4 l\u00f6ytyy leveytt\u00e4 siin\u00e4 m\u00e4\u00e4rin, ett\u00e4 siell\u00e4 on nuorisomaajoukkueen pelaajia. Helppoa ei tule, mutta l\u00e4hdet\u00e4\u00e4n kokeilemaan luottavaisin mielin, Aarnio summaa.<\/p>\n<p>BK-46 on p\u00e4\u00e4ssyt valmistautumaan kauteen huomattavasti viime kautta leve\u00e4mm\u00e4ll\u00e4 ringill\u00e4 ja p\u00e4\u00e4valmentaja Thomas Holmbergilla ovat kuviot selvill\u00e4 heti avausotteluun.<\/p>\n<p>&#8211; Olemme luottavaisin mielin menossa. Puolustuksen kautta pyrit\u00e4\u00e4n v\u00e4sytt\u00e4m\u00e4\u00e4n Granin pelaajia. Sitten vauhdilla kohti maalia, Holmberg suunnittelee.<\/p>\n<p>Ottelu SISU Arenalla alkaa lauantaina kello 16.00.<\/p>\n","protected":false},"excerpt":{"rendered":"<p>K\u00e4sipallokausi 2015-16 saadaan kertaheitolla komeasti k\u00e4yntiin lauantaina, kun BK-46 saa SM-sarjan avauskierroksen kamppailussa vieraakseen GrIFK:n ja per\u00e4\u00e4n pelataan miesten SM-liigan ottelu BK-46 &#8211; Dicken. Ottelu on Granille ensimm\u00e4inen SM-sarjaan paluun j\u00e4lkeen ja p\u00e4\u00e4valmentaja Sebastian Aarnio l\u00e4htee otteluun hiukan varovaisin odotuksin. Peruuttelemaan kauniaislaiset eiv\u00e4t SISU Arenalle kuitenkaan l\u00e4hde. &#8211; Olen n\u00e4hnyt BK:lta muutaman pelin ja heilt\u00e4 [&hellip;]<\/p>\n","protected":false},"author":13,"featured_media":5415,"comment_status":"closed","ping_status":"closed","sticky":false,"template":"","format":"standard","meta":{"_acf_changed":false,"jetpack_post_was_ever_published":false,"_jetpack_newsletter_access":"","_jetpack_dont_email_post_to_subs":false,"_jetpack_newsletter_tier_id":0,"_jetpack_memberships_contains_paywalled_content":false,"_jetpack_memberships_contains_paid_content":false,"footnotes":""},"categories":[37],"tags":[49,57],"class_list":["post-6383","post","type-post","status-publish","format-standard","has-post-thumbnail","hentry","category-ennakot-2015-2016","tag-bk-46","tag-grifk"],"acf":[],"yoast_head":"<!-- This site is optimized with the Yoast SEO plugin v27.5 - https:\/\/yoast.com\/product\/yoast-seo-wordpress\/ -->\n<title>BK-46 em\u00e4nn\u00f6i avauspeliss\u00e4 \u201dsuperlauantaina\u201d GrIFK:ta | K\u00e4sipallon naisten Aktialiiga<\/title>\n<meta name=\"robots\" content=\"index, follow, max-snippet:-1, max-image-preview:large, max-video-preview:-1\" \/>\n<link rel=\"canonical\" href=\"https:\/\/aktialiiga.fi\/naiset\/2015-2016\/ennakot-2015-2016\/bk-46-emannoi-avauspelissa-superlauantaina-grifkta\/\" \/>\n<meta property=\"og:locale\" content=\"fi_FI\" \/>\n<meta property=\"og:type\" content=\"article\" \/>\n<meta property=\"og:title\" content=\"BK-46 em\u00e4nn\u00f6i avauspeliss\u00e4 \u201dsuperlauantaina\u201d GrIFK:ta | K\u00e4sipallon naisten Aktialiiga\" \/>\n<meta property=\"og:description\" content=\"K\u00e4sipallokausi 2015-16 saadaan kertaheitolla komeasti k\u00e4yntiin lauantaina, kun BK-46 saa SM-sarjan avauskierroksen kamppailussa vieraakseen GrIFK:n ja per\u00e4\u00e4n pelataan miesten SM-liigan ottelu BK-46 &#8211; Dicken. Ottelu on Granille ensimm\u00e4inen SM-sarjaan paluun j\u00e4lkeen ja p\u00e4\u00e4valmentaja Sebastian Aarnio l\u00e4htee otteluun hiukan varovaisin odotuksin. Peruuttelemaan kauniaislaiset eiv\u00e4t SISU Arenalle kuitenkaan l\u00e4hde. &#8211; Olen n\u00e4hnyt BK:lta muutaman pelin ja heilt\u00e4 [&hellip;]\" \/>\n<meta property=\"og:url\" content=\"https:\/\/aktialiiga.fi\/naiset\/2015-2016\/ennakot-2015-2016\/bk-46-emannoi-avauspelissa-superlauantaina-grifkta\/\" \/>\n<meta property=\"og:site_name\" content=\"K\u00e4sipallon naisten Aktialiiga\" \/>\n<meta property=\"article:publisher\" content=\"https:\/\/www.facebook.com\/finnhandball\" \/>\n<meta property=\"article:published_time\" content=\"2015-09-25T16:42:27+00:00\" \/>\n<meta property=\"article:modified_time\" content=\"2024-08-28T15:29:48+00:00\" \/>\n<meta property=\"og:image\" content=\"https:\/\/aktialiiga.fi\/naiset\/wp-content\/uploads\/sites\/6\/2014\/11\/BK46_Silen_Sofia_peli1415.jpg\" \/>\n\t<meta property=\"og:image:width\" content=\"640\" \/>\n\t<meta property=\"og:image:height\" content=\"358\" \/>\n\t<meta property=\"og:image:type\" content=\"image\/jpeg\" \/>\n<meta name=\"author\" content=\"tbrmedia\" \/>\n<meta name=\"twitter:card\" content=\"summary_large_image\" \/>\n<meta name=\"twitter:creator\" content=\"@finnhandball\" \/>\n<meta name=\"twitter:site\" content=\"@finnhandball\" \/>\n<script type=\"application\/ld+json\" class=\"yoast-schema-graph\">{\"@context\":\"https:\\\/\\\/schema.org\",\"@graph\":[{\"@type\":\"Article\",\"@id\":\"https:\\\/\\\/aktialiiga.fi\\\/naiset\\\/2015-2016\\\/ennakot-2015-2016\\\/bk-46-emannoi-avauspelissa-superlauantaina-grifkta\\\/#article\",\"isPartOf\":{\"@id\":\"https:\\\/\\\/aktialiiga.fi\\\/naiset\\\/2015-2016\\\/ennakot-2015-2016\\\/bk-46-emannoi-avauspelissa-superlauantaina-grifkta\\\/\"},\"author\":{\"name\":\"tbrmedia\",\"@id\":\"https:\\\/\\\/aktialiiga.fi\\\/naiset\\\/#\\\/schema\\\/person\\\/c14bf42f47041db74603c45afcb18d87\"},\"headline\":\"BK-46 em\u00e4nn\u00f6i avauspeliss\u00e4 \u201dsuperlauantaina\u201d GrIFK:ta\",\"datePublished\":\"2015-09-25T16:42:27+00:00\",\"dateModified\":\"2024-08-28T15:29:48+00:00\",\"mainEntityOfPage\":{\"@id\":\"https:\\\/\\\/aktialiiga.fi\\\/naiset\\\/2015-2016\\\/ennakot-2015-2016\\\/bk-46-emannoi-avauspelissa-superlauantaina-grifkta\\\/\"},\"wordCount\":148,\"publisher\":{\"@id\":\"https:\\\/\\\/aktialiiga.fi\\\/naiset\\\/#organization\"},\"image\":{\"@id\":\"https:\\\/\\\/aktialiiga.fi\\\/naiset\\\/2015-2016\\\/ennakot-2015-2016\\\/bk-46-emannoi-avauspelissa-superlauantaina-grifkta\\\/#primaryimage\"},\"thumbnailUrl\":\"https:\\\/\\\/aktialiiga.fi\\\/naiset\\\/wp-content\\\/uploads\\\/sites\\\/6\\\/2014\\\/11\\\/BK46_Silen_Sofia_peli1415.jpg\",\"keywords\":[\"BK-46\",\"GrIFK\"],\"articleSection\":[\"Ennakot\"],\"inLanguage\":\"fi\"},{\"@type\":\"WebPage\",\"@id\":\"https:\\\/\\\/aktialiiga.fi\\\/naiset\\\/2015-2016\\\/ennakot-2015-2016\\\/bk-46-emannoi-avauspelissa-superlauantaina-grifkta\\\/\",\"url\":\"https:\\\/\\\/aktialiiga.fi\\\/naiset\\\/2015-2016\\\/ennakot-2015-2016\\\/bk-46-emannoi-avauspelissa-superlauantaina-grifkta\\\/\",\"name\":\"BK-46 em\u00e4nn\u00f6i avauspeliss\u00e4 \u201dsuperlauantaina\u201d GrIFK:ta | K\u00e4sipallon naisten Aktialiiga\",\"isPartOf\":{\"@id\":\"https:\\\/\\\/aktialiiga.fi\\\/naiset\\\/#website\"},\"primaryImageOfPage\":{\"@id\":\"https:\\\/\\\/aktialiiga.fi\\\/naiset\\\/2015-2016\\\/ennakot-2015-2016\\\/bk-46-emannoi-avauspelissa-superlauantaina-grifkta\\\/#primaryimage\"},\"image\":{\"@id\":\"https:\\\/\\\/aktialiiga.fi\\\/naiset\\\/2015-2016\\\/ennakot-2015-2016\\\/bk-46-emannoi-avauspelissa-superlauantaina-grifkta\\\/#primaryimage\"},\"thumbnailUrl\":\"https:\\\/\\\/aktialiiga.fi\\\/naiset\\\/wp-content\\\/uploads\\\/sites\\\/6\\\/2014\\\/11\\\/BK46_Silen_Sofia_peli1415.jpg\",\"datePublished\":\"2015-09-25T16:42:27+00:00\",\"dateModified\":\"2024-08-28T15:29:48+00:00\",\"breadcrumb\":{\"@id\":\"https:\\\/\\\/aktialiiga.fi\\\/naiset\\\/2015-2016\\\/ennakot-2015-2016\\\/bk-46-emannoi-avauspelissa-superlauantaina-grifkta\\\/#breadcrumb\"},\"inLanguage\":\"fi\",\"potentialAction\":[{\"@type\":\"ReadAction\",\"target\":[\"https:\\\/\\\/aktialiiga.fi\\\/naiset\\\/2015-2016\\\/ennakot-2015-2016\\\/bk-46-emannoi-avauspelissa-superlauantaina-grifkta\\\/\"]}]},{\"@type\":\"ImageObject\",\"inLanguage\":\"fi\",\"@id\":\"https:\\\/\\\/aktialiiga.fi\\\/naiset\\\/2015-2016\\\/ennakot-2015-2016\\\/bk-46-emannoi-avauspelissa-superlauantaina-grifkta\\\/#primaryimage\",\"url\":\"https:\\\/\\\/aktialiiga.fi\\\/naiset\\\/wp-content\\\/uploads\\\/sites\\\/6\\\/2014\\\/11\\\/BK46_Silen_Sofia_peli1415.jpg\",\"contentUrl\":\"https:\\\/\\\/aktialiiga.fi\\\/naiset\\\/wp-content\\\/uploads\\\/sites\\\/6\\\/2014\\\/11\\\/BK46_Silen_Sofia_peli1415.jpg\",\"width\":640,\"height\":358},{\"@type\":\"BreadcrumbList\",\"@id\":\"https:\\\/\\\/aktialiiga.fi\\\/naiset\\\/2015-2016\\\/ennakot-2015-2016\\\/bk-46-emannoi-avauspelissa-superlauantaina-grifkta\\\/#breadcrumb\",\"itemListElement\":[{\"@type\":\"ListItem\",\"position\":1,\"name\":\"Etusivu\",\"item\":\"https:\\\/\\\/aktialiiga.fi\\\/naiset\\\/\"},{\"@type\":\"ListItem\",\"position\":2,\"name\":\"BK-46 em\u00e4nn\u00f6i avauspeliss\u00e4 \u201dsuperlauantaina\u201d GrIFK:ta\"}]},{\"@type\":\"WebSite\",\"@id\":\"https:\\\/\\\/aktialiiga.fi\\\/naiset\\\/#website\",\"url\":\"https:\\\/\\\/aktialiiga.fi\\\/naiset\\\/\",\"name\":\"K\u00e4sipallon naisten Aktialiiga\",\"description\":\"Valtakunnan vauhdikkainta palloilua!\",\"publisher\":{\"@id\":\"https:\\\/\\\/aktialiiga.fi\\\/naiset\\\/#organization\"},\"potentialAction\":[{\"@type\":\"SearchAction\",\"target\":{\"@type\":\"EntryPoint\",\"urlTemplate\":\"https:\\\/\\\/aktialiiga.fi\\\/naiset\\\/?s={search_term_string}\"},\"query-input\":{\"@type\":\"PropertyValueSpecification\",\"valueRequired\":true,\"valueName\":\"search_term_string\"}}],\"inLanguage\":\"fi\"},{\"@type\":\"Organization\",\"@id\":\"https:\\\/\\\/aktialiiga.fi\\\/naiset\\\/#organization\",\"name\":\"K\u00e4sipallon naisten Aktialiiga\",\"url\":\"https:\\\/\\\/aktialiiga.fi\\\/naiset\\\/\",\"logo\":{\"@type\":\"ImageObject\",\"inLanguage\":\"fi\",\"@id\":\"https:\\\/\\\/aktialiiga.fi\\\/naiset\\\/#\\\/schema\\\/logo\\\/image\\\/\",\"url\":\"https:\\\/\\\/aktialiiga.fi\\\/naiset\\\/wp-content\\\/uploads\\\/sites\\\/6\\\/2024\\\/09\\\/Aktialiiga-Yoast-512.png\",\"contentUrl\":\"https:\\\/\\\/aktialiiga.fi\\\/naiset\\\/wp-content\\\/uploads\\\/sites\\\/6\\\/2024\\\/09\\\/Aktialiiga-Yoast-512.png\",\"width\":512,\"height\":512,\"caption\":\"K\u00e4sipallon naisten Aktialiiga\"},\"image\":{\"@id\":\"https:\\\/\\\/aktialiiga.fi\\\/naiset\\\/#\\\/schema\\\/logo\\\/image\\\/\"},\"sameAs\":[\"https:\\\/\\\/www.facebook.com\\\/finnhandball\",\"https:\\\/\\\/x.com\\\/finnhandball\",\"https:\\\/\\\/www.instagram.com\\\/handballfinland\\\/\"]},{\"@type\":\"Person\",\"@id\":\"https:\\\/\\\/aktialiiga.fi\\\/naiset\\\/#\\\/schema\\\/person\\\/c14bf42f47041db74603c45afcb18d87\",\"name\":\"tbrmedia\",\"image\":{\"@type\":\"ImageObject\",\"inLanguage\":\"fi\",\"@id\":\"https:\\\/\\\/secure.gravatar.com\\\/avatar\\\/ee975fa091fe581d12b60debb3439022686618368a7c142044c56724d4666b16?s=96&d=mm&r=g\",\"url\":\"https:\\\/\\\/secure.gravatar.com\\\/avatar\\\/ee975fa091fe581d12b60debb3439022686618368a7c142044c56724d4666b16?s=96&d=mm&r=g\",\"contentUrl\":\"https:\\\/\\\/secure.gravatar.com\\\/avatar\\\/ee975fa091fe581d12b60debb3439022686618368a7c142044c56724d4666b16?s=96&d=mm&r=g\",\"caption\":\"tbrmedia\"}}]}<\/script>\n<!-- \/ Yoast SEO plugin. -->","yoast_head_json":{"title":"BK-46 em\u00e4nn\u00f6i avauspeliss\u00e4 \u201dsuperlauantaina\u201d GrIFK:ta | K\u00e4sipallon naisten Aktialiiga","robots":{"index":"index","follow":"follow","max-snippet":"max-snippet:-1","max-image-preview":"max-image-preview:large","max-video-preview":"max-video-preview:-1"},"canonical":"https:\/\/aktialiiga.fi\/naiset\/2015-2016\/ennakot-2015-2016\/bk-46-emannoi-avauspelissa-superlauantaina-grifkta\/","og_locale":"fi_FI","og_type":"article","og_title":"BK-46 em\u00e4nn\u00f6i avauspeliss\u00e4 \u201dsuperlauantaina\u201d GrIFK:ta | K\u00e4sipallon naisten Aktialiiga","og_description":"K\u00e4sipallokausi 2015-16 saadaan kertaheitolla komeasti k\u00e4yntiin lauantaina, kun BK-46 saa SM-sarjan avauskierroksen kamppailussa vieraakseen GrIFK:n ja per\u00e4\u00e4n pelataan miesten SM-liigan ottelu BK-46 &#8211; Dicken. Ottelu on Granille ensimm\u00e4inen SM-sarjaan paluun j\u00e4lkeen ja p\u00e4\u00e4valmentaja Sebastian Aarnio l\u00e4htee otteluun hiukan varovaisin odotuksin. Peruuttelemaan kauniaislaiset eiv\u00e4t SISU Arenalle kuitenkaan l\u00e4hde. &#8211; Olen n\u00e4hnyt BK:lta muutaman pelin ja heilt\u00e4 [&hellip;]","og_url":"https:\/\/aktialiiga.fi\/naiset\/2015-2016\/ennakot-2015-2016\/bk-46-emannoi-avauspelissa-superlauantaina-grifkta\/","og_site_name":"K\u00e4sipallon naisten Aktialiiga","article_publisher":"https:\/\/www.facebook.com\/finnhandball","article_published_time":"2015-09-25T16:42:27+00:00","article_modified_time":"2024-08-28T15:29:48+00:00","og_image":[{"width":640,"height":358,"url":"https:\/\/aktialiiga.fi\/naiset\/wp-content\/uploads\/sites\/6\/2014\/11\/BK46_Silen_Sofia_peli1415.jpg","type":"image\/jpeg"}],"author":"tbrmedia","twitter_card":"summary_large_image","twitter_creator":"@finnhandball","twitter_site":"@finnhandball","schema":{"@context":"https:\/\/schema.org","@graph":[{"@type":"Article","@id":"https:\/\/aktialiiga.fi\/naiset\/2015-2016\/ennakot-2015-2016\/bk-46-emannoi-avauspelissa-superlauantaina-grifkta\/#article","isPartOf":{"@id":"https:\/\/aktialiiga.fi\/naiset\/2015-2016\/ennakot-2015-2016\/bk-46-emannoi-avauspelissa-superlauantaina-grifkta\/"},"author":{"name":"tbrmedia","@id":"https:\/\/aktialiiga.fi\/naiset\/#\/schema\/person\/c14bf42f47041db74603c45afcb18d87"},"headline":"BK-46 em\u00e4nn\u00f6i avauspeliss\u00e4 \u201dsuperlauantaina\u201d GrIFK:ta","datePublished":"2015-09-25T16:42:27+00:00","dateModified":"2024-08-28T15:29:48+00:00","mainEntityOfPage":{"@id":"https:\/\/aktialiiga.fi\/naiset\/2015-2016\/ennakot-2015-2016\/bk-46-emannoi-avauspelissa-superlauantaina-grifkta\/"},"wordCount":148,"publisher":{"@id":"https:\/\/aktialiiga.fi\/naiset\/#organization"},"image":{"@id":"https:\/\/aktialiiga.fi\/naiset\/2015-2016\/ennakot-2015-2016\/bk-46-emannoi-avauspelissa-superlauantaina-grifkta\/#primaryimage"},"thumbnailUrl":"https:\/\/aktialiiga.fi\/naiset\/wp-content\/uploads\/sites\/6\/2014\/11\/BK46_Silen_Sofia_peli1415.jpg","keywords":["BK-46","GrIFK"],"articleSection":["Ennakot"],"inLanguage":"fi"},{"@type":"WebPage","@id":"https:\/\/aktialiiga.fi\/naiset\/2015-2016\/ennakot-2015-2016\/bk-46-emannoi-avauspelissa-superlauantaina-grifkta\/","url":"https:\/\/aktialiiga.fi\/naiset\/2015-2016\/ennakot-2015-2016\/bk-46-emannoi-avauspelissa-superlauantaina-grifkta\/","name":"BK-46 em\u00e4nn\u00f6i avauspeliss\u00e4 \u201dsuperlauantaina\u201d GrIFK:ta | K\u00e4sipallon naisten Aktialiiga","isPartOf":{"@id":"https:\/\/aktialiiga.fi\/naiset\/#website"},"primaryImageOfPage":{"@id":"https:\/\/aktialiiga.fi\/naiset\/2015-2016\/ennakot-2015-2016\/bk-46-emannoi-avauspelissa-superlauantaina-grifkta\/#primaryimage"},"image":{"@id":"https:\/\/aktialiiga.fi\/naiset\/2015-2016\/ennakot-2015-2016\/bk-46-emannoi-avauspelissa-superlauantaina-grifkta\/#primaryimage"},"thumbnailUrl":"https:\/\/aktialiiga.fi\/naiset\/wp-content\/uploads\/sites\/6\/2014\/11\/BK46_Silen_Sofia_peli1415.jpg","datePublished":"2015-09-25T16:42:27+00:00","dateModified":"2024-08-28T15:29:48+00:00","breadcrumb":{"@id":"https:\/\/aktialiiga.fi\/naiset\/2015-2016\/ennakot-2015-2016\/bk-46-emannoi-avauspelissa-superlauantaina-grifkta\/#breadcrumb"},"inLanguage":"fi","potentialAction":[{"@type":"ReadAction","target":["https:\/\/aktialiiga.fi\/naiset\/2015-2016\/ennakot-2015-2016\/bk-46-emannoi-avauspelissa-superlauantaina-grifkta\/"]}]},{"@type":"ImageObject","inLanguage":"fi","@id":"https:\/\/aktialiiga.fi\/naiset\/2015-2016\/ennakot-2015-2016\/bk-46-emannoi-avauspelissa-superlauantaina-grifkta\/#primaryimage","url":"https:\/\/aktialiiga.fi\/naiset\/wp-content\/uploads\/sites\/6\/2014\/11\/BK46_Silen_Sofia_peli1415.jpg","contentUrl":"https:\/\/aktialiiga.fi\/naiset\/wp-content\/uploads\/sites\/6\/2014\/11\/BK46_Silen_Sofia_peli1415.jpg","width":640,"height":358},{"@type":"BreadcrumbList","@id":"https:\/\/aktialiiga.fi\/naiset\/2015-2016\/ennakot-2015-2016\/bk-46-emannoi-avauspelissa-superlauantaina-grifkta\/#breadcrumb","itemListElement":[{"@type":"ListItem","position":1,"name":"Etusivu","item":"https:\/\/aktialiiga.fi\/naiset\/"},{"@type":"ListItem","position":2,"name":"BK-46 em\u00e4nn\u00f6i avauspeliss\u00e4 \u201dsuperlauantaina\u201d GrIFK:ta"}]},{"@type":"WebSite","@id":"https:\/\/aktialiiga.fi\/naiset\/#website","url":"https:\/\/aktialiiga.fi\/naiset\/","name":"K\u00e4sipallon naisten Aktialiiga","description":"Valtakunnan vauhdikkainta palloilua!","publisher":{"@id":"https:\/\/aktialiiga.fi\/naiset\/#organization"},"potentialAction":[{"@type":"SearchAction","target":{"@type":"EntryPoint","urlTemplate":"https:\/\/aktialiiga.fi\/naiset\/?s={search_term_string}"},"query-input":{"@type":"PropertyValueSpecification","valueRequired":true,"valueName":"search_term_string"}}],"inLanguage":"fi"},{"@type":"Organization","@id":"https:\/\/aktialiiga.fi\/naiset\/#organization","name":"K\u00e4sipallon naisten Aktialiiga","url":"https:\/\/aktialiiga.fi\/naiset\/","logo":{"@type":"ImageObject","inLanguage":"fi","@id":"https:\/\/aktialiiga.fi\/naiset\/#\/schema\/logo\/image\/","url":"https:\/\/aktialiiga.fi\/naiset\/wp-content\/uploads\/sites\/6\/2024\/09\/Aktialiiga-Yoast-512.png","contentUrl":"https:\/\/aktialiiga.fi\/naiset\/wp-content\/uploads\/sites\/6\/2024\/09\/Aktialiiga-Yoast-512.png","width":512,"height":512,"caption":"K\u00e4sipallon naisten Aktialiiga"},"image":{"@id":"https:\/\/aktialiiga.fi\/naiset\/#\/schema\/logo\/image\/"},"sameAs":["https:\/\/www.facebook.com\/finnhandball","https:\/\/x.com\/finnhandball","https:\/\/www.instagram.com\/handballfinland\/"]},{"@type":"Person","@id":"https:\/\/aktialiiga.fi\/naiset\/#\/schema\/person\/c14bf42f47041db74603c45afcb18d87","name":"tbrmedia","image":{"@type":"ImageObject","inLanguage":"fi","@id":"https:\/\/secure.gravatar.com\/avatar\/ee975fa091fe581d12b60debb3439022686618368a7c142044c56724d4666b16?s=96&d=mm&r=g","url":"https:\/\/secure.gravatar.com\/avatar\/ee975fa091fe581d12b60debb3439022686618368a7c142044c56724d4666b16?s=96&d=mm&r=g","contentUrl":"https:\/\/secure.gravatar.com\/avatar\/ee975fa091fe581d12b60debb3439022686618368a7c142044c56724d4666b16?s=96&d=mm&r=g","caption":"tbrmedia"}}]}},"jetpack_featured_media_url":"https:\/\/aktialiiga.fi\/naiset\/wp-content\/uploads\/sites\/6\/2014\/11\/BK46_Silen_Sofia_peli1415.jpg","jetpack_sharing_enabled":true,"jetpack_shortlink":"https:\/\/wp.me\/pfYhm6-1EX","_links":{"self":[{"href":"https:\/\/aktialiiga.fi\/naiset\/wp-json\/wp\/v2\/posts\/6383","targetHints":{"allow":["GET"]}}],"collection":[{"href":"https:\/\/aktialiiga.fi\/naiset\/wp-json\/wp\/v2\/posts"}],"about":[{"href":"https:\/\/aktialiiga.fi\/naiset\/wp-json\/wp\/v2\/types\/post"}],"author":[{"embeddable":true,"href":"https:\/\/aktialiiga.fi\/naiset\/wp-json\/wp\/v2\/users\/13"}],"replies":[{"embeddable":true,"href":"https:\/\/aktialiiga.fi\/naiset\/wp-json\/wp\/v2\/comments?post=6383"}],"version-history":[{"count":1,"href":"https:\/\/aktialiiga.fi\/naiset\/wp-json\/wp\/v2\/posts\/6383\/revisions"}],"predecessor-version":[{"id":39106,"href":"https:\/\/aktialiiga.fi\/naiset\/wp-json\/wp\/v2\/posts\/6383\/revisions\/39106"}],"wp:featuredmedia":[{"embeddable":true,"href":"https:\/\/aktialiiga.fi\/naiset\/wp-json\/wp\/v2\/media\/5415"}],"wp:attachment":[{"href":"https:\/\/aktialiiga.fi\/naiset\/wp-json\/wp\/v2\/media?parent=6383"}],"wp:term":[{"taxonomy":"category","embeddable":true,"href":"https:\/\/aktialiiga.fi\/naiset\/wp-json\/wp\/v2\/categories?post=6383"},{"taxonomy":"post_tag","embeddable":true,"href":"https:\/\/aktialiiga.fi\/naiset\/wp-json\/wp\/v2\/tags?post=6383"}],"curies":[{"name":"wp","href":"https:\/\/api.w.org\/{rel}","templated":true}]}}