{"id":6509,"date":"2015-10-13T20:50:41","date_gmt":"2015-10-13T17:50:41","guid":{"rendered":"https:\/\/aktialiiga.fi\/naiset\/?p=6509"},"modified":"2024-08-28T18:29:47","modified_gmt":"2024-08-28T15:29:47","slug":"sif-ja-atlas-metsastavat-kauden-avauspisteita","status":"publish","type":"post","link":"https:\/\/aktialiiga.fi\/naiset\/2015-2016\/ennakot-2015-2016\/sif-ja-atlas-metsastavat-kauden-avauspisteita\/","title":{"rendered":"SIF ja Atlas mets\u00e4st\u00e4v\u00e4t kauden avauspisteit\u00e4"},"content":{"rendered":"<p>SIF ja Atlas palaavat maaottelutauon j\u00e4lkeen tositoimiin keskiviikkona Siuntiossa.<\/p>\n<p>Viime kauden pronssimitalisti SIF on avannut kauden kahdella niukalla tappiolla HIFK:lle ja GrIFK:lle. Atlaksen ainoa t\u00e4h\u00e4n menness\u00e4 pelattu ottelu puolestaan p\u00e4\u00e4ttyi tappioon mestari-Dickenille.<\/p>\n<p>Tappiosta huolimatta Atlas haastoi Dickenin varsin hyvin. Hyv\u00e4n sarja-alun j\u00e4lkeen ottelutaukoa on tullut l\u00e4hes kaksi viikkoa, mink\u00e4 ajan vantaalaisjoukkue on valmistautunut huolellisesti tuleviin otteluihin. Joukkueen terveystilanteessa on seuran verkkosivujen mukaan ollut kuitenkin jatkuvasti pient\u00e4 liikett\u00e4 molempiin suuntiin, mutta SIF -ottelun kynnyksell\u00e4 tilanne n\u00e4ytt\u00e4\u00e4 j\u00e4lleen valoisammalta.<\/p>\n<p>SIF:n tunnelmat kauden avausotteluiden j\u00e4lkeen olivat hiukan kaksijakoiset. HIFK-ottelu oli siuntiolaisilta tuloksesta huolimatta hyv\u00e4 esitys, mutta Kauniaisissa joukkue ei pystynyt parhaimpaansa. Valmentaja Jan Hagmanin mukaan Grani-tappion j\u00e4lkeen olikin syyt\u00e4 keskitty\u00e4 harjoituksissa pelin parantamiseen.<\/p>\n<p>V\u00e4hint\u00e4\u00e4n toinen joukkueista avaa v\u00e4ist\u00e4m\u00e4tt\u00e4 pistepussinsa \u2013 kumpi, se selvi\u00e4\u00e4 Siuntion palloiluhallissa keskiviikkona kello 19.15 alkaen.<\/p>\n","protected":false},"excerpt":{"rendered":"<p>SIF ja Atlas palaavat maaottelutauon j\u00e4lkeen tositoimiin keskiviikkona Siuntiossa. Viime kauden pronssimitalisti SIF on avannut kauden kahdella niukalla tappiolla HIFK:lle ja GrIFK:lle. Atlaksen ainoa t\u00e4h\u00e4n menness\u00e4 pelattu ottelu puolestaan p\u00e4\u00e4ttyi tappioon mestari-Dickenille. Tappiosta huolimatta Atlas haastoi Dickenin varsin hyvin. Hyv\u00e4n sarja-alun j\u00e4lkeen ottelutaukoa on tullut l\u00e4hes kaksi viikkoa, mink\u00e4 ajan vantaalaisjoukkue on valmistautunut huolellisesti tuleviin [&hellip;]<\/p>\n","protected":false},"author":13,"featured_media":5760,"comment_status":"closed","ping_status":"closed","sticky":false,"template":"","format":"standard","meta":{"_acf_changed":false,"jetpack_post_was_ever_published":false,"_jetpack_newsletter_access":"","_jetpack_dont_email_post_to_subs":false,"_jetpack_newsletter_tier_id":0,"_jetpack_memberships_contains_paywalled_content":false,"_jetpack_memberships_contains_paid_content":false,"footnotes":""},"categories":[37],"tags":[48,81],"class_list":["post-6509","post","type-post","status-publish","format-standard","has-post-thumbnail","hentry","category-ennakot-2015-2016","tag-atlas","tag-sif"],"acf":[],"yoast_head":"<!-- This site is optimized with the Yoast SEO plugin v27.5 - https:\/\/yoast.com\/product\/yoast-seo-wordpress\/ -->\n<title>SIF ja Atlas mets\u00e4st\u00e4v\u00e4t kauden avauspisteit\u00e4 | K\u00e4sipallon naisten Aktialiiga<\/title>\n<meta name=\"robots\" content=\"index, follow, max-snippet:-1, max-image-preview:large, max-video-preview:-1\" \/>\n<link rel=\"canonical\" href=\"https:\/\/aktialiiga.fi\/naiset\/2015-2016\/ennakot-2015-2016\/sif-ja-atlas-metsastavat-kauden-avauspisteita\/\" \/>\n<meta property=\"og:locale\" content=\"fi_FI\" \/>\n<meta property=\"og:type\" content=\"article\" \/>\n<meta property=\"og:title\" content=\"SIF ja Atlas mets\u00e4st\u00e4v\u00e4t kauden avauspisteit\u00e4 | K\u00e4sipallon naisten Aktialiiga\" \/>\n<meta property=\"og:description\" content=\"SIF ja Atlas palaavat maaottelutauon j\u00e4lkeen tositoimiin keskiviikkona Siuntiossa. Viime kauden pronssimitalisti SIF on avannut kauden kahdella niukalla tappiolla HIFK:lle ja GrIFK:lle. Atlaksen ainoa t\u00e4h\u00e4n menness\u00e4 pelattu ottelu puolestaan p\u00e4\u00e4ttyi tappioon mestari-Dickenille. Tappiosta huolimatta Atlas haastoi Dickenin varsin hyvin. Hyv\u00e4n sarja-alun j\u00e4lkeen ottelutaukoa on tullut l\u00e4hes kaksi viikkoa, mink\u00e4 ajan vantaalaisjoukkue on valmistautunut huolellisesti tuleviin [&hellip;]\" \/>\n<meta property=\"og:url\" content=\"https:\/\/aktialiiga.fi\/naiset\/2015-2016\/ennakot-2015-2016\/sif-ja-atlas-metsastavat-kauden-avauspisteita\/\" \/>\n<meta property=\"og:site_name\" content=\"K\u00e4sipallon naisten Aktialiiga\" \/>\n<meta property=\"article:publisher\" content=\"https:\/\/www.facebook.com\/finnhandball\" \/>\n<meta property=\"article:published_time\" content=\"2015-10-13T17:50:41+00:00\" \/>\n<meta property=\"article:modified_time\" content=\"2024-08-28T15:29:47+00:00\" \/>\n<meta property=\"og:image\" content=\"https:\/\/aktialiiga.fi\/naiset\/wp-content\/uploads\/sites\/6\/2015\/02\/SIF_Sjolund_Elin_1415.jpg\" \/>\n\t<meta property=\"og:image:width\" content=\"640\" \/>\n\t<meta property=\"og:image:height\" content=\"360\" \/>\n\t<meta property=\"og:image:type\" content=\"image\/jpeg\" \/>\n<meta name=\"author\" content=\"tbrmedia\" \/>\n<meta name=\"twitter:card\" content=\"summary_large_image\" \/>\n<meta name=\"twitter:creator\" content=\"@finnhandball\" \/>\n<meta name=\"twitter:site\" content=\"@finnhandball\" \/>\n<script type=\"application\/ld+json\" class=\"yoast-schema-graph\">{\"@context\":\"https:\\\/\\\/schema.org\",\"@graph\":[{\"@type\":\"Article\",\"@id\":\"https:\\\/\\\/aktialiiga.fi\\\/naiset\\\/2015-2016\\\/ennakot-2015-2016\\\/sif-ja-atlas-metsastavat-kauden-avauspisteita\\\/#article\",\"isPartOf\":{\"@id\":\"https:\\\/\\\/aktialiiga.fi\\\/naiset\\\/2015-2016\\\/ennakot-2015-2016\\\/sif-ja-atlas-metsastavat-kauden-avauspisteita\\\/\"},\"author\":{\"name\":\"tbrmedia\",\"@id\":\"https:\\\/\\\/aktialiiga.fi\\\/naiset\\\/#\\\/schema\\\/person\\\/c14bf42f47041db74603c45afcb18d87\"},\"headline\":\"SIF ja Atlas mets\u00e4st\u00e4v\u00e4t kauden avauspisteit\u00e4\",\"datePublished\":\"2015-10-13T17:50:41+00:00\",\"dateModified\":\"2024-08-28T15:29:47+00:00\",\"mainEntityOfPage\":{\"@id\":\"https:\\\/\\\/aktialiiga.fi\\\/naiset\\\/2015-2016\\\/ennakot-2015-2016\\\/sif-ja-atlas-metsastavat-kauden-avauspisteita\\\/\"},\"wordCount\":152,\"publisher\":{\"@id\":\"https:\\\/\\\/aktialiiga.fi\\\/naiset\\\/#organization\"},\"image\":{\"@id\":\"https:\\\/\\\/aktialiiga.fi\\\/naiset\\\/2015-2016\\\/ennakot-2015-2016\\\/sif-ja-atlas-metsastavat-kauden-avauspisteita\\\/#primaryimage\"},\"thumbnailUrl\":\"https:\\\/\\\/aktialiiga.fi\\\/naiset\\\/wp-content\\\/uploads\\\/sites\\\/6\\\/2015\\\/02\\\/SIF_Sjolund_Elin_1415.jpg\",\"keywords\":[\"Atlas\",\"SIF\"],\"articleSection\":[\"Ennakot\"],\"inLanguage\":\"fi\"},{\"@type\":\"WebPage\",\"@id\":\"https:\\\/\\\/aktialiiga.fi\\\/naiset\\\/2015-2016\\\/ennakot-2015-2016\\\/sif-ja-atlas-metsastavat-kauden-avauspisteita\\\/\",\"url\":\"https:\\\/\\\/aktialiiga.fi\\\/naiset\\\/2015-2016\\\/ennakot-2015-2016\\\/sif-ja-atlas-metsastavat-kauden-avauspisteita\\\/\",\"name\":\"SIF ja Atlas mets\u00e4st\u00e4v\u00e4t kauden avauspisteit\u00e4 | K\u00e4sipallon naisten Aktialiiga\",\"isPartOf\":{\"@id\":\"https:\\\/\\\/aktialiiga.fi\\\/naiset\\\/#website\"},\"primaryImageOfPage\":{\"@id\":\"https:\\\/\\\/aktialiiga.fi\\\/naiset\\\/2015-2016\\\/ennakot-2015-2016\\\/sif-ja-atlas-metsastavat-kauden-avauspisteita\\\/#primaryimage\"},\"image\":{\"@id\":\"https:\\\/\\\/aktialiiga.fi\\\/naiset\\\/2015-2016\\\/ennakot-2015-2016\\\/sif-ja-atlas-metsastavat-kauden-avauspisteita\\\/#primaryimage\"},\"thumbnailUrl\":\"https:\\\/\\\/aktialiiga.fi\\\/naiset\\\/wp-content\\\/uploads\\\/sites\\\/6\\\/2015\\\/02\\\/SIF_Sjolund_Elin_1415.jpg\",\"datePublished\":\"2015-10-13T17:50:41+00:00\",\"dateModified\":\"2024-08-28T15:29:47+00:00\",\"breadcrumb\":{\"@id\":\"https:\\\/\\\/aktialiiga.fi\\\/naiset\\\/2015-2016\\\/ennakot-2015-2016\\\/sif-ja-atlas-metsastavat-kauden-avauspisteita\\\/#breadcrumb\"},\"inLanguage\":\"fi\",\"potentialAction\":[{\"@type\":\"ReadAction\",\"target\":[\"https:\\\/\\\/aktialiiga.fi\\\/naiset\\\/2015-2016\\\/ennakot-2015-2016\\\/sif-ja-atlas-metsastavat-kauden-avauspisteita\\\/\"]}]},{\"@type\":\"ImageObject\",\"inLanguage\":\"fi\",\"@id\":\"https:\\\/\\\/aktialiiga.fi\\\/naiset\\\/2015-2016\\\/ennakot-2015-2016\\\/sif-ja-atlas-metsastavat-kauden-avauspisteita\\\/#primaryimage\",\"url\":\"https:\\\/\\\/aktialiiga.fi\\\/naiset\\\/wp-content\\\/uploads\\\/sites\\\/6\\\/2015\\\/02\\\/SIF_Sjolund_Elin_1415.jpg\",\"contentUrl\":\"https:\\\/\\\/aktialiiga.fi\\\/naiset\\\/wp-content\\\/uploads\\\/sites\\\/6\\\/2015\\\/02\\\/SIF_Sjolund_Elin_1415.jpg\",\"width\":640,\"height\":360},{\"@type\":\"BreadcrumbList\",\"@id\":\"https:\\\/\\\/aktialiiga.fi\\\/naiset\\\/2015-2016\\\/ennakot-2015-2016\\\/sif-ja-atlas-metsastavat-kauden-avauspisteita\\\/#breadcrumb\",\"itemListElement\":[{\"@type\":\"ListItem\",\"position\":1,\"name\":\"Etusivu\",\"item\":\"https:\\\/\\\/aktialiiga.fi\\\/naiset\\\/\"},{\"@type\":\"ListItem\",\"position\":2,\"name\":\"SIF ja Atlas mets\u00e4st\u00e4v\u00e4t kauden avauspisteit\u00e4\"}]},{\"@type\":\"WebSite\",\"@id\":\"https:\\\/\\\/aktialiiga.fi\\\/naiset\\\/#website\",\"url\":\"https:\\\/\\\/aktialiiga.fi\\\/naiset\\\/\",\"name\":\"K\u00e4sipallon naisten Aktialiiga\",\"description\":\"Valtakunnan vauhdikkainta palloilua!\",\"publisher\":{\"@id\":\"https:\\\/\\\/aktialiiga.fi\\\/naiset\\\/#organization\"},\"potentialAction\":[{\"@type\":\"SearchAction\",\"target\":{\"@type\":\"EntryPoint\",\"urlTemplate\":\"https:\\\/\\\/aktialiiga.fi\\\/naiset\\\/?s={search_term_string}\"},\"query-input\":{\"@type\":\"PropertyValueSpecification\",\"valueRequired\":true,\"valueName\":\"search_term_string\"}}],\"inLanguage\":\"fi\"},{\"@type\":\"Organization\",\"@id\":\"https:\\\/\\\/aktialiiga.fi\\\/naiset\\\/#organization\",\"name\":\"K\u00e4sipallon naisten Aktialiiga\",\"url\":\"https:\\\/\\\/aktialiiga.fi\\\/naiset\\\/\",\"logo\":{\"@type\":\"ImageObject\",\"inLanguage\":\"fi\",\"@id\":\"https:\\\/\\\/aktialiiga.fi\\\/naiset\\\/#\\\/schema\\\/logo\\\/image\\\/\",\"url\":\"https:\\\/\\\/aktialiiga.fi\\\/naiset\\\/wp-content\\\/uploads\\\/sites\\\/6\\\/2024\\\/09\\\/Aktialiiga-Yoast-512.png\",\"contentUrl\":\"https:\\\/\\\/aktialiiga.fi\\\/naiset\\\/wp-content\\\/uploads\\\/sites\\\/6\\\/2024\\\/09\\\/Aktialiiga-Yoast-512.png\",\"width\":512,\"height\":512,\"caption\":\"K\u00e4sipallon naisten Aktialiiga\"},\"image\":{\"@id\":\"https:\\\/\\\/aktialiiga.fi\\\/naiset\\\/#\\\/schema\\\/logo\\\/image\\\/\"},\"sameAs\":[\"https:\\\/\\\/www.facebook.com\\\/finnhandball\",\"https:\\\/\\\/x.com\\\/finnhandball\",\"https:\\\/\\\/www.instagram.com\\\/handballfinland\\\/\"]},{\"@type\":\"Person\",\"@id\":\"https:\\\/\\\/aktialiiga.fi\\\/naiset\\\/#\\\/schema\\\/person\\\/c14bf42f47041db74603c45afcb18d87\",\"name\":\"tbrmedia\",\"image\":{\"@type\":\"ImageObject\",\"inLanguage\":\"fi\",\"@id\":\"https:\\\/\\\/secure.gravatar.com\\\/avatar\\\/ee975fa091fe581d12b60debb3439022686618368a7c142044c56724d4666b16?s=96&d=mm&r=g\",\"url\":\"https:\\\/\\\/secure.gravatar.com\\\/avatar\\\/ee975fa091fe581d12b60debb3439022686618368a7c142044c56724d4666b16?s=96&d=mm&r=g\",\"contentUrl\":\"https:\\\/\\\/secure.gravatar.com\\\/avatar\\\/ee975fa091fe581d12b60debb3439022686618368a7c142044c56724d4666b16?s=96&d=mm&r=g\",\"caption\":\"tbrmedia\"}}]}<\/script>\n<!-- \/ Yoast SEO plugin. -->","yoast_head_json":{"title":"SIF ja Atlas mets\u00e4st\u00e4v\u00e4t kauden avauspisteit\u00e4 | K\u00e4sipallon naisten Aktialiiga","robots":{"index":"index","follow":"follow","max-snippet":"max-snippet:-1","max-image-preview":"max-image-preview:large","max-video-preview":"max-video-preview:-1"},"canonical":"https:\/\/aktialiiga.fi\/naiset\/2015-2016\/ennakot-2015-2016\/sif-ja-atlas-metsastavat-kauden-avauspisteita\/","og_locale":"fi_FI","og_type":"article","og_title":"SIF ja Atlas mets\u00e4st\u00e4v\u00e4t kauden avauspisteit\u00e4 | K\u00e4sipallon naisten Aktialiiga","og_description":"SIF ja Atlas palaavat maaottelutauon j\u00e4lkeen tositoimiin keskiviikkona Siuntiossa. Viime kauden pronssimitalisti SIF on avannut kauden kahdella niukalla tappiolla HIFK:lle ja GrIFK:lle. Atlaksen ainoa t\u00e4h\u00e4n menness\u00e4 pelattu ottelu puolestaan p\u00e4\u00e4ttyi tappioon mestari-Dickenille. Tappiosta huolimatta Atlas haastoi Dickenin varsin hyvin. Hyv\u00e4n sarja-alun j\u00e4lkeen ottelutaukoa on tullut l\u00e4hes kaksi viikkoa, mink\u00e4 ajan vantaalaisjoukkue on valmistautunut huolellisesti tuleviin [&hellip;]","og_url":"https:\/\/aktialiiga.fi\/naiset\/2015-2016\/ennakot-2015-2016\/sif-ja-atlas-metsastavat-kauden-avauspisteita\/","og_site_name":"K\u00e4sipallon naisten Aktialiiga","article_publisher":"https:\/\/www.facebook.com\/finnhandball","article_published_time":"2015-10-13T17:50:41+00:00","article_modified_time":"2024-08-28T15:29:47+00:00","og_image":[{"width":640,"height":360,"url":"https:\/\/aktialiiga.fi\/naiset\/wp-content\/uploads\/sites\/6\/2015\/02\/SIF_Sjolund_Elin_1415.jpg","type":"image\/jpeg"}],"author":"tbrmedia","twitter_card":"summary_large_image","twitter_creator":"@finnhandball","twitter_site":"@finnhandball","schema":{"@context":"https:\/\/schema.org","@graph":[{"@type":"Article","@id":"https:\/\/aktialiiga.fi\/naiset\/2015-2016\/ennakot-2015-2016\/sif-ja-atlas-metsastavat-kauden-avauspisteita\/#article","isPartOf":{"@id":"https:\/\/aktialiiga.fi\/naiset\/2015-2016\/ennakot-2015-2016\/sif-ja-atlas-metsastavat-kauden-avauspisteita\/"},"author":{"name":"tbrmedia","@id":"https:\/\/aktialiiga.fi\/naiset\/#\/schema\/person\/c14bf42f47041db74603c45afcb18d87"},"headline":"SIF ja Atlas mets\u00e4st\u00e4v\u00e4t kauden avauspisteit\u00e4","datePublished":"2015-10-13T17:50:41+00:00","dateModified":"2024-08-28T15:29:47+00:00","mainEntityOfPage":{"@id":"https:\/\/aktialiiga.fi\/naiset\/2015-2016\/ennakot-2015-2016\/sif-ja-atlas-metsastavat-kauden-avauspisteita\/"},"wordCount":152,"publisher":{"@id":"https:\/\/aktialiiga.fi\/naiset\/#organization"},"image":{"@id":"https:\/\/aktialiiga.fi\/naiset\/2015-2016\/ennakot-2015-2016\/sif-ja-atlas-metsastavat-kauden-avauspisteita\/#primaryimage"},"thumbnailUrl":"https:\/\/aktialiiga.fi\/naiset\/wp-content\/uploads\/sites\/6\/2015\/02\/SIF_Sjolund_Elin_1415.jpg","keywords":["Atlas","SIF"],"articleSection":["Ennakot"],"inLanguage":"fi"},{"@type":"WebPage","@id":"https:\/\/aktialiiga.fi\/naiset\/2015-2016\/ennakot-2015-2016\/sif-ja-atlas-metsastavat-kauden-avauspisteita\/","url":"https:\/\/aktialiiga.fi\/naiset\/2015-2016\/ennakot-2015-2016\/sif-ja-atlas-metsastavat-kauden-avauspisteita\/","name":"SIF ja Atlas mets\u00e4st\u00e4v\u00e4t kauden avauspisteit\u00e4 | K\u00e4sipallon naisten Aktialiiga","isPartOf":{"@id":"https:\/\/aktialiiga.fi\/naiset\/#website"},"primaryImageOfPage":{"@id":"https:\/\/aktialiiga.fi\/naiset\/2015-2016\/ennakot-2015-2016\/sif-ja-atlas-metsastavat-kauden-avauspisteita\/#primaryimage"},"image":{"@id":"https:\/\/aktialiiga.fi\/naiset\/2015-2016\/ennakot-2015-2016\/sif-ja-atlas-metsastavat-kauden-avauspisteita\/#primaryimage"},"thumbnailUrl":"https:\/\/aktialiiga.fi\/naiset\/wp-content\/uploads\/sites\/6\/2015\/02\/SIF_Sjolund_Elin_1415.jpg","datePublished":"2015-10-13T17:50:41+00:00","dateModified":"2024-08-28T15:29:47+00:00","breadcrumb":{"@id":"https:\/\/aktialiiga.fi\/naiset\/2015-2016\/ennakot-2015-2016\/sif-ja-atlas-metsastavat-kauden-avauspisteita\/#breadcrumb"},"inLanguage":"fi","potentialAction":[{"@type":"ReadAction","target":["https:\/\/aktialiiga.fi\/naiset\/2015-2016\/ennakot-2015-2016\/sif-ja-atlas-metsastavat-kauden-avauspisteita\/"]}]},{"@type":"ImageObject","inLanguage":"fi","@id":"https:\/\/aktialiiga.fi\/naiset\/2015-2016\/ennakot-2015-2016\/sif-ja-atlas-metsastavat-kauden-avauspisteita\/#primaryimage","url":"https:\/\/aktialiiga.fi\/naiset\/wp-content\/uploads\/sites\/6\/2015\/02\/SIF_Sjolund_Elin_1415.jpg","contentUrl":"https:\/\/aktialiiga.fi\/naiset\/wp-content\/uploads\/sites\/6\/2015\/02\/SIF_Sjolund_Elin_1415.jpg","width":640,"height":360},{"@type":"BreadcrumbList","@id":"https:\/\/aktialiiga.fi\/naiset\/2015-2016\/ennakot-2015-2016\/sif-ja-atlas-metsastavat-kauden-avauspisteita\/#breadcrumb","itemListElement":[{"@type":"ListItem","position":1,"name":"Etusivu","item":"https:\/\/aktialiiga.fi\/naiset\/"},{"@type":"ListItem","position":2,"name":"SIF ja Atlas mets\u00e4st\u00e4v\u00e4t kauden avauspisteit\u00e4"}]},{"@type":"WebSite","@id":"https:\/\/aktialiiga.fi\/naiset\/#website","url":"https:\/\/aktialiiga.fi\/naiset\/","name":"K\u00e4sipallon naisten Aktialiiga","description":"Valtakunnan vauhdikkainta palloilua!","publisher":{"@id":"https:\/\/aktialiiga.fi\/naiset\/#organization"},"potentialAction":[{"@type":"SearchAction","target":{"@type":"EntryPoint","urlTemplate":"https:\/\/aktialiiga.fi\/naiset\/?s={search_term_string}"},"query-input":{"@type":"PropertyValueSpecification","valueRequired":true,"valueName":"search_term_string"}}],"inLanguage":"fi"},{"@type":"Organization","@id":"https:\/\/aktialiiga.fi\/naiset\/#organization","name":"K\u00e4sipallon naisten Aktialiiga","url":"https:\/\/aktialiiga.fi\/naiset\/","logo":{"@type":"ImageObject","inLanguage":"fi","@id":"https:\/\/aktialiiga.fi\/naiset\/#\/schema\/logo\/image\/","url":"https:\/\/aktialiiga.fi\/naiset\/wp-content\/uploads\/sites\/6\/2024\/09\/Aktialiiga-Yoast-512.png","contentUrl":"https:\/\/aktialiiga.fi\/naiset\/wp-content\/uploads\/sites\/6\/2024\/09\/Aktialiiga-Yoast-512.png","width":512,"height":512,"caption":"K\u00e4sipallon naisten Aktialiiga"},"image":{"@id":"https:\/\/aktialiiga.fi\/naiset\/#\/schema\/logo\/image\/"},"sameAs":["https:\/\/www.facebook.com\/finnhandball","https:\/\/x.com\/finnhandball","https:\/\/www.instagram.com\/handballfinland\/"]},{"@type":"Person","@id":"https:\/\/aktialiiga.fi\/naiset\/#\/schema\/person\/c14bf42f47041db74603c45afcb18d87","name":"tbrmedia","image":{"@type":"ImageObject","inLanguage":"fi","@id":"https:\/\/secure.gravatar.com\/avatar\/ee975fa091fe581d12b60debb3439022686618368a7c142044c56724d4666b16?s=96&d=mm&r=g","url":"https:\/\/secure.gravatar.com\/avatar\/ee975fa091fe581d12b60debb3439022686618368a7c142044c56724d4666b16?s=96&d=mm&r=g","contentUrl":"https:\/\/secure.gravatar.com\/avatar\/ee975fa091fe581d12b60debb3439022686618368a7c142044c56724d4666b16?s=96&d=mm&r=g","caption":"tbrmedia"}}]}},"jetpack_featured_media_url":"https:\/\/aktialiiga.fi\/naiset\/wp-content\/uploads\/sites\/6\/2015\/02\/SIF_Sjolund_Elin_1415.jpg","jetpack_sharing_enabled":true,"jetpack_shortlink":"https:\/\/wp.me\/pfYhm6-1GZ","_links":{"self":[{"href":"https:\/\/aktialiiga.fi\/naiset\/wp-json\/wp\/v2\/posts\/6509","targetHints":{"allow":["GET"]}}],"collection":[{"href":"https:\/\/aktialiiga.fi\/naiset\/wp-json\/wp\/v2\/posts"}],"about":[{"href":"https:\/\/aktialiiga.fi\/naiset\/wp-json\/wp\/v2\/types\/post"}],"author":[{"embeddable":true,"href":"https:\/\/aktialiiga.fi\/naiset\/wp-json\/wp\/v2\/users\/13"}],"replies":[{"embeddable":true,"href":"https:\/\/aktialiiga.fi\/naiset\/wp-json\/wp\/v2\/comments?post=6509"}],"version-history":[{"count":1,"href":"https:\/\/aktialiiga.fi\/naiset\/wp-json\/wp\/v2\/posts\/6509\/revisions"}],"predecessor-version":[{"id":39090,"href":"https:\/\/aktialiiga.fi\/naiset\/wp-json\/wp\/v2\/posts\/6509\/revisions\/39090"}],"wp:featuredmedia":[{"embeddable":true,"href":"https:\/\/aktialiiga.fi\/naiset\/wp-json\/wp\/v2\/media\/5760"}],"wp:attachment":[{"href":"https:\/\/aktialiiga.fi\/naiset\/wp-json\/wp\/v2\/media?parent=6509"}],"wp:term":[{"taxonomy":"category","embeddable":true,"href":"https:\/\/aktialiiga.fi\/naiset\/wp-json\/wp\/v2\/categories?post=6509"},{"taxonomy":"post_tag","embeddable":true,"href":"https:\/\/aktialiiga.fi\/naiset\/wp-json\/wp\/v2\/tags?post=6509"}],"curies":[{"name":"wp","href":"https:\/\/api.w.org\/{rel}","templated":true}]}}