{"id":6651,"date":"2015-11-05T17:55:30","date_gmt":"2015-11-05T15:55:30","guid":{"rendered":"https:\/\/aktialiiga.fi\/naiset\/?p=6651"},"modified":"2024-08-28T18:29:46","modified_gmt":"2024-08-28T15:29:46","slug":"atlas-saa-grifkn-vieraakseen-perjantaina","status":"publish","type":"post","link":"https:\/\/aktialiiga.fi\/naiset\/2015-2016\/ennakot-2015-2016\/atlas-saa-grifkn-vieraakseen-perjantaina\/","title":{"rendered":"Atlas saa GrIFK:n vieraakseen perjantaina"},"content":{"rendered":"<p>Atlas ja GrIFK ottavat varasl\u00e4hd\u00f6n SM-sarjan viikonloppuun ja pelaavat keskin\u00e4isen ottelunsa jo perjantai-iltana.<\/p>\n<p>Atlas palaa kotikent\u00e4lleen miltei kolmen viikon tauon ja kahden vierasottelun j\u00e4lkeen. Vieraspeleist\u00e4 tarttui matkaan my\u00f6s kauden ensimm\u00e4inen voitto, kun \u00c5IFK kaatui Turussa niukasti yhdell\u00e4 maalilla. Nousijajoukkue GrIFK puolestaan on aloittanut kauden pirte\u00e4sti ja koonnut viidest\u00e4 ottelusta jo kolme voittoa.<\/p>\n<p>Molemmat pelasivat edellisen kamppailunsa vieraskent\u00e4ll\u00e4 HIFK:ta vastaan. Grani piti viime kauden hopeamitalistia pitk\u00e4\u00e4n tiukilla, mutta taipui lopulta yhdeks\u00e4n maalin tappioon. Atlaksen tappiolukemat olivat vain nelj\u00e4 maalia suuremmat, mutta kovin paljon vantaalaiset eiv\u00e4t HIFK:lle pystyneet kampoihin pist\u00e4m\u00e4\u00e4n, vaikka toinen jakso lupauksia her\u00e4ttikin.<\/p>\n<p>Atlaksen tehot alkukaudella ovat lev\u00e4nneet pitk\u00e4lti Anna Jauhiaisen ja Carla Oleniuksen varassa. Kaksikko on paukuttanut yli puolet joukkueen maaleista. Granilla maalintekovastuu on jakaantunut tasaisemmin ja 20 maaliin on ylt\u00e4nyt jo kolme pelaajaa: Carolina Rehnberg (26), Emilia Valkamo (22) ja Susanna Kaivola (20).<\/p>\n<p>Atlas l\u00e4htee kamppailuun jumbosijalta, mutta nostaisi voitolla sijoitustaan per\u00e4ti kolmella pyk\u00e4l\u00e4ll\u00e4. Grani puolestaan nousisi voitolla pyk\u00e4l\u00e4n kolmannelle sijalle.<\/p>\n<p>Ottelu Vantaan Energia Areenalla alkaa perjantaina kello 20.00.<\/p>\n","protected":false},"excerpt":{"rendered":"<p>Atlas ja GrIFK ottavat varasl\u00e4hd\u00f6n SM-sarjan viikonloppuun ja pelaavat keskin\u00e4isen ottelunsa jo perjantai-iltana. Atlas palaa kotikent\u00e4lleen miltei kolmen viikon tauon ja kahden vierasottelun j\u00e4lkeen. Vieraspeleist\u00e4 tarttui matkaan my\u00f6s kauden ensimm\u00e4inen voitto, kun \u00c5IFK kaatui Turussa niukasti yhdell\u00e4 maalilla. Nousijajoukkue GrIFK puolestaan on aloittanut kauden pirte\u00e4sti ja koonnut viidest\u00e4 ottelusta jo kolme voittoa. Molemmat pelasivat edellisen [&hellip;]<\/p>\n","protected":false},"author":13,"featured_media":5804,"comment_status":"closed","ping_status":"closed","sticky":false,"template":"","format":"standard","meta":{"_acf_changed":false,"jetpack_post_was_ever_published":false,"_jetpack_newsletter_access":"","_jetpack_dont_email_post_to_subs":false,"_jetpack_newsletter_tier_id":0,"_jetpack_memberships_contains_paywalled_content":false,"_jetpack_memberships_contains_paid_content":false,"footnotes":""},"categories":[37],"tags":[48,57],"class_list":["post-6651","post","type-post","status-publish","format-standard","has-post-thumbnail","hentry","category-ennakot-2015-2016","tag-atlas","tag-grifk"],"acf":[],"yoast_head":"<!-- This site is optimized with the Yoast SEO plugin v27.5 - https:\/\/yoast.com\/product\/yoast-seo-wordpress\/ -->\n<title>Atlas saa GrIFK:n vieraakseen perjantaina | K\u00e4sipallon naisten Aktialiiga<\/title>\n<meta name=\"robots\" content=\"index, follow, max-snippet:-1, max-image-preview:large, max-video-preview:-1\" \/>\n<link rel=\"canonical\" href=\"https:\/\/aktialiiga.fi\/naiset\/2015-2016\/ennakot-2015-2016\/atlas-saa-grifkn-vieraakseen-perjantaina\/\" \/>\n<meta property=\"og:locale\" content=\"fi_FI\" \/>\n<meta property=\"og:type\" content=\"article\" \/>\n<meta property=\"og:title\" content=\"Atlas saa GrIFK:n vieraakseen perjantaina | K\u00e4sipallon naisten Aktialiiga\" \/>\n<meta property=\"og:description\" content=\"Atlas ja GrIFK ottavat varasl\u00e4hd\u00f6n SM-sarjan viikonloppuun ja pelaavat keskin\u00e4isen ottelunsa jo perjantai-iltana. Atlas palaa kotikent\u00e4lleen miltei kolmen viikon tauon ja kahden vierasottelun j\u00e4lkeen. Vieraspeleist\u00e4 tarttui matkaan my\u00f6s kauden ensimm\u00e4inen voitto, kun \u00c5IFK kaatui Turussa niukasti yhdell\u00e4 maalilla. Nousijajoukkue GrIFK puolestaan on aloittanut kauden pirte\u00e4sti ja koonnut viidest\u00e4 ottelusta jo kolme voittoa. Molemmat pelasivat edellisen [&hellip;]\" \/>\n<meta property=\"og:url\" content=\"https:\/\/aktialiiga.fi\/naiset\/2015-2016\/ennakot-2015-2016\/atlas-saa-grifkn-vieraakseen-perjantaina\/\" \/>\n<meta property=\"og:site_name\" content=\"K\u00e4sipallon naisten Aktialiiga\" \/>\n<meta property=\"article:publisher\" content=\"https:\/\/www.facebook.com\/finnhandball\" \/>\n<meta property=\"article:published_time\" content=\"2015-11-05T15:55:30+00:00\" \/>\n<meta property=\"article:modified_time\" content=\"2024-08-28T15:29:46+00:00\" \/>\n<meta property=\"og:image\" content=\"https:\/\/aktialiiga.fi\/naiset\/wp-content\/uploads\/sites\/6\/2015\/03\/Atlas_Olenius_Carla_1415.jpg\" \/>\n\t<meta property=\"og:image:width\" content=\"640\" \/>\n\t<meta property=\"og:image:height\" content=\"361\" \/>\n\t<meta property=\"og:image:type\" content=\"image\/jpeg\" \/>\n<meta name=\"author\" content=\"tbrmedia\" \/>\n<meta name=\"twitter:card\" content=\"summary_large_image\" \/>\n<meta name=\"twitter:creator\" content=\"@finnhandball\" \/>\n<meta name=\"twitter:site\" content=\"@finnhandball\" \/>\n<script type=\"application\/ld+json\" class=\"yoast-schema-graph\">{\"@context\":\"https:\\\/\\\/schema.org\",\"@graph\":[{\"@type\":\"Article\",\"@id\":\"https:\\\/\\\/aktialiiga.fi\\\/naiset\\\/2015-2016\\\/ennakot-2015-2016\\\/atlas-saa-grifkn-vieraakseen-perjantaina\\\/#article\",\"isPartOf\":{\"@id\":\"https:\\\/\\\/aktialiiga.fi\\\/naiset\\\/2015-2016\\\/ennakot-2015-2016\\\/atlas-saa-grifkn-vieraakseen-perjantaina\\\/\"},\"author\":{\"name\":\"tbrmedia\",\"@id\":\"https:\\\/\\\/aktialiiga.fi\\\/naiset\\\/#\\\/schema\\\/person\\\/c14bf42f47041db74603c45afcb18d87\"},\"headline\":\"Atlas saa GrIFK:n vieraakseen perjantaina\",\"datePublished\":\"2015-11-05T15:55:30+00:00\",\"dateModified\":\"2024-08-28T15:29:46+00:00\",\"mainEntityOfPage\":{\"@id\":\"https:\\\/\\\/aktialiiga.fi\\\/naiset\\\/2015-2016\\\/ennakot-2015-2016\\\/atlas-saa-grifkn-vieraakseen-perjantaina\\\/\"},\"wordCount\":188,\"publisher\":{\"@id\":\"https:\\\/\\\/aktialiiga.fi\\\/naiset\\\/#organization\"},\"image\":{\"@id\":\"https:\\\/\\\/aktialiiga.fi\\\/naiset\\\/2015-2016\\\/ennakot-2015-2016\\\/atlas-saa-grifkn-vieraakseen-perjantaina\\\/#primaryimage\"},\"thumbnailUrl\":\"https:\\\/\\\/aktialiiga.fi\\\/naiset\\\/wp-content\\\/uploads\\\/sites\\\/6\\\/2015\\\/03\\\/Atlas_Olenius_Carla_1415.jpg\",\"keywords\":[\"Atlas\",\"GrIFK\"],\"articleSection\":[\"Ennakot\"],\"inLanguage\":\"fi\"},{\"@type\":\"WebPage\",\"@id\":\"https:\\\/\\\/aktialiiga.fi\\\/naiset\\\/2015-2016\\\/ennakot-2015-2016\\\/atlas-saa-grifkn-vieraakseen-perjantaina\\\/\",\"url\":\"https:\\\/\\\/aktialiiga.fi\\\/naiset\\\/2015-2016\\\/ennakot-2015-2016\\\/atlas-saa-grifkn-vieraakseen-perjantaina\\\/\",\"name\":\"Atlas saa GrIFK:n vieraakseen perjantaina | K\u00e4sipallon naisten Aktialiiga\",\"isPartOf\":{\"@id\":\"https:\\\/\\\/aktialiiga.fi\\\/naiset\\\/#website\"},\"primaryImageOfPage\":{\"@id\":\"https:\\\/\\\/aktialiiga.fi\\\/naiset\\\/2015-2016\\\/ennakot-2015-2016\\\/atlas-saa-grifkn-vieraakseen-perjantaina\\\/#primaryimage\"},\"image\":{\"@id\":\"https:\\\/\\\/aktialiiga.fi\\\/naiset\\\/2015-2016\\\/ennakot-2015-2016\\\/atlas-saa-grifkn-vieraakseen-perjantaina\\\/#primaryimage\"},\"thumbnailUrl\":\"https:\\\/\\\/aktialiiga.fi\\\/naiset\\\/wp-content\\\/uploads\\\/sites\\\/6\\\/2015\\\/03\\\/Atlas_Olenius_Carla_1415.jpg\",\"datePublished\":\"2015-11-05T15:55:30+00:00\",\"dateModified\":\"2024-08-28T15:29:46+00:00\",\"breadcrumb\":{\"@id\":\"https:\\\/\\\/aktialiiga.fi\\\/naiset\\\/2015-2016\\\/ennakot-2015-2016\\\/atlas-saa-grifkn-vieraakseen-perjantaina\\\/#breadcrumb\"},\"inLanguage\":\"fi\",\"potentialAction\":[{\"@type\":\"ReadAction\",\"target\":[\"https:\\\/\\\/aktialiiga.fi\\\/naiset\\\/2015-2016\\\/ennakot-2015-2016\\\/atlas-saa-grifkn-vieraakseen-perjantaina\\\/\"]}]},{\"@type\":\"ImageObject\",\"inLanguage\":\"fi\",\"@id\":\"https:\\\/\\\/aktialiiga.fi\\\/naiset\\\/2015-2016\\\/ennakot-2015-2016\\\/atlas-saa-grifkn-vieraakseen-perjantaina\\\/#primaryimage\",\"url\":\"https:\\\/\\\/aktialiiga.fi\\\/naiset\\\/wp-content\\\/uploads\\\/sites\\\/6\\\/2015\\\/03\\\/Atlas_Olenius_Carla_1415.jpg\",\"contentUrl\":\"https:\\\/\\\/aktialiiga.fi\\\/naiset\\\/wp-content\\\/uploads\\\/sites\\\/6\\\/2015\\\/03\\\/Atlas_Olenius_Carla_1415.jpg\",\"width\":640,\"height\":361},{\"@type\":\"BreadcrumbList\",\"@id\":\"https:\\\/\\\/aktialiiga.fi\\\/naiset\\\/2015-2016\\\/ennakot-2015-2016\\\/atlas-saa-grifkn-vieraakseen-perjantaina\\\/#breadcrumb\",\"itemListElement\":[{\"@type\":\"ListItem\",\"position\":1,\"name\":\"Etusivu\",\"item\":\"https:\\\/\\\/aktialiiga.fi\\\/naiset\\\/\"},{\"@type\":\"ListItem\",\"position\":2,\"name\":\"Atlas saa GrIFK:n vieraakseen perjantaina\"}]},{\"@type\":\"WebSite\",\"@id\":\"https:\\\/\\\/aktialiiga.fi\\\/naiset\\\/#website\",\"url\":\"https:\\\/\\\/aktialiiga.fi\\\/naiset\\\/\",\"name\":\"K\u00e4sipallon naisten Aktialiiga\",\"description\":\"Valtakunnan vauhdikkainta palloilua!\",\"publisher\":{\"@id\":\"https:\\\/\\\/aktialiiga.fi\\\/naiset\\\/#organization\"},\"potentialAction\":[{\"@type\":\"SearchAction\",\"target\":{\"@type\":\"EntryPoint\",\"urlTemplate\":\"https:\\\/\\\/aktialiiga.fi\\\/naiset\\\/?s={search_term_string}\"},\"query-input\":{\"@type\":\"PropertyValueSpecification\",\"valueRequired\":true,\"valueName\":\"search_term_string\"}}],\"inLanguage\":\"fi\"},{\"@type\":\"Organization\",\"@id\":\"https:\\\/\\\/aktialiiga.fi\\\/naiset\\\/#organization\",\"name\":\"K\u00e4sipallon naisten Aktialiiga\",\"url\":\"https:\\\/\\\/aktialiiga.fi\\\/naiset\\\/\",\"logo\":{\"@type\":\"ImageObject\",\"inLanguage\":\"fi\",\"@id\":\"https:\\\/\\\/aktialiiga.fi\\\/naiset\\\/#\\\/schema\\\/logo\\\/image\\\/\",\"url\":\"https:\\\/\\\/aktialiiga.fi\\\/naiset\\\/wp-content\\\/uploads\\\/sites\\\/6\\\/2024\\\/09\\\/Aktialiiga-Yoast-512.png\",\"contentUrl\":\"https:\\\/\\\/aktialiiga.fi\\\/naiset\\\/wp-content\\\/uploads\\\/sites\\\/6\\\/2024\\\/09\\\/Aktialiiga-Yoast-512.png\",\"width\":512,\"height\":512,\"caption\":\"K\u00e4sipallon naisten Aktialiiga\"},\"image\":{\"@id\":\"https:\\\/\\\/aktialiiga.fi\\\/naiset\\\/#\\\/schema\\\/logo\\\/image\\\/\"},\"sameAs\":[\"https:\\\/\\\/www.facebook.com\\\/finnhandball\",\"https:\\\/\\\/x.com\\\/finnhandball\",\"https:\\\/\\\/www.instagram.com\\\/handballfinland\\\/\"]},{\"@type\":\"Person\",\"@id\":\"https:\\\/\\\/aktialiiga.fi\\\/naiset\\\/#\\\/schema\\\/person\\\/c14bf42f47041db74603c45afcb18d87\",\"name\":\"tbrmedia\",\"image\":{\"@type\":\"ImageObject\",\"inLanguage\":\"fi\",\"@id\":\"https:\\\/\\\/secure.gravatar.com\\\/avatar\\\/ee975fa091fe581d12b60debb3439022686618368a7c142044c56724d4666b16?s=96&d=mm&r=g\",\"url\":\"https:\\\/\\\/secure.gravatar.com\\\/avatar\\\/ee975fa091fe581d12b60debb3439022686618368a7c142044c56724d4666b16?s=96&d=mm&r=g\",\"contentUrl\":\"https:\\\/\\\/secure.gravatar.com\\\/avatar\\\/ee975fa091fe581d12b60debb3439022686618368a7c142044c56724d4666b16?s=96&d=mm&r=g\",\"caption\":\"tbrmedia\"}}]}<\/script>\n<!-- \/ Yoast SEO plugin. -->","yoast_head_json":{"title":"Atlas saa GrIFK:n vieraakseen perjantaina | K\u00e4sipallon naisten Aktialiiga","robots":{"index":"index","follow":"follow","max-snippet":"max-snippet:-1","max-image-preview":"max-image-preview:large","max-video-preview":"max-video-preview:-1"},"canonical":"https:\/\/aktialiiga.fi\/naiset\/2015-2016\/ennakot-2015-2016\/atlas-saa-grifkn-vieraakseen-perjantaina\/","og_locale":"fi_FI","og_type":"article","og_title":"Atlas saa GrIFK:n vieraakseen perjantaina | K\u00e4sipallon naisten Aktialiiga","og_description":"Atlas ja GrIFK ottavat varasl\u00e4hd\u00f6n SM-sarjan viikonloppuun ja pelaavat keskin\u00e4isen ottelunsa jo perjantai-iltana. Atlas palaa kotikent\u00e4lleen miltei kolmen viikon tauon ja kahden vierasottelun j\u00e4lkeen. Vieraspeleist\u00e4 tarttui matkaan my\u00f6s kauden ensimm\u00e4inen voitto, kun \u00c5IFK kaatui Turussa niukasti yhdell\u00e4 maalilla. Nousijajoukkue GrIFK puolestaan on aloittanut kauden pirte\u00e4sti ja koonnut viidest\u00e4 ottelusta jo kolme voittoa. Molemmat pelasivat edellisen [&hellip;]","og_url":"https:\/\/aktialiiga.fi\/naiset\/2015-2016\/ennakot-2015-2016\/atlas-saa-grifkn-vieraakseen-perjantaina\/","og_site_name":"K\u00e4sipallon naisten Aktialiiga","article_publisher":"https:\/\/www.facebook.com\/finnhandball","article_published_time":"2015-11-05T15:55:30+00:00","article_modified_time":"2024-08-28T15:29:46+00:00","og_image":[{"width":640,"height":361,"url":"https:\/\/aktialiiga.fi\/naiset\/wp-content\/uploads\/sites\/6\/2015\/03\/Atlas_Olenius_Carla_1415.jpg","type":"image\/jpeg"}],"author":"tbrmedia","twitter_card":"summary_large_image","twitter_creator":"@finnhandball","twitter_site":"@finnhandball","schema":{"@context":"https:\/\/schema.org","@graph":[{"@type":"Article","@id":"https:\/\/aktialiiga.fi\/naiset\/2015-2016\/ennakot-2015-2016\/atlas-saa-grifkn-vieraakseen-perjantaina\/#article","isPartOf":{"@id":"https:\/\/aktialiiga.fi\/naiset\/2015-2016\/ennakot-2015-2016\/atlas-saa-grifkn-vieraakseen-perjantaina\/"},"author":{"name":"tbrmedia","@id":"https:\/\/aktialiiga.fi\/naiset\/#\/schema\/person\/c14bf42f47041db74603c45afcb18d87"},"headline":"Atlas saa GrIFK:n vieraakseen perjantaina","datePublished":"2015-11-05T15:55:30+00:00","dateModified":"2024-08-28T15:29:46+00:00","mainEntityOfPage":{"@id":"https:\/\/aktialiiga.fi\/naiset\/2015-2016\/ennakot-2015-2016\/atlas-saa-grifkn-vieraakseen-perjantaina\/"},"wordCount":188,"publisher":{"@id":"https:\/\/aktialiiga.fi\/naiset\/#organization"},"image":{"@id":"https:\/\/aktialiiga.fi\/naiset\/2015-2016\/ennakot-2015-2016\/atlas-saa-grifkn-vieraakseen-perjantaina\/#primaryimage"},"thumbnailUrl":"https:\/\/aktialiiga.fi\/naiset\/wp-content\/uploads\/sites\/6\/2015\/03\/Atlas_Olenius_Carla_1415.jpg","keywords":["Atlas","GrIFK"],"articleSection":["Ennakot"],"inLanguage":"fi"},{"@type":"WebPage","@id":"https:\/\/aktialiiga.fi\/naiset\/2015-2016\/ennakot-2015-2016\/atlas-saa-grifkn-vieraakseen-perjantaina\/","url":"https:\/\/aktialiiga.fi\/naiset\/2015-2016\/ennakot-2015-2016\/atlas-saa-grifkn-vieraakseen-perjantaina\/","name":"Atlas saa GrIFK:n vieraakseen perjantaina | K\u00e4sipallon naisten Aktialiiga","isPartOf":{"@id":"https:\/\/aktialiiga.fi\/naiset\/#website"},"primaryImageOfPage":{"@id":"https:\/\/aktialiiga.fi\/naiset\/2015-2016\/ennakot-2015-2016\/atlas-saa-grifkn-vieraakseen-perjantaina\/#primaryimage"},"image":{"@id":"https:\/\/aktialiiga.fi\/naiset\/2015-2016\/ennakot-2015-2016\/atlas-saa-grifkn-vieraakseen-perjantaina\/#primaryimage"},"thumbnailUrl":"https:\/\/aktialiiga.fi\/naiset\/wp-content\/uploads\/sites\/6\/2015\/03\/Atlas_Olenius_Carla_1415.jpg","datePublished":"2015-11-05T15:55:30+00:00","dateModified":"2024-08-28T15:29:46+00:00","breadcrumb":{"@id":"https:\/\/aktialiiga.fi\/naiset\/2015-2016\/ennakot-2015-2016\/atlas-saa-grifkn-vieraakseen-perjantaina\/#breadcrumb"},"inLanguage":"fi","potentialAction":[{"@type":"ReadAction","target":["https:\/\/aktialiiga.fi\/naiset\/2015-2016\/ennakot-2015-2016\/atlas-saa-grifkn-vieraakseen-perjantaina\/"]}]},{"@type":"ImageObject","inLanguage":"fi","@id":"https:\/\/aktialiiga.fi\/naiset\/2015-2016\/ennakot-2015-2016\/atlas-saa-grifkn-vieraakseen-perjantaina\/#primaryimage","url":"https:\/\/aktialiiga.fi\/naiset\/wp-content\/uploads\/sites\/6\/2015\/03\/Atlas_Olenius_Carla_1415.jpg","contentUrl":"https:\/\/aktialiiga.fi\/naiset\/wp-content\/uploads\/sites\/6\/2015\/03\/Atlas_Olenius_Carla_1415.jpg","width":640,"height":361},{"@type":"BreadcrumbList","@id":"https:\/\/aktialiiga.fi\/naiset\/2015-2016\/ennakot-2015-2016\/atlas-saa-grifkn-vieraakseen-perjantaina\/#breadcrumb","itemListElement":[{"@type":"ListItem","position":1,"name":"Etusivu","item":"https:\/\/aktialiiga.fi\/naiset\/"},{"@type":"ListItem","position":2,"name":"Atlas saa GrIFK:n vieraakseen perjantaina"}]},{"@type":"WebSite","@id":"https:\/\/aktialiiga.fi\/naiset\/#website","url":"https:\/\/aktialiiga.fi\/naiset\/","name":"K\u00e4sipallon naisten Aktialiiga","description":"Valtakunnan vauhdikkainta palloilua!","publisher":{"@id":"https:\/\/aktialiiga.fi\/naiset\/#organization"},"potentialAction":[{"@type":"SearchAction","target":{"@type":"EntryPoint","urlTemplate":"https:\/\/aktialiiga.fi\/naiset\/?s={search_term_string}"},"query-input":{"@type":"PropertyValueSpecification","valueRequired":true,"valueName":"search_term_string"}}],"inLanguage":"fi"},{"@type":"Organization","@id":"https:\/\/aktialiiga.fi\/naiset\/#organization","name":"K\u00e4sipallon naisten Aktialiiga","url":"https:\/\/aktialiiga.fi\/naiset\/","logo":{"@type":"ImageObject","inLanguage":"fi","@id":"https:\/\/aktialiiga.fi\/naiset\/#\/schema\/logo\/image\/","url":"https:\/\/aktialiiga.fi\/naiset\/wp-content\/uploads\/sites\/6\/2024\/09\/Aktialiiga-Yoast-512.png","contentUrl":"https:\/\/aktialiiga.fi\/naiset\/wp-content\/uploads\/sites\/6\/2024\/09\/Aktialiiga-Yoast-512.png","width":512,"height":512,"caption":"K\u00e4sipallon naisten Aktialiiga"},"image":{"@id":"https:\/\/aktialiiga.fi\/naiset\/#\/schema\/logo\/image\/"},"sameAs":["https:\/\/www.facebook.com\/finnhandball","https:\/\/x.com\/finnhandball","https:\/\/www.instagram.com\/handballfinland\/"]},{"@type":"Person","@id":"https:\/\/aktialiiga.fi\/naiset\/#\/schema\/person\/c14bf42f47041db74603c45afcb18d87","name":"tbrmedia","image":{"@type":"ImageObject","inLanguage":"fi","@id":"https:\/\/secure.gravatar.com\/avatar\/ee975fa091fe581d12b60debb3439022686618368a7c142044c56724d4666b16?s=96&d=mm&r=g","url":"https:\/\/secure.gravatar.com\/avatar\/ee975fa091fe581d12b60debb3439022686618368a7c142044c56724d4666b16?s=96&d=mm&r=g","contentUrl":"https:\/\/secure.gravatar.com\/avatar\/ee975fa091fe581d12b60debb3439022686618368a7c142044c56724d4666b16?s=96&d=mm&r=g","caption":"tbrmedia"}}]}},"jetpack_featured_media_url":"https:\/\/aktialiiga.fi\/naiset\/wp-content\/uploads\/sites\/6\/2015\/03\/Atlas_Olenius_Carla_1415.jpg","jetpack_sharing_enabled":true,"jetpack_shortlink":"https:\/\/wp.me\/pfYhm6-1Jh","_links":{"self":[{"href":"https:\/\/aktialiiga.fi\/naiset\/wp-json\/wp\/v2\/posts\/6651","targetHints":{"allow":["GET"]}}],"collection":[{"href":"https:\/\/aktialiiga.fi\/naiset\/wp-json\/wp\/v2\/posts"}],"about":[{"href":"https:\/\/aktialiiga.fi\/naiset\/wp-json\/wp\/v2\/types\/post"}],"author":[{"embeddable":true,"href":"https:\/\/aktialiiga.fi\/naiset\/wp-json\/wp\/v2\/users\/13"}],"replies":[{"embeddable":true,"href":"https:\/\/aktialiiga.fi\/naiset\/wp-json\/wp\/v2\/comments?post=6651"}],"version-history":[{"count":1,"href":"https:\/\/aktialiiga.fi\/naiset\/wp-json\/wp\/v2\/posts\/6651\/revisions"}],"predecessor-version":[{"id":39059,"href":"https:\/\/aktialiiga.fi\/naiset\/wp-json\/wp\/v2\/posts\/6651\/revisions\/39059"}],"wp:featuredmedia":[{"embeddable":true,"href":"https:\/\/aktialiiga.fi\/naiset\/wp-json\/wp\/v2\/media\/5804"}],"wp:attachment":[{"href":"https:\/\/aktialiiga.fi\/naiset\/wp-json\/wp\/v2\/media?parent=6651"}],"wp:term":[{"taxonomy":"category","embeddable":true,"href":"https:\/\/aktialiiga.fi\/naiset\/wp-json\/wp\/v2\/categories?post=6651"},{"taxonomy":"post_tag","embeddable":true,"href":"https:\/\/aktialiiga.fi\/naiset\/wp-json\/wp\/v2\/tags?post=6651"}],"curies":[{"name":"wp","href":"https:\/\/api.w.org\/{rel}","templated":true}]}}