{"id":6689,"date":"2015-11-12T09:06:36","date_gmt":"2015-11-12T07:06:36","guid":{"rendered":"https:\/\/aktialiiga.fi\/naiset\/?p=6689"},"modified":"2024-08-28T18:29:45","modified_gmt":"2024-08-28T15:29:45","slug":"grifk-saa-dickenin-vieraakseen","status":"publish","type":"post","link":"https:\/\/aktialiiga.fi\/naiset\/2015-2016\/ennakot-2015-2016\/grifk-saa-dickenin-vieraakseen\/","title":{"rendered":"GrIFK saa Dickenin vieraakseen"},"content":{"rendered":"<p>Sarjataulukon k\u00e4rjess\u00e4 puhtaalla pelill\u00e4 porskuttava Dicken matkaa torstaina Kauniaisiin GrIFK:n vieraaksi.<\/p>\n<p>Nousijajoukkue GrIFK on aloittanut kauden mukavasti kirjaten kuudesta ottelusta kolme voittoa. Nyt vastassa on kuitenkin iso haaste: puhtaalla voittoputkella kauden aloittanut hallitseva mestari.<\/p>\n<p>Numerollisesti Dickenin alkukausi on ollut vakuuttava, mutta p\u00e4\u00e4valmentaja Thomas Hivert ei ole suurempiin ylisanoihin viel\u00e4 intoutunut ja samalla linjalla on paluun Suomen kentille tehnyt maalivahti Sonja Koskinen.<\/p>\n<p>&#8211; Olemme minusta aika hyvin aikataulussa. Meill\u00e4 on t\u00e4n\u00e4 vuonna joukkueessa paljon uutta, joten olemme keskell\u00e4 prosessia joka vie aikansa, Koskinen sanoi V\u00e4stra Nylandille SIF:n kaaduttua edellisess\u00e4 ottelussa.<\/p>\n<p>Grani k\u00e4rsi edellisess\u00e4 ottelussaan niukan tappion Atlaksen vieraana. Puolustus ei ole pit\u00e4nyt ihan toivotulla tavalla kaikissa otteluissa ja nyt haastetta on hy\u00f6kk\u00e4yksess\u00e4kin, sill\u00e4 Dickenin verkkoon on tehty alkukaudella keskim\u00e4\u00e4rin alle 19 maalia ottelua kohden.<\/p>\n<p>Ottelu Kauniaisten Luolassa vihellet\u00e4\u00e4n k\u00e4yntiin torstaina kello 18.30.<\/p>\n","protected":false},"excerpt":{"rendered":"<p>Sarjataulukon k\u00e4rjess\u00e4 puhtaalla pelill\u00e4 porskuttava Dicken matkaa torstaina Kauniaisiin GrIFK:n vieraaksi. Nousijajoukkue GrIFK on aloittanut kauden mukavasti kirjaten kuudesta ottelusta kolme voittoa. Nyt vastassa on kuitenkin iso haaste: puhtaalla voittoputkella kauden aloittanut hallitseva mestari. Numerollisesti Dickenin alkukausi on ollut vakuuttava, mutta p\u00e4\u00e4valmentaja Thomas Hivert ei ole suurempiin ylisanoihin viel\u00e4 intoutunut ja samalla linjalla on paluun [&hellip;]<\/p>\n","protected":false},"author":13,"featured_media":6156,"comment_status":"closed","ping_status":"closed","sticky":false,"template":"","format":"standard","meta":{"_acf_changed":false,"jetpack_post_was_ever_published":false,"_jetpack_newsletter_access":"","_jetpack_dont_email_post_to_subs":false,"_jetpack_newsletter_tier_id":0,"_jetpack_memberships_contains_paywalled_content":false,"_jetpack_memberships_contains_paid_content":false,"footnotes":""},"categories":[37],"tags":[51,57],"class_list":["post-6689","post","type-post","status-publish","format-standard","has-post-thumbnail","hentry","category-ennakot-2015-2016","tag-dicken","tag-grifk"],"acf":[],"yoast_head":"<!-- This site is optimized with the Yoast SEO plugin v27.5 - https:\/\/yoast.com\/product\/yoast-seo-wordpress\/ -->\n<title>GrIFK saa Dickenin vieraakseen | K\u00e4sipallon naisten Aktialiiga<\/title>\n<meta name=\"robots\" content=\"index, follow, max-snippet:-1, max-image-preview:large, max-video-preview:-1\" \/>\n<link rel=\"canonical\" href=\"https:\/\/aktialiiga.fi\/naiset\/2015-2016\/ennakot-2015-2016\/grifk-saa-dickenin-vieraakseen\/\" \/>\n<meta property=\"og:locale\" content=\"fi_FI\" \/>\n<meta property=\"og:type\" content=\"article\" \/>\n<meta property=\"og:title\" content=\"GrIFK saa Dickenin vieraakseen | K\u00e4sipallon naisten Aktialiiga\" \/>\n<meta property=\"og:description\" content=\"Sarjataulukon k\u00e4rjess\u00e4 puhtaalla pelill\u00e4 porskuttava Dicken matkaa torstaina Kauniaisiin GrIFK:n vieraaksi. Nousijajoukkue GrIFK on aloittanut kauden mukavasti kirjaten kuudesta ottelusta kolme voittoa. Nyt vastassa on kuitenkin iso haaste: puhtaalla voittoputkella kauden aloittanut hallitseva mestari. Numerollisesti Dickenin alkukausi on ollut vakuuttava, mutta p\u00e4\u00e4valmentaja Thomas Hivert ei ole suurempiin ylisanoihin viel\u00e4 intoutunut ja samalla linjalla on paluun [&hellip;]\" \/>\n<meta property=\"og:url\" content=\"https:\/\/aktialiiga.fi\/naiset\/2015-2016\/ennakot-2015-2016\/grifk-saa-dickenin-vieraakseen\/\" \/>\n<meta property=\"og:site_name\" content=\"K\u00e4sipallon naisten Aktialiiga\" \/>\n<meta property=\"article:publisher\" content=\"https:\/\/www.facebook.com\/finnhandball\" \/>\n<meta property=\"article:published_time\" content=\"2015-11-12T07:06:36+00:00\" \/>\n<meta property=\"article:modified_time\" content=\"2024-08-28T15:29:45+00:00\" \/>\n<meta property=\"og:image\" content=\"https:\/\/aktialiiga.fi\/naiset\/wp-content\/uploads\/sites\/6\/2015\/06\/Pallot_kuvitus.jpg\" \/>\n\t<meta property=\"og:image:width\" content=\"640\" \/>\n\t<meta property=\"og:image:height\" content=\"359\" \/>\n\t<meta property=\"og:image:type\" content=\"image\/jpeg\" \/>\n<meta name=\"author\" content=\"tbrmedia\" \/>\n<meta name=\"twitter:card\" content=\"summary_large_image\" \/>\n<meta name=\"twitter:creator\" content=\"@finnhandball\" \/>\n<meta name=\"twitter:site\" content=\"@finnhandball\" \/>\n<script type=\"application\/ld+json\" class=\"yoast-schema-graph\">{\"@context\":\"https:\\\/\\\/schema.org\",\"@graph\":[{\"@type\":\"Article\",\"@id\":\"https:\\\/\\\/aktialiiga.fi\\\/naiset\\\/2015-2016\\\/ennakot-2015-2016\\\/grifk-saa-dickenin-vieraakseen\\\/#article\",\"isPartOf\":{\"@id\":\"https:\\\/\\\/aktialiiga.fi\\\/naiset\\\/2015-2016\\\/ennakot-2015-2016\\\/grifk-saa-dickenin-vieraakseen\\\/\"},\"author\":{\"name\":\"tbrmedia\",\"@id\":\"https:\\\/\\\/aktialiiga.fi\\\/naiset\\\/#\\\/schema\\\/person\\\/c14bf42f47041db74603c45afcb18d87\"},\"headline\":\"GrIFK saa Dickenin vieraakseen\",\"datePublished\":\"2015-11-12T07:06:36+00:00\",\"dateModified\":\"2024-08-28T15:29:45+00:00\",\"mainEntityOfPage\":{\"@id\":\"https:\\\/\\\/aktialiiga.fi\\\/naiset\\\/2015-2016\\\/ennakot-2015-2016\\\/grifk-saa-dickenin-vieraakseen\\\/\"},\"wordCount\":147,\"publisher\":{\"@id\":\"https:\\\/\\\/aktialiiga.fi\\\/naiset\\\/#organization\"},\"image\":{\"@id\":\"https:\\\/\\\/aktialiiga.fi\\\/naiset\\\/2015-2016\\\/ennakot-2015-2016\\\/grifk-saa-dickenin-vieraakseen\\\/#primaryimage\"},\"thumbnailUrl\":\"https:\\\/\\\/aktialiiga.fi\\\/naiset\\\/wp-content\\\/uploads\\\/sites\\\/6\\\/2015\\\/06\\\/Pallot_kuvitus.jpg\",\"keywords\":[\"Dicken\",\"GrIFK\"],\"articleSection\":[\"Ennakot\"],\"inLanguage\":\"fi\"},{\"@type\":\"WebPage\",\"@id\":\"https:\\\/\\\/aktialiiga.fi\\\/naiset\\\/2015-2016\\\/ennakot-2015-2016\\\/grifk-saa-dickenin-vieraakseen\\\/\",\"url\":\"https:\\\/\\\/aktialiiga.fi\\\/naiset\\\/2015-2016\\\/ennakot-2015-2016\\\/grifk-saa-dickenin-vieraakseen\\\/\",\"name\":\"GrIFK saa Dickenin vieraakseen | K\u00e4sipallon naisten Aktialiiga\",\"isPartOf\":{\"@id\":\"https:\\\/\\\/aktialiiga.fi\\\/naiset\\\/#website\"},\"primaryImageOfPage\":{\"@id\":\"https:\\\/\\\/aktialiiga.fi\\\/naiset\\\/2015-2016\\\/ennakot-2015-2016\\\/grifk-saa-dickenin-vieraakseen\\\/#primaryimage\"},\"image\":{\"@id\":\"https:\\\/\\\/aktialiiga.fi\\\/naiset\\\/2015-2016\\\/ennakot-2015-2016\\\/grifk-saa-dickenin-vieraakseen\\\/#primaryimage\"},\"thumbnailUrl\":\"https:\\\/\\\/aktialiiga.fi\\\/naiset\\\/wp-content\\\/uploads\\\/sites\\\/6\\\/2015\\\/06\\\/Pallot_kuvitus.jpg\",\"datePublished\":\"2015-11-12T07:06:36+00:00\",\"dateModified\":\"2024-08-28T15:29:45+00:00\",\"breadcrumb\":{\"@id\":\"https:\\\/\\\/aktialiiga.fi\\\/naiset\\\/2015-2016\\\/ennakot-2015-2016\\\/grifk-saa-dickenin-vieraakseen\\\/#breadcrumb\"},\"inLanguage\":\"fi\",\"potentialAction\":[{\"@type\":\"ReadAction\",\"target\":[\"https:\\\/\\\/aktialiiga.fi\\\/naiset\\\/2015-2016\\\/ennakot-2015-2016\\\/grifk-saa-dickenin-vieraakseen\\\/\"]}]},{\"@type\":\"ImageObject\",\"inLanguage\":\"fi\",\"@id\":\"https:\\\/\\\/aktialiiga.fi\\\/naiset\\\/2015-2016\\\/ennakot-2015-2016\\\/grifk-saa-dickenin-vieraakseen\\\/#primaryimage\",\"url\":\"https:\\\/\\\/aktialiiga.fi\\\/naiset\\\/wp-content\\\/uploads\\\/sites\\\/6\\\/2015\\\/06\\\/Pallot_kuvitus.jpg\",\"contentUrl\":\"https:\\\/\\\/aktialiiga.fi\\\/naiset\\\/wp-content\\\/uploads\\\/sites\\\/6\\\/2015\\\/06\\\/Pallot_kuvitus.jpg\",\"width\":640,\"height\":359},{\"@type\":\"BreadcrumbList\",\"@id\":\"https:\\\/\\\/aktialiiga.fi\\\/naiset\\\/2015-2016\\\/ennakot-2015-2016\\\/grifk-saa-dickenin-vieraakseen\\\/#breadcrumb\",\"itemListElement\":[{\"@type\":\"ListItem\",\"position\":1,\"name\":\"Etusivu\",\"item\":\"https:\\\/\\\/aktialiiga.fi\\\/naiset\\\/\"},{\"@type\":\"ListItem\",\"position\":2,\"name\":\"GrIFK saa Dickenin vieraakseen\"}]},{\"@type\":\"WebSite\",\"@id\":\"https:\\\/\\\/aktialiiga.fi\\\/naiset\\\/#website\",\"url\":\"https:\\\/\\\/aktialiiga.fi\\\/naiset\\\/\",\"name\":\"K\u00e4sipallon naisten Aktialiiga\",\"description\":\"Valtakunnan vauhdikkainta palloilua!\",\"publisher\":{\"@id\":\"https:\\\/\\\/aktialiiga.fi\\\/naiset\\\/#organization\"},\"potentialAction\":[{\"@type\":\"SearchAction\",\"target\":{\"@type\":\"EntryPoint\",\"urlTemplate\":\"https:\\\/\\\/aktialiiga.fi\\\/naiset\\\/?s={search_term_string}\"},\"query-input\":{\"@type\":\"PropertyValueSpecification\",\"valueRequired\":true,\"valueName\":\"search_term_string\"}}],\"inLanguage\":\"fi\"},{\"@type\":\"Organization\",\"@id\":\"https:\\\/\\\/aktialiiga.fi\\\/naiset\\\/#organization\",\"name\":\"K\u00e4sipallon naisten Aktialiiga\",\"url\":\"https:\\\/\\\/aktialiiga.fi\\\/naiset\\\/\",\"logo\":{\"@type\":\"ImageObject\",\"inLanguage\":\"fi\",\"@id\":\"https:\\\/\\\/aktialiiga.fi\\\/naiset\\\/#\\\/schema\\\/logo\\\/image\\\/\",\"url\":\"https:\\\/\\\/aktialiiga.fi\\\/naiset\\\/wp-content\\\/uploads\\\/sites\\\/6\\\/2024\\\/09\\\/Aktialiiga-Yoast-512.png\",\"contentUrl\":\"https:\\\/\\\/aktialiiga.fi\\\/naiset\\\/wp-content\\\/uploads\\\/sites\\\/6\\\/2024\\\/09\\\/Aktialiiga-Yoast-512.png\",\"width\":512,\"height\":512,\"caption\":\"K\u00e4sipallon naisten Aktialiiga\"},\"image\":{\"@id\":\"https:\\\/\\\/aktialiiga.fi\\\/naiset\\\/#\\\/schema\\\/logo\\\/image\\\/\"},\"sameAs\":[\"https:\\\/\\\/www.facebook.com\\\/finnhandball\",\"https:\\\/\\\/x.com\\\/finnhandball\",\"https:\\\/\\\/www.instagram.com\\\/handballfinland\\\/\"]},{\"@type\":\"Person\",\"@id\":\"https:\\\/\\\/aktialiiga.fi\\\/naiset\\\/#\\\/schema\\\/person\\\/c14bf42f47041db74603c45afcb18d87\",\"name\":\"tbrmedia\",\"image\":{\"@type\":\"ImageObject\",\"inLanguage\":\"fi\",\"@id\":\"https:\\\/\\\/secure.gravatar.com\\\/avatar\\\/ee975fa091fe581d12b60debb3439022686618368a7c142044c56724d4666b16?s=96&d=mm&r=g\",\"url\":\"https:\\\/\\\/secure.gravatar.com\\\/avatar\\\/ee975fa091fe581d12b60debb3439022686618368a7c142044c56724d4666b16?s=96&d=mm&r=g\",\"contentUrl\":\"https:\\\/\\\/secure.gravatar.com\\\/avatar\\\/ee975fa091fe581d12b60debb3439022686618368a7c142044c56724d4666b16?s=96&d=mm&r=g\",\"caption\":\"tbrmedia\"}}]}<\/script>\n<!-- \/ Yoast SEO plugin. -->","yoast_head_json":{"title":"GrIFK saa Dickenin vieraakseen | K\u00e4sipallon naisten Aktialiiga","robots":{"index":"index","follow":"follow","max-snippet":"max-snippet:-1","max-image-preview":"max-image-preview:large","max-video-preview":"max-video-preview:-1"},"canonical":"https:\/\/aktialiiga.fi\/naiset\/2015-2016\/ennakot-2015-2016\/grifk-saa-dickenin-vieraakseen\/","og_locale":"fi_FI","og_type":"article","og_title":"GrIFK saa Dickenin vieraakseen | K\u00e4sipallon naisten Aktialiiga","og_description":"Sarjataulukon k\u00e4rjess\u00e4 puhtaalla pelill\u00e4 porskuttava Dicken matkaa torstaina Kauniaisiin GrIFK:n vieraaksi. Nousijajoukkue GrIFK on aloittanut kauden mukavasti kirjaten kuudesta ottelusta kolme voittoa. Nyt vastassa on kuitenkin iso haaste: puhtaalla voittoputkella kauden aloittanut hallitseva mestari. Numerollisesti Dickenin alkukausi on ollut vakuuttava, mutta p\u00e4\u00e4valmentaja Thomas Hivert ei ole suurempiin ylisanoihin viel\u00e4 intoutunut ja samalla linjalla on paluun [&hellip;]","og_url":"https:\/\/aktialiiga.fi\/naiset\/2015-2016\/ennakot-2015-2016\/grifk-saa-dickenin-vieraakseen\/","og_site_name":"K\u00e4sipallon naisten Aktialiiga","article_publisher":"https:\/\/www.facebook.com\/finnhandball","article_published_time":"2015-11-12T07:06:36+00:00","article_modified_time":"2024-08-28T15:29:45+00:00","og_image":[{"width":640,"height":359,"url":"https:\/\/aktialiiga.fi\/naiset\/wp-content\/uploads\/sites\/6\/2015\/06\/Pallot_kuvitus.jpg","type":"image\/jpeg"}],"author":"tbrmedia","twitter_card":"summary_large_image","twitter_creator":"@finnhandball","twitter_site":"@finnhandball","schema":{"@context":"https:\/\/schema.org","@graph":[{"@type":"Article","@id":"https:\/\/aktialiiga.fi\/naiset\/2015-2016\/ennakot-2015-2016\/grifk-saa-dickenin-vieraakseen\/#article","isPartOf":{"@id":"https:\/\/aktialiiga.fi\/naiset\/2015-2016\/ennakot-2015-2016\/grifk-saa-dickenin-vieraakseen\/"},"author":{"name":"tbrmedia","@id":"https:\/\/aktialiiga.fi\/naiset\/#\/schema\/person\/c14bf42f47041db74603c45afcb18d87"},"headline":"GrIFK saa Dickenin vieraakseen","datePublished":"2015-11-12T07:06:36+00:00","dateModified":"2024-08-28T15:29:45+00:00","mainEntityOfPage":{"@id":"https:\/\/aktialiiga.fi\/naiset\/2015-2016\/ennakot-2015-2016\/grifk-saa-dickenin-vieraakseen\/"},"wordCount":147,"publisher":{"@id":"https:\/\/aktialiiga.fi\/naiset\/#organization"},"image":{"@id":"https:\/\/aktialiiga.fi\/naiset\/2015-2016\/ennakot-2015-2016\/grifk-saa-dickenin-vieraakseen\/#primaryimage"},"thumbnailUrl":"https:\/\/aktialiiga.fi\/naiset\/wp-content\/uploads\/sites\/6\/2015\/06\/Pallot_kuvitus.jpg","keywords":["Dicken","GrIFK"],"articleSection":["Ennakot"],"inLanguage":"fi"},{"@type":"WebPage","@id":"https:\/\/aktialiiga.fi\/naiset\/2015-2016\/ennakot-2015-2016\/grifk-saa-dickenin-vieraakseen\/","url":"https:\/\/aktialiiga.fi\/naiset\/2015-2016\/ennakot-2015-2016\/grifk-saa-dickenin-vieraakseen\/","name":"GrIFK saa Dickenin vieraakseen | K\u00e4sipallon naisten Aktialiiga","isPartOf":{"@id":"https:\/\/aktialiiga.fi\/naiset\/#website"},"primaryImageOfPage":{"@id":"https:\/\/aktialiiga.fi\/naiset\/2015-2016\/ennakot-2015-2016\/grifk-saa-dickenin-vieraakseen\/#primaryimage"},"image":{"@id":"https:\/\/aktialiiga.fi\/naiset\/2015-2016\/ennakot-2015-2016\/grifk-saa-dickenin-vieraakseen\/#primaryimage"},"thumbnailUrl":"https:\/\/aktialiiga.fi\/naiset\/wp-content\/uploads\/sites\/6\/2015\/06\/Pallot_kuvitus.jpg","datePublished":"2015-11-12T07:06:36+00:00","dateModified":"2024-08-28T15:29:45+00:00","breadcrumb":{"@id":"https:\/\/aktialiiga.fi\/naiset\/2015-2016\/ennakot-2015-2016\/grifk-saa-dickenin-vieraakseen\/#breadcrumb"},"inLanguage":"fi","potentialAction":[{"@type":"ReadAction","target":["https:\/\/aktialiiga.fi\/naiset\/2015-2016\/ennakot-2015-2016\/grifk-saa-dickenin-vieraakseen\/"]}]},{"@type":"ImageObject","inLanguage":"fi","@id":"https:\/\/aktialiiga.fi\/naiset\/2015-2016\/ennakot-2015-2016\/grifk-saa-dickenin-vieraakseen\/#primaryimage","url":"https:\/\/aktialiiga.fi\/naiset\/wp-content\/uploads\/sites\/6\/2015\/06\/Pallot_kuvitus.jpg","contentUrl":"https:\/\/aktialiiga.fi\/naiset\/wp-content\/uploads\/sites\/6\/2015\/06\/Pallot_kuvitus.jpg","width":640,"height":359},{"@type":"BreadcrumbList","@id":"https:\/\/aktialiiga.fi\/naiset\/2015-2016\/ennakot-2015-2016\/grifk-saa-dickenin-vieraakseen\/#breadcrumb","itemListElement":[{"@type":"ListItem","position":1,"name":"Etusivu","item":"https:\/\/aktialiiga.fi\/naiset\/"},{"@type":"ListItem","position":2,"name":"GrIFK saa Dickenin vieraakseen"}]},{"@type":"WebSite","@id":"https:\/\/aktialiiga.fi\/naiset\/#website","url":"https:\/\/aktialiiga.fi\/naiset\/","name":"K\u00e4sipallon naisten Aktialiiga","description":"Valtakunnan vauhdikkainta palloilua!","publisher":{"@id":"https:\/\/aktialiiga.fi\/naiset\/#organization"},"potentialAction":[{"@type":"SearchAction","target":{"@type":"EntryPoint","urlTemplate":"https:\/\/aktialiiga.fi\/naiset\/?s={search_term_string}"},"query-input":{"@type":"PropertyValueSpecification","valueRequired":true,"valueName":"search_term_string"}}],"inLanguage":"fi"},{"@type":"Organization","@id":"https:\/\/aktialiiga.fi\/naiset\/#organization","name":"K\u00e4sipallon naisten Aktialiiga","url":"https:\/\/aktialiiga.fi\/naiset\/","logo":{"@type":"ImageObject","inLanguage":"fi","@id":"https:\/\/aktialiiga.fi\/naiset\/#\/schema\/logo\/image\/","url":"https:\/\/aktialiiga.fi\/naiset\/wp-content\/uploads\/sites\/6\/2024\/09\/Aktialiiga-Yoast-512.png","contentUrl":"https:\/\/aktialiiga.fi\/naiset\/wp-content\/uploads\/sites\/6\/2024\/09\/Aktialiiga-Yoast-512.png","width":512,"height":512,"caption":"K\u00e4sipallon naisten Aktialiiga"},"image":{"@id":"https:\/\/aktialiiga.fi\/naiset\/#\/schema\/logo\/image\/"},"sameAs":["https:\/\/www.facebook.com\/finnhandball","https:\/\/x.com\/finnhandball","https:\/\/www.instagram.com\/handballfinland\/"]},{"@type":"Person","@id":"https:\/\/aktialiiga.fi\/naiset\/#\/schema\/person\/c14bf42f47041db74603c45afcb18d87","name":"tbrmedia","image":{"@type":"ImageObject","inLanguage":"fi","@id":"https:\/\/secure.gravatar.com\/avatar\/ee975fa091fe581d12b60debb3439022686618368a7c142044c56724d4666b16?s=96&d=mm&r=g","url":"https:\/\/secure.gravatar.com\/avatar\/ee975fa091fe581d12b60debb3439022686618368a7c142044c56724d4666b16?s=96&d=mm&r=g","contentUrl":"https:\/\/secure.gravatar.com\/avatar\/ee975fa091fe581d12b60debb3439022686618368a7c142044c56724d4666b16?s=96&d=mm&r=g","caption":"tbrmedia"}}]}},"jetpack_featured_media_url":"https:\/\/aktialiiga.fi\/naiset\/wp-content\/uploads\/sites\/6\/2015\/06\/Pallot_kuvitus.jpg","jetpack_sharing_enabled":true,"jetpack_shortlink":"https:\/\/wp.me\/pfYhm6-1JT","_links":{"self":[{"href":"https:\/\/aktialiiga.fi\/naiset\/wp-json\/wp\/v2\/posts\/6689","targetHints":{"allow":["GET"]}}],"collection":[{"href":"https:\/\/aktialiiga.fi\/naiset\/wp-json\/wp\/v2\/posts"}],"about":[{"href":"https:\/\/aktialiiga.fi\/naiset\/wp-json\/wp\/v2\/types\/post"}],"author":[{"embeddable":true,"href":"https:\/\/aktialiiga.fi\/naiset\/wp-json\/wp\/v2\/users\/13"}],"replies":[{"embeddable":true,"href":"https:\/\/aktialiiga.fi\/naiset\/wp-json\/wp\/v2\/comments?post=6689"}],"version-history":[{"count":1,"href":"https:\/\/aktialiiga.fi\/naiset\/wp-json\/wp\/v2\/posts\/6689\/revisions"}],"predecessor-version":[{"id":39047,"href":"https:\/\/aktialiiga.fi\/naiset\/wp-json\/wp\/v2\/posts\/6689\/revisions\/39047"}],"wp:featuredmedia":[{"embeddable":true,"href":"https:\/\/aktialiiga.fi\/naiset\/wp-json\/wp\/v2\/media\/6156"}],"wp:attachment":[{"href":"https:\/\/aktialiiga.fi\/naiset\/wp-json\/wp\/v2\/media?parent=6689"}],"wp:term":[{"taxonomy":"category","embeddable":true,"href":"https:\/\/aktialiiga.fi\/naiset\/wp-json\/wp\/v2\/categories?post=6689"},{"taxonomy":"post_tag","embeddable":true,"href":"https:\/\/aktialiiga.fi\/naiset\/wp-json\/wp\/v2\/tags?post=6689"}],"curies":[{"name":"wp","href":"https:\/\/api.w.org\/{rel}","templated":true}]}}