{"id":6702,"date":"2015-11-13T18:38:47","date_gmt":"2015-11-13T16:38:47","guid":{"rendered":"https:\/\/aktialiiga.fi\/naiset\/?p=6702"},"modified":"2024-08-28T18:29:45","modified_gmt":"2024-08-28T15:29:45","slug":"sparta-ottaa-mittaa-aifksta","status":"publish","type":"post","link":"https:\/\/aktialiiga.fi\/naiset\/2015-2016\/ennakot-2015-2016\/sparta-ottaa-mittaa-aifksta\/","title":{"rendered":"Sparta ottaa mittaa \u00c5IFK:sta"},"content":{"rendered":"<p>SM-sarjan lauantai k\u00e4ynnistyy Pirkkolasta, jossa Sparta em\u00e4nn\u00f6i iltap\u00e4iv\u00e4n kohtaamisessa \u00c5IFK:ta.<\/p>\n<p>Joukkueet l\u00e4htev\u00e4t kamppailuun tasapisteist\u00e4 kummankin pistepussin n\u00e4ytt\u00e4ess\u00e4 kuutta ennen lauantaita. Kauden alku kaksikolla on kuitenkin ollut toistensa pelikuva.<\/p>\n<p>Joukkueet kohtasivat vastaavassa ottelussa kauden avauksessa syyskuun lopulla ja \u00c5IFK vei tuolloin pisteet matkaansa loppunumeroin 19-21. \u00c5IFK avasi kauden komeasti kolmella per\u00e4tt\u00e4isell\u00e4 voitolla, mutta on sen j\u00e4lkeen ajautunut tappioputkeen. Viikolla HIFK:n vieraana peliss\u00e4 oli kuitenkin j\u00e4lleen selvi\u00e4 merkkej\u00e4 paremmasta.<\/p>\n<p>Spartan kauden avaus meni puolestaan kolmen tappion merkeiss\u00e4, mutta sen j\u00e4lkeen kurssi on k\u00e4\u00e4ntynyt ja alla on nyt jo kolmen ottelun voittoputki komeimpana merkint\u00e4n\u00e4 viime kauden hopeamitalisti HIFK:n kaataminen edellisess\u00e4 kotiottelussa.<\/p>\n<p>Tasaisessa sarjataulukossa sijoitukset muuttuvat varmuudella j\u00e4lleen lauantaina. Jatkuuko Spartan voittoputki vai k\u00e4\u00e4nt\u00e4\u00e4k\u00f6 \u00c5IFK kurssinsa? Se selvi\u00e4\u00e4 Pirkkolassa lauantaina kello 14.15 alkaen.<\/p>\n","protected":false},"excerpt":{"rendered":"<p>SM-sarjan lauantai k\u00e4ynnistyy Pirkkolasta, jossa Sparta em\u00e4nn\u00f6i iltap\u00e4iv\u00e4n kohtaamisessa \u00c5IFK:ta. Joukkueet l\u00e4htev\u00e4t kamppailuun tasapisteist\u00e4 kummankin pistepussin n\u00e4ytt\u00e4ess\u00e4 kuutta ennen lauantaita. Kauden alku kaksikolla on kuitenkin ollut toistensa pelikuva. Joukkueet kohtasivat vastaavassa ottelussa kauden avauksessa syyskuun lopulla ja \u00c5IFK vei tuolloin pisteet matkaansa loppunumeroin 19-21. \u00c5IFK avasi kauden komeasti kolmella per\u00e4tt\u00e4isell\u00e4 voitolla, mutta on sen j\u00e4lkeen [&hellip;]<\/p>\n","protected":false},"author":13,"featured_media":6600,"comment_status":"closed","ping_status":"closed","sticky":false,"template":"","format":"standard","meta":{"_acf_changed":false,"jetpack_post_was_ever_published":false,"_jetpack_newsletter_access":"","_jetpack_dont_email_post_to_subs":false,"_jetpack_newsletter_tier_id":0,"_jetpack_memberships_contains_paywalled_content":false,"_jetpack_memberships_contains_paid_content":false,"footnotes":""},"categories":[37],"tags":[84,45],"class_list":["post-6702","post","type-post","status-publish","format-standard","has-post-thumbnail","hentry","category-ennakot-2015-2016","tag-sparta","tag-aifk"],"acf":[],"yoast_head":"<!-- This site is optimized with the Yoast SEO plugin v27.5 - https:\/\/yoast.com\/product\/yoast-seo-wordpress\/ -->\n<title>Sparta ottaa mittaa \u00c5IFK:sta | K\u00e4sipallon naisten Aktialiiga<\/title>\n<meta name=\"robots\" content=\"index, follow, max-snippet:-1, max-image-preview:large, max-video-preview:-1\" \/>\n<link rel=\"canonical\" href=\"https:\/\/aktialiiga.fi\/naiset\/2015-2016\/ennakot-2015-2016\/sparta-ottaa-mittaa-aifksta\/\" \/>\n<meta property=\"og:locale\" content=\"fi_FI\" \/>\n<meta property=\"og:type\" content=\"article\" \/>\n<meta property=\"og:title\" content=\"Sparta ottaa mittaa \u00c5IFK:sta | K\u00e4sipallon naisten Aktialiiga\" \/>\n<meta property=\"og:description\" content=\"SM-sarjan lauantai k\u00e4ynnistyy Pirkkolasta, jossa Sparta em\u00e4nn\u00f6i iltap\u00e4iv\u00e4n kohtaamisessa \u00c5IFK:ta. Joukkueet l\u00e4htev\u00e4t kamppailuun tasapisteist\u00e4 kummankin pistepussin n\u00e4ytt\u00e4ess\u00e4 kuutta ennen lauantaita. Kauden alku kaksikolla on kuitenkin ollut toistensa pelikuva. Joukkueet kohtasivat vastaavassa ottelussa kauden avauksessa syyskuun lopulla ja \u00c5IFK vei tuolloin pisteet matkaansa loppunumeroin 19-21. \u00c5IFK avasi kauden komeasti kolmella per\u00e4tt\u00e4isell\u00e4 voitolla, mutta on sen j\u00e4lkeen [&hellip;]\" \/>\n<meta property=\"og:url\" content=\"https:\/\/aktialiiga.fi\/naiset\/2015-2016\/ennakot-2015-2016\/sparta-ottaa-mittaa-aifksta\/\" \/>\n<meta property=\"og:site_name\" content=\"K\u00e4sipallon naisten Aktialiiga\" \/>\n<meta property=\"article:publisher\" content=\"https:\/\/www.facebook.com\/finnhandball\" \/>\n<meta property=\"article:published_time\" content=\"2015-11-13T16:38:47+00:00\" \/>\n<meta property=\"article:modified_time\" content=\"2024-08-28T15:29:45+00:00\" \/>\n<meta property=\"og:image\" content=\"https:\/\/aktialiiga.fi\/naiset\/wp-content\/uploads\/sites\/6\/2015\/10\/Sparta_pelaajia_1516a.jpg\" \/>\n\t<meta property=\"og:image:width\" content=\"640\" \/>\n\t<meta property=\"og:image:height\" content=\"360\" \/>\n\t<meta property=\"og:image:type\" content=\"image\/jpeg\" \/>\n<meta name=\"author\" content=\"tbrmedia\" \/>\n<meta name=\"twitter:card\" content=\"summary_large_image\" \/>\n<meta name=\"twitter:creator\" content=\"@finnhandball\" \/>\n<meta name=\"twitter:site\" content=\"@finnhandball\" \/>\n<script type=\"application\/ld+json\" class=\"yoast-schema-graph\">{\"@context\":\"https:\\\/\\\/schema.org\",\"@graph\":[{\"@type\":\"Article\",\"@id\":\"https:\\\/\\\/aktialiiga.fi\\\/naiset\\\/2015-2016\\\/ennakot-2015-2016\\\/sparta-ottaa-mittaa-aifksta\\\/#article\",\"isPartOf\":{\"@id\":\"https:\\\/\\\/aktialiiga.fi\\\/naiset\\\/2015-2016\\\/ennakot-2015-2016\\\/sparta-ottaa-mittaa-aifksta\\\/\"},\"author\":{\"name\":\"tbrmedia\",\"@id\":\"https:\\\/\\\/aktialiiga.fi\\\/naiset\\\/#\\\/schema\\\/person\\\/c14bf42f47041db74603c45afcb18d87\"},\"headline\":\"Sparta ottaa mittaa \u00c5IFK:sta\",\"datePublished\":\"2015-11-13T16:38:47+00:00\",\"dateModified\":\"2024-08-28T15:29:45+00:00\",\"mainEntityOfPage\":{\"@id\":\"https:\\\/\\\/aktialiiga.fi\\\/naiset\\\/2015-2016\\\/ennakot-2015-2016\\\/sparta-ottaa-mittaa-aifksta\\\/\"},\"wordCount\":145,\"publisher\":{\"@id\":\"https:\\\/\\\/aktialiiga.fi\\\/naiset\\\/#organization\"},\"image\":{\"@id\":\"https:\\\/\\\/aktialiiga.fi\\\/naiset\\\/2015-2016\\\/ennakot-2015-2016\\\/sparta-ottaa-mittaa-aifksta\\\/#primaryimage\"},\"thumbnailUrl\":\"https:\\\/\\\/aktialiiga.fi\\\/naiset\\\/wp-content\\\/uploads\\\/sites\\\/6\\\/2015\\\/10\\\/Sparta_pelaajia_1516a.jpg\",\"keywords\":[\"Sparta\",\"\u00c5IFK\"],\"articleSection\":[\"Ennakot\"],\"inLanguage\":\"fi\"},{\"@type\":\"WebPage\",\"@id\":\"https:\\\/\\\/aktialiiga.fi\\\/naiset\\\/2015-2016\\\/ennakot-2015-2016\\\/sparta-ottaa-mittaa-aifksta\\\/\",\"url\":\"https:\\\/\\\/aktialiiga.fi\\\/naiset\\\/2015-2016\\\/ennakot-2015-2016\\\/sparta-ottaa-mittaa-aifksta\\\/\",\"name\":\"Sparta ottaa mittaa \u00c5IFK:sta | K\u00e4sipallon naisten Aktialiiga\",\"isPartOf\":{\"@id\":\"https:\\\/\\\/aktialiiga.fi\\\/naiset\\\/#website\"},\"primaryImageOfPage\":{\"@id\":\"https:\\\/\\\/aktialiiga.fi\\\/naiset\\\/2015-2016\\\/ennakot-2015-2016\\\/sparta-ottaa-mittaa-aifksta\\\/#primaryimage\"},\"image\":{\"@id\":\"https:\\\/\\\/aktialiiga.fi\\\/naiset\\\/2015-2016\\\/ennakot-2015-2016\\\/sparta-ottaa-mittaa-aifksta\\\/#primaryimage\"},\"thumbnailUrl\":\"https:\\\/\\\/aktialiiga.fi\\\/naiset\\\/wp-content\\\/uploads\\\/sites\\\/6\\\/2015\\\/10\\\/Sparta_pelaajia_1516a.jpg\",\"datePublished\":\"2015-11-13T16:38:47+00:00\",\"dateModified\":\"2024-08-28T15:29:45+00:00\",\"breadcrumb\":{\"@id\":\"https:\\\/\\\/aktialiiga.fi\\\/naiset\\\/2015-2016\\\/ennakot-2015-2016\\\/sparta-ottaa-mittaa-aifksta\\\/#breadcrumb\"},\"inLanguage\":\"fi\",\"potentialAction\":[{\"@type\":\"ReadAction\",\"target\":[\"https:\\\/\\\/aktialiiga.fi\\\/naiset\\\/2015-2016\\\/ennakot-2015-2016\\\/sparta-ottaa-mittaa-aifksta\\\/\"]}]},{\"@type\":\"ImageObject\",\"inLanguage\":\"fi\",\"@id\":\"https:\\\/\\\/aktialiiga.fi\\\/naiset\\\/2015-2016\\\/ennakot-2015-2016\\\/sparta-ottaa-mittaa-aifksta\\\/#primaryimage\",\"url\":\"https:\\\/\\\/aktialiiga.fi\\\/naiset\\\/wp-content\\\/uploads\\\/sites\\\/6\\\/2015\\\/10\\\/Sparta_pelaajia_1516a.jpg\",\"contentUrl\":\"https:\\\/\\\/aktialiiga.fi\\\/naiset\\\/wp-content\\\/uploads\\\/sites\\\/6\\\/2015\\\/10\\\/Sparta_pelaajia_1516a.jpg\",\"width\":640,\"height\":360},{\"@type\":\"BreadcrumbList\",\"@id\":\"https:\\\/\\\/aktialiiga.fi\\\/naiset\\\/2015-2016\\\/ennakot-2015-2016\\\/sparta-ottaa-mittaa-aifksta\\\/#breadcrumb\",\"itemListElement\":[{\"@type\":\"ListItem\",\"position\":1,\"name\":\"Etusivu\",\"item\":\"https:\\\/\\\/aktialiiga.fi\\\/naiset\\\/\"},{\"@type\":\"ListItem\",\"position\":2,\"name\":\"Sparta ottaa mittaa \u00c5IFK:sta\"}]},{\"@type\":\"WebSite\",\"@id\":\"https:\\\/\\\/aktialiiga.fi\\\/naiset\\\/#website\",\"url\":\"https:\\\/\\\/aktialiiga.fi\\\/naiset\\\/\",\"name\":\"K\u00e4sipallon naisten Aktialiiga\",\"description\":\"Valtakunnan vauhdikkainta palloilua!\",\"publisher\":{\"@id\":\"https:\\\/\\\/aktialiiga.fi\\\/naiset\\\/#organization\"},\"potentialAction\":[{\"@type\":\"SearchAction\",\"target\":{\"@type\":\"EntryPoint\",\"urlTemplate\":\"https:\\\/\\\/aktialiiga.fi\\\/naiset\\\/?s={search_term_string}\"},\"query-input\":{\"@type\":\"PropertyValueSpecification\",\"valueRequired\":true,\"valueName\":\"search_term_string\"}}],\"inLanguage\":\"fi\"},{\"@type\":\"Organization\",\"@id\":\"https:\\\/\\\/aktialiiga.fi\\\/naiset\\\/#organization\",\"name\":\"K\u00e4sipallon naisten Aktialiiga\",\"url\":\"https:\\\/\\\/aktialiiga.fi\\\/naiset\\\/\",\"logo\":{\"@type\":\"ImageObject\",\"inLanguage\":\"fi\",\"@id\":\"https:\\\/\\\/aktialiiga.fi\\\/naiset\\\/#\\\/schema\\\/logo\\\/image\\\/\",\"url\":\"https:\\\/\\\/aktialiiga.fi\\\/naiset\\\/wp-content\\\/uploads\\\/sites\\\/6\\\/2024\\\/09\\\/Aktialiiga-Yoast-512.png\",\"contentUrl\":\"https:\\\/\\\/aktialiiga.fi\\\/naiset\\\/wp-content\\\/uploads\\\/sites\\\/6\\\/2024\\\/09\\\/Aktialiiga-Yoast-512.png\",\"width\":512,\"height\":512,\"caption\":\"K\u00e4sipallon naisten Aktialiiga\"},\"image\":{\"@id\":\"https:\\\/\\\/aktialiiga.fi\\\/naiset\\\/#\\\/schema\\\/logo\\\/image\\\/\"},\"sameAs\":[\"https:\\\/\\\/www.facebook.com\\\/finnhandball\",\"https:\\\/\\\/x.com\\\/finnhandball\",\"https:\\\/\\\/www.instagram.com\\\/handballfinland\\\/\"]},{\"@type\":\"Person\",\"@id\":\"https:\\\/\\\/aktialiiga.fi\\\/naiset\\\/#\\\/schema\\\/person\\\/c14bf42f47041db74603c45afcb18d87\",\"name\":\"tbrmedia\",\"image\":{\"@type\":\"ImageObject\",\"inLanguage\":\"fi\",\"@id\":\"https:\\\/\\\/secure.gravatar.com\\\/avatar\\\/ee975fa091fe581d12b60debb3439022686618368a7c142044c56724d4666b16?s=96&d=mm&r=g\",\"url\":\"https:\\\/\\\/secure.gravatar.com\\\/avatar\\\/ee975fa091fe581d12b60debb3439022686618368a7c142044c56724d4666b16?s=96&d=mm&r=g\",\"contentUrl\":\"https:\\\/\\\/secure.gravatar.com\\\/avatar\\\/ee975fa091fe581d12b60debb3439022686618368a7c142044c56724d4666b16?s=96&d=mm&r=g\",\"caption\":\"tbrmedia\"}}]}<\/script>\n<!-- \/ Yoast SEO plugin. -->","yoast_head_json":{"title":"Sparta ottaa mittaa \u00c5IFK:sta | K\u00e4sipallon naisten Aktialiiga","robots":{"index":"index","follow":"follow","max-snippet":"max-snippet:-1","max-image-preview":"max-image-preview:large","max-video-preview":"max-video-preview:-1"},"canonical":"https:\/\/aktialiiga.fi\/naiset\/2015-2016\/ennakot-2015-2016\/sparta-ottaa-mittaa-aifksta\/","og_locale":"fi_FI","og_type":"article","og_title":"Sparta ottaa mittaa \u00c5IFK:sta | K\u00e4sipallon naisten Aktialiiga","og_description":"SM-sarjan lauantai k\u00e4ynnistyy Pirkkolasta, jossa Sparta em\u00e4nn\u00f6i iltap\u00e4iv\u00e4n kohtaamisessa \u00c5IFK:ta. Joukkueet l\u00e4htev\u00e4t kamppailuun tasapisteist\u00e4 kummankin pistepussin n\u00e4ytt\u00e4ess\u00e4 kuutta ennen lauantaita. Kauden alku kaksikolla on kuitenkin ollut toistensa pelikuva. Joukkueet kohtasivat vastaavassa ottelussa kauden avauksessa syyskuun lopulla ja \u00c5IFK vei tuolloin pisteet matkaansa loppunumeroin 19-21. \u00c5IFK avasi kauden komeasti kolmella per\u00e4tt\u00e4isell\u00e4 voitolla, mutta on sen j\u00e4lkeen [&hellip;]","og_url":"https:\/\/aktialiiga.fi\/naiset\/2015-2016\/ennakot-2015-2016\/sparta-ottaa-mittaa-aifksta\/","og_site_name":"K\u00e4sipallon naisten Aktialiiga","article_publisher":"https:\/\/www.facebook.com\/finnhandball","article_published_time":"2015-11-13T16:38:47+00:00","article_modified_time":"2024-08-28T15:29:45+00:00","og_image":[{"width":640,"height":360,"url":"https:\/\/aktialiiga.fi\/naiset\/wp-content\/uploads\/sites\/6\/2015\/10\/Sparta_pelaajia_1516a.jpg","type":"image\/jpeg"}],"author":"tbrmedia","twitter_card":"summary_large_image","twitter_creator":"@finnhandball","twitter_site":"@finnhandball","schema":{"@context":"https:\/\/schema.org","@graph":[{"@type":"Article","@id":"https:\/\/aktialiiga.fi\/naiset\/2015-2016\/ennakot-2015-2016\/sparta-ottaa-mittaa-aifksta\/#article","isPartOf":{"@id":"https:\/\/aktialiiga.fi\/naiset\/2015-2016\/ennakot-2015-2016\/sparta-ottaa-mittaa-aifksta\/"},"author":{"name":"tbrmedia","@id":"https:\/\/aktialiiga.fi\/naiset\/#\/schema\/person\/c14bf42f47041db74603c45afcb18d87"},"headline":"Sparta ottaa mittaa \u00c5IFK:sta","datePublished":"2015-11-13T16:38:47+00:00","dateModified":"2024-08-28T15:29:45+00:00","mainEntityOfPage":{"@id":"https:\/\/aktialiiga.fi\/naiset\/2015-2016\/ennakot-2015-2016\/sparta-ottaa-mittaa-aifksta\/"},"wordCount":145,"publisher":{"@id":"https:\/\/aktialiiga.fi\/naiset\/#organization"},"image":{"@id":"https:\/\/aktialiiga.fi\/naiset\/2015-2016\/ennakot-2015-2016\/sparta-ottaa-mittaa-aifksta\/#primaryimage"},"thumbnailUrl":"https:\/\/aktialiiga.fi\/naiset\/wp-content\/uploads\/sites\/6\/2015\/10\/Sparta_pelaajia_1516a.jpg","keywords":["Sparta","\u00c5IFK"],"articleSection":["Ennakot"],"inLanguage":"fi"},{"@type":"WebPage","@id":"https:\/\/aktialiiga.fi\/naiset\/2015-2016\/ennakot-2015-2016\/sparta-ottaa-mittaa-aifksta\/","url":"https:\/\/aktialiiga.fi\/naiset\/2015-2016\/ennakot-2015-2016\/sparta-ottaa-mittaa-aifksta\/","name":"Sparta ottaa mittaa \u00c5IFK:sta | K\u00e4sipallon naisten Aktialiiga","isPartOf":{"@id":"https:\/\/aktialiiga.fi\/naiset\/#website"},"primaryImageOfPage":{"@id":"https:\/\/aktialiiga.fi\/naiset\/2015-2016\/ennakot-2015-2016\/sparta-ottaa-mittaa-aifksta\/#primaryimage"},"image":{"@id":"https:\/\/aktialiiga.fi\/naiset\/2015-2016\/ennakot-2015-2016\/sparta-ottaa-mittaa-aifksta\/#primaryimage"},"thumbnailUrl":"https:\/\/aktialiiga.fi\/naiset\/wp-content\/uploads\/sites\/6\/2015\/10\/Sparta_pelaajia_1516a.jpg","datePublished":"2015-11-13T16:38:47+00:00","dateModified":"2024-08-28T15:29:45+00:00","breadcrumb":{"@id":"https:\/\/aktialiiga.fi\/naiset\/2015-2016\/ennakot-2015-2016\/sparta-ottaa-mittaa-aifksta\/#breadcrumb"},"inLanguage":"fi","potentialAction":[{"@type":"ReadAction","target":["https:\/\/aktialiiga.fi\/naiset\/2015-2016\/ennakot-2015-2016\/sparta-ottaa-mittaa-aifksta\/"]}]},{"@type":"ImageObject","inLanguage":"fi","@id":"https:\/\/aktialiiga.fi\/naiset\/2015-2016\/ennakot-2015-2016\/sparta-ottaa-mittaa-aifksta\/#primaryimage","url":"https:\/\/aktialiiga.fi\/naiset\/wp-content\/uploads\/sites\/6\/2015\/10\/Sparta_pelaajia_1516a.jpg","contentUrl":"https:\/\/aktialiiga.fi\/naiset\/wp-content\/uploads\/sites\/6\/2015\/10\/Sparta_pelaajia_1516a.jpg","width":640,"height":360},{"@type":"BreadcrumbList","@id":"https:\/\/aktialiiga.fi\/naiset\/2015-2016\/ennakot-2015-2016\/sparta-ottaa-mittaa-aifksta\/#breadcrumb","itemListElement":[{"@type":"ListItem","position":1,"name":"Etusivu","item":"https:\/\/aktialiiga.fi\/naiset\/"},{"@type":"ListItem","position":2,"name":"Sparta ottaa mittaa \u00c5IFK:sta"}]},{"@type":"WebSite","@id":"https:\/\/aktialiiga.fi\/naiset\/#website","url":"https:\/\/aktialiiga.fi\/naiset\/","name":"K\u00e4sipallon naisten Aktialiiga","description":"Valtakunnan vauhdikkainta palloilua!","publisher":{"@id":"https:\/\/aktialiiga.fi\/naiset\/#organization"},"potentialAction":[{"@type":"SearchAction","target":{"@type":"EntryPoint","urlTemplate":"https:\/\/aktialiiga.fi\/naiset\/?s={search_term_string}"},"query-input":{"@type":"PropertyValueSpecification","valueRequired":true,"valueName":"search_term_string"}}],"inLanguage":"fi"},{"@type":"Organization","@id":"https:\/\/aktialiiga.fi\/naiset\/#organization","name":"K\u00e4sipallon naisten Aktialiiga","url":"https:\/\/aktialiiga.fi\/naiset\/","logo":{"@type":"ImageObject","inLanguage":"fi","@id":"https:\/\/aktialiiga.fi\/naiset\/#\/schema\/logo\/image\/","url":"https:\/\/aktialiiga.fi\/naiset\/wp-content\/uploads\/sites\/6\/2024\/09\/Aktialiiga-Yoast-512.png","contentUrl":"https:\/\/aktialiiga.fi\/naiset\/wp-content\/uploads\/sites\/6\/2024\/09\/Aktialiiga-Yoast-512.png","width":512,"height":512,"caption":"K\u00e4sipallon naisten Aktialiiga"},"image":{"@id":"https:\/\/aktialiiga.fi\/naiset\/#\/schema\/logo\/image\/"},"sameAs":["https:\/\/www.facebook.com\/finnhandball","https:\/\/x.com\/finnhandball","https:\/\/www.instagram.com\/handballfinland\/"]},{"@type":"Person","@id":"https:\/\/aktialiiga.fi\/naiset\/#\/schema\/person\/c14bf42f47041db74603c45afcb18d87","name":"tbrmedia","image":{"@type":"ImageObject","inLanguage":"fi","@id":"https:\/\/secure.gravatar.com\/avatar\/ee975fa091fe581d12b60debb3439022686618368a7c142044c56724d4666b16?s=96&d=mm&r=g","url":"https:\/\/secure.gravatar.com\/avatar\/ee975fa091fe581d12b60debb3439022686618368a7c142044c56724d4666b16?s=96&d=mm&r=g","contentUrl":"https:\/\/secure.gravatar.com\/avatar\/ee975fa091fe581d12b60debb3439022686618368a7c142044c56724d4666b16?s=96&d=mm&r=g","caption":"tbrmedia"}}]}},"jetpack_featured_media_url":"https:\/\/aktialiiga.fi\/naiset\/wp-content\/uploads\/sites\/6\/2015\/10\/Sparta_pelaajia_1516a.jpg","jetpack_sharing_enabled":true,"jetpack_shortlink":"https:\/\/wp.me\/pfYhm6-1K6","_links":{"self":[{"href":"https:\/\/aktialiiga.fi\/naiset\/wp-json\/wp\/v2\/posts\/6702","targetHints":{"allow":["GET"]}}],"collection":[{"href":"https:\/\/aktialiiga.fi\/naiset\/wp-json\/wp\/v2\/posts"}],"about":[{"href":"https:\/\/aktialiiga.fi\/naiset\/wp-json\/wp\/v2\/types\/post"}],"author":[{"embeddable":true,"href":"https:\/\/aktialiiga.fi\/naiset\/wp-json\/wp\/v2\/users\/13"}],"replies":[{"embeddable":true,"href":"https:\/\/aktialiiga.fi\/naiset\/wp-json\/wp\/v2\/comments?post=6702"}],"version-history":[{"count":1,"href":"https:\/\/aktialiiga.fi\/naiset\/wp-json\/wp\/v2\/posts\/6702\/revisions"}],"predecessor-version":[{"id":39043,"href":"https:\/\/aktialiiga.fi\/naiset\/wp-json\/wp\/v2\/posts\/6702\/revisions\/39043"}],"wp:featuredmedia":[{"embeddable":true,"href":"https:\/\/aktialiiga.fi\/naiset\/wp-json\/wp\/v2\/media\/6600"}],"wp:attachment":[{"href":"https:\/\/aktialiiga.fi\/naiset\/wp-json\/wp\/v2\/media?parent=6702"}],"wp:term":[{"taxonomy":"category","embeddable":true,"href":"https:\/\/aktialiiga.fi\/naiset\/wp-json\/wp\/v2\/categories?post=6702"},{"taxonomy":"post_tag","embeddable":true,"href":"https:\/\/aktialiiga.fi\/naiset\/wp-json\/wp\/v2\/tags?post=6702"}],"curies":[{"name":"wp","href":"https:\/\/api.w.org\/{rel}","templated":true}]}}