{"id":6704,"date":"2015-11-13T18:58:42","date_gmt":"2015-11-13T16:58:42","guid":{"rendered":"https:\/\/aktialiiga.fi\/naiset\/?p=6704"},"modified":"2024-08-28T18:29:45","modified_gmt":"2024-08-28T15:29:45","slug":"bk-46-hakee-revanssia-grifksta","status":"publish","type":"post","link":"https:\/\/aktialiiga.fi\/naiset\/2015-2016\/ennakot-2015-2016\/bk-46-hakee-revanssia-grifksta\/","title":{"rendered":"BK-46 hakee revanssia GrIFK:sta"},"content":{"rendered":"<p>BK-46 saa lauantaina vieraakseen GrIFK:n. Voitolla karjaalaiset nousisivat sarjataulukossa vastustajansa ohi, GrIFK puolestaan vankistaisi asemiaan taulukon ylemm\u00e4ll\u00e4 puoliskolla voiton my\u00f6t\u00e4.<\/p>\n<p>Joukkueet kohtasivat vastaavassa kamppailussa kauden ensimm\u00e4isell\u00e4 kierroksella ja tuolloin GrIFK vei pisteet matkaansa SISU Arenalta 27-23-voiton my\u00f6t\u00e4.<\/p>\n<p>Tasaisessa sarjataulukossa joukkueita erottaa kaksi pistett\u00e4 GrIFK:n eduksi, mutta BK-46:n maaliero on kauniaislaisia parempi. Em\u00e4nt\u00e4joukkue on ollut vastustajaansa tehokkaampi jo 59 maalia heitt\u00e4neen Pamela Degermanin johdolla.<\/p>\n<p>Kumpikin joukkue k\u00e4rsi viikolla tappion, joten voitonn\u00e4lk\u00e4\u00e4 riitt\u00e4\u00e4 varmasti.<\/p>\n<p>Ottelu Karjaan SISU Arenalla vihellet\u00e4\u00e4n k\u00e4yntiin lauantaina kello 16.00.<\/p>\n","protected":false},"excerpt":{"rendered":"<p>BK-46 saa lauantaina vieraakseen GrIFK:n. Voitolla karjaalaiset nousisivat sarjataulukossa vastustajansa ohi, GrIFK puolestaan vankistaisi asemiaan taulukon ylemm\u00e4ll\u00e4 puoliskolla voiton my\u00f6t\u00e4. Joukkueet kohtasivat vastaavassa kamppailussa kauden ensimm\u00e4isell\u00e4 kierroksella ja tuolloin GrIFK vei pisteet matkaansa SISU Arenalta 27-23-voiton my\u00f6t\u00e4. Tasaisessa sarjataulukossa joukkueita erottaa kaksi pistett\u00e4 GrIFK:n eduksi, mutta BK-46:n maaliero on kauniaislaisia parempi. Em\u00e4nt\u00e4joukkue on ollut vastustajaansa [&hellip;]<\/p>\n","protected":false},"author":13,"featured_media":6408,"comment_status":"closed","ping_status":"closed","sticky":false,"template":"","format":"standard","meta":{"_acf_changed":false,"jetpack_post_was_ever_published":false,"_jetpack_newsletter_access":"","_jetpack_dont_email_post_to_subs":false,"_jetpack_newsletter_tier_id":0,"_jetpack_memberships_contains_paywalled_content":false,"_jetpack_memberships_contains_paid_content":false,"footnotes":""},"categories":[37],"tags":[49,57],"class_list":["post-6704","post","type-post","status-publish","format-standard","has-post-thumbnail","hentry","category-ennakot-2015-2016","tag-bk-46","tag-grifk"],"acf":[],"yoast_head":"<!-- This site is optimized with the Yoast SEO plugin v27.5 - https:\/\/yoast.com\/product\/yoast-seo-wordpress\/ -->\n<title>BK-46 hakee revanssia GrIFK:sta | K\u00e4sipallon naisten Aktialiiga<\/title>\n<meta name=\"robots\" content=\"index, follow, max-snippet:-1, max-image-preview:large, max-video-preview:-1\" \/>\n<link rel=\"canonical\" href=\"https:\/\/aktialiiga.fi\/naiset\/2015-2016\/ennakot-2015-2016\/bk-46-hakee-revanssia-grifksta\/\" \/>\n<meta property=\"og:locale\" content=\"fi_FI\" \/>\n<meta property=\"og:type\" content=\"article\" \/>\n<meta property=\"og:title\" content=\"BK-46 hakee revanssia GrIFK:sta | K\u00e4sipallon naisten Aktialiiga\" \/>\n<meta property=\"og:description\" content=\"BK-46 saa lauantaina vieraakseen GrIFK:n. Voitolla karjaalaiset nousisivat sarjataulukossa vastustajansa ohi, GrIFK puolestaan vankistaisi asemiaan taulukon ylemm\u00e4ll\u00e4 puoliskolla voiton my\u00f6t\u00e4. Joukkueet kohtasivat vastaavassa kamppailussa kauden ensimm\u00e4isell\u00e4 kierroksella ja tuolloin GrIFK vei pisteet matkaansa SISU Arenalta 27-23-voiton my\u00f6t\u00e4. Tasaisessa sarjataulukossa joukkueita erottaa kaksi pistett\u00e4 GrIFK:n eduksi, mutta BK-46:n maaliero on kauniaislaisia parempi. Em\u00e4nt\u00e4joukkue on ollut vastustajaansa [&hellip;]\" \/>\n<meta property=\"og:url\" content=\"https:\/\/aktialiiga.fi\/naiset\/2015-2016\/ennakot-2015-2016\/bk-46-hakee-revanssia-grifksta\/\" \/>\n<meta property=\"og:site_name\" content=\"K\u00e4sipallon naisten Aktialiiga\" \/>\n<meta property=\"article:publisher\" content=\"https:\/\/www.facebook.com\/finnhandball\" \/>\n<meta property=\"article:published_time\" content=\"2015-11-13T16:58:42+00:00\" \/>\n<meta property=\"article:modified_time\" content=\"2024-08-28T15:29:45+00:00\" \/>\n<meta property=\"og:image\" content=\"https:\/\/aktialiiga.fi\/naiset\/wp-content\/uploads\/sites\/6\/2015\/09\/bk-46-2015-16.jpg\" \/>\n\t<meta property=\"og:image:width\" content=\"1181\" \/>\n\t<meta property=\"og:image:height\" content=\"773\" \/>\n\t<meta property=\"og:image:type\" content=\"image\/jpeg\" \/>\n<meta name=\"author\" content=\"tbrmedia\" \/>\n<meta name=\"twitter:card\" content=\"summary_large_image\" \/>\n<meta name=\"twitter:creator\" content=\"@finnhandball\" \/>\n<meta name=\"twitter:site\" content=\"@finnhandball\" \/>\n<script type=\"application\/ld+json\" class=\"yoast-schema-graph\">{\"@context\":\"https:\\\/\\\/schema.org\",\"@graph\":[{\"@type\":\"Article\",\"@id\":\"https:\\\/\\\/aktialiiga.fi\\\/naiset\\\/2015-2016\\\/ennakot-2015-2016\\\/bk-46-hakee-revanssia-grifksta\\\/#article\",\"isPartOf\":{\"@id\":\"https:\\\/\\\/aktialiiga.fi\\\/naiset\\\/2015-2016\\\/ennakot-2015-2016\\\/bk-46-hakee-revanssia-grifksta\\\/\"},\"author\":{\"name\":\"tbrmedia\",\"@id\":\"https:\\\/\\\/aktialiiga.fi\\\/naiset\\\/#\\\/schema\\\/person\\\/c14bf42f47041db74603c45afcb18d87\"},\"headline\":\"BK-46 hakee revanssia GrIFK:sta\",\"datePublished\":\"2015-11-13T16:58:42+00:00\",\"dateModified\":\"2024-08-28T15:29:45+00:00\",\"mainEntityOfPage\":{\"@id\":\"https:\\\/\\\/aktialiiga.fi\\\/naiset\\\/2015-2016\\\/ennakot-2015-2016\\\/bk-46-hakee-revanssia-grifksta\\\/\"},\"wordCount\":99,\"publisher\":{\"@id\":\"https:\\\/\\\/aktialiiga.fi\\\/naiset\\\/#organization\"},\"image\":{\"@id\":\"https:\\\/\\\/aktialiiga.fi\\\/naiset\\\/2015-2016\\\/ennakot-2015-2016\\\/bk-46-hakee-revanssia-grifksta\\\/#primaryimage\"},\"thumbnailUrl\":\"https:\\\/\\\/aktialiiga.fi\\\/naiset\\\/wp-content\\\/uploads\\\/sites\\\/6\\\/2015\\\/09\\\/bk-46-2015-16.jpg\",\"keywords\":[\"BK-46\",\"GrIFK\"],\"articleSection\":[\"Ennakot\"],\"inLanguage\":\"fi\"},{\"@type\":\"WebPage\",\"@id\":\"https:\\\/\\\/aktialiiga.fi\\\/naiset\\\/2015-2016\\\/ennakot-2015-2016\\\/bk-46-hakee-revanssia-grifksta\\\/\",\"url\":\"https:\\\/\\\/aktialiiga.fi\\\/naiset\\\/2015-2016\\\/ennakot-2015-2016\\\/bk-46-hakee-revanssia-grifksta\\\/\",\"name\":\"BK-46 hakee revanssia GrIFK:sta | K\u00e4sipallon naisten Aktialiiga\",\"isPartOf\":{\"@id\":\"https:\\\/\\\/aktialiiga.fi\\\/naiset\\\/#website\"},\"primaryImageOfPage\":{\"@id\":\"https:\\\/\\\/aktialiiga.fi\\\/naiset\\\/2015-2016\\\/ennakot-2015-2016\\\/bk-46-hakee-revanssia-grifksta\\\/#primaryimage\"},\"image\":{\"@id\":\"https:\\\/\\\/aktialiiga.fi\\\/naiset\\\/2015-2016\\\/ennakot-2015-2016\\\/bk-46-hakee-revanssia-grifksta\\\/#primaryimage\"},\"thumbnailUrl\":\"https:\\\/\\\/aktialiiga.fi\\\/naiset\\\/wp-content\\\/uploads\\\/sites\\\/6\\\/2015\\\/09\\\/bk-46-2015-16.jpg\",\"datePublished\":\"2015-11-13T16:58:42+00:00\",\"dateModified\":\"2024-08-28T15:29:45+00:00\",\"breadcrumb\":{\"@id\":\"https:\\\/\\\/aktialiiga.fi\\\/naiset\\\/2015-2016\\\/ennakot-2015-2016\\\/bk-46-hakee-revanssia-grifksta\\\/#breadcrumb\"},\"inLanguage\":\"fi\",\"potentialAction\":[{\"@type\":\"ReadAction\",\"target\":[\"https:\\\/\\\/aktialiiga.fi\\\/naiset\\\/2015-2016\\\/ennakot-2015-2016\\\/bk-46-hakee-revanssia-grifksta\\\/\"]}]},{\"@type\":\"ImageObject\",\"inLanguage\":\"fi\",\"@id\":\"https:\\\/\\\/aktialiiga.fi\\\/naiset\\\/2015-2016\\\/ennakot-2015-2016\\\/bk-46-hakee-revanssia-grifksta\\\/#primaryimage\",\"url\":\"https:\\\/\\\/aktialiiga.fi\\\/naiset\\\/wp-content\\\/uploads\\\/sites\\\/6\\\/2015\\\/09\\\/bk-46-2015-16.jpg\",\"contentUrl\":\"https:\\\/\\\/aktialiiga.fi\\\/naiset\\\/wp-content\\\/uploads\\\/sites\\\/6\\\/2015\\\/09\\\/bk-46-2015-16.jpg\",\"width\":1181,\"height\":773},{\"@type\":\"BreadcrumbList\",\"@id\":\"https:\\\/\\\/aktialiiga.fi\\\/naiset\\\/2015-2016\\\/ennakot-2015-2016\\\/bk-46-hakee-revanssia-grifksta\\\/#breadcrumb\",\"itemListElement\":[{\"@type\":\"ListItem\",\"position\":1,\"name\":\"Etusivu\",\"item\":\"https:\\\/\\\/aktialiiga.fi\\\/naiset\\\/\"},{\"@type\":\"ListItem\",\"position\":2,\"name\":\"BK-46 hakee revanssia GrIFK:sta\"}]},{\"@type\":\"WebSite\",\"@id\":\"https:\\\/\\\/aktialiiga.fi\\\/naiset\\\/#website\",\"url\":\"https:\\\/\\\/aktialiiga.fi\\\/naiset\\\/\",\"name\":\"K\u00e4sipallon naisten Aktialiiga\",\"description\":\"Valtakunnan vauhdikkainta palloilua!\",\"publisher\":{\"@id\":\"https:\\\/\\\/aktialiiga.fi\\\/naiset\\\/#organization\"},\"potentialAction\":[{\"@type\":\"SearchAction\",\"target\":{\"@type\":\"EntryPoint\",\"urlTemplate\":\"https:\\\/\\\/aktialiiga.fi\\\/naiset\\\/?s={search_term_string}\"},\"query-input\":{\"@type\":\"PropertyValueSpecification\",\"valueRequired\":true,\"valueName\":\"search_term_string\"}}],\"inLanguage\":\"fi\"},{\"@type\":\"Organization\",\"@id\":\"https:\\\/\\\/aktialiiga.fi\\\/naiset\\\/#organization\",\"name\":\"K\u00e4sipallon naisten Aktialiiga\",\"url\":\"https:\\\/\\\/aktialiiga.fi\\\/naiset\\\/\",\"logo\":{\"@type\":\"ImageObject\",\"inLanguage\":\"fi\",\"@id\":\"https:\\\/\\\/aktialiiga.fi\\\/naiset\\\/#\\\/schema\\\/logo\\\/image\\\/\",\"url\":\"https:\\\/\\\/aktialiiga.fi\\\/naiset\\\/wp-content\\\/uploads\\\/sites\\\/6\\\/2024\\\/09\\\/Aktialiiga-Yoast-512.png\",\"contentUrl\":\"https:\\\/\\\/aktialiiga.fi\\\/naiset\\\/wp-content\\\/uploads\\\/sites\\\/6\\\/2024\\\/09\\\/Aktialiiga-Yoast-512.png\",\"width\":512,\"height\":512,\"caption\":\"K\u00e4sipallon naisten Aktialiiga\"},\"image\":{\"@id\":\"https:\\\/\\\/aktialiiga.fi\\\/naiset\\\/#\\\/schema\\\/logo\\\/image\\\/\"},\"sameAs\":[\"https:\\\/\\\/www.facebook.com\\\/finnhandball\",\"https:\\\/\\\/x.com\\\/finnhandball\",\"https:\\\/\\\/www.instagram.com\\\/handballfinland\\\/\"]},{\"@type\":\"Person\",\"@id\":\"https:\\\/\\\/aktialiiga.fi\\\/naiset\\\/#\\\/schema\\\/person\\\/c14bf42f47041db74603c45afcb18d87\",\"name\":\"tbrmedia\",\"image\":{\"@type\":\"ImageObject\",\"inLanguage\":\"fi\",\"@id\":\"https:\\\/\\\/secure.gravatar.com\\\/avatar\\\/ee975fa091fe581d12b60debb3439022686618368a7c142044c56724d4666b16?s=96&d=mm&r=g\",\"url\":\"https:\\\/\\\/secure.gravatar.com\\\/avatar\\\/ee975fa091fe581d12b60debb3439022686618368a7c142044c56724d4666b16?s=96&d=mm&r=g\",\"contentUrl\":\"https:\\\/\\\/secure.gravatar.com\\\/avatar\\\/ee975fa091fe581d12b60debb3439022686618368a7c142044c56724d4666b16?s=96&d=mm&r=g\",\"caption\":\"tbrmedia\"}}]}<\/script>\n<!-- \/ Yoast SEO plugin. -->","yoast_head_json":{"title":"BK-46 hakee revanssia GrIFK:sta | K\u00e4sipallon naisten Aktialiiga","robots":{"index":"index","follow":"follow","max-snippet":"max-snippet:-1","max-image-preview":"max-image-preview:large","max-video-preview":"max-video-preview:-1"},"canonical":"https:\/\/aktialiiga.fi\/naiset\/2015-2016\/ennakot-2015-2016\/bk-46-hakee-revanssia-grifksta\/","og_locale":"fi_FI","og_type":"article","og_title":"BK-46 hakee revanssia GrIFK:sta | K\u00e4sipallon naisten Aktialiiga","og_description":"BK-46 saa lauantaina vieraakseen GrIFK:n. Voitolla karjaalaiset nousisivat sarjataulukossa vastustajansa ohi, GrIFK puolestaan vankistaisi asemiaan taulukon ylemm\u00e4ll\u00e4 puoliskolla voiton my\u00f6t\u00e4. Joukkueet kohtasivat vastaavassa kamppailussa kauden ensimm\u00e4isell\u00e4 kierroksella ja tuolloin GrIFK vei pisteet matkaansa SISU Arenalta 27-23-voiton my\u00f6t\u00e4. Tasaisessa sarjataulukossa joukkueita erottaa kaksi pistett\u00e4 GrIFK:n eduksi, mutta BK-46:n maaliero on kauniaislaisia parempi. Em\u00e4nt\u00e4joukkue on ollut vastustajaansa [&hellip;]","og_url":"https:\/\/aktialiiga.fi\/naiset\/2015-2016\/ennakot-2015-2016\/bk-46-hakee-revanssia-grifksta\/","og_site_name":"K\u00e4sipallon naisten Aktialiiga","article_publisher":"https:\/\/www.facebook.com\/finnhandball","article_published_time":"2015-11-13T16:58:42+00:00","article_modified_time":"2024-08-28T15:29:45+00:00","og_image":[{"width":1181,"height":773,"url":"https:\/\/aktialiiga.fi\/naiset\/wp-content\/uploads\/sites\/6\/2015\/09\/bk-46-2015-16.jpg","type":"image\/jpeg"}],"author":"tbrmedia","twitter_card":"summary_large_image","twitter_creator":"@finnhandball","twitter_site":"@finnhandball","schema":{"@context":"https:\/\/schema.org","@graph":[{"@type":"Article","@id":"https:\/\/aktialiiga.fi\/naiset\/2015-2016\/ennakot-2015-2016\/bk-46-hakee-revanssia-grifksta\/#article","isPartOf":{"@id":"https:\/\/aktialiiga.fi\/naiset\/2015-2016\/ennakot-2015-2016\/bk-46-hakee-revanssia-grifksta\/"},"author":{"name":"tbrmedia","@id":"https:\/\/aktialiiga.fi\/naiset\/#\/schema\/person\/c14bf42f47041db74603c45afcb18d87"},"headline":"BK-46 hakee revanssia GrIFK:sta","datePublished":"2015-11-13T16:58:42+00:00","dateModified":"2024-08-28T15:29:45+00:00","mainEntityOfPage":{"@id":"https:\/\/aktialiiga.fi\/naiset\/2015-2016\/ennakot-2015-2016\/bk-46-hakee-revanssia-grifksta\/"},"wordCount":99,"publisher":{"@id":"https:\/\/aktialiiga.fi\/naiset\/#organization"},"image":{"@id":"https:\/\/aktialiiga.fi\/naiset\/2015-2016\/ennakot-2015-2016\/bk-46-hakee-revanssia-grifksta\/#primaryimage"},"thumbnailUrl":"https:\/\/aktialiiga.fi\/naiset\/wp-content\/uploads\/sites\/6\/2015\/09\/bk-46-2015-16.jpg","keywords":["BK-46","GrIFK"],"articleSection":["Ennakot"],"inLanguage":"fi"},{"@type":"WebPage","@id":"https:\/\/aktialiiga.fi\/naiset\/2015-2016\/ennakot-2015-2016\/bk-46-hakee-revanssia-grifksta\/","url":"https:\/\/aktialiiga.fi\/naiset\/2015-2016\/ennakot-2015-2016\/bk-46-hakee-revanssia-grifksta\/","name":"BK-46 hakee revanssia GrIFK:sta | K\u00e4sipallon naisten Aktialiiga","isPartOf":{"@id":"https:\/\/aktialiiga.fi\/naiset\/#website"},"primaryImageOfPage":{"@id":"https:\/\/aktialiiga.fi\/naiset\/2015-2016\/ennakot-2015-2016\/bk-46-hakee-revanssia-grifksta\/#primaryimage"},"image":{"@id":"https:\/\/aktialiiga.fi\/naiset\/2015-2016\/ennakot-2015-2016\/bk-46-hakee-revanssia-grifksta\/#primaryimage"},"thumbnailUrl":"https:\/\/aktialiiga.fi\/naiset\/wp-content\/uploads\/sites\/6\/2015\/09\/bk-46-2015-16.jpg","datePublished":"2015-11-13T16:58:42+00:00","dateModified":"2024-08-28T15:29:45+00:00","breadcrumb":{"@id":"https:\/\/aktialiiga.fi\/naiset\/2015-2016\/ennakot-2015-2016\/bk-46-hakee-revanssia-grifksta\/#breadcrumb"},"inLanguage":"fi","potentialAction":[{"@type":"ReadAction","target":["https:\/\/aktialiiga.fi\/naiset\/2015-2016\/ennakot-2015-2016\/bk-46-hakee-revanssia-grifksta\/"]}]},{"@type":"ImageObject","inLanguage":"fi","@id":"https:\/\/aktialiiga.fi\/naiset\/2015-2016\/ennakot-2015-2016\/bk-46-hakee-revanssia-grifksta\/#primaryimage","url":"https:\/\/aktialiiga.fi\/naiset\/wp-content\/uploads\/sites\/6\/2015\/09\/bk-46-2015-16.jpg","contentUrl":"https:\/\/aktialiiga.fi\/naiset\/wp-content\/uploads\/sites\/6\/2015\/09\/bk-46-2015-16.jpg","width":1181,"height":773},{"@type":"BreadcrumbList","@id":"https:\/\/aktialiiga.fi\/naiset\/2015-2016\/ennakot-2015-2016\/bk-46-hakee-revanssia-grifksta\/#breadcrumb","itemListElement":[{"@type":"ListItem","position":1,"name":"Etusivu","item":"https:\/\/aktialiiga.fi\/naiset\/"},{"@type":"ListItem","position":2,"name":"BK-46 hakee revanssia GrIFK:sta"}]},{"@type":"WebSite","@id":"https:\/\/aktialiiga.fi\/naiset\/#website","url":"https:\/\/aktialiiga.fi\/naiset\/","name":"K\u00e4sipallon naisten Aktialiiga","description":"Valtakunnan vauhdikkainta palloilua!","publisher":{"@id":"https:\/\/aktialiiga.fi\/naiset\/#organization"},"potentialAction":[{"@type":"SearchAction","target":{"@type":"EntryPoint","urlTemplate":"https:\/\/aktialiiga.fi\/naiset\/?s={search_term_string}"},"query-input":{"@type":"PropertyValueSpecification","valueRequired":true,"valueName":"search_term_string"}}],"inLanguage":"fi"},{"@type":"Organization","@id":"https:\/\/aktialiiga.fi\/naiset\/#organization","name":"K\u00e4sipallon naisten Aktialiiga","url":"https:\/\/aktialiiga.fi\/naiset\/","logo":{"@type":"ImageObject","inLanguage":"fi","@id":"https:\/\/aktialiiga.fi\/naiset\/#\/schema\/logo\/image\/","url":"https:\/\/aktialiiga.fi\/naiset\/wp-content\/uploads\/sites\/6\/2024\/09\/Aktialiiga-Yoast-512.png","contentUrl":"https:\/\/aktialiiga.fi\/naiset\/wp-content\/uploads\/sites\/6\/2024\/09\/Aktialiiga-Yoast-512.png","width":512,"height":512,"caption":"K\u00e4sipallon naisten Aktialiiga"},"image":{"@id":"https:\/\/aktialiiga.fi\/naiset\/#\/schema\/logo\/image\/"},"sameAs":["https:\/\/www.facebook.com\/finnhandball","https:\/\/x.com\/finnhandball","https:\/\/www.instagram.com\/handballfinland\/"]},{"@type":"Person","@id":"https:\/\/aktialiiga.fi\/naiset\/#\/schema\/person\/c14bf42f47041db74603c45afcb18d87","name":"tbrmedia","image":{"@type":"ImageObject","inLanguage":"fi","@id":"https:\/\/secure.gravatar.com\/avatar\/ee975fa091fe581d12b60debb3439022686618368a7c142044c56724d4666b16?s=96&d=mm&r=g","url":"https:\/\/secure.gravatar.com\/avatar\/ee975fa091fe581d12b60debb3439022686618368a7c142044c56724d4666b16?s=96&d=mm&r=g","contentUrl":"https:\/\/secure.gravatar.com\/avatar\/ee975fa091fe581d12b60debb3439022686618368a7c142044c56724d4666b16?s=96&d=mm&r=g","caption":"tbrmedia"}}]}},"jetpack_featured_media_url":"https:\/\/aktialiiga.fi\/naiset\/wp-content\/uploads\/sites\/6\/2015\/09\/bk-46-2015-16.jpg","jetpack_sharing_enabled":true,"jetpack_shortlink":"https:\/\/wp.me\/pfYhm6-1K8","_links":{"self":[{"href":"https:\/\/aktialiiga.fi\/naiset\/wp-json\/wp\/v2\/posts\/6704","targetHints":{"allow":["GET"]}}],"collection":[{"href":"https:\/\/aktialiiga.fi\/naiset\/wp-json\/wp\/v2\/posts"}],"about":[{"href":"https:\/\/aktialiiga.fi\/naiset\/wp-json\/wp\/v2\/types\/post"}],"author":[{"embeddable":true,"href":"https:\/\/aktialiiga.fi\/naiset\/wp-json\/wp\/v2\/users\/13"}],"replies":[{"embeddable":true,"href":"https:\/\/aktialiiga.fi\/naiset\/wp-json\/wp\/v2\/comments?post=6704"}],"version-history":[{"count":1,"href":"https:\/\/aktialiiga.fi\/naiset\/wp-json\/wp\/v2\/posts\/6704\/revisions"}],"predecessor-version":[{"id":39042,"href":"https:\/\/aktialiiga.fi\/naiset\/wp-json\/wp\/v2\/posts\/6704\/revisions\/39042"}],"wp:featuredmedia":[{"embeddable":true,"href":"https:\/\/aktialiiga.fi\/naiset\/wp-json\/wp\/v2\/media\/6408"}],"wp:attachment":[{"href":"https:\/\/aktialiiga.fi\/naiset\/wp-json\/wp\/v2\/media?parent=6704"}],"wp:term":[{"taxonomy":"category","embeddable":true,"href":"https:\/\/aktialiiga.fi\/naiset\/wp-json\/wp\/v2\/categories?post=6704"},{"taxonomy":"post_tag","embeddable":true,"href":"https:\/\/aktialiiga.fi\/naiset\/wp-json\/wp\/v2\/tags?post=6704"}],"curies":[{"name":"wp","href":"https:\/\/api.w.org\/{rel}","templated":true}]}}