{"id":6817,"date":"2015-12-08T18:38:39","date_gmt":"2015-12-08T16:38:39","guid":{"rendered":"https:\/\/aktialiiga.fi\/naiset\/?p=6817"},"modified":"2024-08-28T18:29:44","modified_gmt":"2024-08-28T15:29:44","slug":"karkikamppailu-hifk-dicken-keskiviikon-helmena","status":"publish","type":"post","link":"https:\/\/aktialiiga.fi\/naiset\/2015-2016\/ennakot-2015-2016\/karkikamppailu-hifk-dicken-keskiviikon-helmena\/","title":{"rendered":"K\u00e4rkikamppailu HIFK-Dicken keskiviikon helmen\u00e4"},"content":{"rendered":"<p>Viime kauden finalistit ja nytkin sarjataulukon kahta k\u00e4rkisijaa hallussaan pit\u00e4v\u00e4t HIFK ja Dicken iskev\u00e4t toistamiseen t\u00e4ll\u00e4 kaudella yhteen keskiviikkona.<\/p>\n<p>Dicken voitti ensimm\u00e4isen kohtaamisen Pirkkolassa kahdella maalilla 28-26. Tuo ottelu oli HIFK:n k\u00e4siss\u00e4 viel\u00e4 kymmenen minuuttia ennen loppua, mutta Dicken teki loppukirin ja v\u00e4\u00e4nsi v\u00e4kisin voittoon. Dicken on edelleen kuluvalla kaudella pistemenetyksitt\u00e4, kun HIFK on k\u00e4rsinyt Dickenin ohella tappion my\u00f6s Spartalle.<\/p>\n<p>HIFK p\u00e4\u00e4see kuitenkin otteluun hyv\u00e4ss\u00e4 vireess\u00e4. Challenge Cupissa puristus ei riitt\u00e4nyt jatkoon, mutta toi hyv\u00e4n vireen kotimaan kentille. Ensin cupissa kaatui Sparta ja sen per\u00e4\u00e4n HIFK otti selv\u00e4hk\u00f6t voitot sek\u00e4 \u00c5IFK:sta ett\u00e4 SIF:sta.<\/p>\n<p>&#8211; Kun meill\u00e4 on tempoa peliss\u00e4 ja menemme kohti maalia meit\u00e4 on todella vaikeata pys\u00e4ytt\u00e4\u00e4, tyytyv\u00e4inen HIFK-luotsi Birgitta Lindholm totesi SIF-voiton j\u00e4lkeen.<\/p>\n<p>Dickenin p\u00e4\u00e4valmentaja Thomas Hivert on piiskannut joukkueensa kovaan iskuun ja uskoo, ett\u00e4 parhaalla tasollaan pelatessaan Dicken raapii voiton matkaansa my\u00f6s Helsingin urheilutalolta.<\/p>\n<p>&#8211; En usko ett\u00e4 tulee v\u00e4ltt\u00e4m\u00e4tt\u00e4 kova peli, jos puolustamme samalla tavoin kuin viime peleiss\u00e4. Paljon on kuitenkin kyse my\u00f6s henkisist\u00e4 asioista t\u00e4ss\u00e4 ottelussa, Hivert sanoo Dickenin verkkosivujen haastattelussa.<\/p>\n<p>Kamppailu vihellet\u00e4\u00e4n k\u00e4yntiin keskiviikkona kello 19.30.<\/p>\n","protected":false},"excerpt":{"rendered":"<p>Viime kauden finalistit ja nytkin sarjataulukon kahta k\u00e4rkisijaa hallussaan pit\u00e4v\u00e4t HIFK ja Dicken iskev\u00e4t toistamiseen t\u00e4ll\u00e4 kaudella yhteen keskiviikkona. Dicken voitti ensimm\u00e4isen kohtaamisen Pirkkolassa kahdella maalilla 28-26. Tuo ottelu oli HIFK:n k\u00e4siss\u00e4 viel\u00e4 kymmenen minuuttia ennen loppua, mutta Dicken teki loppukirin ja v\u00e4\u00e4nsi v\u00e4kisin voittoon. Dicken on edelleen kuluvalla kaudella pistemenetyksitt\u00e4, kun HIFK on k\u00e4rsinyt [&hellip;]<\/p>\n","protected":false},"author":13,"featured_media":6090,"comment_status":"closed","ping_status":"closed","sticky":false,"template":"","format":"standard","meta":{"_acf_changed":false,"jetpack_post_was_ever_published":false,"_jetpack_newsletter_access":"","_jetpack_dont_email_post_to_subs":false,"_jetpack_newsletter_tier_id":0,"_jetpack_memberships_contains_paywalled_content":false,"_jetpack_memberships_contains_paid_content":false,"footnotes":""},"categories":[37],"tags":[51,61],"class_list":["post-6817","post","type-post","status-publish","format-standard","has-post-thumbnail","hentry","category-ennakot-2015-2016","tag-dicken","tag-hifk"],"acf":[],"yoast_head":"<!-- This site is optimized with the Yoast SEO plugin v27.5 - https:\/\/yoast.com\/product\/yoast-seo-wordpress\/ -->\n<title>K\u00e4rkikamppailu HIFK-Dicken keskiviikon helmen\u00e4 | K\u00e4sipallon naisten Aktialiiga<\/title>\n<meta name=\"robots\" content=\"index, follow, max-snippet:-1, max-image-preview:large, max-video-preview:-1\" \/>\n<link rel=\"canonical\" href=\"https:\/\/aktialiiga.fi\/naiset\/2015-2016\/ennakot-2015-2016\/karkikamppailu-hifk-dicken-keskiviikon-helmena\/\" \/>\n<meta property=\"og:locale\" content=\"fi_FI\" \/>\n<meta property=\"og:type\" content=\"article\" \/>\n<meta property=\"og:title\" content=\"K\u00e4rkikamppailu HIFK-Dicken keskiviikon helmen\u00e4 | K\u00e4sipallon naisten Aktialiiga\" \/>\n<meta property=\"og:description\" content=\"Viime kauden finalistit ja nytkin sarjataulukon kahta k\u00e4rkisijaa hallussaan pit\u00e4v\u00e4t HIFK ja Dicken iskev\u00e4t toistamiseen t\u00e4ll\u00e4 kaudella yhteen keskiviikkona. Dicken voitti ensimm\u00e4isen kohtaamisen Pirkkolassa kahdella maalilla 28-26. Tuo ottelu oli HIFK:n k\u00e4siss\u00e4 viel\u00e4 kymmenen minuuttia ennen loppua, mutta Dicken teki loppukirin ja v\u00e4\u00e4nsi v\u00e4kisin voittoon. Dicken on edelleen kuluvalla kaudella pistemenetyksitt\u00e4, kun HIFK on k\u00e4rsinyt [&hellip;]\" \/>\n<meta property=\"og:url\" content=\"https:\/\/aktialiiga.fi\/naiset\/2015-2016\/ennakot-2015-2016\/karkikamppailu-hifk-dicken-keskiviikon-helmena\/\" \/>\n<meta property=\"og:site_name\" content=\"K\u00e4sipallon naisten Aktialiiga\" \/>\n<meta property=\"article:publisher\" content=\"https:\/\/www.facebook.com\/finnhandball\" \/>\n<meta property=\"article:published_time\" content=\"2015-12-08T16:38:39+00:00\" \/>\n<meta property=\"article:modified_time\" content=\"2024-08-28T15:29:44+00:00\" \/>\n<meta property=\"og:image\" content=\"https:\/\/aktialiiga.fi\/naiset\/wp-content\/uploads\/sites\/6\/2015\/04\/Dicken-HIFK_peli_1415d.jpg\" \/>\n\t<meta property=\"og:image:width\" content=\"640\" \/>\n\t<meta property=\"og:image:height\" content=\"362\" \/>\n\t<meta property=\"og:image:type\" content=\"image\/jpeg\" \/>\n<meta name=\"author\" content=\"tbrmedia\" \/>\n<meta name=\"twitter:card\" content=\"summary_large_image\" \/>\n<meta name=\"twitter:creator\" content=\"@finnhandball\" \/>\n<meta name=\"twitter:site\" content=\"@finnhandball\" \/>\n<script type=\"application\/ld+json\" class=\"yoast-schema-graph\">{\"@context\":\"https:\\\/\\\/schema.org\",\"@graph\":[{\"@type\":\"Article\",\"@id\":\"https:\\\/\\\/aktialiiga.fi\\\/naiset\\\/2015-2016\\\/ennakot-2015-2016\\\/karkikamppailu-hifk-dicken-keskiviikon-helmena\\\/#article\",\"isPartOf\":{\"@id\":\"https:\\\/\\\/aktialiiga.fi\\\/naiset\\\/2015-2016\\\/ennakot-2015-2016\\\/karkikamppailu-hifk-dicken-keskiviikon-helmena\\\/\"},\"author\":{\"name\":\"tbrmedia\",\"@id\":\"https:\\\/\\\/aktialiiga.fi\\\/naiset\\\/#\\\/schema\\\/person\\\/c14bf42f47041db74603c45afcb18d87\"},\"headline\":\"K\u00e4rkikamppailu HIFK-Dicken keskiviikon helmen\u00e4\",\"datePublished\":\"2015-12-08T16:38:39+00:00\",\"dateModified\":\"2024-08-28T15:29:44+00:00\",\"mainEntityOfPage\":{\"@id\":\"https:\\\/\\\/aktialiiga.fi\\\/naiset\\\/2015-2016\\\/ennakot-2015-2016\\\/karkikamppailu-hifk-dicken-keskiviikon-helmena\\\/\"},\"wordCount\":209,\"publisher\":{\"@id\":\"https:\\\/\\\/aktialiiga.fi\\\/naiset\\\/#organization\"},\"image\":{\"@id\":\"https:\\\/\\\/aktialiiga.fi\\\/naiset\\\/2015-2016\\\/ennakot-2015-2016\\\/karkikamppailu-hifk-dicken-keskiviikon-helmena\\\/#primaryimage\"},\"thumbnailUrl\":\"https:\\\/\\\/aktialiiga.fi\\\/naiset\\\/wp-content\\\/uploads\\\/sites\\\/6\\\/2015\\\/04\\\/Dicken-HIFK_peli_1415d.jpg\",\"keywords\":[\"Dicken\",\"HIFK\"],\"articleSection\":[\"Ennakot\"],\"inLanguage\":\"fi\"},{\"@type\":\"WebPage\",\"@id\":\"https:\\\/\\\/aktialiiga.fi\\\/naiset\\\/2015-2016\\\/ennakot-2015-2016\\\/karkikamppailu-hifk-dicken-keskiviikon-helmena\\\/\",\"url\":\"https:\\\/\\\/aktialiiga.fi\\\/naiset\\\/2015-2016\\\/ennakot-2015-2016\\\/karkikamppailu-hifk-dicken-keskiviikon-helmena\\\/\",\"name\":\"K\u00e4rkikamppailu HIFK-Dicken keskiviikon helmen\u00e4 | K\u00e4sipallon naisten Aktialiiga\",\"isPartOf\":{\"@id\":\"https:\\\/\\\/aktialiiga.fi\\\/naiset\\\/#website\"},\"primaryImageOfPage\":{\"@id\":\"https:\\\/\\\/aktialiiga.fi\\\/naiset\\\/2015-2016\\\/ennakot-2015-2016\\\/karkikamppailu-hifk-dicken-keskiviikon-helmena\\\/#primaryimage\"},\"image\":{\"@id\":\"https:\\\/\\\/aktialiiga.fi\\\/naiset\\\/2015-2016\\\/ennakot-2015-2016\\\/karkikamppailu-hifk-dicken-keskiviikon-helmena\\\/#primaryimage\"},\"thumbnailUrl\":\"https:\\\/\\\/aktialiiga.fi\\\/naiset\\\/wp-content\\\/uploads\\\/sites\\\/6\\\/2015\\\/04\\\/Dicken-HIFK_peli_1415d.jpg\",\"datePublished\":\"2015-12-08T16:38:39+00:00\",\"dateModified\":\"2024-08-28T15:29:44+00:00\",\"breadcrumb\":{\"@id\":\"https:\\\/\\\/aktialiiga.fi\\\/naiset\\\/2015-2016\\\/ennakot-2015-2016\\\/karkikamppailu-hifk-dicken-keskiviikon-helmena\\\/#breadcrumb\"},\"inLanguage\":\"fi\",\"potentialAction\":[{\"@type\":\"ReadAction\",\"target\":[\"https:\\\/\\\/aktialiiga.fi\\\/naiset\\\/2015-2016\\\/ennakot-2015-2016\\\/karkikamppailu-hifk-dicken-keskiviikon-helmena\\\/\"]}]},{\"@type\":\"ImageObject\",\"inLanguage\":\"fi\",\"@id\":\"https:\\\/\\\/aktialiiga.fi\\\/naiset\\\/2015-2016\\\/ennakot-2015-2016\\\/karkikamppailu-hifk-dicken-keskiviikon-helmena\\\/#primaryimage\",\"url\":\"https:\\\/\\\/aktialiiga.fi\\\/naiset\\\/wp-content\\\/uploads\\\/sites\\\/6\\\/2015\\\/04\\\/Dicken-HIFK_peli_1415d.jpg\",\"contentUrl\":\"https:\\\/\\\/aktialiiga.fi\\\/naiset\\\/wp-content\\\/uploads\\\/sites\\\/6\\\/2015\\\/04\\\/Dicken-HIFK_peli_1415d.jpg\",\"width\":640,\"height\":362},{\"@type\":\"BreadcrumbList\",\"@id\":\"https:\\\/\\\/aktialiiga.fi\\\/naiset\\\/2015-2016\\\/ennakot-2015-2016\\\/karkikamppailu-hifk-dicken-keskiviikon-helmena\\\/#breadcrumb\",\"itemListElement\":[{\"@type\":\"ListItem\",\"position\":1,\"name\":\"Etusivu\",\"item\":\"https:\\\/\\\/aktialiiga.fi\\\/naiset\\\/\"},{\"@type\":\"ListItem\",\"position\":2,\"name\":\"K\u00e4rkikamppailu HIFK-Dicken keskiviikon helmen\u00e4\"}]},{\"@type\":\"WebSite\",\"@id\":\"https:\\\/\\\/aktialiiga.fi\\\/naiset\\\/#website\",\"url\":\"https:\\\/\\\/aktialiiga.fi\\\/naiset\\\/\",\"name\":\"K\u00e4sipallon naisten Aktialiiga\",\"description\":\"Valtakunnan vauhdikkainta palloilua!\",\"publisher\":{\"@id\":\"https:\\\/\\\/aktialiiga.fi\\\/naiset\\\/#organization\"},\"potentialAction\":[{\"@type\":\"SearchAction\",\"target\":{\"@type\":\"EntryPoint\",\"urlTemplate\":\"https:\\\/\\\/aktialiiga.fi\\\/naiset\\\/?s={search_term_string}\"},\"query-input\":{\"@type\":\"PropertyValueSpecification\",\"valueRequired\":true,\"valueName\":\"search_term_string\"}}],\"inLanguage\":\"fi\"},{\"@type\":\"Organization\",\"@id\":\"https:\\\/\\\/aktialiiga.fi\\\/naiset\\\/#organization\",\"name\":\"K\u00e4sipallon naisten Aktialiiga\",\"url\":\"https:\\\/\\\/aktialiiga.fi\\\/naiset\\\/\",\"logo\":{\"@type\":\"ImageObject\",\"inLanguage\":\"fi\",\"@id\":\"https:\\\/\\\/aktialiiga.fi\\\/naiset\\\/#\\\/schema\\\/logo\\\/image\\\/\",\"url\":\"https:\\\/\\\/aktialiiga.fi\\\/naiset\\\/wp-content\\\/uploads\\\/sites\\\/6\\\/2024\\\/09\\\/Aktialiiga-Yoast-512.png\",\"contentUrl\":\"https:\\\/\\\/aktialiiga.fi\\\/naiset\\\/wp-content\\\/uploads\\\/sites\\\/6\\\/2024\\\/09\\\/Aktialiiga-Yoast-512.png\",\"width\":512,\"height\":512,\"caption\":\"K\u00e4sipallon naisten Aktialiiga\"},\"image\":{\"@id\":\"https:\\\/\\\/aktialiiga.fi\\\/naiset\\\/#\\\/schema\\\/logo\\\/image\\\/\"},\"sameAs\":[\"https:\\\/\\\/www.facebook.com\\\/finnhandball\",\"https:\\\/\\\/x.com\\\/finnhandball\",\"https:\\\/\\\/www.instagram.com\\\/handballfinland\\\/\"]},{\"@type\":\"Person\",\"@id\":\"https:\\\/\\\/aktialiiga.fi\\\/naiset\\\/#\\\/schema\\\/person\\\/c14bf42f47041db74603c45afcb18d87\",\"name\":\"tbrmedia\",\"image\":{\"@type\":\"ImageObject\",\"inLanguage\":\"fi\",\"@id\":\"https:\\\/\\\/secure.gravatar.com\\\/avatar\\\/ee975fa091fe581d12b60debb3439022686618368a7c142044c56724d4666b16?s=96&d=mm&r=g\",\"url\":\"https:\\\/\\\/secure.gravatar.com\\\/avatar\\\/ee975fa091fe581d12b60debb3439022686618368a7c142044c56724d4666b16?s=96&d=mm&r=g\",\"contentUrl\":\"https:\\\/\\\/secure.gravatar.com\\\/avatar\\\/ee975fa091fe581d12b60debb3439022686618368a7c142044c56724d4666b16?s=96&d=mm&r=g\",\"caption\":\"tbrmedia\"}}]}<\/script>\n<!-- \/ Yoast SEO plugin. -->","yoast_head_json":{"title":"K\u00e4rkikamppailu HIFK-Dicken keskiviikon helmen\u00e4 | K\u00e4sipallon naisten Aktialiiga","robots":{"index":"index","follow":"follow","max-snippet":"max-snippet:-1","max-image-preview":"max-image-preview:large","max-video-preview":"max-video-preview:-1"},"canonical":"https:\/\/aktialiiga.fi\/naiset\/2015-2016\/ennakot-2015-2016\/karkikamppailu-hifk-dicken-keskiviikon-helmena\/","og_locale":"fi_FI","og_type":"article","og_title":"K\u00e4rkikamppailu HIFK-Dicken keskiviikon helmen\u00e4 | K\u00e4sipallon naisten Aktialiiga","og_description":"Viime kauden finalistit ja nytkin sarjataulukon kahta k\u00e4rkisijaa hallussaan pit\u00e4v\u00e4t HIFK ja Dicken iskev\u00e4t toistamiseen t\u00e4ll\u00e4 kaudella yhteen keskiviikkona. Dicken voitti ensimm\u00e4isen kohtaamisen Pirkkolassa kahdella maalilla 28-26. Tuo ottelu oli HIFK:n k\u00e4siss\u00e4 viel\u00e4 kymmenen minuuttia ennen loppua, mutta Dicken teki loppukirin ja v\u00e4\u00e4nsi v\u00e4kisin voittoon. Dicken on edelleen kuluvalla kaudella pistemenetyksitt\u00e4, kun HIFK on k\u00e4rsinyt [&hellip;]","og_url":"https:\/\/aktialiiga.fi\/naiset\/2015-2016\/ennakot-2015-2016\/karkikamppailu-hifk-dicken-keskiviikon-helmena\/","og_site_name":"K\u00e4sipallon naisten Aktialiiga","article_publisher":"https:\/\/www.facebook.com\/finnhandball","article_published_time":"2015-12-08T16:38:39+00:00","article_modified_time":"2024-08-28T15:29:44+00:00","og_image":[{"width":640,"height":362,"url":"https:\/\/aktialiiga.fi\/naiset\/wp-content\/uploads\/sites\/6\/2015\/04\/Dicken-HIFK_peli_1415d.jpg","type":"image\/jpeg"}],"author":"tbrmedia","twitter_card":"summary_large_image","twitter_creator":"@finnhandball","twitter_site":"@finnhandball","schema":{"@context":"https:\/\/schema.org","@graph":[{"@type":"Article","@id":"https:\/\/aktialiiga.fi\/naiset\/2015-2016\/ennakot-2015-2016\/karkikamppailu-hifk-dicken-keskiviikon-helmena\/#article","isPartOf":{"@id":"https:\/\/aktialiiga.fi\/naiset\/2015-2016\/ennakot-2015-2016\/karkikamppailu-hifk-dicken-keskiviikon-helmena\/"},"author":{"name":"tbrmedia","@id":"https:\/\/aktialiiga.fi\/naiset\/#\/schema\/person\/c14bf42f47041db74603c45afcb18d87"},"headline":"K\u00e4rkikamppailu HIFK-Dicken keskiviikon helmen\u00e4","datePublished":"2015-12-08T16:38:39+00:00","dateModified":"2024-08-28T15:29:44+00:00","mainEntityOfPage":{"@id":"https:\/\/aktialiiga.fi\/naiset\/2015-2016\/ennakot-2015-2016\/karkikamppailu-hifk-dicken-keskiviikon-helmena\/"},"wordCount":209,"publisher":{"@id":"https:\/\/aktialiiga.fi\/naiset\/#organization"},"image":{"@id":"https:\/\/aktialiiga.fi\/naiset\/2015-2016\/ennakot-2015-2016\/karkikamppailu-hifk-dicken-keskiviikon-helmena\/#primaryimage"},"thumbnailUrl":"https:\/\/aktialiiga.fi\/naiset\/wp-content\/uploads\/sites\/6\/2015\/04\/Dicken-HIFK_peli_1415d.jpg","keywords":["Dicken","HIFK"],"articleSection":["Ennakot"],"inLanguage":"fi"},{"@type":"WebPage","@id":"https:\/\/aktialiiga.fi\/naiset\/2015-2016\/ennakot-2015-2016\/karkikamppailu-hifk-dicken-keskiviikon-helmena\/","url":"https:\/\/aktialiiga.fi\/naiset\/2015-2016\/ennakot-2015-2016\/karkikamppailu-hifk-dicken-keskiviikon-helmena\/","name":"K\u00e4rkikamppailu HIFK-Dicken keskiviikon helmen\u00e4 | K\u00e4sipallon naisten Aktialiiga","isPartOf":{"@id":"https:\/\/aktialiiga.fi\/naiset\/#website"},"primaryImageOfPage":{"@id":"https:\/\/aktialiiga.fi\/naiset\/2015-2016\/ennakot-2015-2016\/karkikamppailu-hifk-dicken-keskiviikon-helmena\/#primaryimage"},"image":{"@id":"https:\/\/aktialiiga.fi\/naiset\/2015-2016\/ennakot-2015-2016\/karkikamppailu-hifk-dicken-keskiviikon-helmena\/#primaryimage"},"thumbnailUrl":"https:\/\/aktialiiga.fi\/naiset\/wp-content\/uploads\/sites\/6\/2015\/04\/Dicken-HIFK_peli_1415d.jpg","datePublished":"2015-12-08T16:38:39+00:00","dateModified":"2024-08-28T15:29:44+00:00","breadcrumb":{"@id":"https:\/\/aktialiiga.fi\/naiset\/2015-2016\/ennakot-2015-2016\/karkikamppailu-hifk-dicken-keskiviikon-helmena\/#breadcrumb"},"inLanguage":"fi","potentialAction":[{"@type":"ReadAction","target":["https:\/\/aktialiiga.fi\/naiset\/2015-2016\/ennakot-2015-2016\/karkikamppailu-hifk-dicken-keskiviikon-helmena\/"]}]},{"@type":"ImageObject","inLanguage":"fi","@id":"https:\/\/aktialiiga.fi\/naiset\/2015-2016\/ennakot-2015-2016\/karkikamppailu-hifk-dicken-keskiviikon-helmena\/#primaryimage","url":"https:\/\/aktialiiga.fi\/naiset\/wp-content\/uploads\/sites\/6\/2015\/04\/Dicken-HIFK_peli_1415d.jpg","contentUrl":"https:\/\/aktialiiga.fi\/naiset\/wp-content\/uploads\/sites\/6\/2015\/04\/Dicken-HIFK_peli_1415d.jpg","width":640,"height":362},{"@type":"BreadcrumbList","@id":"https:\/\/aktialiiga.fi\/naiset\/2015-2016\/ennakot-2015-2016\/karkikamppailu-hifk-dicken-keskiviikon-helmena\/#breadcrumb","itemListElement":[{"@type":"ListItem","position":1,"name":"Etusivu","item":"https:\/\/aktialiiga.fi\/naiset\/"},{"@type":"ListItem","position":2,"name":"K\u00e4rkikamppailu HIFK-Dicken keskiviikon helmen\u00e4"}]},{"@type":"WebSite","@id":"https:\/\/aktialiiga.fi\/naiset\/#website","url":"https:\/\/aktialiiga.fi\/naiset\/","name":"K\u00e4sipallon naisten Aktialiiga","description":"Valtakunnan vauhdikkainta palloilua!","publisher":{"@id":"https:\/\/aktialiiga.fi\/naiset\/#organization"},"potentialAction":[{"@type":"SearchAction","target":{"@type":"EntryPoint","urlTemplate":"https:\/\/aktialiiga.fi\/naiset\/?s={search_term_string}"},"query-input":{"@type":"PropertyValueSpecification","valueRequired":true,"valueName":"search_term_string"}}],"inLanguage":"fi"},{"@type":"Organization","@id":"https:\/\/aktialiiga.fi\/naiset\/#organization","name":"K\u00e4sipallon naisten Aktialiiga","url":"https:\/\/aktialiiga.fi\/naiset\/","logo":{"@type":"ImageObject","inLanguage":"fi","@id":"https:\/\/aktialiiga.fi\/naiset\/#\/schema\/logo\/image\/","url":"https:\/\/aktialiiga.fi\/naiset\/wp-content\/uploads\/sites\/6\/2024\/09\/Aktialiiga-Yoast-512.png","contentUrl":"https:\/\/aktialiiga.fi\/naiset\/wp-content\/uploads\/sites\/6\/2024\/09\/Aktialiiga-Yoast-512.png","width":512,"height":512,"caption":"K\u00e4sipallon naisten Aktialiiga"},"image":{"@id":"https:\/\/aktialiiga.fi\/naiset\/#\/schema\/logo\/image\/"},"sameAs":["https:\/\/www.facebook.com\/finnhandball","https:\/\/x.com\/finnhandball","https:\/\/www.instagram.com\/handballfinland\/"]},{"@type":"Person","@id":"https:\/\/aktialiiga.fi\/naiset\/#\/schema\/person\/c14bf42f47041db74603c45afcb18d87","name":"tbrmedia","image":{"@type":"ImageObject","inLanguage":"fi","@id":"https:\/\/secure.gravatar.com\/avatar\/ee975fa091fe581d12b60debb3439022686618368a7c142044c56724d4666b16?s=96&d=mm&r=g","url":"https:\/\/secure.gravatar.com\/avatar\/ee975fa091fe581d12b60debb3439022686618368a7c142044c56724d4666b16?s=96&d=mm&r=g","contentUrl":"https:\/\/secure.gravatar.com\/avatar\/ee975fa091fe581d12b60debb3439022686618368a7c142044c56724d4666b16?s=96&d=mm&r=g","caption":"tbrmedia"}}]}},"jetpack_featured_media_url":"https:\/\/aktialiiga.fi\/naiset\/wp-content\/uploads\/sites\/6\/2015\/04\/Dicken-HIFK_peli_1415d.jpg","jetpack_sharing_enabled":true,"jetpack_shortlink":"https:\/\/wp.me\/pfYhm6-1LX","_links":{"self":[{"href":"https:\/\/aktialiiga.fi\/naiset\/wp-json\/wp\/v2\/posts\/6817","targetHints":{"allow":["GET"]}}],"collection":[{"href":"https:\/\/aktialiiga.fi\/naiset\/wp-json\/wp\/v2\/posts"}],"about":[{"href":"https:\/\/aktialiiga.fi\/naiset\/wp-json\/wp\/v2\/types\/post"}],"author":[{"embeddable":true,"href":"https:\/\/aktialiiga.fi\/naiset\/wp-json\/wp\/v2\/users\/13"}],"replies":[{"embeddable":true,"href":"https:\/\/aktialiiga.fi\/naiset\/wp-json\/wp\/v2\/comments?post=6817"}],"version-history":[{"count":1,"href":"https:\/\/aktialiiga.fi\/naiset\/wp-json\/wp\/v2\/posts\/6817\/revisions"}],"predecessor-version":[{"id":39016,"href":"https:\/\/aktialiiga.fi\/naiset\/wp-json\/wp\/v2\/posts\/6817\/revisions\/39016"}],"wp:featuredmedia":[{"embeddable":true,"href":"https:\/\/aktialiiga.fi\/naiset\/wp-json\/wp\/v2\/media\/6090"}],"wp:attachment":[{"href":"https:\/\/aktialiiga.fi\/naiset\/wp-json\/wp\/v2\/media?parent=6817"}],"wp:term":[{"taxonomy":"category","embeddable":true,"href":"https:\/\/aktialiiga.fi\/naiset\/wp-json\/wp\/v2\/categories?post=6817"},{"taxonomy":"post_tag","embeddable":true,"href":"https:\/\/aktialiiga.fi\/naiset\/wp-json\/wp\/v2\/tags?post=6817"}],"curies":[{"name":"wp","href":"https:\/\/api.w.org\/{rel}","templated":true}]}}