{"id":6819,"date":"2015-12-08T19:40:05","date_gmt":"2015-12-08T17:40:05","guid":{"rendered":"https:\/\/aktialiiga.fi\/naiset\/?p=6819"},"modified":"2024-08-28T18:29:43","modified_gmt":"2024-08-28T15:29:43","slug":"grifk-pirkkolaan-haastamaan-spartaa","status":"publish","type":"post","link":"https:\/\/aktialiiga.fi\/naiset\/2015-2016\/ennakot-2015-2016\/grifk-pirkkolaan-haastamaan-spartaa\/","title":{"rendered":"GrIFK Pirkkolaan haastamaan Spartaa"},"content":{"rendered":"<p>Sparta ja GrIFK kohtaavat keskiviikon SM-sarjan iltaottelussa Pirkkolassa ja tarjolla on kummallekin t\u00e4rke\u00e4t pisteet.<\/p>\n<p>Vahvasti kauden aloittanut nousijajoukkue Grani l\u00e4htee keskiviikon otteluun nelj\u00e4n ottelun tappioputkessa, mutta toisaalta joukkue on saanut hioa kuvioitaan kuntoon rauhassa, kun takana on l\u00e4hes nelj\u00e4n viikon ottelutauko.<\/p>\n<p>Sparta puolestaan sai alkukauden j\u00e4lkeen kuvionsa kuntoon ja eteni mukavassa voittoputkessa. Edellisist\u00e4 kahdesta L\u00e4nsi-Uudenmaan vierailusta tuloksena oli kuitenkin vain yksi piste. Nyt Spartalla on my\u00f6s revanssin paikka, sill\u00e4 vajaa kaksi kuukautta sitten Grani vei vastaavassa ottelussa pisteet matkaansa Pirkkolasta kahden maalin voitolla.<\/p>\n<p>Spartan puolustus on kaikkineen ollut alkukaudesta vieraita selv\u00e4sti tiiviimpi. Maalivahti Suvi Erhovaara viimeisen\u00e4 lukkonaan Spartan puolustus on pit\u00e4nyt vastustajat keskim\u00e4\u00e4rin vain hiukan yli 22 maalissa, kun Granilla p\u00e4\u00e4stettyjen maalien keskiarvo on yli 26:n.<\/p>\n<p>Ottelu Pirkkolassa alkaa keskiviikkona kello 20.45.<\/p>\n","protected":false},"excerpt":{"rendered":"<p>Sparta ja GrIFK kohtaavat keskiviikon SM-sarjan iltaottelussa Pirkkolassa ja tarjolla on kummallekin t\u00e4rke\u00e4t pisteet. Vahvasti kauden aloittanut nousijajoukkue Grani l\u00e4htee keskiviikon otteluun nelj\u00e4n ottelun tappioputkessa, mutta toisaalta joukkue on saanut hioa kuvioitaan kuntoon rauhassa, kun takana on l\u00e4hes nelj\u00e4n viikon ottelutauko. Sparta puolestaan sai alkukauden j\u00e4lkeen kuvionsa kuntoon ja eteni mukavassa voittoputkessa. Edellisist\u00e4 kahdesta L\u00e4nsi-Uudenmaan [&hellip;]<\/p>\n","protected":false},"author":13,"featured_media":6600,"comment_status":"closed","ping_status":"closed","sticky":false,"template":"","format":"standard","meta":{"_acf_changed":false,"jetpack_post_was_ever_published":false,"_jetpack_newsletter_access":"","_jetpack_dont_email_post_to_subs":false,"_jetpack_newsletter_tier_id":0,"_jetpack_memberships_contains_paywalled_content":false,"_jetpack_memberships_contains_paid_content":false,"footnotes":""},"categories":[37],"tags":[57,84],"class_list":["post-6819","post","type-post","status-publish","format-standard","has-post-thumbnail","hentry","category-ennakot-2015-2016","tag-grifk","tag-sparta"],"acf":[],"yoast_head":"<!-- This site is optimized with the Yoast SEO plugin v27.5 - https:\/\/yoast.com\/product\/yoast-seo-wordpress\/ -->\n<title>GrIFK Pirkkolaan haastamaan Spartaa | K\u00e4sipallon naisten Aktialiiga<\/title>\n<meta name=\"robots\" content=\"index, follow, max-snippet:-1, max-image-preview:large, max-video-preview:-1\" \/>\n<link rel=\"canonical\" href=\"https:\/\/aktialiiga.fi\/naiset\/2015-2016\/ennakot-2015-2016\/grifk-pirkkolaan-haastamaan-spartaa\/\" \/>\n<meta property=\"og:locale\" content=\"fi_FI\" \/>\n<meta property=\"og:type\" content=\"article\" \/>\n<meta property=\"og:title\" content=\"GrIFK Pirkkolaan haastamaan Spartaa | K\u00e4sipallon naisten Aktialiiga\" \/>\n<meta property=\"og:description\" content=\"Sparta ja GrIFK kohtaavat keskiviikon SM-sarjan iltaottelussa Pirkkolassa ja tarjolla on kummallekin t\u00e4rke\u00e4t pisteet. Vahvasti kauden aloittanut nousijajoukkue Grani l\u00e4htee keskiviikon otteluun nelj\u00e4n ottelun tappioputkessa, mutta toisaalta joukkue on saanut hioa kuvioitaan kuntoon rauhassa, kun takana on l\u00e4hes nelj\u00e4n viikon ottelutauko. Sparta puolestaan sai alkukauden j\u00e4lkeen kuvionsa kuntoon ja eteni mukavassa voittoputkessa. Edellisist\u00e4 kahdesta L\u00e4nsi-Uudenmaan [&hellip;]\" \/>\n<meta property=\"og:url\" content=\"https:\/\/aktialiiga.fi\/naiset\/2015-2016\/ennakot-2015-2016\/grifk-pirkkolaan-haastamaan-spartaa\/\" \/>\n<meta property=\"og:site_name\" content=\"K\u00e4sipallon naisten Aktialiiga\" \/>\n<meta property=\"article:publisher\" content=\"https:\/\/www.facebook.com\/finnhandball\" \/>\n<meta property=\"article:published_time\" content=\"2015-12-08T17:40:05+00:00\" \/>\n<meta property=\"article:modified_time\" content=\"2024-08-28T15:29:43+00:00\" \/>\n<meta property=\"og:image\" content=\"https:\/\/aktialiiga.fi\/naiset\/wp-content\/uploads\/sites\/6\/2015\/10\/Sparta_pelaajia_1516a.jpg\" \/>\n\t<meta property=\"og:image:width\" content=\"640\" \/>\n\t<meta property=\"og:image:height\" content=\"360\" \/>\n\t<meta property=\"og:image:type\" content=\"image\/jpeg\" \/>\n<meta name=\"author\" content=\"tbrmedia\" \/>\n<meta name=\"twitter:card\" content=\"summary_large_image\" \/>\n<meta name=\"twitter:creator\" content=\"@finnhandball\" \/>\n<meta name=\"twitter:site\" content=\"@finnhandball\" \/>\n<script type=\"application\/ld+json\" class=\"yoast-schema-graph\">{\"@context\":\"https:\\\/\\\/schema.org\",\"@graph\":[{\"@type\":\"Article\",\"@id\":\"https:\\\/\\\/aktialiiga.fi\\\/naiset\\\/2015-2016\\\/ennakot-2015-2016\\\/grifk-pirkkolaan-haastamaan-spartaa\\\/#article\",\"isPartOf\":{\"@id\":\"https:\\\/\\\/aktialiiga.fi\\\/naiset\\\/2015-2016\\\/ennakot-2015-2016\\\/grifk-pirkkolaan-haastamaan-spartaa\\\/\"},\"author\":{\"name\":\"tbrmedia\",\"@id\":\"https:\\\/\\\/aktialiiga.fi\\\/naiset\\\/#\\\/schema\\\/person\\\/c14bf42f47041db74603c45afcb18d87\"},\"headline\":\"GrIFK Pirkkolaan haastamaan Spartaa\",\"datePublished\":\"2015-12-08T17:40:05+00:00\",\"dateModified\":\"2024-08-28T15:29:43+00:00\",\"mainEntityOfPage\":{\"@id\":\"https:\\\/\\\/aktialiiga.fi\\\/naiset\\\/2015-2016\\\/ennakot-2015-2016\\\/grifk-pirkkolaan-haastamaan-spartaa\\\/\"},\"wordCount\":137,\"publisher\":{\"@id\":\"https:\\\/\\\/aktialiiga.fi\\\/naiset\\\/#organization\"},\"image\":{\"@id\":\"https:\\\/\\\/aktialiiga.fi\\\/naiset\\\/2015-2016\\\/ennakot-2015-2016\\\/grifk-pirkkolaan-haastamaan-spartaa\\\/#primaryimage\"},\"thumbnailUrl\":\"https:\\\/\\\/aktialiiga.fi\\\/naiset\\\/wp-content\\\/uploads\\\/sites\\\/6\\\/2015\\\/10\\\/Sparta_pelaajia_1516a.jpg\",\"keywords\":[\"GrIFK\",\"Sparta\"],\"articleSection\":[\"Ennakot\"],\"inLanguage\":\"fi\"},{\"@type\":\"WebPage\",\"@id\":\"https:\\\/\\\/aktialiiga.fi\\\/naiset\\\/2015-2016\\\/ennakot-2015-2016\\\/grifk-pirkkolaan-haastamaan-spartaa\\\/\",\"url\":\"https:\\\/\\\/aktialiiga.fi\\\/naiset\\\/2015-2016\\\/ennakot-2015-2016\\\/grifk-pirkkolaan-haastamaan-spartaa\\\/\",\"name\":\"GrIFK Pirkkolaan haastamaan Spartaa | K\u00e4sipallon naisten Aktialiiga\",\"isPartOf\":{\"@id\":\"https:\\\/\\\/aktialiiga.fi\\\/naiset\\\/#website\"},\"primaryImageOfPage\":{\"@id\":\"https:\\\/\\\/aktialiiga.fi\\\/naiset\\\/2015-2016\\\/ennakot-2015-2016\\\/grifk-pirkkolaan-haastamaan-spartaa\\\/#primaryimage\"},\"image\":{\"@id\":\"https:\\\/\\\/aktialiiga.fi\\\/naiset\\\/2015-2016\\\/ennakot-2015-2016\\\/grifk-pirkkolaan-haastamaan-spartaa\\\/#primaryimage\"},\"thumbnailUrl\":\"https:\\\/\\\/aktialiiga.fi\\\/naiset\\\/wp-content\\\/uploads\\\/sites\\\/6\\\/2015\\\/10\\\/Sparta_pelaajia_1516a.jpg\",\"datePublished\":\"2015-12-08T17:40:05+00:00\",\"dateModified\":\"2024-08-28T15:29:43+00:00\",\"breadcrumb\":{\"@id\":\"https:\\\/\\\/aktialiiga.fi\\\/naiset\\\/2015-2016\\\/ennakot-2015-2016\\\/grifk-pirkkolaan-haastamaan-spartaa\\\/#breadcrumb\"},\"inLanguage\":\"fi\",\"potentialAction\":[{\"@type\":\"ReadAction\",\"target\":[\"https:\\\/\\\/aktialiiga.fi\\\/naiset\\\/2015-2016\\\/ennakot-2015-2016\\\/grifk-pirkkolaan-haastamaan-spartaa\\\/\"]}]},{\"@type\":\"ImageObject\",\"inLanguage\":\"fi\",\"@id\":\"https:\\\/\\\/aktialiiga.fi\\\/naiset\\\/2015-2016\\\/ennakot-2015-2016\\\/grifk-pirkkolaan-haastamaan-spartaa\\\/#primaryimage\",\"url\":\"https:\\\/\\\/aktialiiga.fi\\\/naiset\\\/wp-content\\\/uploads\\\/sites\\\/6\\\/2015\\\/10\\\/Sparta_pelaajia_1516a.jpg\",\"contentUrl\":\"https:\\\/\\\/aktialiiga.fi\\\/naiset\\\/wp-content\\\/uploads\\\/sites\\\/6\\\/2015\\\/10\\\/Sparta_pelaajia_1516a.jpg\",\"width\":640,\"height\":360},{\"@type\":\"BreadcrumbList\",\"@id\":\"https:\\\/\\\/aktialiiga.fi\\\/naiset\\\/2015-2016\\\/ennakot-2015-2016\\\/grifk-pirkkolaan-haastamaan-spartaa\\\/#breadcrumb\",\"itemListElement\":[{\"@type\":\"ListItem\",\"position\":1,\"name\":\"Etusivu\",\"item\":\"https:\\\/\\\/aktialiiga.fi\\\/naiset\\\/\"},{\"@type\":\"ListItem\",\"position\":2,\"name\":\"GrIFK Pirkkolaan haastamaan Spartaa\"}]},{\"@type\":\"WebSite\",\"@id\":\"https:\\\/\\\/aktialiiga.fi\\\/naiset\\\/#website\",\"url\":\"https:\\\/\\\/aktialiiga.fi\\\/naiset\\\/\",\"name\":\"K\u00e4sipallon naisten Aktialiiga\",\"description\":\"Valtakunnan vauhdikkainta palloilua!\",\"publisher\":{\"@id\":\"https:\\\/\\\/aktialiiga.fi\\\/naiset\\\/#organization\"},\"potentialAction\":[{\"@type\":\"SearchAction\",\"target\":{\"@type\":\"EntryPoint\",\"urlTemplate\":\"https:\\\/\\\/aktialiiga.fi\\\/naiset\\\/?s={search_term_string}\"},\"query-input\":{\"@type\":\"PropertyValueSpecification\",\"valueRequired\":true,\"valueName\":\"search_term_string\"}}],\"inLanguage\":\"fi\"},{\"@type\":\"Organization\",\"@id\":\"https:\\\/\\\/aktialiiga.fi\\\/naiset\\\/#organization\",\"name\":\"K\u00e4sipallon naisten Aktialiiga\",\"url\":\"https:\\\/\\\/aktialiiga.fi\\\/naiset\\\/\",\"logo\":{\"@type\":\"ImageObject\",\"inLanguage\":\"fi\",\"@id\":\"https:\\\/\\\/aktialiiga.fi\\\/naiset\\\/#\\\/schema\\\/logo\\\/image\\\/\",\"url\":\"https:\\\/\\\/aktialiiga.fi\\\/naiset\\\/wp-content\\\/uploads\\\/sites\\\/6\\\/2024\\\/09\\\/Aktialiiga-Yoast-512.png\",\"contentUrl\":\"https:\\\/\\\/aktialiiga.fi\\\/naiset\\\/wp-content\\\/uploads\\\/sites\\\/6\\\/2024\\\/09\\\/Aktialiiga-Yoast-512.png\",\"width\":512,\"height\":512,\"caption\":\"K\u00e4sipallon naisten Aktialiiga\"},\"image\":{\"@id\":\"https:\\\/\\\/aktialiiga.fi\\\/naiset\\\/#\\\/schema\\\/logo\\\/image\\\/\"},\"sameAs\":[\"https:\\\/\\\/www.facebook.com\\\/finnhandball\",\"https:\\\/\\\/x.com\\\/finnhandball\",\"https:\\\/\\\/www.instagram.com\\\/handballfinland\\\/\"]},{\"@type\":\"Person\",\"@id\":\"https:\\\/\\\/aktialiiga.fi\\\/naiset\\\/#\\\/schema\\\/person\\\/c14bf42f47041db74603c45afcb18d87\",\"name\":\"tbrmedia\",\"image\":{\"@type\":\"ImageObject\",\"inLanguage\":\"fi\",\"@id\":\"https:\\\/\\\/secure.gravatar.com\\\/avatar\\\/ee975fa091fe581d12b60debb3439022686618368a7c142044c56724d4666b16?s=96&d=mm&r=g\",\"url\":\"https:\\\/\\\/secure.gravatar.com\\\/avatar\\\/ee975fa091fe581d12b60debb3439022686618368a7c142044c56724d4666b16?s=96&d=mm&r=g\",\"contentUrl\":\"https:\\\/\\\/secure.gravatar.com\\\/avatar\\\/ee975fa091fe581d12b60debb3439022686618368a7c142044c56724d4666b16?s=96&d=mm&r=g\",\"caption\":\"tbrmedia\"}}]}<\/script>\n<!-- \/ Yoast SEO plugin. -->","yoast_head_json":{"title":"GrIFK Pirkkolaan haastamaan Spartaa | K\u00e4sipallon naisten Aktialiiga","robots":{"index":"index","follow":"follow","max-snippet":"max-snippet:-1","max-image-preview":"max-image-preview:large","max-video-preview":"max-video-preview:-1"},"canonical":"https:\/\/aktialiiga.fi\/naiset\/2015-2016\/ennakot-2015-2016\/grifk-pirkkolaan-haastamaan-spartaa\/","og_locale":"fi_FI","og_type":"article","og_title":"GrIFK Pirkkolaan haastamaan Spartaa | K\u00e4sipallon naisten Aktialiiga","og_description":"Sparta ja GrIFK kohtaavat keskiviikon SM-sarjan iltaottelussa Pirkkolassa ja tarjolla on kummallekin t\u00e4rke\u00e4t pisteet. Vahvasti kauden aloittanut nousijajoukkue Grani l\u00e4htee keskiviikon otteluun nelj\u00e4n ottelun tappioputkessa, mutta toisaalta joukkue on saanut hioa kuvioitaan kuntoon rauhassa, kun takana on l\u00e4hes nelj\u00e4n viikon ottelutauko. Sparta puolestaan sai alkukauden j\u00e4lkeen kuvionsa kuntoon ja eteni mukavassa voittoputkessa. Edellisist\u00e4 kahdesta L\u00e4nsi-Uudenmaan [&hellip;]","og_url":"https:\/\/aktialiiga.fi\/naiset\/2015-2016\/ennakot-2015-2016\/grifk-pirkkolaan-haastamaan-spartaa\/","og_site_name":"K\u00e4sipallon naisten Aktialiiga","article_publisher":"https:\/\/www.facebook.com\/finnhandball","article_published_time":"2015-12-08T17:40:05+00:00","article_modified_time":"2024-08-28T15:29:43+00:00","og_image":[{"width":640,"height":360,"url":"https:\/\/aktialiiga.fi\/naiset\/wp-content\/uploads\/sites\/6\/2015\/10\/Sparta_pelaajia_1516a.jpg","type":"image\/jpeg"}],"author":"tbrmedia","twitter_card":"summary_large_image","twitter_creator":"@finnhandball","twitter_site":"@finnhandball","schema":{"@context":"https:\/\/schema.org","@graph":[{"@type":"Article","@id":"https:\/\/aktialiiga.fi\/naiset\/2015-2016\/ennakot-2015-2016\/grifk-pirkkolaan-haastamaan-spartaa\/#article","isPartOf":{"@id":"https:\/\/aktialiiga.fi\/naiset\/2015-2016\/ennakot-2015-2016\/grifk-pirkkolaan-haastamaan-spartaa\/"},"author":{"name":"tbrmedia","@id":"https:\/\/aktialiiga.fi\/naiset\/#\/schema\/person\/c14bf42f47041db74603c45afcb18d87"},"headline":"GrIFK Pirkkolaan haastamaan Spartaa","datePublished":"2015-12-08T17:40:05+00:00","dateModified":"2024-08-28T15:29:43+00:00","mainEntityOfPage":{"@id":"https:\/\/aktialiiga.fi\/naiset\/2015-2016\/ennakot-2015-2016\/grifk-pirkkolaan-haastamaan-spartaa\/"},"wordCount":137,"publisher":{"@id":"https:\/\/aktialiiga.fi\/naiset\/#organization"},"image":{"@id":"https:\/\/aktialiiga.fi\/naiset\/2015-2016\/ennakot-2015-2016\/grifk-pirkkolaan-haastamaan-spartaa\/#primaryimage"},"thumbnailUrl":"https:\/\/aktialiiga.fi\/naiset\/wp-content\/uploads\/sites\/6\/2015\/10\/Sparta_pelaajia_1516a.jpg","keywords":["GrIFK","Sparta"],"articleSection":["Ennakot"],"inLanguage":"fi"},{"@type":"WebPage","@id":"https:\/\/aktialiiga.fi\/naiset\/2015-2016\/ennakot-2015-2016\/grifk-pirkkolaan-haastamaan-spartaa\/","url":"https:\/\/aktialiiga.fi\/naiset\/2015-2016\/ennakot-2015-2016\/grifk-pirkkolaan-haastamaan-spartaa\/","name":"GrIFK Pirkkolaan haastamaan Spartaa | K\u00e4sipallon naisten Aktialiiga","isPartOf":{"@id":"https:\/\/aktialiiga.fi\/naiset\/#website"},"primaryImageOfPage":{"@id":"https:\/\/aktialiiga.fi\/naiset\/2015-2016\/ennakot-2015-2016\/grifk-pirkkolaan-haastamaan-spartaa\/#primaryimage"},"image":{"@id":"https:\/\/aktialiiga.fi\/naiset\/2015-2016\/ennakot-2015-2016\/grifk-pirkkolaan-haastamaan-spartaa\/#primaryimage"},"thumbnailUrl":"https:\/\/aktialiiga.fi\/naiset\/wp-content\/uploads\/sites\/6\/2015\/10\/Sparta_pelaajia_1516a.jpg","datePublished":"2015-12-08T17:40:05+00:00","dateModified":"2024-08-28T15:29:43+00:00","breadcrumb":{"@id":"https:\/\/aktialiiga.fi\/naiset\/2015-2016\/ennakot-2015-2016\/grifk-pirkkolaan-haastamaan-spartaa\/#breadcrumb"},"inLanguage":"fi","potentialAction":[{"@type":"ReadAction","target":["https:\/\/aktialiiga.fi\/naiset\/2015-2016\/ennakot-2015-2016\/grifk-pirkkolaan-haastamaan-spartaa\/"]}]},{"@type":"ImageObject","inLanguage":"fi","@id":"https:\/\/aktialiiga.fi\/naiset\/2015-2016\/ennakot-2015-2016\/grifk-pirkkolaan-haastamaan-spartaa\/#primaryimage","url":"https:\/\/aktialiiga.fi\/naiset\/wp-content\/uploads\/sites\/6\/2015\/10\/Sparta_pelaajia_1516a.jpg","contentUrl":"https:\/\/aktialiiga.fi\/naiset\/wp-content\/uploads\/sites\/6\/2015\/10\/Sparta_pelaajia_1516a.jpg","width":640,"height":360},{"@type":"BreadcrumbList","@id":"https:\/\/aktialiiga.fi\/naiset\/2015-2016\/ennakot-2015-2016\/grifk-pirkkolaan-haastamaan-spartaa\/#breadcrumb","itemListElement":[{"@type":"ListItem","position":1,"name":"Etusivu","item":"https:\/\/aktialiiga.fi\/naiset\/"},{"@type":"ListItem","position":2,"name":"GrIFK Pirkkolaan haastamaan Spartaa"}]},{"@type":"WebSite","@id":"https:\/\/aktialiiga.fi\/naiset\/#website","url":"https:\/\/aktialiiga.fi\/naiset\/","name":"K\u00e4sipallon naisten Aktialiiga","description":"Valtakunnan vauhdikkainta palloilua!","publisher":{"@id":"https:\/\/aktialiiga.fi\/naiset\/#organization"},"potentialAction":[{"@type":"SearchAction","target":{"@type":"EntryPoint","urlTemplate":"https:\/\/aktialiiga.fi\/naiset\/?s={search_term_string}"},"query-input":{"@type":"PropertyValueSpecification","valueRequired":true,"valueName":"search_term_string"}}],"inLanguage":"fi"},{"@type":"Organization","@id":"https:\/\/aktialiiga.fi\/naiset\/#organization","name":"K\u00e4sipallon naisten Aktialiiga","url":"https:\/\/aktialiiga.fi\/naiset\/","logo":{"@type":"ImageObject","inLanguage":"fi","@id":"https:\/\/aktialiiga.fi\/naiset\/#\/schema\/logo\/image\/","url":"https:\/\/aktialiiga.fi\/naiset\/wp-content\/uploads\/sites\/6\/2024\/09\/Aktialiiga-Yoast-512.png","contentUrl":"https:\/\/aktialiiga.fi\/naiset\/wp-content\/uploads\/sites\/6\/2024\/09\/Aktialiiga-Yoast-512.png","width":512,"height":512,"caption":"K\u00e4sipallon naisten Aktialiiga"},"image":{"@id":"https:\/\/aktialiiga.fi\/naiset\/#\/schema\/logo\/image\/"},"sameAs":["https:\/\/www.facebook.com\/finnhandball","https:\/\/x.com\/finnhandball","https:\/\/www.instagram.com\/handballfinland\/"]},{"@type":"Person","@id":"https:\/\/aktialiiga.fi\/naiset\/#\/schema\/person\/c14bf42f47041db74603c45afcb18d87","name":"tbrmedia","image":{"@type":"ImageObject","inLanguage":"fi","@id":"https:\/\/secure.gravatar.com\/avatar\/ee975fa091fe581d12b60debb3439022686618368a7c142044c56724d4666b16?s=96&d=mm&r=g","url":"https:\/\/secure.gravatar.com\/avatar\/ee975fa091fe581d12b60debb3439022686618368a7c142044c56724d4666b16?s=96&d=mm&r=g","contentUrl":"https:\/\/secure.gravatar.com\/avatar\/ee975fa091fe581d12b60debb3439022686618368a7c142044c56724d4666b16?s=96&d=mm&r=g","caption":"tbrmedia"}}]}},"jetpack_featured_media_url":"https:\/\/aktialiiga.fi\/naiset\/wp-content\/uploads\/sites\/6\/2015\/10\/Sparta_pelaajia_1516a.jpg","jetpack_sharing_enabled":true,"jetpack_shortlink":"https:\/\/wp.me\/pfYhm6-1LZ","_links":{"self":[{"href":"https:\/\/aktialiiga.fi\/naiset\/wp-json\/wp\/v2\/posts\/6819","targetHints":{"allow":["GET"]}}],"collection":[{"href":"https:\/\/aktialiiga.fi\/naiset\/wp-json\/wp\/v2\/posts"}],"about":[{"href":"https:\/\/aktialiiga.fi\/naiset\/wp-json\/wp\/v2\/types\/post"}],"author":[{"embeddable":true,"href":"https:\/\/aktialiiga.fi\/naiset\/wp-json\/wp\/v2\/users\/13"}],"replies":[{"embeddable":true,"href":"https:\/\/aktialiiga.fi\/naiset\/wp-json\/wp\/v2\/comments?post=6819"}],"version-history":[{"count":1,"href":"https:\/\/aktialiiga.fi\/naiset\/wp-json\/wp\/v2\/posts\/6819\/revisions"}],"predecessor-version":[{"id":39015,"href":"https:\/\/aktialiiga.fi\/naiset\/wp-json\/wp\/v2\/posts\/6819\/revisions\/39015"}],"wp:featuredmedia":[{"embeddable":true,"href":"https:\/\/aktialiiga.fi\/naiset\/wp-json\/wp\/v2\/media\/6600"}],"wp:attachment":[{"href":"https:\/\/aktialiiga.fi\/naiset\/wp-json\/wp\/v2\/media?parent=6819"}],"wp:term":[{"taxonomy":"category","embeddable":true,"href":"https:\/\/aktialiiga.fi\/naiset\/wp-json\/wp\/v2\/categories?post=6819"},{"taxonomy":"post_tag","embeddable":true,"href":"https:\/\/aktialiiga.fi\/naiset\/wp-json\/wp\/v2\/tags?post=6819"}],"curies":[{"name":"wp","href":"https:\/\/api.w.org\/{rel}","templated":true}]}}