{"id":6861,"date":"2015-12-15T18:48:26","date_gmt":"2015-12-15T16:48:26","guid":{"rendered":"https:\/\/aktialiiga.fi\/naiset\/?p=6861"},"modified":"2024-08-28T18:29:43","modified_gmt":"2024-08-28T15:29:43","slug":"grifk-ja-aifk-kadonnutta-voittoa-metsastamassa","status":"publish","type":"post","link":"https:\/\/aktialiiga.fi\/naiset\/2015-2016\/ennakot-2015-2016\/grifk-ja-aifk-kadonnutta-voittoa-metsastamassa\/","title":{"rendered":"GrIFK ja \u00c5IFK kadonnutta voittoa mets\u00e4st\u00e4m\u00e4ss\u00e4"},"content":{"rendered":"<p>GrIFK ja \u00c5IFK kohtaavat keskiviikkona Kauniaisissa viimeisess\u00e4 SM-sarjan ottelussaan ennen joulutauon alkua.<\/p>\n<p>Kummallakin joukkueella on tilill\u00e4\u00e4n kolme voittoa ja merkillist\u00e4 kyll\u00e4 \u00c5IFK otti nuo voitot kauden kolmesta ensimm\u00e4isest\u00e4 ottelustaan ja Grani puolestaan nelj\u00e4st\u00e4 ensimm\u00e4isest\u00e4 \u2013 k\u00e4rsitty\u00e4\u00e4n tappion vain juuri \u00c5IFK:lle.<\/p>\n<p>Vahvan alun j\u00e4lkeen t\u00e4ydet pistepotit ovat kiert\u00e4neet kumpaakin joukkuetta. \u00c5IFK nappasi v\u00e4liss\u00e4 pisteen Atlakselta, mutta em\u00e4nt\u00e4joukkue GrIFK:n tappioputki on jo viiden ottelun mittainen. Kumpikin haluaa nyt k\u00e4\u00e4nt\u00e4\u00e4 kurssinsa ja p\u00e4\u00e4st\u00e4 tauolle voitto alla.<\/p>\n<p>Sarjataulukossa joukkueet ovat per\u00e4kk\u00e4isill\u00e4 sijoilla \u00c5IFK:n ollessa pisteen edell\u00e4 tosin my\u00f6s kaksi ottelua enemm\u00e4n pelanneena. Kotijoukkueen otteluissa on tehty keskim\u00e4\u00e4rin enemm\u00e4n maaleja ja Granin akilleen kantap\u00e4\u00e4n\u00e4 on alkukaudella ollut nimenomaan p\u00e4\u00e4stettyjen maalien m\u00e4\u00e4r\u00e4. Yli 26 p\u00e4\u00e4stetty\u00e4 maalia ottelua kohden on eniten BK-46:n ohella.<\/p>\n<p>Ottelu Kauniaisissa alkaa keskiviikkona kello 19.00.<\/p>\n","protected":false},"excerpt":{"rendered":"<p>GrIFK ja \u00c5IFK kohtaavat keskiviikkona Kauniaisissa viimeisess\u00e4 SM-sarjan ottelussaan ennen joulutauon alkua. Kummallakin joukkueella on tilill\u00e4\u00e4n kolme voittoa ja merkillist\u00e4 kyll\u00e4 \u00c5IFK otti nuo voitot kauden kolmesta ensimm\u00e4isest\u00e4 ottelustaan ja Grani puolestaan nelj\u00e4st\u00e4 ensimm\u00e4isest\u00e4 \u2013 k\u00e4rsitty\u00e4\u00e4n tappion vain juuri \u00c5IFK:lle. Vahvan alun j\u00e4lkeen t\u00e4ydet pistepotit ovat kiert\u00e4neet kumpaakin joukkuetta. \u00c5IFK nappasi v\u00e4liss\u00e4 pisteen Atlakselta, mutta [&hellip;]<\/p>\n","protected":false},"author":13,"featured_media":6347,"comment_status":"closed","ping_status":"closed","sticky":false,"template":"","format":"standard","meta":{"_acf_changed":false,"jetpack_post_was_ever_published":false,"_jetpack_newsletter_access":"","_jetpack_dont_email_post_to_subs":false,"_jetpack_newsletter_tier_id":0,"_jetpack_memberships_contains_paywalled_content":false,"_jetpack_memberships_contains_paid_content":false,"footnotes":""},"categories":[37],"tags":[57,45],"class_list":["post-6861","post","type-post","status-publish","format-standard","has-post-thumbnail","hentry","category-ennakot-2015-2016","tag-grifk","tag-aifk"],"acf":[],"yoast_head":"<!-- This site is optimized with the Yoast SEO plugin v27.5 - https:\/\/yoast.com\/product\/yoast-seo-wordpress\/ -->\n<title>GrIFK ja \u00c5IFK kadonnutta voittoa mets\u00e4st\u00e4m\u00e4ss\u00e4 | K\u00e4sipallon naisten Aktialiiga<\/title>\n<meta name=\"robots\" content=\"index, follow, max-snippet:-1, max-image-preview:large, max-video-preview:-1\" \/>\n<link rel=\"canonical\" href=\"https:\/\/aktialiiga.fi\/naiset\/2015-2016\/ennakot-2015-2016\/grifk-ja-aifk-kadonnutta-voittoa-metsastamassa\/\" \/>\n<meta property=\"og:locale\" content=\"fi_FI\" \/>\n<meta property=\"og:type\" content=\"article\" \/>\n<meta property=\"og:title\" content=\"GrIFK ja \u00c5IFK kadonnutta voittoa mets\u00e4st\u00e4m\u00e4ss\u00e4 | K\u00e4sipallon naisten Aktialiiga\" \/>\n<meta property=\"og:description\" content=\"GrIFK ja \u00c5IFK kohtaavat keskiviikkona Kauniaisissa viimeisess\u00e4 SM-sarjan ottelussaan ennen joulutauon alkua. Kummallakin joukkueella on tilill\u00e4\u00e4n kolme voittoa ja merkillist\u00e4 kyll\u00e4 \u00c5IFK otti nuo voitot kauden kolmesta ensimm\u00e4isest\u00e4 ottelustaan ja Grani puolestaan nelj\u00e4st\u00e4 ensimm\u00e4isest\u00e4 \u2013 k\u00e4rsitty\u00e4\u00e4n tappion vain juuri \u00c5IFK:lle. Vahvan alun j\u00e4lkeen t\u00e4ydet pistepotit ovat kiert\u00e4neet kumpaakin joukkuetta. \u00c5IFK nappasi v\u00e4liss\u00e4 pisteen Atlakselta, mutta [&hellip;]\" \/>\n<meta property=\"og:url\" content=\"https:\/\/aktialiiga.fi\/naiset\/2015-2016\/ennakot-2015-2016\/grifk-ja-aifk-kadonnutta-voittoa-metsastamassa\/\" \/>\n<meta property=\"og:site_name\" content=\"K\u00e4sipallon naisten Aktialiiga\" \/>\n<meta property=\"article:publisher\" content=\"https:\/\/www.facebook.com\/finnhandball\" \/>\n<meta property=\"article:published_time\" content=\"2015-12-15T16:48:26+00:00\" \/>\n<meta property=\"article:modified_time\" content=\"2024-08-28T15:29:43+00:00\" \/>\n<meta property=\"og:image\" content=\"https:\/\/aktialiiga.fi\/naiset\/wp-content\/uploads\/sites\/6\/2015\/09\/IMG_2174-1024x683.jpg\" \/>\n\t<meta property=\"og:image:width\" content=\"1024\" \/>\n\t<meta property=\"og:image:height\" content=\"683\" \/>\n\t<meta property=\"og:image:type\" content=\"image\/jpeg\" \/>\n<meta name=\"author\" content=\"tbrmedia\" \/>\n<meta name=\"twitter:card\" content=\"summary_large_image\" \/>\n<meta name=\"twitter:creator\" content=\"@finnhandball\" \/>\n<meta name=\"twitter:site\" content=\"@finnhandball\" \/>\n<script type=\"application\/ld+json\" class=\"yoast-schema-graph\">{\"@context\":\"https:\\\/\\\/schema.org\",\"@graph\":[{\"@type\":\"Article\",\"@id\":\"https:\\\/\\\/aktialiiga.fi\\\/naiset\\\/2015-2016\\\/ennakot-2015-2016\\\/grifk-ja-aifk-kadonnutta-voittoa-metsastamassa\\\/#article\",\"isPartOf\":{\"@id\":\"https:\\\/\\\/aktialiiga.fi\\\/naiset\\\/2015-2016\\\/ennakot-2015-2016\\\/grifk-ja-aifk-kadonnutta-voittoa-metsastamassa\\\/\"},\"author\":{\"name\":\"tbrmedia\",\"@id\":\"https:\\\/\\\/aktialiiga.fi\\\/naiset\\\/#\\\/schema\\\/person\\\/c14bf42f47041db74603c45afcb18d87\"},\"headline\":\"GrIFK ja \u00c5IFK kadonnutta voittoa mets\u00e4st\u00e4m\u00e4ss\u00e4\",\"datePublished\":\"2015-12-15T16:48:26+00:00\",\"dateModified\":\"2024-08-28T15:29:43+00:00\",\"mainEntityOfPage\":{\"@id\":\"https:\\\/\\\/aktialiiga.fi\\\/naiset\\\/2015-2016\\\/ennakot-2015-2016\\\/grifk-ja-aifk-kadonnutta-voittoa-metsastamassa\\\/\"},\"wordCount\":156,\"publisher\":{\"@id\":\"https:\\\/\\\/aktialiiga.fi\\\/naiset\\\/#organization\"},\"image\":{\"@id\":\"https:\\\/\\\/aktialiiga.fi\\\/naiset\\\/2015-2016\\\/ennakot-2015-2016\\\/grifk-ja-aifk-kadonnutta-voittoa-metsastamassa\\\/#primaryimage\"},\"thumbnailUrl\":\"https:\\\/\\\/aktialiiga.fi\\\/naiset\\\/wp-content\\\/uploads\\\/sites\\\/6\\\/2015\\\/09\\\/IMG_2174.jpg\",\"keywords\":[\"GrIFK\",\"\u00c5IFK\"],\"articleSection\":[\"Ennakot\"],\"inLanguage\":\"fi\"},{\"@type\":\"WebPage\",\"@id\":\"https:\\\/\\\/aktialiiga.fi\\\/naiset\\\/2015-2016\\\/ennakot-2015-2016\\\/grifk-ja-aifk-kadonnutta-voittoa-metsastamassa\\\/\",\"url\":\"https:\\\/\\\/aktialiiga.fi\\\/naiset\\\/2015-2016\\\/ennakot-2015-2016\\\/grifk-ja-aifk-kadonnutta-voittoa-metsastamassa\\\/\",\"name\":\"GrIFK ja \u00c5IFK kadonnutta voittoa mets\u00e4st\u00e4m\u00e4ss\u00e4 | K\u00e4sipallon naisten Aktialiiga\",\"isPartOf\":{\"@id\":\"https:\\\/\\\/aktialiiga.fi\\\/naiset\\\/#website\"},\"primaryImageOfPage\":{\"@id\":\"https:\\\/\\\/aktialiiga.fi\\\/naiset\\\/2015-2016\\\/ennakot-2015-2016\\\/grifk-ja-aifk-kadonnutta-voittoa-metsastamassa\\\/#primaryimage\"},\"image\":{\"@id\":\"https:\\\/\\\/aktialiiga.fi\\\/naiset\\\/2015-2016\\\/ennakot-2015-2016\\\/grifk-ja-aifk-kadonnutta-voittoa-metsastamassa\\\/#primaryimage\"},\"thumbnailUrl\":\"https:\\\/\\\/aktialiiga.fi\\\/naiset\\\/wp-content\\\/uploads\\\/sites\\\/6\\\/2015\\\/09\\\/IMG_2174.jpg\",\"datePublished\":\"2015-12-15T16:48:26+00:00\",\"dateModified\":\"2024-08-28T15:29:43+00:00\",\"breadcrumb\":{\"@id\":\"https:\\\/\\\/aktialiiga.fi\\\/naiset\\\/2015-2016\\\/ennakot-2015-2016\\\/grifk-ja-aifk-kadonnutta-voittoa-metsastamassa\\\/#breadcrumb\"},\"inLanguage\":\"fi\",\"potentialAction\":[{\"@type\":\"ReadAction\",\"target\":[\"https:\\\/\\\/aktialiiga.fi\\\/naiset\\\/2015-2016\\\/ennakot-2015-2016\\\/grifk-ja-aifk-kadonnutta-voittoa-metsastamassa\\\/\"]}]},{\"@type\":\"ImageObject\",\"inLanguage\":\"fi\",\"@id\":\"https:\\\/\\\/aktialiiga.fi\\\/naiset\\\/2015-2016\\\/ennakot-2015-2016\\\/grifk-ja-aifk-kadonnutta-voittoa-metsastamassa\\\/#primaryimage\",\"url\":\"https:\\\/\\\/aktialiiga.fi\\\/naiset\\\/wp-content\\\/uploads\\\/sites\\\/6\\\/2015\\\/09\\\/IMG_2174.jpg\",\"contentUrl\":\"https:\\\/\\\/aktialiiga.fi\\\/naiset\\\/wp-content\\\/uploads\\\/sites\\\/6\\\/2015\\\/09\\\/IMG_2174.jpg\",\"width\":3888,\"height\":2592},{\"@type\":\"BreadcrumbList\",\"@id\":\"https:\\\/\\\/aktialiiga.fi\\\/naiset\\\/2015-2016\\\/ennakot-2015-2016\\\/grifk-ja-aifk-kadonnutta-voittoa-metsastamassa\\\/#breadcrumb\",\"itemListElement\":[{\"@type\":\"ListItem\",\"position\":1,\"name\":\"Etusivu\",\"item\":\"https:\\\/\\\/aktialiiga.fi\\\/naiset\\\/\"},{\"@type\":\"ListItem\",\"position\":2,\"name\":\"GrIFK ja \u00c5IFK kadonnutta voittoa mets\u00e4st\u00e4m\u00e4ss\u00e4\"}]},{\"@type\":\"WebSite\",\"@id\":\"https:\\\/\\\/aktialiiga.fi\\\/naiset\\\/#website\",\"url\":\"https:\\\/\\\/aktialiiga.fi\\\/naiset\\\/\",\"name\":\"K\u00e4sipallon naisten Aktialiiga\",\"description\":\"Valtakunnan vauhdikkainta palloilua!\",\"publisher\":{\"@id\":\"https:\\\/\\\/aktialiiga.fi\\\/naiset\\\/#organization\"},\"potentialAction\":[{\"@type\":\"SearchAction\",\"target\":{\"@type\":\"EntryPoint\",\"urlTemplate\":\"https:\\\/\\\/aktialiiga.fi\\\/naiset\\\/?s={search_term_string}\"},\"query-input\":{\"@type\":\"PropertyValueSpecification\",\"valueRequired\":true,\"valueName\":\"search_term_string\"}}],\"inLanguage\":\"fi\"},{\"@type\":\"Organization\",\"@id\":\"https:\\\/\\\/aktialiiga.fi\\\/naiset\\\/#organization\",\"name\":\"K\u00e4sipallon naisten Aktialiiga\",\"url\":\"https:\\\/\\\/aktialiiga.fi\\\/naiset\\\/\",\"logo\":{\"@type\":\"ImageObject\",\"inLanguage\":\"fi\",\"@id\":\"https:\\\/\\\/aktialiiga.fi\\\/naiset\\\/#\\\/schema\\\/logo\\\/image\\\/\",\"url\":\"https:\\\/\\\/aktialiiga.fi\\\/naiset\\\/wp-content\\\/uploads\\\/sites\\\/6\\\/2024\\\/09\\\/Aktialiiga-Yoast-512.png\",\"contentUrl\":\"https:\\\/\\\/aktialiiga.fi\\\/naiset\\\/wp-content\\\/uploads\\\/sites\\\/6\\\/2024\\\/09\\\/Aktialiiga-Yoast-512.png\",\"width\":512,\"height\":512,\"caption\":\"K\u00e4sipallon naisten Aktialiiga\"},\"image\":{\"@id\":\"https:\\\/\\\/aktialiiga.fi\\\/naiset\\\/#\\\/schema\\\/logo\\\/image\\\/\"},\"sameAs\":[\"https:\\\/\\\/www.facebook.com\\\/finnhandball\",\"https:\\\/\\\/x.com\\\/finnhandball\",\"https:\\\/\\\/www.instagram.com\\\/handballfinland\\\/\"]},{\"@type\":\"Person\",\"@id\":\"https:\\\/\\\/aktialiiga.fi\\\/naiset\\\/#\\\/schema\\\/person\\\/c14bf42f47041db74603c45afcb18d87\",\"name\":\"tbrmedia\",\"image\":{\"@type\":\"ImageObject\",\"inLanguage\":\"fi\",\"@id\":\"https:\\\/\\\/secure.gravatar.com\\\/avatar\\\/ee975fa091fe581d12b60debb3439022686618368a7c142044c56724d4666b16?s=96&d=mm&r=g\",\"url\":\"https:\\\/\\\/secure.gravatar.com\\\/avatar\\\/ee975fa091fe581d12b60debb3439022686618368a7c142044c56724d4666b16?s=96&d=mm&r=g\",\"contentUrl\":\"https:\\\/\\\/secure.gravatar.com\\\/avatar\\\/ee975fa091fe581d12b60debb3439022686618368a7c142044c56724d4666b16?s=96&d=mm&r=g\",\"caption\":\"tbrmedia\"}}]}<\/script>\n<!-- \/ Yoast SEO plugin. -->","yoast_head_json":{"title":"GrIFK ja \u00c5IFK kadonnutta voittoa mets\u00e4st\u00e4m\u00e4ss\u00e4 | K\u00e4sipallon naisten Aktialiiga","robots":{"index":"index","follow":"follow","max-snippet":"max-snippet:-1","max-image-preview":"max-image-preview:large","max-video-preview":"max-video-preview:-1"},"canonical":"https:\/\/aktialiiga.fi\/naiset\/2015-2016\/ennakot-2015-2016\/grifk-ja-aifk-kadonnutta-voittoa-metsastamassa\/","og_locale":"fi_FI","og_type":"article","og_title":"GrIFK ja \u00c5IFK kadonnutta voittoa mets\u00e4st\u00e4m\u00e4ss\u00e4 | K\u00e4sipallon naisten Aktialiiga","og_description":"GrIFK ja \u00c5IFK kohtaavat keskiviikkona Kauniaisissa viimeisess\u00e4 SM-sarjan ottelussaan ennen joulutauon alkua. Kummallakin joukkueella on tilill\u00e4\u00e4n kolme voittoa ja merkillist\u00e4 kyll\u00e4 \u00c5IFK otti nuo voitot kauden kolmesta ensimm\u00e4isest\u00e4 ottelustaan ja Grani puolestaan nelj\u00e4st\u00e4 ensimm\u00e4isest\u00e4 \u2013 k\u00e4rsitty\u00e4\u00e4n tappion vain juuri \u00c5IFK:lle. Vahvan alun j\u00e4lkeen t\u00e4ydet pistepotit ovat kiert\u00e4neet kumpaakin joukkuetta. \u00c5IFK nappasi v\u00e4liss\u00e4 pisteen Atlakselta, mutta [&hellip;]","og_url":"https:\/\/aktialiiga.fi\/naiset\/2015-2016\/ennakot-2015-2016\/grifk-ja-aifk-kadonnutta-voittoa-metsastamassa\/","og_site_name":"K\u00e4sipallon naisten Aktialiiga","article_publisher":"https:\/\/www.facebook.com\/finnhandball","article_published_time":"2015-12-15T16:48:26+00:00","article_modified_time":"2024-08-28T15:29:43+00:00","og_image":[{"width":1024,"height":683,"url":"https:\/\/aktialiiga.fi\/naiset\/wp-content\/uploads\/sites\/6\/2015\/09\/IMG_2174-1024x683.jpg","type":"image\/jpeg"}],"author":"tbrmedia","twitter_card":"summary_large_image","twitter_creator":"@finnhandball","twitter_site":"@finnhandball","schema":{"@context":"https:\/\/schema.org","@graph":[{"@type":"Article","@id":"https:\/\/aktialiiga.fi\/naiset\/2015-2016\/ennakot-2015-2016\/grifk-ja-aifk-kadonnutta-voittoa-metsastamassa\/#article","isPartOf":{"@id":"https:\/\/aktialiiga.fi\/naiset\/2015-2016\/ennakot-2015-2016\/grifk-ja-aifk-kadonnutta-voittoa-metsastamassa\/"},"author":{"name":"tbrmedia","@id":"https:\/\/aktialiiga.fi\/naiset\/#\/schema\/person\/c14bf42f47041db74603c45afcb18d87"},"headline":"GrIFK ja \u00c5IFK kadonnutta voittoa mets\u00e4st\u00e4m\u00e4ss\u00e4","datePublished":"2015-12-15T16:48:26+00:00","dateModified":"2024-08-28T15:29:43+00:00","mainEntityOfPage":{"@id":"https:\/\/aktialiiga.fi\/naiset\/2015-2016\/ennakot-2015-2016\/grifk-ja-aifk-kadonnutta-voittoa-metsastamassa\/"},"wordCount":156,"publisher":{"@id":"https:\/\/aktialiiga.fi\/naiset\/#organization"},"image":{"@id":"https:\/\/aktialiiga.fi\/naiset\/2015-2016\/ennakot-2015-2016\/grifk-ja-aifk-kadonnutta-voittoa-metsastamassa\/#primaryimage"},"thumbnailUrl":"https:\/\/aktialiiga.fi\/naiset\/wp-content\/uploads\/sites\/6\/2015\/09\/IMG_2174.jpg","keywords":["GrIFK","\u00c5IFK"],"articleSection":["Ennakot"],"inLanguage":"fi"},{"@type":"WebPage","@id":"https:\/\/aktialiiga.fi\/naiset\/2015-2016\/ennakot-2015-2016\/grifk-ja-aifk-kadonnutta-voittoa-metsastamassa\/","url":"https:\/\/aktialiiga.fi\/naiset\/2015-2016\/ennakot-2015-2016\/grifk-ja-aifk-kadonnutta-voittoa-metsastamassa\/","name":"GrIFK ja \u00c5IFK kadonnutta voittoa mets\u00e4st\u00e4m\u00e4ss\u00e4 | K\u00e4sipallon naisten Aktialiiga","isPartOf":{"@id":"https:\/\/aktialiiga.fi\/naiset\/#website"},"primaryImageOfPage":{"@id":"https:\/\/aktialiiga.fi\/naiset\/2015-2016\/ennakot-2015-2016\/grifk-ja-aifk-kadonnutta-voittoa-metsastamassa\/#primaryimage"},"image":{"@id":"https:\/\/aktialiiga.fi\/naiset\/2015-2016\/ennakot-2015-2016\/grifk-ja-aifk-kadonnutta-voittoa-metsastamassa\/#primaryimage"},"thumbnailUrl":"https:\/\/aktialiiga.fi\/naiset\/wp-content\/uploads\/sites\/6\/2015\/09\/IMG_2174.jpg","datePublished":"2015-12-15T16:48:26+00:00","dateModified":"2024-08-28T15:29:43+00:00","breadcrumb":{"@id":"https:\/\/aktialiiga.fi\/naiset\/2015-2016\/ennakot-2015-2016\/grifk-ja-aifk-kadonnutta-voittoa-metsastamassa\/#breadcrumb"},"inLanguage":"fi","potentialAction":[{"@type":"ReadAction","target":["https:\/\/aktialiiga.fi\/naiset\/2015-2016\/ennakot-2015-2016\/grifk-ja-aifk-kadonnutta-voittoa-metsastamassa\/"]}]},{"@type":"ImageObject","inLanguage":"fi","@id":"https:\/\/aktialiiga.fi\/naiset\/2015-2016\/ennakot-2015-2016\/grifk-ja-aifk-kadonnutta-voittoa-metsastamassa\/#primaryimage","url":"https:\/\/aktialiiga.fi\/naiset\/wp-content\/uploads\/sites\/6\/2015\/09\/IMG_2174.jpg","contentUrl":"https:\/\/aktialiiga.fi\/naiset\/wp-content\/uploads\/sites\/6\/2015\/09\/IMG_2174.jpg","width":3888,"height":2592},{"@type":"BreadcrumbList","@id":"https:\/\/aktialiiga.fi\/naiset\/2015-2016\/ennakot-2015-2016\/grifk-ja-aifk-kadonnutta-voittoa-metsastamassa\/#breadcrumb","itemListElement":[{"@type":"ListItem","position":1,"name":"Etusivu","item":"https:\/\/aktialiiga.fi\/naiset\/"},{"@type":"ListItem","position":2,"name":"GrIFK ja \u00c5IFK kadonnutta voittoa mets\u00e4st\u00e4m\u00e4ss\u00e4"}]},{"@type":"WebSite","@id":"https:\/\/aktialiiga.fi\/naiset\/#website","url":"https:\/\/aktialiiga.fi\/naiset\/","name":"K\u00e4sipallon naisten Aktialiiga","description":"Valtakunnan vauhdikkainta palloilua!","publisher":{"@id":"https:\/\/aktialiiga.fi\/naiset\/#organization"},"potentialAction":[{"@type":"SearchAction","target":{"@type":"EntryPoint","urlTemplate":"https:\/\/aktialiiga.fi\/naiset\/?s={search_term_string}"},"query-input":{"@type":"PropertyValueSpecification","valueRequired":true,"valueName":"search_term_string"}}],"inLanguage":"fi"},{"@type":"Organization","@id":"https:\/\/aktialiiga.fi\/naiset\/#organization","name":"K\u00e4sipallon naisten Aktialiiga","url":"https:\/\/aktialiiga.fi\/naiset\/","logo":{"@type":"ImageObject","inLanguage":"fi","@id":"https:\/\/aktialiiga.fi\/naiset\/#\/schema\/logo\/image\/","url":"https:\/\/aktialiiga.fi\/naiset\/wp-content\/uploads\/sites\/6\/2024\/09\/Aktialiiga-Yoast-512.png","contentUrl":"https:\/\/aktialiiga.fi\/naiset\/wp-content\/uploads\/sites\/6\/2024\/09\/Aktialiiga-Yoast-512.png","width":512,"height":512,"caption":"K\u00e4sipallon naisten Aktialiiga"},"image":{"@id":"https:\/\/aktialiiga.fi\/naiset\/#\/schema\/logo\/image\/"},"sameAs":["https:\/\/www.facebook.com\/finnhandball","https:\/\/x.com\/finnhandball","https:\/\/www.instagram.com\/handballfinland\/"]},{"@type":"Person","@id":"https:\/\/aktialiiga.fi\/naiset\/#\/schema\/person\/c14bf42f47041db74603c45afcb18d87","name":"tbrmedia","image":{"@type":"ImageObject","inLanguage":"fi","@id":"https:\/\/secure.gravatar.com\/avatar\/ee975fa091fe581d12b60debb3439022686618368a7c142044c56724d4666b16?s=96&d=mm&r=g","url":"https:\/\/secure.gravatar.com\/avatar\/ee975fa091fe581d12b60debb3439022686618368a7c142044c56724d4666b16?s=96&d=mm&r=g","contentUrl":"https:\/\/secure.gravatar.com\/avatar\/ee975fa091fe581d12b60debb3439022686618368a7c142044c56724d4666b16?s=96&d=mm&r=g","caption":"tbrmedia"}}]}},"jetpack_featured_media_url":"https:\/\/aktialiiga.fi\/naiset\/wp-content\/uploads\/sites\/6\/2015\/09\/IMG_2174.jpg","jetpack_sharing_enabled":true,"jetpack_shortlink":"https:\/\/wp.me\/pfYhm6-1MF","_links":{"self":[{"href":"https:\/\/aktialiiga.fi\/naiset\/wp-json\/wp\/v2\/posts\/6861","targetHints":{"allow":["GET"]}}],"collection":[{"href":"https:\/\/aktialiiga.fi\/naiset\/wp-json\/wp\/v2\/posts"}],"about":[{"href":"https:\/\/aktialiiga.fi\/naiset\/wp-json\/wp\/v2\/types\/post"}],"author":[{"embeddable":true,"href":"https:\/\/aktialiiga.fi\/naiset\/wp-json\/wp\/v2\/users\/13"}],"replies":[{"embeddable":true,"href":"https:\/\/aktialiiga.fi\/naiset\/wp-json\/wp\/v2\/comments?post=6861"}],"version-history":[{"count":1,"href":"https:\/\/aktialiiga.fi\/naiset\/wp-json\/wp\/v2\/posts\/6861\/revisions"}],"predecessor-version":[{"id":39005,"href":"https:\/\/aktialiiga.fi\/naiset\/wp-json\/wp\/v2\/posts\/6861\/revisions\/39005"}],"wp:featuredmedia":[{"embeddable":true,"href":"https:\/\/aktialiiga.fi\/naiset\/wp-json\/wp\/v2\/media\/6347"}],"wp:attachment":[{"href":"https:\/\/aktialiiga.fi\/naiset\/wp-json\/wp\/v2\/media?parent=6861"}],"wp:term":[{"taxonomy":"category","embeddable":true,"href":"https:\/\/aktialiiga.fi\/naiset\/wp-json\/wp\/v2\/categories?post=6861"},{"taxonomy":"post_tag","embeddable":true,"href":"https:\/\/aktialiiga.fi\/naiset\/wp-json\/wp\/v2\/tags?post=6861"}],"curies":[{"name":"wp","href":"https:\/\/api.w.org\/{rel}","templated":true}]}}