{"id":68892,"date":"2026-09-01T11:52:16","date_gmt":"2026-09-01T08:52:16","guid":{"rendered":"https:\/\/aktialiiga.fi\/naiset\/?p=68892"},"modified":"2026-09-01T12:16:49","modified_gmt":"2026-09-01T09:16:49","slug":"kohti-kautta-bk-46-9","status":"publish","type":"post","link":"https:\/\/aktialiiga.fi\/naiset\/2026-2027\/kohti-kautta-bk-46-9\/","title":{"rendered":"Kohti kautta: BK-46"},"content":{"rendered":"<p>BK-46 palasi viime kaudella mitalikantaan ensimm\u00e4ist\u00e4 kertaa sitten vuoden 2018. T\u00e4h\u00e4n kauteen joukkue l\u00e4htee kuitenkin kovasti muuttuneena.<\/p>\n<p>BK-46:lla oli loistava viime kausi, kun se sijoittui runkosarjassa toiseksi, mutta v\u00e4lier\u00e4sarjassa HIFK oli lopulta liian kova pala. Joukkueessa on tapahtunut paljon muutoksia kes\u00e4n aikana.<\/p>\n<p>Karjaalaisilla vaihtuu p\u00e4\u00e4valmentaja, kun Andreas R\u00f6nnberg siirtyi valmentamaan Norjaan Larvikiin ja samaan osoitteeseen suuntasivat my\u00f6s tytt\u00e4ret Isolde ja Lykke sek\u00e4 Li Adamsson. Uudeksi p\u00e4\u00e4valmentajaksi nousee Maria Degerlund, joka toimi viime kaudella R\u00f6nnbergin apuvalmentajana.<\/p>\n<p>Pelaajistossa on my\u00f6s vaihtuvuutta ja etenkin kovia menetyksi\u00e4. Viime kauden paras maalintekij\u00e4 Patricia Anckar siirtyi Ruotsiin, Nea Kanninen ja Madeleine Lindholm jatkavat uraansa SIF:ss\u00e4, Melanie Udd siirtyi HIFK:n tolppien v\u00e4liin ja Iida Maijala sek\u00e4 Sofie Lindholm lopettivat uransa.<\/p>\n<p>Tilalle on noussut l\u00e4hinn\u00e4 yhteisty\u00f6seura EIF:n pelaajia. Joukkueessa on sekoitus kokemusta ja nuoruutta, kun viime vuosituhannella syntyneet Sirja Lassinharju-Heinonen, Sofie Lindholm, Jannica Kullberg ja Johanna Terlinden tuovat t\u00e4rke\u00e4\u00e4 kokemusta ja esimerkki\u00e4 nuoremmille pelaajille.<\/p>\n<p>&#8211; Meill\u00e4 on monia nuoria pelaajia, joilla on nyt mahdollisuus ottaa k\u00e4siins\u00e4 ja kehitty\u00e4, Degerlund n\u00e4kee muutosten valoisan puolen.<\/p>\n<p>&#8211; Meill\u00e4 on hyv\u00e4 joukkuehenki ja innokkaita pelaajia, jotka haluavat edet\u00e4, Degerlund listaa joukkueen vahvuuksia.<\/p>\n<p>R\u00f6nnbergin alaisuudessa BK-46 pelasi tiivist\u00e4 puolustusta ja piti peleiss\u00e4 yll\u00e4 kovaa tempoa eik\u00e4 Degerlund ole l\u00e4hd\u00f6ss\u00e4 muuttamaan hyv\u00e4ksi koettua taktiikkaa, vaan tarkoituksena on pelata nopeaa ja modernia k\u00e4sipalloa. Joukkueen nuorennuttua ja muututtua kes\u00e4n aikana, keskittyminen harjoituksissa onkin ollut fyysiikan ja kommunikaation kehitt\u00e4misess\u00e4.<\/p>\n<p>&#8211; Fyysiset ominaisuudet auttavat meit\u00e4 p\u00e4rj\u00e4\u00e4m\u00e4\u00e4n kovassa temmossa. Olemme ty\u00f6st\u00e4neet my\u00f6s vuorovaikutusta, koska joukkueessa on paljon uusia pelaajia.<\/p>\n<p>T\u00e4ll\u00e4 kaudella pelej\u00e4 pelataan aiempaa v\u00e4hemm\u00e4n, joka palvelee my\u00f6s Degerlundin tavoitteita.<\/p>\n<p>&#8211; Meille j\u00e4\u00e4 enemm\u00e4n aikaa my\u00f6s fyysisen kunnon ja yksil\u00f6valmennuksen kehitt\u00e4miseen.<\/p>\n<p>Valmentajien kauden ennakkokyselyss\u00e4 BK-46:n ei odoteta taistelevan t\u00e4ll\u00e4 kaudella k\u00e4rkisijoista, ja Degerlund pit\u00e4\u00e4kin tavoitteet maltillisina.<\/p>\n<p>&#8211; Odotan kaudesta mielenkiintoista ja haastavaa. Olemme sitoutuneet kehittym\u00e4\u00e4n joukkueena ja p\u00e4\u00e4sem\u00e4\u00e4n pudotuspeleihin.<\/p>\n<p>BK-46 saa heti hyv\u00e4n mittarin kauden avaukseensa, kun se kohtaa kauden mitalisuosikkeihin lukeutuvan Dickenin. BK-46 ja Dicken avaavat Aktialiigan kauden perjantaina 4.9. Karjaalla kello 18.30.<\/p>\n","protected":false},"excerpt":{"rendered":"<p>BK-46 palasi viime kaudella mitalikantaan ensimm\u00e4ist\u00e4 kertaa sitten vuoden 2018. T\u00e4h\u00e4n kauteen joukkue l\u00e4htee kuitenkin kovasti muuttuneena. BK-46:lla oli loistava viime kausi, kun se sijoittui runkosarjassa toiseksi, mutta v\u00e4lier\u00e4sarjassa HIFK oli lopulta liian kova pala. Joukkueessa on tapahtunut paljon muutoksia kes\u00e4n aikana. Karjaalaisilla vaihtuu p\u00e4\u00e4valmentaja, kun Andreas R\u00f6nnberg siirtyi valmentamaan Norjaan Larvikiin ja samaan osoitteeseen [&hellip;]<\/p>\n","protected":false},"author":13,"featured_media":47578,"comment_status":"closed","ping_status":"closed","sticky":false,"template":"","format":"standard","meta":{"_acf_changed":false,"_jetpack_newsletter_access":"","_jetpack_dont_email_post_to_subs":false,"_jetpack_newsletter_tier_id":0,"_jetpack_memberships_contains_paywalled_content":false,"_jetpack_feature_clip_id":0,"_jetpack_memberships_contains_paid_content":false,"footnotes":"","jetpack_post_was_ever_published":false},"categories":[299],"tags":[49],"class_list":["post-68892","post","type-post","status-publish","format-standard","has-post-thumbnail","hentry","category-2026-2027","tag-bk-46"],"acf":[],"yoast_head":"<!-- This site is optimized with the Yoast SEO plugin v28.3 - https:\/\/yoast.com\/product\/yoast-seo-wordpress\/ -->\n<title>Kohti kautta: BK-46 | K\u00e4sipallon naisten Aktialiiga<\/title>\n<meta name=\"robots\" content=\"index, follow, max-snippet:-1, max-image-preview:large, max-video-preview:-1\" \/>\n<link rel=\"canonical\" href=\"https:\/\/aktialiiga.fi\/naiset\/2026-2027\/kohti-kautta-bk-46-9\/\" \/>\n<meta property=\"og:locale\" content=\"fi_FI\" \/>\n<meta property=\"og:type\" content=\"article\" \/>\n<meta property=\"og:title\" content=\"Kohti kautta: BK-46 | K\u00e4sipallon naisten Aktialiiga\" \/>\n<meta property=\"og:description\" content=\"BK-46 palasi viime kaudella mitalikantaan ensimm\u00e4ist\u00e4 kertaa sitten vuoden 2018. T\u00e4h\u00e4n kauteen joukkue l\u00e4htee kuitenkin kovasti muuttuneena. BK-46:lla oli loistava viime kausi, kun se sijoittui runkosarjassa toiseksi, mutta v\u00e4lier\u00e4sarjassa HIFK oli lopulta liian kova pala. Joukkueessa on tapahtunut paljon muutoksia kes\u00e4n aikana. Karjaalaisilla vaihtuu p\u00e4\u00e4valmentaja, kun Andreas R\u00f6nnberg siirtyi valmentamaan Norjaan Larvikiin ja samaan osoitteeseen [&hellip;]\" \/>\n<meta property=\"og:url\" content=\"https:\/\/aktialiiga.fi\/naiset\/2026-2027\/kohti-kautta-bk-46-9\/\" \/>\n<meta property=\"og:site_name\" content=\"K\u00e4sipallon naisten Aktialiiga\" \/>\n<meta property=\"article:publisher\" content=\"https:\/\/www.facebook.com\/finnhandball\" \/>\n<meta property=\"article:published_time\" content=\"2026-09-01T08:52:16+00:00\" \/>\n<meta property=\"article:modified_time\" content=\"2026-09-01T09:16:49+00:00\" \/>\n<meta property=\"og:image\" content=\"https:\/\/aktialiiga.fi\/naiset\/wp-content\/uploads\/sites\/6\/2026\/04\/Naisten-Aktialiigan-2025-26-pronssia-BK-46-e1776527347695.jpg\" \/>\n\t<meta property=\"og:image:width\" content=\"1390\" \/>\n\t<meta property=\"og:image:height\" content=\"722\" \/>\n\t<meta property=\"og:image:type\" content=\"image\/jpeg\" \/>\n<meta name=\"author\" content=\"tbrmedia\" \/>\n<meta name=\"twitter:card\" content=\"summary_large_image\" \/>\n<meta name=\"twitter:creator\" content=\"@finnhandball\" \/>\n<meta name=\"twitter:site\" content=\"@finnhandball\" \/>\n<script type=\"application\/ld+json\" class=\"yoast-schema-graph\">{\"@context\":\"https:\\\/\\\/schema.org\",\"@graph\":[{\"@type\":\"Article\",\"@id\":\"https:\\\/\\\/aktialiiga.fi\\\/naiset\\\/2026-2027\\\/kohti-kautta-bk-46-9\\\/#article\",\"isPartOf\":{\"@id\":\"https:\\\/\\\/aktialiiga.fi\\\/naiset\\\/2026-2027\\\/kohti-kautta-bk-46-9\\\/\"},\"author\":{\"name\":\"tbrmedia\",\"@id\":\"https:\\\/\\\/aktialiiga.fi\\\/naiset\\\/#\\\/schema\\\/person\\\/c14bf42f47041db74603c45afcb18d87\"},\"headline\":\"Kohti kautta: BK-46\",\"datePublished\":\"2026-09-01T08:52:16+00:00\",\"dateModified\":\"2026-09-01T09:16:49+00:00\",\"mainEntityOfPage\":{\"@id\":\"https:\\\/\\\/aktialiiga.fi\\\/naiset\\\/2026-2027\\\/kohti-kautta-bk-46-9\\\/\"},\"wordCount\":368,\"publisher\":{\"@id\":\"https:\\\/\\\/aktialiiga.fi\\\/naiset\\\/#organization\"},\"image\":{\"@id\":\"https:\\\/\\\/aktialiiga.fi\\\/naiset\\\/2026-2027\\\/kohti-kautta-bk-46-9\\\/#primaryimage\"},\"thumbnailUrl\":\"https:\\\/\\\/aktialiiga.fi\\\/naiset\\\/wp-content\\\/uploads\\\/sites\\\/6\\\/2026\\\/04\\\/Naisten-Aktialiigan-2025-26-pronssia-BK-46-e1776527347695.jpg\",\"keywords\":[\"BK-46\"],\"articleSection\":[\"Kausi 2026-2027\"],\"inLanguage\":\"fi\"},{\"@type\":\"WebPage\",\"@id\":\"https:\\\/\\\/aktialiiga.fi\\\/naiset\\\/2026-2027\\\/kohti-kautta-bk-46-9\\\/\",\"url\":\"https:\\\/\\\/aktialiiga.fi\\\/naiset\\\/2026-2027\\\/kohti-kautta-bk-46-9\\\/\",\"name\":\"Kohti kautta: BK-46 | K\u00e4sipallon naisten Aktialiiga\",\"isPartOf\":{\"@id\":\"https:\\\/\\\/aktialiiga.fi\\\/naiset\\\/#website\"},\"primaryImageOfPage\":{\"@id\":\"https:\\\/\\\/aktialiiga.fi\\\/naiset\\\/2026-2027\\\/kohti-kautta-bk-46-9\\\/#primaryimage\"},\"image\":{\"@id\":\"https:\\\/\\\/aktialiiga.fi\\\/naiset\\\/2026-2027\\\/kohti-kautta-bk-46-9\\\/#primaryimage\"},\"thumbnailUrl\":\"https:\\\/\\\/aktialiiga.fi\\\/naiset\\\/wp-content\\\/uploads\\\/sites\\\/6\\\/2026\\\/04\\\/Naisten-Aktialiigan-2025-26-pronssia-BK-46-e1776527347695.jpg\",\"datePublished\":\"2026-09-01T08:52:16+00:00\",\"dateModified\":\"2026-09-01T09:16:49+00:00\",\"breadcrumb\":{\"@id\":\"https:\\\/\\\/aktialiiga.fi\\\/naiset\\\/2026-2027\\\/kohti-kautta-bk-46-9\\\/#breadcrumb\"},\"inLanguage\":\"fi\",\"potentialAction\":[{\"@type\":\"ReadAction\",\"target\":[\"https:\\\/\\\/aktialiiga.fi\\\/naiset\\\/2026-2027\\\/kohti-kautta-bk-46-9\\\/\"]}]},{\"@type\":\"ImageObject\",\"inLanguage\":\"fi\",\"@id\":\"https:\\\/\\\/aktialiiga.fi\\\/naiset\\\/2026-2027\\\/kohti-kautta-bk-46-9\\\/#primaryimage\",\"url\":\"https:\\\/\\\/aktialiiga.fi\\\/naiset\\\/wp-content\\\/uploads\\\/sites\\\/6\\\/2026\\\/04\\\/Naisten-Aktialiigan-2025-26-pronssia-BK-46-e1776527347695.jpg\",\"contentUrl\":\"https:\\\/\\\/aktialiiga.fi\\\/naiset\\\/wp-content\\\/uploads\\\/sites\\\/6\\\/2026\\\/04\\\/Naisten-Aktialiigan-2025-26-pronssia-BK-46-e1776527347695.jpg\",\"width\":1390,\"height\":722},{\"@type\":\"BreadcrumbList\",\"@id\":\"https:\\\/\\\/aktialiiga.fi\\\/naiset\\\/2026-2027\\\/kohti-kautta-bk-46-9\\\/#breadcrumb\",\"itemListElement\":[{\"@type\":\"ListItem\",\"position\":1,\"name\":\"Etusivu\",\"item\":\"https:\\\/\\\/aktialiiga.fi\\\/naiset\\\/etusivu-260810\\\/\"},{\"@type\":\"ListItem\",\"position\":2,\"name\":\"Kohti kautta: BK-46\"}]},{\"@type\":\"WebSite\",\"@id\":\"https:\\\/\\\/aktialiiga.fi\\\/naiset\\\/#website\",\"url\":\"https:\\\/\\\/aktialiiga.fi\\\/naiset\\\/\",\"name\":\"K\u00e4sipallon naisten Aktialiiga\",\"description\":\"Valtakunnan vauhdikkainta palloilua!\",\"publisher\":{\"@id\":\"https:\\\/\\\/aktialiiga.fi\\\/naiset\\\/#organization\"},\"potentialAction\":[{\"@type\":\"SearchAction\",\"target\":{\"@type\":\"EntryPoint\",\"urlTemplate\":\"https:\\\/\\\/aktialiiga.fi\\\/naiset\\\/?s={search_term_string}\"},\"query-input\":{\"@type\":\"PropertyValueSpecification\",\"valueRequired\":true,\"valueName\":\"search_term_string\"}}],\"inLanguage\":\"fi\"},{\"@type\":\"Organization\",\"@id\":\"https:\\\/\\\/aktialiiga.fi\\\/naiset\\\/#organization\",\"name\":\"K\u00e4sipallon naisten Aktialiiga\",\"url\":\"https:\\\/\\\/aktialiiga.fi\\\/naiset\\\/\",\"logo\":{\"@type\":\"ImageObject\",\"inLanguage\":\"fi\",\"@id\":\"https:\\\/\\\/aktialiiga.fi\\\/naiset\\\/#\\\/schema\\\/logo\\\/image\\\/\",\"url\":\"https:\\\/\\\/aktialiiga.fi\\\/naiset\\\/wp-content\\\/uploads\\\/sites\\\/6\\\/2024\\\/09\\\/Aktialiiga-Yoast-512.png\",\"contentUrl\":\"https:\\\/\\\/aktialiiga.fi\\\/naiset\\\/wp-content\\\/uploads\\\/sites\\\/6\\\/2024\\\/09\\\/Aktialiiga-Yoast-512.png\",\"width\":512,\"height\":512,\"caption\":\"K\u00e4sipallon naisten Aktialiiga\"},\"image\":{\"@id\":\"https:\\\/\\\/aktialiiga.fi\\\/naiset\\\/#\\\/schema\\\/logo\\\/image\\\/\"},\"sameAs\":[\"https:\\\/\\\/www.facebook.com\\\/finnhandball\",\"https:\\\/\\\/x.com\\\/finnhandball\",\"https:\\\/\\\/www.instagram.com\\\/handballfinland\\\/\"]},{\"@type\":\"Person\",\"@id\":\"https:\\\/\\\/aktialiiga.fi\\\/naiset\\\/#\\\/schema\\\/person\\\/c14bf42f47041db74603c45afcb18d87\",\"name\":\"tbrmedia\",\"image\":{\"@type\":\"ImageObject\",\"inLanguage\":\"fi\",\"@id\":\"https:\\\/\\\/secure.gravatar.com\\\/avatar\\\/ee975fa091fe581d12b60debb3439022686618368a7c142044c56724d4666b16?s=96&d=mm&r=g\",\"url\":\"https:\\\/\\\/secure.gravatar.com\\\/avatar\\\/ee975fa091fe581d12b60debb3439022686618368a7c142044c56724d4666b16?s=96&d=mm&r=g\",\"contentUrl\":\"https:\\\/\\\/secure.gravatar.com\\\/avatar\\\/ee975fa091fe581d12b60debb3439022686618368a7c142044c56724d4666b16?s=96&d=mm&r=g\",\"caption\":\"tbrmedia\"}}]}<\/script>\n<!-- \/ Yoast SEO plugin. -->","yoast_head_json":{"title":"Kohti kautta: BK-46 | K\u00e4sipallon naisten Aktialiiga","robots":{"index":"index","follow":"follow","max-snippet":"max-snippet:-1","max-image-preview":"max-image-preview:large","max-video-preview":"max-video-preview:-1"},"canonical":"https:\/\/aktialiiga.fi\/naiset\/2026-2027\/kohti-kautta-bk-46-9\/","og_locale":"fi_FI","og_type":"article","og_title":"Kohti kautta: BK-46 | K\u00e4sipallon naisten Aktialiiga","og_description":"BK-46 palasi viime kaudella mitalikantaan ensimm\u00e4ist\u00e4 kertaa sitten vuoden 2018. T\u00e4h\u00e4n kauteen joukkue l\u00e4htee kuitenkin kovasti muuttuneena. BK-46:lla oli loistava viime kausi, kun se sijoittui runkosarjassa toiseksi, mutta v\u00e4lier\u00e4sarjassa HIFK oli lopulta liian kova pala. Joukkueessa on tapahtunut paljon muutoksia kes\u00e4n aikana. Karjaalaisilla vaihtuu p\u00e4\u00e4valmentaja, kun Andreas R\u00f6nnberg siirtyi valmentamaan Norjaan Larvikiin ja samaan osoitteeseen [&hellip;]","og_url":"https:\/\/aktialiiga.fi\/naiset\/2026-2027\/kohti-kautta-bk-46-9\/","og_site_name":"K\u00e4sipallon naisten Aktialiiga","article_publisher":"https:\/\/www.facebook.com\/finnhandball","article_published_time":"2026-09-01T08:52:16+00:00","article_modified_time":"2026-09-01T09:16:49+00:00","og_image":[{"width":1390,"height":722,"url":"https:\/\/aktialiiga.fi\/naiset\/wp-content\/uploads\/sites\/6\/2026\/04\/Naisten-Aktialiigan-2025-26-pronssia-BK-46-e1776527347695.jpg","type":"image\/jpeg"}],"author":"tbrmedia","twitter_card":"summary_large_image","twitter_creator":"@finnhandball","twitter_site":"@finnhandball","schema":{"@context":"https:\/\/schema.org","@graph":[{"@type":"Article","@id":"https:\/\/aktialiiga.fi\/naiset\/2026-2027\/kohti-kautta-bk-46-9\/#article","isPartOf":{"@id":"https:\/\/aktialiiga.fi\/naiset\/2026-2027\/kohti-kautta-bk-46-9\/"},"author":{"name":"tbrmedia","@id":"https:\/\/aktialiiga.fi\/naiset\/#\/schema\/person\/c14bf42f47041db74603c45afcb18d87"},"headline":"Kohti kautta: BK-46","datePublished":"2026-09-01T08:52:16+00:00","dateModified":"2026-09-01T09:16:49+00:00","mainEntityOfPage":{"@id":"https:\/\/aktialiiga.fi\/naiset\/2026-2027\/kohti-kautta-bk-46-9\/"},"wordCount":368,"publisher":{"@id":"https:\/\/aktialiiga.fi\/naiset\/#organization"},"image":{"@id":"https:\/\/aktialiiga.fi\/naiset\/2026-2027\/kohti-kautta-bk-46-9\/#primaryimage"},"thumbnailUrl":"https:\/\/aktialiiga.fi\/naiset\/wp-content\/uploads\/sites\/6\/2026\/04\/Naisten-Aktialiigan-2025-26-pronssia-BK-46-e1776527347695.jpg","keywords":["BK-46"],"articleSection":["Kausi 2026-2027"],"inLanguage":"fi"},{"@type":"WebPage","@id":"https:\/\/aktialiiga.fi\/naiset\/2026-2027\/kohti-kautta-bk-46-9\/","url":"https:\/\/aktialiiga.fi\/naiset\/2026-2027\/kohti-kautta-bk-46-9\/","name":"Kohti kautta: BK-46 | K\u00e4sipallon naisten Aktialiiga","isPartOf":{"@id":"https:\/\/aktialiiga.fi\/naiset\/#website"},"primaryImageOfPage":{"@id":"https:\/\/aktialiiga.fi\/naiset\/2026-2027\/kohti-kautta-bk-46-9\/#primaryimage"},"image":{"@id":"https:\/\/aktialiiga.fi\/naiset\/2026-2027\/kohti-kautta-bk-46-9\/#primaryimage"},"thumbnailUrl":"https:\/\/aktialiiga.fi\/naiset\/wp-content\/uploads\/sites\/6\/2026\/04\/Naisten-Aktialiigan-2025-26-pronssia-BK-46-e1776527347695.jpg","datePublished":"2026-09-01T08:52:16+00:00","dateModified":"2026-09-01T09:16:49+00:00","breadcrumb":{"@id":"https:\/\/aktialiiga.fi\/naiset\/2026-2027\/kohti-kautta-bk-46-9\/#breadcrumb"},"inLanguage":"fi","potentialAction":[{"@type":"ReadAction","target":["https:\/\/aktialiiga.fi\/naiset\/2026-2027\/kohti-kautta-bk-46-9\/"]}]},{"@type":"ImageObject","inLanguage":"fi","@id":"https:\/\/aktialiiga.fi\/naiset\/2026-2027\/kohti-kautta-bk-46-9\/#primaryimage","url":"https:\/\/aktialiiga.fi\/naiset\/wp-content\/uploads\/sites\/6\/2026\/04\/Naisten-Aktialiigan-2025-26-pronssia-BK-46-e1776527347695.jpg","contentUrl":"https:\/\/aktialiiga.fi\/naiset\/wp-content\/uploads\/sites\/6\/2026\/04\/Naisten-Aktialiigan-2025-26-pronssia-BK-46-e1776527347695.jpg","width":1390,"height":722},{"@type":"BreadcrumbList","@id":"https:\/\/aktialiiga.fi\/naiset\/2026-2027\/kohti-kautta-bk-46-9\/#breadcrumb","itemListElement":[{"@type":"ListItem","position":1,"name":"Etusivu","item":"https:\/\/aktialiiga.fi\/naiset\/etusivu-260810\/"},{"@type":"ListItem","position":2,"name":"Kohti kautta: BK-46"}]},{"@type":"WebSite","@id":"https:\/\/aktialiiga.fi\/naiset\/#website","url":"https:\/\/aktialiiga.fi\/naiset\/","name":"K\u00e4sipallon naisten Aktialiiga","description":"Valtakunnan vauhdikkainta palloilua!","publisher":{"@id":"https:\/\/aktialiiga.fi\/naiset\/#organization"},"potentialAction":[{"@type":"SearchAction","target":{"@type":"EntryPoint","urlTemplate":"https:\/\/aktialiiga.fi\/naiset\/?s={search_term_string}"},"query-input":{"@type":"PropertyValueSpecification","valueRequired":true,"valueName":"search_term_string"}}],"inLanguage":"fi"},{"@type":"Organization","@id":"https:\/\/aktialiiga.fi\/naiset\/#organization","name":"K\u00e4sipallon naisten Aktialiiga","url":"https:\/\/aktialiiga.fi\/naiset\/","logo":{"@type":"ImageObject","inLanguage":"fi","@id":"https:\/\/aktialiiga.fi\/naiset\/#\/schema\/logo\/image\/","url":"https:\/\/aktialiiga.fi\/naiset\/wp-content\/uploads\/sites\/6\/2024\/09\/Aktialiiga-Yoast-512.png","contentUrl":"https:\/\/aktialiiga.fi\/naiset\/wp-content\/uploads\/sites\/6\/2024\/09\/Aktialiiga-Yoast-512.png","width":512,"height":512,"caption":"K\u00e4sipallon naisten Aktialiiga"},"image":{"@id":"https:\/\/aktialiiga.fi\/naiset\/#\/schema\/logo\/image\/"},"sameAs":["https:\/\/www.facebook.com\/finnhandball","https:\/\/x.com\/finnhandball","https:\/\/www.instagram.com\/handballfinland\/"]},{"@type":"Person","@id":"https:\/\/aktialiiga.fi\/naiset\/#\/schema\/person\/c14bf42f47041db74603c45afcb18d87","name":"tbrmedia","image":{"@type":"ImageObject","inLanguage":"fi","@id":"https:\/\/secure.gravatar.com\/avatar\/ee975fa091fe581d12b60debb3439022686618368a7c142044c56724d4666b16?s=96&d=mm&r=g","url":"https:\/\/secure.gravatar.com\/avatar\/ee975fa091fe581d12b60debb3439022686618368a7c142044c56724d4666b16?s=96&d=mm&r=g","contentUrl":"https:\/\/secure.gravatar.com\/avatar\/ee975fa091fe581d12b60debb3439022686618368a7c142044c56724d4666b16?s=96&d=mm&r=g","caption":"tbrmedia"}}]}},"jetpack_sharing_enabled":true,"jetpack_shortlink":"https:\/\/wp.me\/pfYhm6-hVa","jetpack_featured_media_url":"https:\/\/aktialiiga.fi\/naiset\/wp-content\/uploads\/sites\/6\/2026\/04\/Naisten-Aktialiigan-2025-26-pronssia-BK-46-e1776527347695.jpg","_links":{"self":[{"href":"https:\/\/aktialiiga.fi\/naiset\/wp-json\/wp\/v2\/posts\/68892","targetHints":{"allow":["GET"]}}],"collection":[{"href":"https:\/\/aktialiiga.fi\/naiset\/wp-json\/wp\/v2\/posts"}],"about":[{"href":"https:\/\/aktialiiga.fi\/naiset\/wp-json\/wp\/v2\/types\/post"}],"author":[{"embeddable":true,"href":"https:\/\/aktialiiga.fi\/naiset\/wp-json\/wp\/v2\/users\/13"}],"replies":[{"embeddable":true,"href":"https:\/\/aktialiiga.fi\/naiset\/wp-json\/wp\/v2\/comments?post=68892"}],"version-history":[{"count":1,"href":"https:\/\/aktialiiga.fi\/naiset\/wp-json\/wp\/v2\/posts\/68892\/revisions"}],"predecessor-version":[{"id":68896,"href":"https:\/\/aktialiiga.fi\/naiset\/wp-json\/wp\/v2\/posts\/68892\/revisions\/68896"}],"wp:featuredmedia":[{"embeddable":true,"href":"https:\/\/aktialiiga.fi\/naiset\/wp-json\/wp\/v2\/media\/47578"}],"wp:attachment":[{"href":"https:\/\/aktialiiga.fi\/naiset\/wp-json\/wp\/v2\/media?parent=68892"}],"wp:term":[{"taxonomy":"category","embeddable":true,"href":"https:\/\/aktialiiga.fi\/naiset\/wp-json\/wp\/v2\/categories?post=68892"},{"taxonomy":"post_tag","embeddable":true,"href":"https:\/\/aktialiiga.fi\/naiset\/wp-json\/wp\/v2\/tags?post=68892"}],"curies":[{"name":"wp","href":"https:\/\/api.w.org\/{rel}","templated":true}]}}