{"id":68898,"date":"2026-09-01T13:00:46","date_gmt":"2026-09-01T10:00:46","guid":{"rendered":"https:\/\/aktialiiga.fi\/naiset\/?p=68898"},"modified":"2026-09-01T12:18:27","modified_gmt":"2026-09-01T09:18:27","slug":"kohti-kautta-dicken-12","status":"publish","type":"post","link":"https:\/\/aktialiiga.fi\/naiset\/2026-2027\/kohti-kautta-dicken-12\/","title":{"rendered":"Kohti kautta: Dicken"},"content":{"rendered":"<p>Dicken j\u00e4i viime kaudella ensimm\u00e4ist\u00e4 kertaa mitalien ulkopuolelle sitten vuoden 2013, mutta l\u00e4htee t\u00e4ll\u00e4 kaudella hakemaan paluuta k\u00e4rkijoukkoon.<\/p>\n<p>Dickenill\u00e4 on takanaan parin kauden mittainen nuorennusleikkaus, jonka hedelmi\u00e4 alettiin n\u00e4hd\u00e4 jo viime kaudella. Joukkueen suurimmat muutokset ovat tapahtuneet imagon ja valmennuksen puolella. Dicken on ottanut t\u00e4ll\u00e4 kaudella perinteisen seuralogon k\u00e4ytt\u00f6\u00f6n ja uudeksi p\u00e4\u00e4valmentajaksi nousee usean kauden kakkosena toiminut Jan Sundstr\u00f6m.<\/p>\n<p>Pelaajapuolella kokenut Jessika Gammals lopetti upean uransa, mutta toisaalta tulopuolella on kova nimi, kun Matilda Peitsaro tekee paluun Ruotsin kentilt\u00e4. Nuoret pelaajat ovat ottaneet kausi kaudelta askeleita eteenp\u00e4in, ja Dickenin voidaan odottavan t\u00e4ll\u00e4 kaudella entist\u00e4 vahvempi.<\/p>\n<p>&#8211; Matilda Peitsaron paluu tuo kokemusta joukkueeseen, ja lis\u00e4ksi olemme nostaneet muutaman A-juniorin, jotka varmasti tulevat kilpailemaan peliajasta, Sundstr\u00f6m toteaa.<\/p>\n<p>&#8211; Viime kauteen verrattuna meill\u00e4 on laajempi pelaajarinki. Olemme harjoitelleet kes\u00e4ll\u00e4 fysiikkaa ja juoksuvoimaa, jotta voimme pelata vauhdikasta k\u00e4sipalloa, Sundstr\u00f6m jatkaa.<\/p>\n<p>Kauden ennakkoveikkailuissa Dicken on asetettu k\u00e4rkikastiin ja Sundstr\u00f6min mukaan joukkueessa on hyv\u00e4 tunnelma kauteen l\u00e4hdett\u00e4ess\u00e4.<\/p>\n<p>&#8211; Hyvill\u00e4 mielin l\u00e4hdet\u00e4\u00e4n kauteen. Viime kausi oli loukkaantumisten vuoksi eritt\u00e4in haastava, joten toivottavasti nyt p\u00e4\u00e4semme pelaamaan ehj\u00e4n kauden.<\/p>\n<p>Dicken avaa kautensa perjantaina 4.9. kohdatessaan vieraskent\u00e4ll\u00e4 BK-46:n. Ottelu alkaa kello 18.30.<\/p>\n","protected":false},"excerpt":{"rendered":"<p>Dicken j\u00e4i viime kaudella ensimm\u00e4ist\u00e4 kertaa mitalien ulkopuolelle sitten vuoden 2013, mutta l\u00e4htee t\u00e4ll\u00e4 kaudella hakemaan paluuta k\u00e4rkijoukkoon. Dickenill\u00e4 on takanaan parin kauden mittainen nuorennusleikkaus, jonka hedelmi\u00e4 alettiin n\u00e4hd\u00e4 jo viime kaudella. Joukkueen suurimmat muutokset ovat tapahtuneet imagon ja valmennuksen puolella. Dicken on ottanut t\u00e4ll\u00e4 kaudella perinteisen seuralogon k\u00e4ytt\u00f6\u00f6n ja uudeksi p\u00e4\u00e4valmentajaksi nousee usean kauden [&hellip;]<\/p>\n","protected":false},"author":13,"featured_media":44912,"comment_status":"closed","ping_status":"closed","sticky":false,"template":"","format":"standard","meta":{"_acf_changed":false,"_jetpack_newsletter_access":"","_jetpack_dont_email_post_to_subs":false,"_jetpack_newsletter_tier_id":0,"_jetpack_memberships_contains_paywalled_content":false,"_jetpack_feature_clip_id":0,"_jetpack_memberships_contains_paid_content":false,"footnotes":"","jetpack_post_was_ever_published":false},"categories":[299],"tags":[51],"class_list":["post-68898","post","type-post","status-publish","format-standard","has-post-thumbnail","hentry","category-2026-2027","tag-dicken"],"acf":[],"yoast_head":"<!-- This site is optimized with the Yoast SEO plugin v28.3 - https:\/\/yoast.com\/product\/yoast-seo-wordpress\/ -->\n<title>Kohti kautta: Dicken | K\u00e4sipallon naisten Aktialiiga<\/title>\n<meta name=\"robots\" content=\"index, follow, max-snippet:-1, max-image-preview:large, max-video-preview:-1\" \/>\n<link rel=\"canonical\" href=\"https:\/\/aktialiiga.fi\/naiset\/2026-2027\/kohti-kautta-dicken-12\/\" \/>\n<meta property=\"og:locale\" content=\"fi_FI\" \/>\n<meta property=\"og:type\" content=\"article\" \/>\n<meta property=\"og:title\" content=\"Kohti kautta: Dicken | K\u00e4sipallon naisten Aktialiiga\" \/>\n<meta property=\"og:description\" content=\"Dicken j\u00e4i viime kaudella ensimm\u00e4ist\u00e4 kertaa mitalien ulkopuolelle sitten vuoden 2013, mutta l\u00e4htee t\u00e4ll\u00e4 kaudella hakemaan paluuta k\u00e4rkijoukkoon. Dickenill\u00e4 on takanaan parin kauden mittainen nuorennusleikkaus, jonka hedelmi\u00e4 alettiin n\u00e4hd\u00e4 jo viime kaudella. Joukkueen suurimmat muutokset ovat tapahtuneet imagon ja valmennuksen puolella. Dicken on ottanut t\u00e4ll\u00e4 kaudella perinteisen seuralogon k\u00e4ytt\u00f6\u00f6n ja uudeksi p\u00e4\u00e4valmentajaksi nousee usean kauden [&hellip;]\" \/>\n<meta property=\"og:url\" content=\"https:\/\/aktialiiga.fi\/naiset\/2026-2027\/kohti-kautta-dicken-12\/\" \/>\n<meta property=\"og:site_name\" content=\"K\u00e4sipallon naisten Aktialiiga\" \/>\n<meta property=\"article:publisher\" content=\"https:\/\/www.facebook.com\/finnhandball\" \/>\n<meta property=\"article:published_time\" content=\"2026-09-01T10:00:46+00:00\" \/>\n<meta property=\"og:image\" content=\"https:\/\/aktialiiga.fi\/naiset\/wp-content\/uploads\/sites\/6\/2025\/09\/A7300003-e1767370186546.jpg\" \/>\n\t<meta property=\"og:image:width\" content=\"1860\" \/>\n\t<meta property=\"og:image:height\" content=\"1050\" \/>\n\t<meta property=\"og:image:type\" content=\"image\/jpeg\" \/>\n<meta name=\"author\" content=\"tbrmedia\" \/>\n<meta name=\"twitter:card\" content=\"summary_large_image\" \/>\n<meta name=\"twitter:creator\" content=\"@finnhandball\" \/>\n<meta name=\"twitter:site\" content=\"@finnhandball\" \/>\n<script type=\"application\/ld+json\" class=\"yoast-schema-graph\">{\"@context\":\"https:\\\/\\\/schema.org\",\"@graph\":[{\"@type\":\"Article\",\"@id\":\"https:\\\/\\\/aktialiiga.fi\\\/naiset\\\/2026-2027\\\/kohti-kautta-dicken-12\\\/#article\",\"isPartOf\":{\"@id\":\"https:\\\/\\\/aktialiiga.fi\\\/naiset\\\/2026-2027\\\/kohti-kautta-dicken-12\\\/\"},\"author\":{\"name\":\"tbrmedia\",\"@id\":\"https:\\\/\\\/aktialiiga.fi\\\/naiset\\\/#\\\/schema\\\/person\\\/c14bf42f47041db74603c45afcb18d87\"},\"headline\":\"Kohti kautta: Dicken\",\"datePublished\":\"2026-09-01T10:00:46+00:00\",\"mainEntityOfPage\":{\"@id\":\"https:\\\/\\\/aktialiiga.fi\\\/naiset\\\/2026-2027\\\/kohti-kautta-dicken-12\\\/\"},\"wordCount\":211,\"publisher\":{\"@id\":\"https:\\\/\\\/aktialiiga.fi\\\/naiset\\\/#organization\"},\"image\":{\"@id\":\"https:\\\/\\\/aktialiiga.fi\\\/naiset\\\/2026-2027\\\/kohti-kautta-dicken-12\\\/#primaryimage\"},\"thumbnailUrl\":\"https:\\\/\\\/aktialiiga.fi\\\/naiset\\\/wp-content\\\/uploads\\\/sites\\\/6\\\/2025\\\/09\\\/A7300003-e1767370186546.jpg\",\"keywords\":[\"Dicken\"],\"articleSection\":[\"Kausi 2026-2027\"],\"inLanguage\":\"fi\"},{\"@type\":\"WebPage\",\"@id\":\"https:\\\/\\\/aktialiiga.fi\\\/naiset\\\/2026-2027\\\/kohti-kautta-dicken-12\\\/\",\"url\":\"https:\\\/\\\/aktialiiga.fi\\\/naiset\\\/2026-2027\\\/kohti-kautta-dicken-12\\\/\",\"name\":\"Kohti kautta: Dicken | K\u00e4sipallon naisten Aktialiiga\",\"isPartOf\":{\"@id\":\"https:\\\/\\\/aktialiiga.fi\\\/naiset\\\/#website\"},\"primaryImageOfPage\":{\"@id\":\"https:\\\/\\\/aktialiiga.fi\\\/naiset\\\/2026-2027\\\/kohti-kautta-dicken-12\\\/#primaryimage\"},\"image\":{\"@id\":\"https:\\\/\\\/aktialiiga.fi\\\/naiset\\\/2026-2027\\\/kohti-kautta-dicken-12\\\/#primaryimage\"},\"thumbnailUrl\":\"https:\\\/\\\/aktialiiga.fi\\\/naiset\\\/wp-content\\\/uploads\\\/sites\\\/6\\\/2025\\\/09\\\/A7300003-e1767370186546.jpg\",\"datePublished\":\"2026-09-01T10:00:46+00:00\",\"breadcrumb\":{\"@id\":\"https:\\\/\\\/aktialiiga.fi\\\/naiset\\\/2026-2027\\\/kohti-kautta-dicken-12\\\/#breadcrumb\"},\"inLanguage\":\"fi\",\"potentialAction\":[{\"@type\":\"ReadAction\",\"target\":[\"https:\\\/\\\/aktialiiga.fi\\\/naiset\\\/2026-2027\\\/kohti-kautta-dicken-12\\\/\"]}]},{\"@type\":\"ImageObject\",\"inLanguage\":\"fi\",\"@id\":\"https:\\\/\\\/aktialiiga.fi\\\/naiset\\\/2026-2027\\\/kohti-kautta-dicken-12\\\/#primaryimage\",\"url\":\"https:\\\/\\\/aktialiiga.fi\\\/naiset\\\/wp-content\\\/uploads\\\/sites\\\/6\\\/2025\\\/09\\\/A7300003-e1767370186546.jpg\",\"contentUrl\":\"https:\\\/\\\/aktialiiga.fi\\\/naiset\\\/wp-content\\\/uploads\\\/sites\\\/6\\\/2025\\\/09\\\/A7300003-e1767370186546.jpg\",\"width\":1860,\"height\":1050,\"caption\":\"Dicken, 2025-26\"},{\"@type\":\"BreadcrumbList\",\"@id\":\"https:\\\/\\\/aktialiiga.fi\\\/naiset\\\/2026-2027\\\/kohti-kautta-dicken-12\\\/#breadcrumb\",\"itemListElement\":[{\"@type\":\"ListItem\",\"position\":1,\"name\":\"Etusivu\",\"item\":\"https:\\\/\\\/aktialiiga.fi\\\/naiset\\\/etusivu-260810\\\/\"},{\"@type\":\"ListItem\",\"position\":2,\"name\":\"Kohti kautta: Dicken\"}]},{\"@type\":\"WebSite\",\"@id\":\"https:\\\/\\\/aktialiiga.fi\\\/naiset\\\/#website\",\"url\":\"https:\\\/\\\/aktialiiga.fi\\\/naiset\\\/\",\"name\":\"K\u00e4sipallon naisten Aktialiiga\",\"description\":\"Valtakunnan vauhdikkainta palloilua!\",\"publisher\":{\"@id\":\"https:\\\/\\\/aktialiiga.fi\\\/naiset\\\/#organization\"},\"potentialAction\":[{\"@type\":\"SearchAction\",\"target\":{\"@type\":\"EntryPoint\",\"urlTemplate\":\"https:\\\/\\\/aktialiiga.fi\\\/naiset\\\/?s={search_term_string}\"},\"query-input\":{\"@type\":\"PropertyValueSpecification\",\"valueRequired\":true,\"valueName\":\"search_term_string\"}}],\"inLanguage\":\"fi\"},{\"@type\":\"Organization\",\"@id\":\"https:\\\/\\\/aktialiiga.fi\\\/naiset\\\/#organization\",\"name\":\"K\u00e4sipallon naisten Aktialiiga\",\"url\":\"https:\\\/\\\/aktialiiga.fi\\\/naiset\\\/\",\"logo\":{\"@type\":\"ImageObject\",\"inLanguage\":\"fi\",\"@id\":\"https:\\\/\\\/aktialiiga.fi\\\/naiset\\\/#\\\/schema\\\/logo\\\/image\\\/\",\"url\":\"https:\\\/\\\/aktialiiga.fi\\\/naiset\\\/wp-content\\\/uploads\\\/sites\\\/6\\\/2024\\\/09\\\/Aktialiiga-Yoast-512.png\",\"contentUrl\":\"https:\\\/\\\/aktialiiga.fi\\\/naiset\\\/wp-content\\\/uploads\\\/sites\\\/6\\\/2024\\\/09\\\/Aktialiiga-Yoast-512.png\",\"width\":512,\"height\":512,\"caption\":\"K\u00e4sipallon naisten Aktialiiga\"},\"image\":{\"@id\":\"https:\\\/\\\/aktialiiga.fi\\\/naiset\\\/#\\\/schema\\\/logo\\\/image\\\/\"},\"sameAs\":[\"https:\\\/\\\/www.facebook.com\\\/finnhandball\",\"https:\\\/\\\/x.com\\\/finnhandball\",\"https:\\\/\\\/www.instagram.com\\\/handballfinland\\\/\"]},{\"@type\":\"Person\",\"@id\":\"https:\\\/\\\/aktialiiga.fi\\\/naiset\\\/#\\\/schema\\\/person\\\/c14bf42f47041db74603c45afcb18d87\",\"name\":\"tbrmedia\",\"image\":{\"@type\":\"ImageObject\",\"inLanguage\":\"fi\",\"@id\":\"https:\\\/\\\/secure.gravatar.com\\\/avatar\\\/ee975fa091fe581d12b60debb3439022686618368a7c142044c56724d4666b16?s=96&d=mm&r=g\",\"url\":\"https:\\\/\\\/secure.gravatar.com\\\/avatar\\\/ee975fa091fe581d12b60debb3439022686618368a7c142044c56724d4666b16?s=96&d=mm&r=g\",\"contentUrl\":\"https:\\\/\\\/secure.gravatar.com\\\/avatar\\\/ee975fa091fe581d12b60debb3439022686618368a7c142044c56724d4666b16?s=96&d=mm&r=g\",\"caption\":\"tbrmedia\"}}]}<\/script>\n<!-- \/ Yoast SEO plugin. -->","yoast_head_json":{"title":"Kohti kautta: Dicken | K\u00e4sipallon naisten Aktialiiga","robots":{"index":"index","follow":"follow","max-snippet":"max-snippet:-1","max-image-preview":"max-image-preview:large","max-video-preview":"max-video-preview:-1"},"canonical":"https:\/\/aktialiiga.fi\/naiset\/2026-2027\/kohti-kautta-dicken-12\/","og_locale":"fi_FI","og_type":"article","og_title":"Kohti kautta: Dicken | K\u00e4sipallon naisten Aktialiiga","og_description":"Dicken j\u00e4i viime kaudella ensimm\u00e4ist\u00e4 kertaa mitalien ulkopuolelle sitten vuoden 2013, mutta l\u00e4htee t\u00e4ll\u00e4 kaudella hakemaan paluuta k\u00e4rkijoukkoon. Dickenill\u00e4 on takanaan parin kauden mittainen nuorennusleikkaus, jonka hedelmi\u00e4 alettiin n\u00e4hd\u00e4 jo viime kaudella. Joukkueen suurimmat muutokset ovat tapahtuneet imagon ja valmennuksen puolella. Dicken on ottanut t\u00e4ll\u00e4 kaudella perinteisen seuralogon k\u00e4ytt\u00f6\u00f6n ja uudeksi p\u00e4\u00e4valmentajaksi nousee usean kauden [&hellip;]","og_url":"https:\/\/aktialiiga.fi\/naiset\/2026-2027\/kohti-kautta-dicken-12\/","og_site_name":"K\u00e4sipallon naisten Aktialiiga","article_publisher":"https:\/\/www.facebook.com\/finnhandball","article_published_time":"2026-09-01T10:00:46+00:00","og_image":[{"width":1860,"height":1050,"url":"https:\/\/aktialiiga.fi\/naiset\/wp-content\/uploads\/sites\/6\/2025\/09\/A7300003-e1767370186546.jpg","type":"image\/jpeg"}],"author":"tbrmedia","twitter_card":"summary_large_image","twitter_creator":"@finnhandball","twitter_site":"@finnhandball","schema":{"@context":"https:\/\/schema.org","@graph":[{"@type":"Article","@id":"https:\/\/aktialiiga.fi\/naiset\/2026-2027\/kohti-kautta-dicken-12\/#article","isPartOf":{"@id":"https:\/\/aktialiiga.fi\/naiset\/2026-2027\/kohti-kautta-dicken-12\/"},"author":{"name":"tbrmedia","@id":"https:\/\/aktialiiga.fi\/naiset\/#\/schema\/person\/c14bf42f47041db74603c45afcb18d87"},"headline":"Kohti kautta: Dicken","datePublished":"2026-09-01T10:00:46+00:00","mainEntityOfPage":{"@id":"https:\/\/aktialiiga.fi\/naiset\/2026-2027\/kohti-kautta-dicken-12\/"},"wordCount":211,"publisher":{"@id":"https:\/\/aktialiiga.fi\/naiset\/#organization"},"image":{"@id":"https:\/\/aktialiiga.fi\/naiset\/2026-2027\/kohti-kautta-dicken-12\/#primaryimage"},"thumbnailUrl":"https:\/\/aktialiiga.fi\/naiset\/wp-content\/uploads\/sites\/6\/2025\/09\/A7300003-e1767370186546.jpg","keywords":["Dicken"],"articleSection":["Kausi 2026-2027"],"inLanguage":"fi"},{"@type":"WebPage","@id":"https:\/\/aktialiiga.fi\/naiset\/2026-2027\/kohti-kautta-dicken-12\/","url":"https:\/\/aktialiiga.fi\/naiset\/2026-2027\/kohti-kautta-dicken-12\/","name":"Kohti kautta: Dicken | K\u00e4sipallon naisten Aktialiiga","isPartOf":{"@id":"https:\/\/aktialiiga.fi\/naiset\/#website"},"primaryImageOfPage":{"@id":"https:\/\/aktialiiga.fi\/naiset\/2026-2027\/kohti-kautta-dicken-12\/#primaryimage"},"image":{"@id":"https:\/\/aktialiiga.fi\/naiset\/2026-2027\/kohti-kautta-dicken-12\/#primaryimage"},"thumbnailUrl":"https:\/\/aktialiiga.fi\/naiset\/wp-content\/uploads\/sites\/6\/2025\/09\/A7300003-e1767370186546.jpg","datePublished":"2026-09-01T10:00:46+00:00","breadcrumb":{"@id":"https:\/\/aktialiiga.fi\/naiset\/2026-2027\/kohti-kautta-dicken-12\/#breadcrumb"},"inLanguage":"fi","potentialAction":[{"@type":"ReadAction","target":["https:\/\/aktialiiga.fi\/naiset\/2026-2027\/kohti-kautta-dicken-12\/"]}]},{"@type":"ImageObject","inLanguage":"fi","@id":"https:\/\/aktialiiga.fi\/naiset\/2026-2027\/kohti-kautta-dicken-12\/#primaryimage","url":"https:\/\/aktialiiga.fi\/naiset\/wp-content\/uploads\/sites\/6\/2025\/09\/A7300003-e1767370186546.jpg","contentUrl":"https:\/\/aktialiiga.fi\/naiset\/wp-content\/uploads\/sites\/6\/2025\/09\/A7300003-e1767370186546.jpg","width":1860,"height":1050,"caption":"Dicken, 2025-26"},{"@type":"BreadcrumbList","@id":"https:\/\/aktialiiga.fi\/naiset\/2026-2027\/kohti-kautta-dicken-12\/#breadcrumb","itemListElement":[{"@type":"ListItem","position":1,"name":"Etusivu","item":"https:\/\/aktialiiga.fi\/naiset\/etusivu-260810\/"},{"@type":"ListItem","position":2,"name":"Kohti kautta: Dicken"}]},{"@type":"WebSite","@id":"https:\/\/aktialiiga.fi\/naiset\/#website","url":"https:\/\/aktialiiga.fi\/naiset\/","name":"K\u00e4sipallon naisten Aktialiiga","description":"Valtakunnan vauhdikkainta palloilua!","publisher":{"@id":"https:\/\/aktialiiga.fi\/naiset\/#organization"},"potentialAction":[{"@type":"SearchAction","target":{"@type":"EntryPoint","urlTemplate":"https:\/\/aktialiiga.fi\/naiset\/?s={search_term_string}"},"query-input":{"@type":"PropertyValueSpecification","valueRequired":true,"valueName":"search_term_string"}}],"inLanguage":"fi"},{"@type":"Organization","@id":"https:\/\/aktialiiga.fi\/naiset\/#organization","name":"K\u00e4sipallon naisten Aktialiiga","url":"https:\/\/aktialiiga.fi\/naiset\/","logo":{"@type":"ImageObject","inLanguage":"fi","@id":"https:\/\/aktialiiga.fi\/naiset\/#\/schema\/logo\/image\/","url":"https:\/\/aktialiiga.fi\/naiset\/wp-content\/uploads\/sites\/6\/2024\/09\/Aktialiiga-Yoast-512.png","contentUrl":"https:\/\/aktialiiga.fi\/naiset\/wp-content\/uploads\/sites\/6\/2024\/09\/Aktialiiga-Yoast-512.png","width":512,"height":512,"caption":"K\u00e4sipallon naisten Aktialiiga"},"image":{"@id":"https:\/\/aktialiiga.fi\/naiset\/#\/schema\/logo\/image\/"},"sameAs":["https:\/\/www.facebook.com\/finnhandball","https:\/\/x.com\/finnhandball","https:\/\/www.instagram.com\/handballfinland\/"]},{"@type":"Person","@id":"https:\/\/aktialiiga.fi\/naiset\/#\/schema\/person\/c14bf42f47041db74603c45afcb18d87","name":"tbrmedia","image":{"@type":"ImageObject","inLanguage":"fi","@id":"https:\/\/secure.gravatar.com\/avatar\/ee975fa091fe581d12b60debb3439022686618368a7c142044c56724d4666b16?s=96&d=mm&r=g","url":"https:\/\/secure.gravatar.com\/avatar\/ee975fa091fe581d12b60debb3439022686618368a7c142044c56724d4666b16?s=96&d=mm&r=g","contentUrl":"https:\/\/secure.gravatar.com\/avatar\/ee975fa091fe581d12b60debb3439022686618368a7c142044c56724d4666b16?s=96&d=mm&r=g","caption":"tbrmedia"}}]}},"jetpack_sharing_enabled":true,"jetpack_shortlink":"https:\/\/wp.me\/pfYhm6-hVg","jetpack_featured_media_url":"https:\/\/aktialiiga.fi\/naiset\/wp-content\/uploads\/sites\/6\/2025\/09\/A7300003-e1767370186546.jpg","_links":{"self":[{"href":"https:\/\/aktialiiga.fi\/naiset\/wp-json\/wp\/v2\/posts\/68898","targetHints":{"allow":["GET"]}}],"collection":[{"href":"https:\/\/aktialiiga.fi\/naiset\/wp-json\/wp\/v2\/posts"}],"about":[{"href":"https:\/\/aktialiiga.fi\/naiset\/wp-json\/wp\/v2\/types\/post"}],"author":[{"embeddable":true,"href":"https:\/\/aktialiiga.fi\/naiset\/wp-json\/wp\/v2\/users\/13"}],"replies":[{"embeddable":true,"href":"https:\/\/aktialiiga.fi\/naiset\/wp-json\/wp\/v2\/comments?post=68898"}],"version-history":[{"count":1,"href":"https:\/\/aktialiiga.fi\/naiset\/wp-json\/wp\/v2\/posts\/68898\/revisions"}],"predecessor-version":[{"id":68899,"href":"https:\/\/aktialiiga.fi\/naiset\/wp-json\/wp\/v2\/posts\/68898\/revisions\/68899"}],"wp:featuredmedia":[{"embeddable":true,"href":"https:\/\/aktialiiga.fi\/naiset\/wp-json\/wp\/v2\/media\/44912"}],"wp:attachment":[{"href":"https:\/\/aktialiiga.fi\/naiset\/wp-json\/wp\/v2\/media?parent=68898"}],"wp:term":[{"taxonomy":"category","embeddable":true,"href":"https:\/\/aktialiiga.fi\/naiset\/wp-json\/wp\/v2\/categories?post=68898"},{"taxonomy":"post_tag","embeddable":true,"href":"https:\/\/aktialiiga.fi\/naiset\/wp-json\/wp\/v2\/tags?post=68898"}],"curies":[{"name":"wp","href":"https:\/\/api.w.org\/{rel}","templated":true}]}}