{"id":6907,"date":"2016-01-09T18:05:27","date_gmt":"2016-01-09T16:05:27","guid":{"rendered":"https:\/\/aktialiiga.fi\/naiset\/?p=6907"},"modified":"2024-08-28T18:29:42","modified_gmt":"2024-08-28T15:29:42","slug":"sparta-ja-bk-46-avaavat-uuden-vuoden-sunnuntaina","status":"publish","type":"post","link":"https:\/\/aktialiiga.fi\/naiset\/2015-2016\/ennakot-2015-2016\/sparta-ja-bk-46-avaavat-uuden-vuoden-sunnuntaina\/","title":{"rendered":"Sparta ja BK-46 avaavat uuden vuoden sunnuntaina"},"content":{"rendered":"<p>Sarjataulukon kolmonen Sparta saa sunnuntaina vieraakseen pari pyk\u00e4l\u00e4\u00e4 alempana taulukossa majailevan BK-46:n. Ottelu on kummallekin ensimm\u00e4inen alkaneen vuoden puolella.<\/p>\n<p>Sparta p\u00e4\u00e4tti syksyn komeaan voittoon k\u00e4rkijoukkue Dickenist\u00e4 ja pienen alun hakemisen j\u00e4lkeen syksy sujui muutenkin mallikkaasti.<\/p>\n<p>&#8211; Syksy alkoi pahaenteisesti kolmen tappion suoralla, mutta sen j\u00e4lkeen on menty mukavasti my\u00f6t\u00e4tuuleen. Syksyll\u00e4 tuli pari yll\u00e4tt\u00e4v\u00e4\u00e4 pistemenetyst\u00e4, mutta ne pystyttiin paikkaamaan ottamalla pisteet pois HIFK:lta ja Dickenilt\u00e4. Tilastollisesti meill\u00e4 on sarjan 2. paras puolustus sek\u00e4 3. paras hy\u00f6kk\u00e4yspeli, joten olemme sarjassa ihan oikealla paikalla sijalla 3., Spartan p\u00e4\u00e4valmentaja Jani Vaskola kertasi syksy\u00e4 seuran verkkosivuilla.<\/p>\n<p>Spartan edellinen pistemenetys tuli joulukuun alussa juuri BK-46:tta vastaan, kun pisteet jaettiin Karjaalla. BK on Spartan tavoin parantanut kauden edetess\u00e4 ja on jo 98 maalia heitt\u00e4neen Pamela Degermanin johdolla erityisesti hy\u00f6kk\u00e4ysp\u00e4\u00e4ss\u00e4 vahva.<\/p>\n<p>BK horjutti syksyn viimeisess\u00e4 ottelussaan toden teolla saman viikon lopulla cup-mestaruutta juhlinutta HIFK:ta ja ammentaa t\u00e4st\u00e4 uskoa kev\u00e4\u00e4seen.<\/p>\n<p>&#8211; My\u00f6s jatkossa tulemme taistelemaan alusta loppuun, p\u00e4\u00e4valmentaja Thomas Holmberg vakuutti V\u00e4stra Nylandille.<\/p>\n<p>Kumpikin luonnollisesti hakee paikkaa runkosarjan nelj\u00e4n parhaan joukossa.<\/p>\n<p>&#8211; Laskennallisesti jaossa on 20 pistett\u00e4 ja piste per peli riitt\u00e4nee play-off paikkaan. Viisi voittoa pit\u00e4isi siis viel\u00e4 kaivaa minimiss\u00e4\u00e4n sarjassa. L\u00e4hdemme kuitenkin voittamaan kaikkia otteluita ja sit\u00e4 kautta haastamaan play-off -peleiss\u00e4 muita stadilaisia, Vaskola laskee.<\/p>\n<p>Ottelu Pirkkolassa alkaa sunnuntaina kello 14.30.<\/p>\n","protected":false},"excerpt":{"rendered":"<p>Sarjataulukon kolmonen Sparta saa sunnuntaina vieraakseen pari pyk\u00e4l\u00e4\u00e4 alempana taulukossa majailevan BK-46:n. Ottelu on kummallekin ensimm\u00e4inen alkaneen vuoden puolella. Sparta p\u00e4\u00e4tti syksyn komeaan voittoon k\u00e4rkijoukkue Dickenist\u00e4 ja pienen alun hakemisen j\u00e4lkeen syksy sujui muutenkin mallikkaasti. &#8211; Syksy alkoi pahaenteisesti kolmen tappion suoralla, mutta sen j\u00e4lkeen on menty mukavasti my\u00f6t\u00e4tuuleen. Syksyll\u00e4 tuli pari yll\u00e4tt\u00e4v\u00e4\u00e4 pistemenetyst\u00e4, mutta [&hellip;]<\/p>\n","protected":false},"author":13,"featured_media":6600,"comment_status":"closed","ping_status":"closed","sticky":false,"template":"","format":"standard","meta":{"_acf_changed":false,"jetpack_post_was_ever_published":false,"_jetpack_newsletter_access":"","_jetpack_dont_email_post_to_subs":false,"_jetpack_newsletter_tier_id":0,"_jetpack_memberships_contains_paywalled_content":false,"_jetpack_memberships_contains_paid_content":false,"footnotes":""},"categories":[37],"tags":[49,84],"class_list":["post-6907","post","type-post","status-publish","format-standard","has-post-thumbnail","hentry","category-ennakot-2015-2016","tag-bk-46","tag-sparta"],"acf":[],"yoast_head":"<!-- This site is optimized with the Yoast SEO plugin v27.5 - https:\/\/yoast.com\/product\/yoast-seo-wordpress\/ -->\n<title>Sparta ja BK-46 avaavat uuden vuoden sunnuntaina | K\u00e4sipallon naisten Aktialiiga<\/title>\n<meta name=\"robots\" content=\"index, follow, max-snippet:-1, max-image-preview:large, max-video-preview:-1\" \/>\n<link rel=\"canonical\" href=\"https:\/\/aktialiiga.fi\/naiset\/2015-2016\/ennakot-2015-2016\/sparta-ja-bk-46-avaavat-uuden-vuoden-sunnuntaina\/\" \/>\n<meta property=\"og:locale\" content=\"fi_FI\" \/>\n<meta property=\"og:type\" content=\"article\" \/>\n<meta property=\"og:title\" content=\"Sparta ja BK-46 avaavat uuden vuoden sunnuntaina | K\u00e4sipallon naisten Aktialiiga\" \/>\n<meta property=\"og:description\" content=\"Sarjataulukon kolmonen Sparta saa sunnuntaina vieraakseen pari pyk\u00e4l\u00e4\u00e4 alempana taulukossa majailevan BK-46:n. Ottelu on kummallekin ensimm\u00e4inen alkaneen vuoden puolella. Sparta p\u00e4\u00e4tti syksyn komeaan voittoon k\u00e4rkijoukkue Dickenist\u00e4 ja pienen alun hakemisen j\u00e4lkeen syksy sujui muutenkin mallikkaasti. &#8211; Syksy alkoi pahaenteisesti kolmen tappion suoralla, mutta sen j\u00e4lkeen on menty mukavasti my\u00f6t\u00e4tuuleen. Syksyll\u00e4 tuli pari yll\u00e4tt\u00e4v\u00e4\u00e4 pistemenetyst\u00e4, mutta [&hellip;]\" \/>\n<meta property=\"og:url\" content=\"https:\/\/aktialiiga.fi\/naiset\/2015-2016\/ennakot-2015-2016\/sparta-ja-bk-46-avaavat-uuden-vuoden-sunnuntaina\/\" \/>\n<meta property=\"og:site_name\" content=\"K\u00e4sipallon naisten Aktialiiga\" \/>\n<meta property=\"article:publisher\" content=\"https:\/\/www.facebook.com\/finnhandball\" \/>\n<meta property=\"article:published_time\" content=\"2016-01-09T16:05:27+00:00\" \/>\n<meta property=\"article:modified_time\" content=\"2024-08-28T15:29:42+00:00\" \/>\n<meta property=\"og:image\" content=\"https:\/\/aktialiiga.fi\/naiset\/wp-content\/uploads\/sites\/6\/2015\/10\/Sparta_pelaajia_1516a.jpg\" \/>\n\t<meta property=\"og:image:width\" content=\"640\" \/>\n\t<meta property=\"og:image:height\" content=\"360\" \/>\n\t<meta property=\"og:image:type\" content=\"image\/jpeg\" \/>\n<meta name=\"author\" content=\"tbrmedia\" \/>\n<meta name=\"twitter:card\" content=\"summary_large_image\" \/>\n<meta name=\"twitter:creator\" content=\"@finnhandball\" \/>\n<meta name=\"twitter:site\" content=\"@finnhandball\" \/>\n<script type=\"application\/ld+json\" class=\"yoast-schema-graph\">{\"@context\":\"https:\\\/\\\/schema.org\",\"@graph\":[{\"@type\":\"Article\",\"@id\":\"https:\\\/\\\/aktialiiga.fi\\\/naiset\\\/2015-2016\\\/ennakot-2015-2016\\\/sparta-ja-bk-46-avaavat-uuden-vuoden-sunnuntaina\\\/#article\",\"isPartOf\":{\"@id\":\"https:\\\/\\\/aktialiiga.fi\\\/naiset\\\/2015-2016\\\/ennakot-2015-2016\\\/sparta-ja-bk-46-avaavat-uuden-vuoden-sunnuntaina\\\/\"},\"author\":{\"name\":\"tbrmedia\",\"@id\":\"https:\\\/\\\/aktialiiga.fi\\\/naiset\\\/#\\\/schema\\\/person\\\/c14bf42f47041db74603c45afcb18d87\"},\"headline\":\"Sparta ja BK-46 avaavat uuden vuoden sunnuntaina\",\"datePublished\":\"2016-01-09T16:05:27+00:00\",\"dateModified\":\"2024-08-28T15:29:42+00:00\",\"mainEntityOfPage\":{\"@id\":\"https:\\\/\\\/aktialiiga.fi\\\/naiset\\\/2015-2016\\\/ennakot-2015-2016\\\/sparta-ja-bk-46-avaavat-uuden-vuoden-sunnuntaina\\\/\"},\"wordCount\":236,\"publisher\":{\"@id\":\"https:\\\/\\\/aktialiiga.fi\\\/naiset\\\/#organization\"},\"image\":{\"@id\":\"https:\\\/\\\/aktialiiga.fi\\\/naiset\\\/2015-2016\\\/ennakot-2015-2016\\\/sparta-ja-bk-46-avaavat-uuden-vuoden-sunnuntaina\\\/#primaryimage\"},\"thumbnailUrl\":\"https:\\\/\\\/aktialiiga.fi\\\/naiset\\\/wp-content\\\/uploads\\\/sites\\\/6\\\/2015\\\/10\\\/Sparta_pelaajia_1516a.jpg\",\"keywords\":[\"BK-46\",\"Sparta\"],\"articleSection\":[\"Ennakot\"],\"inLanguage\":\"fi\"},{\"@type\":\"WebPage\",\"@id\":\"https:\\\/\\\/aktialiiga.fi\\\/naiset\\\/2015-2016\\\/ennakot-2015-2016\\\/sparta-ja-bk-46-avaavat-uuden-vuoden-sunnuntaina\\\/\",\"url\":\"https:\\\/\\\/aktialiiga.fi\\\/naiset\\\/2015-2016\\\/ennakot-2015-2016\\\/sparta-ja-bk-46-avaavat-uuden-vuoden-sunnuntaina\\\/\",\"name\":\"Sparta ja BK-46 avaavat uuden vuoden sunnuntaina | K\u00e4sipallon naisten Aktialiiga\",\"isPartOf\":{\"@id\":\"https:\\\/\\\/aktialiiga.fi\\\/naiset\\\/#website\"},\"primaryImageOfPage\":{\"@id\":\"https:\\\/\\\/aktialiiga.fi\\\/naiset\\\/2015-2016\\\/ennakot-2015-2016\\\/sparta-ja-bk-46-avaavat-uuden-vuoden-sunnuntaina\\\/#primaryimage\"},\"image\":{\"@id\":\"https:\\\/\\\/aktialiiga.fi\\\/naiset\\\/2015-2016\\\/ennakot-2015-2016\\\/sparta-ja-bk-46-avaavat-uuden-vuoden-sunnuntaina\\\/#primaryimage\"},\"thumbnailUrl\":\"https:\\\/\\\/aktialiiga.fi\\\/naiset\\\/wp-content\\\/uploads\\\/sites\\\/6\\\/2015\\\/10\\\/Sparta_pelaajia_1516a.jpg\",\"datePublished\":\"2016-01-09T16:05:27+00:00\",\"dateModified\":\"2024-08-28T15:29:42+00:00\",\"breadcrumb\":{\"@id\":\"https:\\\/\\\/aktialiiga.fi\\\/naiset\\\/2015-2016\\\/ennakot-2015-2016\\\/sparta-ja-bk-46-avaavat-uuden-vuoden-sunnuntaina\\\/#breadcrumb\"},\"inLanguage\":\"fi\",\"potentialAction\":[{\"@type\":\"ReadAction\",\"target\":[\"https:\\\/\\\/aktialiiga.fi\\\/naiset\\\/2015-2016\\\/ennakot-2015-2016\\\/sparta-ja-bk-46-avaavat-uuden-vuoden-sunnuntaina\\\/\"]}]},{\"@type\":\"ImageObject\",\"inLanguage\":\"fi\",\"@id\":\"https:\\\/\\\/aktialiiga.fi\\\/naiset\\\/2015-2016\\\/ennakot-2015-2016\\\/sparta-ja-bk-46-avaavat-uuden-vuoden-sunnuntaina\\\/#primaryimage\",\"url\":\"https:\\\/\\\/aktialiiga.fi\\\/naiset\\\/wp-content\\\/uploads\\\/sites\\\/6\\\/2015\\\/10\\\/Sparta_pelaajia_1516a.jpg\",\"contentUrl\":\"https:\\\/\\\/aktialiiga.fi\\\/naiset\\\/wp-content\\\/uploads\\\/sites\\\/6\\\/2015\\\/10\\\/Sparta_pelaajia_1516a.jpg\",\"width\":640,\"height\":360},{\"@type\":\"BreadcrumbList\",\"@id\":\"https:\\\/\\\/aktialiiga.fi\\\/naiset\\\/2015-2016\\\/ennakot-2015-2016\\\/sparta-ja-bk-46-avaavat-uuden-vuoden-sunnuntaina\\\/#breadcrumb\",\"itemListElement\":[{\"@type\":\"ListItem\",\"position\":1,\"name\":\"Etusivu\",\"item\":\"https:\\\/\\\/aktialiiga.fi\\\/naiset\\\/\"},{\"@type\":\"ListItem\",\"position\":2,\"name\":\"Sparta ja BK-46 avaavat uuden vuoden sunnuntaina\"}]},{\"@type\":\"WebSite\",\"@id\":\"https:\\\/\\\/aktialiiga.fi\\\/naiset\\\/#website\",\"url\":\"https:\\\/\\\/aktialiiga.fi\\\/naiset\\\/\",\"name\":\"K\u00e4sipallon naisten Aktialiiga\",\"description\":\"Valtakunnan vauhdikkainta palloilua!\",\"publisher\":{\"@id\":\"https:\\\/\\\/aktialiiga.fi\\\/naiset\\\/#organization\"},\"potentialAction\":[{\"@type\":\"SearchAction\",\"target\":{\"@type\":\"EntryPoint\",\"urlTemplate\":\"https:\\\/\\\/aktialiiga.fi\\\/naiset\\\/?s={search_term_string}\"},\"query-input\":{\"@type\":\"PropertyValueSpecification\",\"valueRequired\":true,\"valueName\":\"search_term_string\"}}],\"inLanguage\":\"fi\"},{\"@type\":\"Organization\",\"@id\":\"https:\\\/\\\/aktialiiga.fi\\\/naiset\\\/#organization\",\"name\":\"K\u00e4sipallon naisten Aktialiiga\",\"url\":\"https:\\\/\\\/aktialiiga.fi\\\/naiset\\\/\",\"logo\":{\"@type\":\"ImageObject\",\"inLanguage\":\"fi\",\"@id\":\"https:\\\/\\\/aktialiiga.fi\\\/naiset\\\/#\\\/schema\\\/logo\\\/image\\\/\",\"url\":\"https:\\\/\\\/aktialiiga.fi\\\/naiset\\\/wp-content\\\/uploads\\\/sites\\\/6\\\/2024\\\/09\\\/Aktialiiga-Yoast-512.png\",\"contentUrl\":\"https:\\\/\\\/aktialiiga.fi\\\/naiset\\\/wp-content\\\/uploads\\\/sites\\\/6\\\/2024\\\/09\\\/Aktialiiga-Yoast-512.png\",\"width\":512,\"height\":512,\"caption\":\"K\u00e4sipallon naisten Aktialiiga\"},\"image\":{\"@id\":\"https:\\\/\\\/aktialiiga.fi\\\/naiset\\\/#\\\/schema\\\/logo\\\/image\\\/\"},\"sameAs\":[\"https:\\\/\\\/www.facebook.com\\\/finnhandball\",\"https:\\\/\\\/x.com\\\/finnhandball\",\"https:\\\/\\\/www.instagram.com\\\/handballfinland\\\/\"]},{\"@type\":\"Person\",\"@id\":\"https:\\\/\\\/aktialiiga.fi\\\/naiset\\\/#\\\/schema\\\/person\\\/c14bf42f47041db74603c45afcb18d87\",\"name\":\"tbrmedia\",\"image\":{\"@type\":\"ImageObject\",\"inLanguage\":\"fi\",\"@id\":\"https:\\\/\\\/secure.gravatar.com\\\/avatar\\\/ee975fa091fe581d12b60debb3439022686618368a7c142044c56724d4666b16?s=96&d=mm&r=g\",\"url\":\"https:\\\/\\\/secure.gravatar.com\\\/avatar\\\/ee975fa091fe581d12b60debb3439022686618368a7c142044c56724d4666b16?s=96&d=mm&r=g\",\"contentUrl\":\"https:\\\/\\\/secure.gravatar.com\\\/avatar\\\/ee975fa091fe581d12b60debb3439022686618368a7c142044c56724d4666b16?s=96&d=mm&r=g\",\"caption\":\"tbrmedia\"}}]}<\/script>\n<!-- \/ Yoast SEO plugin. -->","yoast_head_json":{"title":"Sparta ja BK-46 avaavat uuden vuoden sunnuntaina | K\u00e4sipallon naisten Aktialiiga","robots":{"index":"index","follow":"follow","max-snippet":"max-snippet:-1","max-image-preview":"max-image-preview:large","max-video-preview":"max-video-preview:-1"},"canonical":"https:\/\/aktialiiga.fi\/naiset\/2015-2016\/ennakot-2015-2016\/sparta-ja-bk-46-avaavat-uuden-vuoden-sunnuntaina\/","og_locale":"fi_FI","og_type":"article","og_title":"Sparta ja BK-46 avaavat uuden vuoden sunnuntaina | K\u00e4sipallon naisten Aktialiiga","og_description":"Sarjataulukon kolmonen Sparta saa sunnuntaina vieraakseen pari pyk\u00e4l\u00e4\u00e4 alempana taulukossa majailevan BK-46:n. Ottelu on kummallekin ensimm\u00e4inen alkaneen vuoden puolella. Sparta p\u00e4\u00e4tti syksyn komeaan voittoon k\u00e4rkijoukkue Dickenist\u00e4 ja pienen alun hakemisen j\u00e4lkeen syksy sujui muutenkin mallikkaasti. &#8211; Syksy alkoi pahaenteisesti kolmen tappion suoralla, mutta sen j\u00e4lkeen on menty mukavasti my\u00f6t\u00e4tuuleen. Syksyll\u00e4 tuli pari yll\u00e4tt\u00e4v\u00e4\u00e4 pistemenetyst\u00e4, mutta [&hellip;]","og_url":"https:\/\/aktialiiga.fi\/naiset\/2015-2016\/ennakot-2015-2016\/sparta-ja-bk-46-avaavat-uuden-vuoden-sunnuntaina\/","og_site_name":"K\u00e4sipallon naisten Aktialiiga","article_publisher":"https:\/\/www.facebook.com\/finnhandball","article_published_time":"2016-01-09T16:05:27+00:00","article_modified_time":"2024-08-28T15:29:42+00:00","og_image":[{"width":640,"height":360,"url":"https:\/\/aktialiiga.fi\/naiset\/wp-content\/uploads\/sites\/6\/2015\/10\/Sparta_pelaajia_1516a.jpg","type":"image\/jpeg"}],"author":"tbrmedia","twitter_card":"summary_large_image","twitter_creator":"@finnhandball","twitter_site":"@finnhandball","schema":{"@context":"https:\/\/schema.org","@graph":[{"@type":"Article","@id":"https:\/\/aktialiiga.fi\/naiset\/2015-2016\/ennakot-2015-2016\/sparta-ja-bk-46-avaavat-uuden-vuoden-sunnuntaina\/#article","isPartOf":{"@id":"https:\/\/aktialiiga.fi\/naiset\/2015-2016\/ennakot-2015-2016\/sparta-ja-bk-46-avaavat-uuden-vuoden-sunnuntaina\/"},"author":{"name":"tbrmedia","@id":"https:\/\/aktialiiga.fi\/naiset\/#\/schema\/person\/c14bf42f47041db74603c45afcb18d87"},"headline":"Sparta ja BK-46 avaavat uuden vuoden sunnuntaina","datePublished":"2016-01-09T16:05:27+00:00","dateModified":"2024-08-28T15:29:42+00:00","mainEntityOfPage":{"@id":"https:\/\/aktialiiga.fi\/naiset\/2015-2016\/ennakot-2015-2016\/sparta-ja-bk-46-avaavat-uuden-vuoden-sunnuntaina\/"},"wordCount":236,"publisher":{"@id":"https:\/\/aktialiiga.fi\/naiset\/#organization"},"image":{"@id":"https:\/\/aktialiiga.fi\/naiset\/2015-2016\/ennakot-2015-2016\/sparta-ja-bk-46-avaavat-uuden-vuoden-sunnuntaina\/#primaryimage"},"thumbnailUrl":"https:\/\/aktialiiga.fi\/naiset\/wp-content\/uploads\/sites\/6\/2015\/10\/Sparta_pelaajia_1516a.jpg","keywords":["BK-46","Sparta"],"articleSection":["Ennakot"],"inLanguage":"fi"},{"@type":"WebPage","@id":"https:\/\/aktialiiga.fi\/naiset\/2015-2016\/ennakot-2015-2016\/sparta-ja-bk-46-avaavat-uuden-vuoden-sunnuntaina\/","url":"https:\/\/aktialiiga.fi\/naiset\/2015-2016\/ennakot-2015-2016\/sparta-ja-bk-46-avaavat-uuden-vuoden-sunnuntaina\/","name":"Sparta ja BK-46 avaavat uuden vuoden sunnuntaina | K\u00e4sipallon naisten Aktialiiga","isPartOf":{"@id":"https:\/\/aktialiiga.fi\/naiset\/#website"},"primaryImageOfPage":{"@id":"https:\/\/aktialiiga.fi\/naiset\/2015-2016\/ennakot-2015-2016\/sparta-ja-bk-46-avaavat-uuden-vuoden-sunnuntaina\/#primaryimage"},"image":{"@id":"https:\/\/aktialiiga.fi\/naiset\/2015-2016\/ennakot-2015-2016\/sparta-ja-bk-46-avaavat-uuden-vuoden-sunnuntaina\/#primaryimage"},"thumbnailUrl":"https:\/\/aktialiiga.fi\/naiset\/wp-content\/uploads\/sites\/6\/2015\/10\/Sparta_pelaajia_1516a.jpg","datePublished":"2016-01-09T16:05:27+00:00","dateModified":"2024-08-28T15:29:42+00:00","breadcrumb":{"@id":"https:\/\/aktialiiga.fi\/naiset\/2015-2016\/ennakot-2015-2016\/sparta-ja-bk-46-avaavat-uuden-vuoden-sunnuntaina\/#breadcrumb"},"inLanguage":"fi","potentialAction":[{"@type":"ReadAction","target":["https:\/\/aktialiiga.fi\/naiset\/2015-2016\/ennakot-2015-2016\/sparta-ja-bk-46-avaavat-uuden-vuoden-sunnuntaina\/"]}]},{"@type":"ImageObject","inLanguage":"fi","@id":"https:\/\/aktialiiga.fi\/naiset\/2015-2016\/ennakot-2015-2016\/sparta-ja-bk-46-avaavat-uuden-vuoden-sunnuntaina\/#primaryimage","url":"https:\/\/aktialiiga.fi\/naiset\/wp-content\/uploads\/sites\/6\/2015\/10\/Sparta_pelaajia_1516a.jpg","contentUrl":"https:\/\/aktialiiga.fi\/naiset\/wp-content\/uploads\/sites\/6\/2015\/10\/Sparta_pelaajia_1516a.jpg","width":640,"height":360},{"@type":"BreadcrumbList","@id":"https:\/\/aktialiiga.fi\/naiset\/2015-2016\/ennakot-2015-2016\/sparta-ja-bk-46-avaavat-uuden-vuoden-sunnuntaina\/#breadcrumb","itemListElement":[{"@type":"ListItem","position":1,"name":"Etusivu","item":"https:\/\/aktialiiga.fi\/naiset\/"},{"@type":"ListItem","position":2,"name":"Sparta ja BK-46 avaavat uuden vuoden sunnuntaina"}]},{"@type":"WebSite","@id":"https:\/\/aktialiiga.fi\/naiset\/#website","url":"https:\/\/aktialiiga.fi\/naiset\/","name":"K\u00e4sipallon naisten Aktialiiga","description":"Valtakunnan vauhdikkainta palloilua!","publisher":{"@id":"https:\/\/aktialiiga.fi\/naiset\/#organization"},"potentialAction":[{"@type":"SearchAction","target":{"@type":"EntryPoint","urlTemplate":"https:\/\/aktialiiga.fi\/naiset\/?s={search_term_string}"},"query-input":{"@type":"PropertyValueSpecification","valueRequired":true,"valueName":"search_term_string"}}],"inLanguage":"fi"},{"@type":"Organization","@id":"https:\/\/aktialiiga.fi\/naiset\/#organization","name":"K\u00e4sipallon naisten Aktialiiga","url":"https:\/\/aktialiiga.fi\/naiset\/","logo":{"@type":"ImageObject","inLanguage":"fi","@id":"https:\/\/aktialiiga.fi\/naiset\/#\/schema\/logo\/image\/","url":"https:\/\/aktialiiga.fi\/naiset\/wp-content\/uploads\/sites\/6\/2024\/09\/Aktialiiga-Yoast-512.png","contentUrl":"https:\/\/aktialiiga.fi\/naiset\/wp-content\/uploads\/sites\/6\/2024\/09\/Aktialiiga-Yoast-512.png","width":512,"height":512,"caption":"K\u00e4sipallon naisten Aktialiiga"},"image":{"@id":"https:\/\/aktialiiga.fi\/naiset\/#\/schema\/logo\/image\/"},"sameAs":["https:\/\/www.facebook.com\/finnhandball","https:\/\/x.com\/finnhandball","https:\/\/www.instagram.com\/handballfinland\/"]},{"@type":"Person","@id":"https:\/\/aktialiiga.fi\/naiset\/#\/schema\/person\/c14bf42f47041db74603c45afcb18d87","name":"tbrmedia","image":{"@type":"ImageObject","inLanguage":"fi","@id":"https:\/\/secure.gravatar.com\/avatar\/ee975fa091fe581d12b60debb3439022686618368a7c142044c56724d4666b16?s=96&d=mm&r=g","url":"https:\/\/secure.gravatar.com\/avatar\/ee975fa091fe581d12b60debb3439022686618368a7c142044c56724d4666b16?s=96&d=mm&r=g","contentUrl":"https:\/\/secure.gravatar.com\/avatar\/ee975fa091fe581d12b60debb3439022686618368a7c142044c56724d4666b16?s=96&d=mm&r=g","caption":"tbrmedia"}}]}},"jetpack_featured_media_url":"https:\/\/aktialiiga.fi\/naiset\/wp-content\/uploads\/sites\/6\/2015\/10\/Sparta_pelaajia_1516a.jpg","jetpack_sharing_enabled":true,"jetpack_shortlink":"https:\/\/wp.me\/pfYhm6-1Np","_links":{"self":[{"href":"https:\/\/aktialiiga.fi\/naiset\/wp-json\/wp\/v2\/posts\/6907","targetHints":{"allow":["GET"]}}],"collection":[{"href":"https:\/\/aktialiiga.fi\/naiset\/wp-json\/wp\/v2\/posts"}],"about":[{"href":"https:\/\/aktialiiga.fi\/naiset\/wp-json\/wp\/v2\/types\/post"}],"author":[{"embeddable":true,"href":"https:\/\/aktialiiga.fi\/naiset\/wp-json\/wp\/v2\/users\/13"}],"replies":[{"embeddable":true,"href":"https:\/\/aktialiiga.fi\/naiset\/wp-json\/wp\/v2\/comments?post=6907"}],"version-history":[{"count":1,"href":"https:\/\/aktialiiga.fi\/naiset\/wp-json\/wp\/v2\/posts\/6907\/revisions"}],"predecessor-version":[{"id":38993,"href":"https:\/\/aktialiiga.fi\/naiset\/wp-json\/wp\/v2\/posts\/6907\/revisions\/38993"}],"wp:featuredmedia":[{"embeddable":true,"href":"https:\/\/aktialiiga.fi\/naiset\/wp-json\/wp\/v2\/media\/6600"}],"wp:attachment":[{"href":"https:\/\/aktialiiga.fi\/naiset\/wp-json\/wp\/v2\/media?parent=6907"}],"wp:term":[{"taxonomy":"category","embeddable":true,"href":"https:\/\/aktialiiga.fi\/naiset\/wp-json\/wp\/v2\/categories?post=6907"},{"taxonomy":"post_tag","embeddable":true,"href":"https:\/\/aktialiiga.fi\/naiset\/wp-json\/wp\/v2\/tags?post=6907"}],"curies":[{"name":"wp","href":"https:\/\/api.w.org\/{rel}","templated":true}]}}