{"id":70182,"date":"2026-09-02T15:46:54","date_gmt":"2026-09-02T12:46:54","guid":{"rendered":"https:\/\/aktialiiga.fi\/naiset\/?p=70182"},"modified":"2026-09-02T15:46:54","modified_gmt":"2026-09-02T12:46:54","slug":"kohti-kautta-grifk-12","status":"publish","type":"post","link":"https:\/\/aktialiiga.fi\/naiset\/2026-2027\/kohti-kautta\/kohti-kautta-grifk-12\/","title":{"rendered":"Kohti kautta: GrIFK"},"content":{"rendered":"<p>Nelj\u00e4n\u00e4 edelliskautena mestaruuden voittanut GrIFK on j\u00e4lleen vahva mestarikandidaatti, mutta se joutuu tekem\u00e4\u00e4n tosissaan t\u00f6it\u00e4 asemansa s\u00e4ilytt\u00e4miseksi.<\/p>\n<p>GrIFK oli viime kaudella j\u00e4lleen omaa luokkaansa ja pystyi klaaraamaan itselleen mestaruuden, vaikka maalitykki Johanna Svanb\u00e4ck oli sivussa pelikentilt\u00e4 tammikuun lopusta l\u00e4htien. H\u00e4nen ollessaan sivussa Isabel Larsson ja Louise Heinonen ottivat vastuuta maalinteosta. Kumpaakaan ei tosin t\u00e4ll\u00e4 kaudella Granin riveiss\u00e4 n\u00e4hd\u00e4, vaan molemmat suuntasivat Italiaan.<\/p>\n<p>Kaksikon l\u00e4hd\u00f6n my\u00f6t\u00e4 GrIFK:lle j\u00e4\u00e4 paikattavaksi 222 maalin aukko. Cecilia Heinrich puolestaan l\u00e4hti Norjaan. Tulopuolen merkitt\u00e4vin vahvistus on Corinna Jensen, joka palaa tuttuun seuraan.<\/p>\n<p>Vaikka joukkueesta on poistunut kokemusta ja tulivoimaa, niin joka vuosi esiin on noussut uusia vastuunkantajia. Patrik Johanson on tehnyt Granin per\u00e4simess\u00e4 pitk\u00e4aikaista ja vahvaa ty\u00f6t\u00e4, mutta siit\u00e4 huolimatta nyt ollaan v\u00e4h\u00e4n uuden \u00e4\u00e4rell\u00e4.<\/p>\n<p>&#8211; T\u00e4m\u00e4 on meille j\u00e4nnitt\u00e4v\u00e4 kausi. Olemme keskell\u00e4 sukupolvenvaihdosta ja on j\u00e4nnitt\u00e4v\u00e4\u00e4 n\u00e4hd\u00e4, miten joukkue ja pelaajat kehittyv\u00e4t kauden aikana. T\u00e4rkeint\u00e4 on taistella j\u00e4lleen kultamitalista, Johanson miettii kauden asetelmia.<\/p>\n<p>&#8211; Joukkueessamme on paljon muutoksia, ja osa on siirtynyt ulkomaille ja osa on lopettanut tai pit\u00e4nyt taukoa. Olemme kasvattaneet monia omia nuoria lahjakkaita junioreitamme, jotka nousevat kauden edetess\u00e4, ruotsalaisvalmentaja jatkaa.<\/p>\n<p>Muutoksista huolimatta Johansonilla on vahva luotto omaan joukkueeseen.<\/p>\n<p>&#8211; Meill\u00e4 on hyv\u00e4 joukkuehenki ja olemme rakentaneet kulttuurin, jossa annamme kaikkemme kaikesta huolimatta.<\/p>\n<p>Johansonin mukaan joukkue on mennyt kes\u00e4ll\u00e4 kovaa.<\/p>\n<p>&#8211; Kes\u00e4n aikana on ty\u00f6skennellyt useiden asioiden parissa. T\u00e4rkeint\u00e4 on tietysti ollut pelin fyysisen kunnon parantaminen.<\/p>\n<p>Vaihtuvuus tuo luonnollisesti muutoksia, mutta GrIFK on luonut vuosien varrella oman tunnusomaisen peli-identiteettns\u00e4 eik\u00e4 siihen ole tulossa muutosta.<\/p>\n<p>&#8211; Haluamme pelata kovaa, aggressiivista ja aktiivista puolustuspeli\u00e4 yhdess\u00e4 rohkean, nopean ja luovan hy\u00f6kk\u00e4yspelin kanssa.<\/p>\n<p>GrIFK aloittaa mestaruutensa puolustamisen lauantaina 5.9., kun Cocks matkaa Kauniaisiin.<\/p>\n<p>&nbsp;<\/p>\n","protected":false},"excerpt":{"rendered":"<p>Nelj\u00e4n\u00e4 edelliskautena mestaruuden voittanut GrIFK on j\u00e4lleen vahva mestarikandidaatti, mutta se joutuu tekem\u00e4\u00e4n tosissaan t\u00f6it\u00e4 asemansa s\u00e4ilytt\u00e4miseksi. GrIFK oli viime kaudella j\u00e4lleen omaa luokkaansa ja pystyi klaaraamaan itselleen mestaruuden, vaikka maalitykki Johanna Svanb\u00e4ck oli sivussa pelikentilt\u00e4 tammikuun lopusta l\u00e4htien. H\u00e4nen ollessaan sivussa Isabel Larsson ja Louise Heinonen ottivat vastuuta maalinteosta. Kumpaakaan ei tosin t\u00e4ll\u00e4 kaudella [&hellip;]<\/p>\n","protected":false},"author":13,"featured_media":47607,"comment_status":"closed","ping_status":"closed","sticky":false,"template":"","format":"standard","meta":{"_acf_changed":false,"_jetpack_newsletter_access":"","_jetpack_dont_email_post_to_subs":false,"_jetpack_newsletter_tier_id":0,"_jetpack_memberships_contains_paywalled_content":false,"_jetpack_feature_clip_id":0,"_jetpack_memberships_contains_paid_content":false,"footnotes":"","jetpack_post_was_ever_published":false},"categories":[306],"tags":[57],"class_list":["post-70182","post","type-post","status-publish","format-standard","has-post-thumbnail","hentry","category-kohti-kautta","tag-grifk"],"acf":[],"yoast_head":"<!-- This site is optimized with the Yoast SEO plugin v28.4 - https:\/\/yoast.com\/product\/yoast-seo-wordpress\/ -->\n<title>Kohti kautta: GrIFK | K\u00e4sipallon naisten Aktialiiga<\/title>\n<meta name=\"robots\" content=\"index, follow, max-snippet:-1, max-image-preview:large, max-video-preview:-1\" \/>\n<link rel=\"canonical\" href=\"https:\/\/aktialiiga.fi\/naiset\/2026-2027\/kohti-kautta\/kohti-kautta-grifk-12\/\" \/>\n<meta property=\"og:locale\" content=\"fi_FI\" \/>\n<meta property=\"og:type\" content=\"article\" \/>\n<meta property=\"og:title\" content=\"Kohti kautta: GrIFK | K\u00e4sipallon naisten Aktialiiga\" \/>\n<meta property=\"og:description\" content=\"Nelj\u00e4n\u00e4 edelliskautena mestaruuden voittanut GrIFK on j\u00e4lleen vahva mestarikandidaatti, mutta se joutuu tekem\u00e4\u00e4n tosissaan t\u00f6it\u00e4 asemansa s\u00e4ilytt\u00e4miseksi. GrIFK oli viime kaudella j\u00e4lleen omaa luokkaansa ja pystyi klaaraamaan itselleen mestaruuden, vaikka maalitykki Johanna Svanb\u00e4ck oli sivussa pelikentilt\u00e4 tammikuun lopusta l\u00e4htien. H\u00e4nen ollessaan sivussa Isabel Larsson ja Louise Heinonen ottivat vastuuta maalinteosta. Kumpaakaan ei tosin t\u00e4ll\u00e4 kaudella [&hellip;]\" \/>\n<meta property=\"og:url\" content=\"https:\/\/aktialiiga.fi\/naiset\/2026-2027\/kohti-kautta\/kohti-kautta-grifk-12\/\" \/>\n<meta property=\"og:site_name\" content=\"K\u00e4sipallon naisten Aktialiiga\" \/>\n<meta property=\"article:publisher\" content=\"https:\/\/www.facebook.com\/finnhandball\" \/>\n<meta property=\"article:published_time\" content=\"2026-09-02T12:46:54+00:00\" \/>\n<meta property=\"og:image\" content=\"https:\/\/aktialiiga.fi\/naiset\/wp-content\/uploads\/sites\/6\/2026\/04\/grifk_mestari_2026-1030x687.jpg\" \/>\n\t<meta property=\"og:image:width\" content=\"1030\" \/>\n\t<meta property=\"og:image:height\" content=\"687\" \/>\n\t<meta property=\"og:image:type\" content=\"image\/jpeg\" \/>\n<meta name=\"author\" content=\"tbrmedia\" \/>\n<meta name=\"twitter:card\" content=\"summary_large_image\" \/>\n<meta name=\"twitter:creator\" content=\"@finnhandball\" \/>\n<meta name=\"twitter:site\" content=\"@finnhandball\" \/>\n<script type=\"application\/ld+json\" class=\"yoast-schema-graph\">{\"@context\":\"https:\\\/\\\/schema.org\",\"@graph\":[{\"@type\":\"Article\",\"@id\":\"https:\\\/\\\/aktialiiga.fi\\\/naiset\\\/2026-2027\\\/kohti-kautta\\\/kohti-kautta-grifk-12\\\/#article\",\"isPartOf\":{\"@id\":\"https:\\\/\\\/aktialiiga.fi\\\/naiset\\\/2026-2027\\\/kohti-kautta\\\/kohti-kautta-grifk-12\\\/\"},\"author\":{\"name\":\"tbrmedia\",\"@id\":\"https:\\\/\\\/aktialiiga.fi\\\/naiset\\\/#\\\/schema\\\/person\\\/c14bf42f47041db74603c45afcb18d87\"},\"headline\":\"Kohti kautta: GrIFK\",\"datePublished\":\"2026-09-02T12:46:54+00:00\",\"mainEntityOfPage\":{\"@id\":\"https:\\\/\\\/aktialiiga.fi\\\/naiset\\\/2026-2027\\\/kohti-kautta\\\/kohti-kautta-grifk-12\\\/\"},\"wordCount\":307,\"publisher\":{\"@id\":\"https:\\\/\\\/aktialiiga.fi\\\/naiset\\\/#organization\"},\"image\":{\"@id\":\"https:\\\/\\\/aktialiiga.fi\\\/naiset\\\/2026-2027\\\/kohti-kautta\\\/kohti-kautta-grifk-12\\\/#primaryimage\"},\"thumbnailUrl\":\"https:\\\/\\\/aktialiiga.fi\\\/naiset\\\/wp-content\\\/uploads\\\/sites\\\/6\\\/2026\\\/04\\\/grifk_mestari_2026.jpg\",\"keywords\":[\"GrIFK\"],\"articleSection\":[\"Kohti kautta\"],\"inLanguage\":\"fi\"},{\"@type\":\"WebPage\",\"@id\":\"https:\\\/\\\/aktialiiga.fi\\\/naiset\\\/2026-2027\\\/kohti-kautta\\\/kohti-kautta-grifk-12\\\/\",\"url\":\"https:\\\/\\\/aktialiiga.fi\\\/naiset\\\/2026-2027\\\/kohti-kautta\\\/kohti-kautta-grifk-12\\\/\",\"name\":\"Kohti kautta: GrIFK | K\u00e4sipallon naisten Aktialiiga\",\"isPartOf\":{\"@id\":\"https:\\\/\\\/aktialiiga.fi\\\/naiset\\\/#website\"},\"primaryImageOfPage\":{\"@id\":\"https:\\\/\\\/aktialiiga.fi\\\/naiset\\\/2026-2027\\\/kohti-kautta\\\/kohti-kautta-grifk-12\\\/#primaryimage\"},\"image\":{\"@id\":\"https:\\\/\\\/aktialiiga.fi\\\/naiset\\\/2026-2027\\\/kohti-kautta\\\/kohti-kautta-grifk-12\\\/#primaryimage\"},\"thumbnailUrl\":\"https:\\\/\\\/aktialiiga.fi\\\/naiset\\\/wp-content\\\/uploads\\\/sites\\\/6\\\/2026\\\/04\\\/grifk_mestari_2026.jpg\",\"datePublished\":\"2026-09-02T12:46:54+00:00\",\"breadcrumb\":{\"@id\":\"https:\\\/\\\/aktialiiga.fi\\\/naiset\\\/2026-2027\\\/kohti-kautta\\\/kohti-kautta-grifk-12\\\/#breadcrumb\"},\"inLanguage\":\"fi\",\"potentialAction\":[{\"@type\":\"ReadAction\",\"target\":[\"https:\\\/\\\/aktialiiga.fi\\\/naiset\\\/2026-2027\\\/kohti-kautta\\\/kohti-kautta-grifk-12\\\/\"]}]},{\"@type\":\"ImageObject\",\"inLanguage\":\"fi\",\"@id\":\"https:\\\/\\\/aktialiiga.fi\\\/naiset\\\/2026-2027\\\/kohti-kautta\\\/kohti-kautta-grifk-12\\\/#primaryimage\",\"url\":\"https:\\\/\\\/aktialiiga.fi\\\/naiset\\\/wp-content\\\/uploads\\\/sites\\\/6\\\/2026\\\/04\\\/grifk_mestari_2026.jpg\",\"contentUrl\":\"https:\\\/\\\/aktialiiga.fi\\\/naiset\\\/wp-content\\\/uploads\\\/sites\\\/6\\\/2026\\\/04\\\/grifk_mestari_2026.jpg\",\"width\":5478,\"height\":3652,\"caption\":\"GrIFK, mestari 2026\"},{\"@type\":\"BreadcrumbList\",\"@id\":\"https:\\\/\\\/aktialiiga.fi\\\/naiset\\\/2026-2027\\\/kohti-kautta\\\/kohti-kautta-grifk-12\\\/#breadcrumb\",\"itemListElement\":[{\"@type\":\"ListItem\",\"position\":1,\"name\":\"Etusivu\",\"item\":\"https:\\\/\\\/aktialiiga.fi\\\/naiset\\\/etusivu-260810\\\/\"},{\"@type\":\"ListItem\",\"position\":2,\"name\":\"Kohti kautta: GrIFK\"}]},{\"@type\":\"WebSite\",\"@id\":\"https:\\\/\\\/aktialiiga.fi\\\/naiset\\\/#website\",\"url\":\"https:\\\/\\\/aktialiiga.fi\\\/naiset\\\/\",\"name\":\"K\u00e4sipallon naisten Aktialiiga\",\"description\":\"Valtakunnan vauhdikkainta palloilua!\",\"publisher\":{\"@id\":\"https:\\\/\\\/aktialiiga.fi\\\/naiset\\\/#organization\"},\"potentialAction\":[{\"@type\":\"SearchAction\",\"target\":{\"@type\":\"EntryPoint\",\"urlTemplate\":\"https:\\\/\\\/aktialiiga.fi\\\/naiset\\\/?s={search_term_string}\"},\"query-input\":{\"@type\":\"PropertyValueSpecification\",\"valueRequired\":true,\"valueName\":\"search_term_string\"}}],\"inLanguage\":\"fi\"},{\"@type\":\"Organization\",\"@id\":\"https:\\\/\\\/aktialiiga.fi\\\/naiset\\\/#organization\",\"name\":\"K\u00e4sipallon naisten Aktialiiga\",\"url\":\"https:\\\/\\\/aktialiiga.fi\\\/naiset\\\/\",\"logo\":{\"@type\":\"ImageObject\",\"inLanguage\":\"fi\",\"@id\":\"https:\\\/\\\/aktialiiga.fi\\\/naiset\\\/#\\\/schema\\\/logo\\\/image\\\/\",\"url\":\"https:\\\/\\\/aktialiiga.fi\\\/naiset\\\/wp-content\\\/uploads\\\/sites\\\/6\\\/2024\\\/09\\\/Aktialiiga-Yoast-512.png\",\"contentUrl\":\"https:\\\/\\\/aktialiiga.fi\\\/naiset\\\/wp-content\\\/uploads\\\/sites\\\/6\\\/2024\\\/09\\\/Aktialiiga-Yoast-512.png\",\"width\":512,\"height\":512,\"caption\":\"K\u00e4sipallon naisten Aktialiiga\"},\"image\":{\"@id\":\"https:\\\/\\\/aktialiiga.fi\\\/naiset\\\/#\\\/schema\\\/logo\\\/image\\\/\"},\"sameAs\":[\"https:\\\/\\\/www.facebook.com\\\/finnhandball\",\"https:\\\/\\\/x.com\\\/finnhandball\",\"https:\\\/\\\/www.instagram.com\\\/handballfinland\\\/\"]},{\"@type\":\"Person\",\"@id\":\"https:\\\/\\\/aktialiiga.fi\\\/naiset\\\/#\\\/schema\\\/person\\\/c14bf42f47041db74603c45afcb18d87\",\"name\":\"tbrmedia\",\"image\":{\"@type\":\"ImageObject\",\"inLanguage\":\"fi\",\"@id\":\"https:\\\/\\\/secure.gravatar.com\\\/avatar\\\/ee975fa091fe581d12b60debb3439022686618368a7c142044c56724d4666b16?s=96&d=mm&r=g\",\"url\":\"https:\\\/\\\/secure.gravatar.com\\\/avatar\\\/ee975fa091fe581d12b60debb3439022686618368a7c142044c56724d4666b16?s=96&d=mm&r=g\",\"contentUrl\":\"https:\\\/\\\/secure.gravatar.com\\\/avatar\\\/ee975fa091fe581d12b60debb3439022686618368a7c142044c56724d4666b16?s=96&d=mm&r=g\",\"caption\":\"tbrmedia\"}}]}<\/script>\n<!-- \/ Yoast SEO plugin. -->","yoast_head_json":{"title":"Kohti kautta: GrIFK | K\u00e4sipallon naisten Aktialiiga","robots":{"index":"index","follow":"follow","max-snippet":"max-snippet:-1","max-image-preview":"max-image-preview:large","max-video-preview":"max-video-preview:-1"},"canonical":"https:\/\/aktialiiga.fi\/naiset\/2026-2027\/kohti-kautta\/kohti-kautta-grifk-12\/","og_locale":"fi_FI","og_type":"article","og_title":"Kohti kautta: GrIFK | K\u00e4sipallon naisten Aktialiiga","og_description":"Nelj\u00e4n\u00e4 edelliskautena mestaruuden voittanut GrIFK on j\u00e4lleen vahva mestarikandidaatti, mutta se joutuu tekem\u00e4\u00e4n tosissaan t\u00f6it\u00e4 asemansa s\u00e4ilytt\u00e4miseksi. GrIFK oli viime kaudella j\u00e4lleen omaa luokkaansa ja pystyi klaaraamaan itselleen mestaruuden, vaikka maalitykki Johanna Svanb\u00e4ck oli sivussa pelikentilt\u00e4 tammikuun lopusta l\u00e4htien. H\u00e4nen ollessaan sivussa Isabel Larsson ja Louise Heinonen ottivat vastuuta maalinteosta. Kumpaakaan ei tosin t\u00e4ll\u00e4 kaudella [&hellip;]","og_url":"https:\/\/aktialiiga.fi\/naiset\/2026-2027\/kohti-kautta\/kohti-kautta-grifk-12\/","og_site_name":"K\u00e4sipallon naisten Aktialiiga","article_publisher":"https:\/\/www.facebook.com\/finnhandball","article_published_time":"2026-09-02T12:46:54+00:00","og_image":[{"width":1030,"height":687,"url":"https:\/\/aktialiiga.fi\/naiset\/wp-content\/uploads\/sites\/6\/2026\/04\/grifk_mestari_2026-1030x687.jpg","type":"image\/jpeg"}],"author":"tbrmedia","twitter_card":"summary_large_image","twitter_creator":"@finnhandball","twitter_site":"@finnhandball","schema":{"@context":"https:\/\/schema.org","@graph":[{"@type":"Article","@id":"https:\/\/aktialiiga.fi\/naiset\/2026-2027\/kohti-kautta\/kohti-kautta-grifk-12\/#article","isPartOf":{"@id":"https:\/\/aktialiiga.fi\/naiset\/2026-2027\/kohti-kautta\/kohti-kautta-grifk-12\/"},"author":{"name":"tbrmedia","@id":"https:\/\/aktialiiga.fi\/naiset\/#\/schema\/person\/c14bf42f47041db74603c45afcb18d87"},"headline":"Kohti kautta: GrIFK","datePublished":"2026-09-02T12:46:54+00:00","mainEntityOfPage":{"@id":"https:\/\/aktialiiga.fi\/naiset\/2026-2027\/kohti-kautta\/kohti-kautta-grifk-12\/"},"wordCount":307,"publisher":{"@id":"https:\/\/aktialiiga.fi\/naiset\/#organization"},"image":{"@id":"https:\/\/aktialiiga.fi\/naiset\/2026-2027\/kohti-kautta\/kohti-kautta-grifk-12\/#primaryimage"},"thumbnailUrl":"https:\/\/aktialiiga.fi\/naiset\/wp-content\/uploads\/sites\/6\/2026\/04\/grifk_mestari_2026.jpg","keywords":["GrIFK"],"articleSection":["Kohti kautta"],"inLanguage":"fi"},{"@type":"WebPage","@id":"https:\/\/aktialiiga.fi\/naiset\/2026-2027\/kohti-kautta\/kohti-kautta-grifk-12\/","url":"https:\/\/aktialiiga.fi\/naiset\/2026-2027\/kohti-kautta\/kohti-kautta-grifk-12\/","name":"Kohti kautta: GrIFK | K\u00e4sipallon naisten Aktialiiga","isPartOf":{"@id":"https:\/\/aktialiiga.fi\/naiset\/#website"},"primaryImageOfPage":{"@id":"https:\/\/aktialiiga.fi\/naiset\/2026-2027\/kohti-kautta\/kohti-kautta-grifk-12\/#primaryimage"},"image":{"@id":"https:\/\/aktialiiga.fi\/naiset\/2026-2027\/kohti-kautta\/kohti-kautta-grifk-12\/#primaryimage"},"thumbnailUrl":"https:\/\/aktialiiga.fi\/naiset\/wp-content\/uploads\/sites\/6\/2026\/04\/grifk_mestari_2026.jpg","datePublished":"2026-09-02T12:46:54+00:00","breadcrumb":{"@id":"https:\/\/aktialiiga.fi\/naiset\/2026-2027\/kohti-kautta\/kohti-kautta-grifk-12\/#breadcrumb"},"inLanguage":"fi","potentialAction":[{"@type":"ReadAction","target":["https:\/\/aktialiiga.fi\/naiset\/2026-2027\/kohti-kautta\/kohti-kautta-grifk-12\/"]}]},{"@type":"ImageObject","inLanguage":"fi","@id":"https:\/\/aktialiiga.fi\/naiset\/2026-2027\/kohti-kautta\/kohti-kautta-grifk-12\/#primaryimage","url":"https:\/\/aktialiiga.fi\/naiset\/wp-content\/uploads\/sites\/6\/2026\/04\/grifk_mestari_2026.jpg","contentUrl":"https:\/\/aktialiiga.fi\/naiset\/wp-content\/uploads\/sites\/6\/2026\/04\/grifk_mestari_2026.jpg","width":5478,"height":3652,"caption":"GrIFK, mestari 2026"},{"@type":"BreadcrumbList","@id":"https:\/\/aktialiiga.fi\/naiset\/2026-2027\/kohti-kautta\/kohti-kautta-grifk-12\/#breadcrumb","itemListElement":[{"@type":"ListItem","position":1,"name":"Etusivu","item":"https:\/\/aktialiiga.fi\/naiset\/etusivu-260810\/"},{"@type":"ListItem","position":2,"name":"Kohti kautta: GrIFK"}]},{"@type":"WebSite","@id":"https:\/\/aktialiiga.fi\/naiset\/#website","url":"https:\/\/aktialiiga.fi\/naiset\/","name":"K\u00e4sipallon naisten Aktialiiga","description":"Valtakunnan vauhdikkainta palloilua!","publisher":{"@id":"https:\/\/aktialiiga.fi\/naiset\/#organization"},"potentialAction":[{"@type":"SearchAction","target":{"@type":"EntryPoint","urlTemplate":"https:\/\/aktialiiga.fi\/naiset\/?s={search_term_string}"},"query-input":{"@type":"PropertyValueSpecification","valueRequired":true,"valueName":"search_term_string"}}],"inLanguage":"fi"},{"@type":"Organization","@id":"https:\/\/aktialiiga.fi\/naiset\/#organization","name":"K\u00e4sipallon naisten Aktialiiga","url":"https:\/\/aktialiiga.fi\/naiset\/","logo":{"@type":"ImageObject","inLanguage":"fi","@id":"https:\/\/aktialiiga.fi\/naiset\/#\/schema\/logo\/image\/","url":"https:\/\/aktialiiga.fi\/naiset\/wp-content\/uploads\/sites\/6\/2024\/09\/Aktialiiga-Yoast-512.png","contentUrl":"https:\/\/aktialiiga.fi\/naiset\/wp-content\/uploads\/sites\/6\/2024\/09\/Aktialiiga-Yoast-512.png","width":512,"height":512,"caption":"K\u00e4sipallon naisten Aktialiiga"},"image":{"@id":"https:\/\/aktialiiga.fi\/naiset\/#\/schema\/logo\/image\/"},"sameAs":["https:\/\/www.facebook.com\/finnhandball","https:\/\/x.com\/finnhandball","https:\/\/www.instagram.com\/handballfinland\/"]},{"@type":"Person","@id":"https:\/\/aktialiiga.fi\/naiset\/#\/schema\/person\/c14bf42f47041db74603c45afcb18d87","name":"tbrmedia","image":{"@type":"ImageObject","inLanguage":"fi","@id":"https:\/\/secure.gravatar.com\/avatar\/ee975fa091fe581d12b60debb3439022686618368a7c142044c56724d4666b16?s=96&d=mm&r=g","url":"https:\/\/secure.gravatar.com\/avatar\/ee975fa091fe581d12b60debb3439022686618368a7c142044c56724d4666b16?s=96&d=mm&r=g","contentUrl":"https:\/\/secure.gravatar.com\/avatar\/ee975fa091fe581d12b60debb3439022686618368a7c142044c56724d4666b16?s=96&d=mm&r=g","caption":"tbrmedia"}}]}},"jetpack_sharing_enabled":true,"jetpack_shortlink":"https:\/\/wp.me\/pfYhm6-ifY","jetpack_featured_media_url":"https:\/\/aktialiiga.fi\/naiset\/wp-content\/uploads\/sites\/6\/2026\/04\/grifk_mestari_2026.jpg","_links":{"self":[{"href":"https:\/\/aktialiiga.fi\/naiset\/wp-json\/wp\/v2\/posts\/70182","targetHints":{"allow":["GET"]}}],"collection":[{"href":"https:\/\/aktialiiga.fi\/naiset\/wp-json\/wp\/v2\/posts"}],"about":[{"href":"https:\/\/aktialiiga.fi\/naiset\/wp-json\/wp\/v2\/types\/post"}],"author":[{"embeddable":true,"href":"https:\/\/aktialiiga.fi\/naiset\/wp-json\/wp\/v2\/users\/13"}],"replies":[{"embeddable":true,"href":"https:\/\/aktialiiga.fi\/naiset\/wp-json\/wp\/v2\/comments?post=70182"}],"version-history":[{"count":2,"href":"https:\/\/aktialiiga.fi\/naiset\/wp-json\/wp\/v2\/posts\/70182\/revisions"}],"predecessor-version":[{"id":70184,"href":"https:\/\/aktialiiga.fi\/naiset\/wp-json\/wp\/v2\/posts\/70182\/revisions\/70184"}],"wp:featuredmedia":[{"embeddable":true,"href":"https:\/\/aktialiiga.fi\/naiset\/wp-json\/wp\/v2\/media\/47607"}],"wp:attachment":[{"href":"https:\/\/aktialiiga.fi\/naiset\/wp-json\/wp\/v2\/media?parent=70182"}],"wp:term":[{"taxonomy":"category","embeddable":true,"href":"https:\/\/aktialiiga.fi\/naiset\/wp-json\/wp\/v2\/categories?post=70182"},{"taxonomy":"post_tag","embeddable":true,"href":"https:\/\/aktialiiga.fi\/naiset\/wp-json\/wp\/v2\/tags?post=70182"}],"curies":[{"name":"wp","href":"https:\/\/api.w.org\/{rel}","templated":true}]}}