{"id":7041,"date":"2016-02-03T16:53:11","date_gmt":"2016-02-03T14:53:11","guid":{"rendered":"https:\/\/aktialiiga.fi\/naiset\/?p=7041"},"modified":"2024-08-28T18:29:40","modified_gmt":"2024-08-28T15:29:40","slug":"aifk-hakee-torstaina-kauden-ensimmaista-voittoaan-atlaksesta","status":"publish","type":"post","link":"https:\/\/aktialiiga.fi\/naiset\/2015-2016\/ennakot-2015-2016\/aifk-hakee-torstaina-kauden-ensimmaista-voittoaan-atlaksesta\/","title":{"rendered":"\u00c5IFK hakee torstaina kauden ensimm\u00e4ist\u00e4 voittoaan Atlaksesta"},"content":{"rendered":"<p>Atlas saa torstain ainoassa SM-sarjan ottelussa vieraakseen \u00c5IFK:n, joka pyrkii viel\u00e4 nousemaan nelj\u00e4n parhaan joukkoon.<\/p>\n<p>\u00c5IFK otti viikonloppuna todella t\u00e4rke\u00e4n kotivoiton Spartasta ja unelma playoffs-paikasta el\u00e4\u00e4 edelleen. Atlas j\u00e4i puolestaan pahasti sarjak\u00e4rki Dickenin jalkoihin ja tavoitteena on ensisijaisesti nousta pois sarjataulukon viimeiselt\u00e4 sijalta.<\/p>\n<p>Atlaksen akilleen kantap\u00e4\u00e4 on ollut tuttu: kuluvan vuoden nelj\u00e4ss\u00e4 ensimm\u00e4isess\u00e4 ottelussa maaleja ei ole yhdess\u00e4k\u00e4\u00e4n syntynyt enemp\u00e4\u00e4 kuin 21. Atlaksen maalintekoa ei helpota se, ett\u00e4 Anna Jauhiainen on ollut alkuvuodesta sivussa polvivamman takia. Maalinteko on lev\u00e4nnyt t\u00e4m\u00e4n my\u00f6t\u00e4 pitk\u00e4lti Carla Oleniuksen ja Adriana Jakimovan harteilla.<\/p>\n<p>Vantaalaiset voivat kuitenkin ammentaa uskoa tilastoista. Lokakuun lopulla Atlas haki pisteet Turusta niukan 24-23-voiton my\u00f6t\u00e4. Marraskuussa \u2013 niin ik\u00e4\u00e4n Turussa \u2013 pisteet tasattiin maalein 17-17, joten Atlas on ennen torstain kohtaamista keskin\u00e4isiss\u00e4 otteluissa niukasti niskan p\u00e4\u00e4ll\u00e4.<\/p>\n<p>Ottelu Myyrm\u00e4ess\u00e4 alkaa torstaina kello 19.00.<\/p>\n","protected":false},"excerpt":{"rendered":"<p>Atlas saa torstain ainoassa SM-sarjan ottelussa vieraakseen \u00c5IFK:n, joka pyrkii viel\u00e4 nousemaan nelj\u00e4n parhaan joukkoon. \u00c5IFK otti viikonloppuna todella t\u00e4rke\u00e4n kotivoiton Spartasta ja unelma playoffs-paikasta el\u00e4\u00e4 edelleen. Atlas j\u00e4i puolestaan pahasti sarjak\u00e4rki Dickenin jalkoihin ja tavoitteena on ensisijaisesti nousta pois sarjataulukon viimeiselt\u00e4 sijalta. Atlaksen akilleen kantap\u00e4\u00e4 on ollut tuttu: kuluvan vuoden nelj\u00e4ss\u00e4 ensimm\u00e4isess\u00e4 ottelussa maaleja [&hellip;]<\/p>\n","protected":false},"author":13,"featured_media":5804,"comment_status":"closed","ping_status":"closed","sticky":false,"template":"","format":"standard","meta":{"_acf_changed":false,"jetpack_post_was_ever_published":false,"_jetpack_newsletter_access":"","_jetpack_dont_email_post_to_subs":false,"_jetpack_newsletter_tier_id":0,"_jetpack_memberships_contains_paywalled_content":false,"_jetpack_memberships_contains_paid_content":false,"footnotes":""},"categories":[37],"tags":[48,45],"class_list":["post-7041","post","type-post","status-publish","format-standard","has-post-thumbnail","hentry","category-ennakot-2015-2016","tag-atlas","tag-aifk"],"acf":[],"yoast_head":"<!-- This site is optimized with the Yoast SEO plugin v27.5 - https:\/\/yoast.com\/product\/yoast-seo-wordpress\/ -->\n<title>\u00c5IFK hakee torstaina kauden ensimm\u00e4ist\u00e4 voittoaan Atlaksesta | K\u00e4sipallon naisten Aktialiiga<\/title>\n<meta name=\"robots\" content=\"index, follow, max-snippet:-1, max-image-preview:large, max-video-preview:-1\" \/>\n<link rel=\"canonical\" href=\"https:\/\/aktialiiga.fi\/naiset\/2015-2016\/ennakot-2015-2016\/aifk-hakee-torstaina-kauden-ensimmaista-voittoaan-atlaksesta\/\" \/>\n<meta property=\"og:locale\" content=\"fi_FI\" \/>\n<meta property=\"og:type\" content=\"article\" \/>\n<meta property=\"og:title\" content=\"\u00c5IFK hakee torstaina kauden ensimm\u00e4ist\u00e4 voittoaan Atlaksesta | K\u00e4sipallon naisten Aktialiiga\" \/>\n<meta property=\"og:description\" content=\"Atlas saa torstain ainoassa SM-sarjan ottelussa vieraakseen \u00c5IFK:n, joka pyrkii viel\u00e4 nousemaan nelj\u00e4n parhaan joukkoon. \u00c5IFK otti viikonloppuna todella t\u00e4rke\u00e4n kotivoiton Spartasta ja unelma playoffs-paikasta el\u00e4\u00e4 edelleen. Atlas j\u00e4i puolestaan pahasti sarjak\u00e4rki Dickenin jalkoihin ja tavoitteena on ensisijaisesti nousta pois sarjataulukon viimeiselt\u00e4 sijalta. Atlaksen akilleen kantap\u00e4\u00e4 on ollut tuttu: kuluvan vuoden nelj\u00e4ss\u00e4 ensimm\u00e4isess\u00e4 ottelussa maaleja [&hellip;]\" \/>\n<meta property=\"og:url\" content=\"https:\/\/aktialiiga.fi\/naiset\/2015-2016\/ennakot-2015-2016\/aifk-hakee-torstaina-kauden-ensimmaista-voittoaan-atlaksesta\/\" \/>\n<meta property=\"og:site_name\" content=\"K\u00e4sipallon naisten Aktialiiga\" \/>\n<meta property=\"article:publisher\" content=\"https:\/\/www.facebook.com\/finnhandball\" \/>\n<meta property=\"article:published_time\" content=\"2016-02-03T14:53:11+00:00\" \/>\n<meta property=\"article:modified_time\" content=\"2024-08-28T15:29:40+00:00\" \/>\n<meta property=\"og:image\" content=\"https:\/\/aktialiiga.fi\/naiset\/wp-content\/uploads\/sites\/6\/2015\/03\/Atlas_Olenius_Carla_1415.jpg\" \/>\n\t<meta property=\"og:image:width\" content=\"640\" \/>\n\t<meta property=\"og:image:height\" content=\"361\" \/>\n\t<meta property=\"og:image:type\" content=\"image\/jpeg\" \/>\n<meta name=\"author\" content=\"tbrmedia\" \/>\n<meta name=\"twitter:card\" content=\"summary_large_image\" \/>\n<meta name=\"twitter:creator\" content=\"@finnhandball\" \/>\n<meta name=\"twitter:site\" content=\"@finnhandball\" \/>\n<script type=\"application\/ld+json\" class=\"yoast-schema-graph\">{\"@context\":\"https:\\\/\\\/schema.org\",\"@graph\":[{\"@type\":\"Article\",\"@id\":\"https:\\\/\\\/aktialiiga.fi\\\/naiset\\\/2015-2016\\\/ennakot-2015-2016\\\/aifk-hakee-torstaina-kauden-ensimmaista-voittoaan-atlaksesta\\\/#article\",\"isPartOf\":{\"@id\":\"https:\\\/\\\/aktialiiga.fi\\\/naiset\\\/2015-2016\\\/ennakot-2015-2016\\\/aifk-hakee-torstaina-kauden-ensimmaista-voittoaan-atlaksesta\\\/\"},\"author\":{\"name\":\"tbrmedia\",\"@id\":\"https:\\\/\\\/aktialiiga.fi\\\/naiset\\\/#\\\/schema\\\/person\\\/c14bf42f47041db74603c45afcb18d87\"},\"headline\":\"\u00c5IFK hakee torstaina kauden ensimm\u00e4ist\u00e4 voittoaan Atlaksesta\",\"datePublished\":\"2016-02-03T14:53:11+00:00\",\"dateModified\":\"2024-08-28T15:29:40+00:00\",\"mainEntityOfPage\":{\"@id\":\"https:\\\/\\\/aktialiiga.fi\\\/naiset\\\/2015-2016\\\/ennakot-2015-2016\\\/aifk-hakee-torstaina-kauden-ensimmaista-voittoaan-atlaksesta\\\/\"},\"wordCount\":155,\"publisher\":{\"@id\":\"https:\\\/\\\/aktialiiga.fi\\\/naiset\\\/#organization\"},\"image\":{\"@id\":\"https:\\\/\\\/aktialiiga.fi\\\/naiset\\\/2015-2016\\\/ennakot-2015-2016\\\/aifk-hakee-torstaina-kauden-ensimmaista-voittoaan-atlaksesta\\\/#primaryimage\"},\"thumbnailUrl\":\"https:\\\/\\\/aktialiiga.fi\\\/naiset\\\/wp-content\\\/uploads\\\/sites\\\/6\\\/2015\\\/03\\\/Atlas_Olenius_Carla_1415.jpg\",\"keywords\":[\"Atlas\",\"\u00c5IFK\"],\"articleSection\":[\"Ennakot\"],\"inLanguage\":\"fi\"},{\"@type\":\"WebPage\",\"@id\":\"https:\\\/\\\/aktialiiga.fi\\\/naiset\\\/2015-2016\\\/ennakot-2015-2016\\\/aifk-hakee-torstaina-kauden-ensimmaista-voittoaan-atlaksesta\\\/\",\"url\":\"https:\\\/\\\/aktialiiga.fi\\\/naiset\\\/2015-2016\\\/ennakot-2015-2016\\\/aifk-hakee-torstaina-kauden-ensimmaista-voittoaan-atlaksesta\\\/\",\"name\":\"\u00c5IFK hakee torstaina kauden ensimm\u00e4ist\u00e4 voittoaan Atlaksesta | K\u00e4sipallon naisten Aktialiiga\",\"isPartOf\":{\"@id\":\"https:\\\/\\\/aktialiiga.fi\\\/naiset\\\/#website\"},\"primaryImageOfPage\":{\"@id\":\"https:\\\/\\\/aktialiiga.fi\\\/naiset\\\/2015-2016\\\/ennakot-2015-2016\\\/aifk-hakee-torstaina-kauden-ensimmaista-voittoaan-atlaksesta\\\/#primaryimage\"},\"image\":{\"@id\":\"https:\\\/\\\/aktialiiga.fi\\\/naiset\\\/2015-2016\\\/ennakot-2015-2016\\\/aifk-hakee-torstaina-kauden-ensimmaista-voittoaan-atlaksesta\\\/#primaryimage\"},\"thumbnailUrl\":\"https:\\\/\\\/aktialiiga.fi\\\/naiset\\\/wp-content\\\/uploads\\\/sites\\\/6\\\/2015\\\/03\\\/Atlas_Olenius_Carla_1415.jpg\",\"datePublished\":\"2016-02-03T14:53:11+00:00\",\"dateModified\":\"2024-08-28T15:29:40+00:00\",\"breadcrumb\":{\"@id\":\"https:\\\/\\\/aktialiiga.fi\\\/naiset\\\/2015-2016\\\/ennakot-2015-2016\\\/aifk-hakee-torstaina-kauden-ensimmaista-voittoaan-atlaksesta\\\/#breadcrumb\"},\"inLanguage\":\"fi\",\"potentialAction\":[{\"@type\":\"ReadAction\",\"target\":[\"https:\\\/\\\/aktialiiga.fi\\\/naiset\\\/2015-2016\\\/ennakot-2015-2016\\\/aifk-hakee-torstaina-kauden-ensimmaista-voittoaan-atlaksesta\\\/\"]}]},{\"@type\":\"ImageObject\",\"inLanguage\":\"fi\",\"@id\":\"https:\\\/\\\/aktialiiga.fi\\\/naiset\\\/2015-2016\\\/ennakot-2015-2016\\\/aifk-hakee-torstaina-kauden-ensimmaista-voittoaan-atlaksesta\\\/#primaryimage\",\"url\":\"https:\\\/\\\/aktialiiga.fi\\\/naiset\\\/wp-content\\\/uploads\\\/sites\\\/6\\\/2015\\\/03\\\/Atlas_Olenius_Carla_1415.jpg\",\"contentUrl\":\"https:\\\/\\\/aktialiiga.fi\\\/naiset\\\/wp-content\\\/uploads\\\/sites\\\/6\\\/2015\\\/03\\\/Atlas_Olenius_Carla_1415.jpg\",\"width\":640,\"height\":361},{\"@type\":\"BreadcrumbList\",\"@id\":\"https:\\\/\\\/aktialiiga.fi\\\/naiset\\\/2015-2016\\\/ennakot-2015-2016\\\/aifk-hakee-torstaina-kauden-ensimmaista-voittoaan-atlaksesta\\\/#breadcrumb\",\"itemListElement\":[{\"@type\":\"ListItem\",\"position\":1,\"name\":\"Etusivu\",\"item\":\"https:\\\/\\\/aktialiiga.fi\\\/naiset\\\/\"},{\"@type\":\"ListItem\",\"position\":2,\"name\":\"\u00c5IFK hakee torstaina kauden ensimm\u00e4ist\u00e4 voittoaan Atlaksesta\"}]},{\"@type\":\"WebSite\",\"@id\":\"https:\\\/\\\/aktialiiga.fi\\\/naiset\\\/#website\",\"url\":\"https:\\\/\\\/aktialiiga.fi\\\/naiset\\\/\",\"name\":\"K\u00e4sipallon naisten Aktialiiga\",\"description\":\"Valtakunnan vauhdikkainta palloilua!\",\"publisher\":{\"@id\":\"https:\\\/\\\/aktialiiga.fi\\\/naiset\\\/#organization\"},\"potentialAction\":[{\"@type\":\"SearchAction\",\"target\":{\"@type\":\"EntryPoint\",\"urlTemplate\":\"https:\\\/\\\/aktialiiga.fi\\\/naiset\\\/?s={search_term_string}\"},\"query-input\":{\"@type\":\"PropertyValueSpecification\",\"valueRequired\":true,\"valueName\":\"search_term_string\"}}],\"inLanguage\":\"fi\"},{\"@type\":\"Organization\",\"@id\":\"https:\\\/\\\/aktialiiga.fi\\\/naiset\\\/#organization\",\"name\":\"K\u00e4sipallon naisten Aktialiiga\",\"url\":\"https:\\\/\\\/aktialiiga.fi\\\/naiset\\\/\",\"logo\":{\"@type\":\"ImageObject\",\"inLanguage\":\"fi\",\"@id\":\"https:\\\/\\\/aktialiiga.fi\\\/naiset\\\/#\\\/schema\\\/logo\\\/image\\\/\",\"url\":\"https:\\\/\\\/aktialiiga.fi\\\/naiset\\\/wp-content\\\/uploads\\\/sites\\\/6\\\/2024\\\/09\\\/Aktialiiga-Yoast-512.png\",\"contentUrl\":\"https:\\\/\\\/aktialiiga.fi\\\/naiset\\\/wp-content\\\/uploads\\\/sites\\\/6\\\/2024\\\/09\\\/Aktialiiga-Yoast-512.png\",\"width\":512,\"height\":512,\"caption\":\"K\u00e4sipallon naisten Aktialiiga\"},\"image\":{\"@id\":\"https:\\\/\\\/aktialiiga.fi\\\/naiset\\\/#\\\/schema\\\/logo\\\/image\\\/\"},\"sameAs\":[\"https:\\\/\\\/www.facebook.com\\\/finnhandball\",\"https:\\\/\\\/x.com\\\/finnhandball\",\"https:\\\/\\\/www.instagram.com\\\/handballfinland\\\/\"]},{\"@type\":\"Person\",\"@id\":\"https:\\\/\\\/aktialiiga.fi\\\/naiset\\\/#\\\/schema\\\/person\\\/c14bf42f47041db74603c45afcb18d87\",\"name\":\"tbrmedia\",\"image\":{\"@type\":\"ImageObject\",\"inLanguage\":\"fi\",\"@id\":\"https:\\\/\\\/secure.gravatar.com\\\/avatar\\\/ee975fa091fe581d12b60debb3439022686618368a7c142044c56724d4666b16?s=96&d=mm&r=g\",\"url\":\"https:\\\/\\\/secure.gravatar.com\\\/avatar\\\/ee975fa091fe581d12b60debb3439022686618368a7c142044c56724d4666b16?s=96&d=mm&r=g\",\"contentUrl\":\"https:\\\/\\\/secure.gravatar.com\\\/avatar\\\/ee975fa091fe581d12b60debb3439022686618368a7c142044c56724d4666b16?s=96&d=mm&r=g\",\"caption\":\"tbrmedia\"}}]}<\/script>\n<!-- \/ Yoast SEO plugin. -->","yoast_head_json":{"title":"\u00c5IFK hakee torstaina kauden ensimm\u00e4ist\u00e4 voittoaan Atlaksesta | K\u00e4sipallon naisten Aktialiiga","robots":{"index":"index","follow":"follow","max-snippet":"max-snippet:-1","max-image-preview":"max-image-preview:large","max-video-preview":"max-video-preview:-1"},"canonical":"https:\/\/aktialiiga.fi\/naiset\/2015-2016\/ennakot-2015-2016\/aifk-hakee-torstaina-kauden-ensimmaista-voittoaan-atlaksesta\/","og_locale":"fi_FI","og_type":"article","og_title":"\u00c5IFK hakee torstaina kauden ensimm\u00e4ist\u00e4 voittoaan Atlaksesta | K\u00e4sipallon naisten Aktialiiga","og_description":"Atlas saa torstain ainoassa SM-sarjan ottelussa vieraakseen \u00c5IFK:n, joka pyrkii viel\u00e4 nousemaan nelj\u00e4n parhaan joukkoon. \u00c5IFK otti viikonloppuna todella t\u00e4rke\u00e4n kotivoiton Spartasta ja unelma playoffs-paikasta el\u00e4\u00e4 edelleen. Atlas j\u00e4i puolestaan pahasti sarjak\u00e4rki Dickenin jalkoihin ja tavoitteena on ensisijaisesti nousta pois sarjataulukon viimeiselt\u00e4 sijalta. Atlaksen akilleen kantap\u00e4\u00e4 on ollut tuttu: kuluvan vuoden nelj\u00e4ss\u00e4 ensimm\u00e4isess\u00e4 ottelussa maaleja [&hellip;]","og_url":"https:\/\/aktialiiga.fi\/naiset\/2015-2016\/ennakot-2015-2016\/aifk-hakee-torstaina-kauden-ensimmaista-voittoaan-atlaksesta\/","og_site_name":"K\u00e4sipallon naisten Aktialiiga","article_publisher":"https:\/\/www.facebook.com\/finnhandball","article_published_time":"2016-02-03T14:53:11+00:00","article_modified_time":"2024-08-28T15:29:40+00:00","og_image":[{"width":640,"height":361,"url":"https:\/\/aktialiiga.fi\/naiset\/wp-content\/uploads\/sites\/6\/2015\/03\/Atlas_Olenius_Carla_1415.jpg","type":"image\/jpeg"}],"author":"tbrmedia","twitter_card":"summary_large_image","twitter_creator":"@finnhandball","twitter_site":"@finnhandball","schema":{"@context":"https:\/\/schema.org","@graph":[{"@type":"Article","@id":"https:\/\/aktialiiga.fi\/naiset\/2015-2016\/ennakot-2015-2016\/aifk-hakee-torstaina-kauden-ensimmaista-voittoaan-atlaksesta\/#article","isPartOf":{"@id":"https:\/\/aktialiiga.fi\/naiset\/2015-2016\/ennakot-2015-2016\/aifk-hakee-torstaina-kauden-ensimmaista-voittoaan-atlaksesta\/"},"author":{"name":"tbrmedia","@id":"https:\/\/aktialiiga.fi\/naiset\/#\/schema\/person\/c14bf42f47041db74603c45afcb18d87"},"headline":"\u00c5IFK hakee torstaina kauden ensimm\u00e4ist\u00e4 voittoaan Atlaksesta","datePublished":"2016-02-03T14:53:11+00:00","dateModified":"2024-08-28T15:29:40+00:00","mainEntityOfPage":{"@id":"https:\/\/aktialiiga.fi\/naiset\/2015-2016\/ennakot-2015-2016\/aifk-hakee-torstaina-kauden-ensimmaista-voittoaan-atlaksesta\/"},"wordCount":155,"publisher":{"@id":"https:\/\/aktialiiga.fi\/naiset\/#organization"},"image":{"@id":"https:\/\/aktialiiga.fi\/naiset\/2015-2016\/ennakot-2015-2016\/aifk-hakee-torstaina-kauden-ensimmaista-voittoaan-atlaksesta\/#primaryimage"},"thumbnailUrl":"https:\/\/aktialiiga.fi\/naiset\/wp-content\/uploads\/sites\/6\/2015\/03\/Atlas_Olenius_Carla_1415.jpg","keywords":["Atlas","\u00c5IFK"],"articleSection":["Ennakot"],"inLanguage":"fi"},{"@type":"WebPage","@id":"https:\/\/aktialiiga.fi\/naiset\/2015-2016\/ennakot-2015-2016\/aifk-hakee-torstaina-kauden-ensimmaista-voittoaan-atlaksesta\/","url":"https:\/\/aktialiiga.fi\/naiset\/2015-2016\/ennakot-2015-2016\/aifk-hakee-torstaina-kauden-ensimmaista-voittoaan-atlaksesta\/","name":"\u00c5IFK hakee torstaina kauden ensimm\u00e4ist\u00e4 voittoaan Atlaksesta | K\u00e4sipallon naisten Aktialiiga","isPartOf":{"@id":"https:\/\/aktialiiga.fi\/naiset\/#website"},"primaryImageOfPage":{"@id":"https:\/\/aktialiiga.fi\/naiset\/2015-2016\/ennakot-2015-2016\/aifk-hakee-torstaina-kauden-ensimmaista-voittoaan-atlaksesta\/#primaryimage"},"image":{"@id":"https:\/\/aktialiiga.fi\/naiset\/2015-2016\/ennakot-2015-2016\/aifk-hakee-torstaina-kauden-ensimmaista-voittoaan-atlaksesta\/#primaryimage"},"thumbnailUrl":"https:\/\/aktialiiga.fi\/naiset\/wp-content\/uploads\/sites\/6\/2015\/03\/Atlas_Olenius_Carla_1415.jpg","datePublished":"2016-02-03T14:53:11+00:00","dateModified":"2024-08-28T15:29:40+00:00","breadcrumb":{"@id":"https:\/\/aktialiiga.fi\/naiset\/2015-2016\/ennakot-2015-2016\/aifk-hakee-torstaina-kauden-ensimmaista-voittoaan-atlaksesta\/#breadcrumb"},"inLanguage":"fi","potentialAction":[{"@type":"ReadAction","target":["https:\/\/aktialiiga.fi\/naiset\/2015-2016\/ennakot-2015-2016\/aifk-hakee-torstaina-kauden-ensimmaista-voittoaan-atlaksesta\/"]}]},{"@type":"ImageObject","inLanguage":"fi","@id":"https:\/\/aktialiiga.fi\/naiset\/2015-2016\/ennakot-2015-2016\/aifk-hakee-torstaina-kauden-ensimmaista-voittoaan-atlaksesta\/#primaryimage","url":"https:\/\/aktialiiga.fi\/naiset\/wp-content\/uploads\/sites\/6\/2015\/03\/Atlas_Olenius_Carla_1415.jpg","contentUrl":"https:\/\/aktialiiga.fi\/naiset\/wp-content\/uploads\/sites\/6\/2015\/03\/Atlas_Olenius_Carla_1415.jpg","width":640,"height":361},{"@type":"BreadcrumbList","@id":"https:\/\/aktialiiga.fi\/naiset\/2015-2016\/ennakot-2015-2016\/aifk-hakee-torstaina-kauden-ensimmaista-voittoaan-atlaksesta\/#breadcrumb","itemListElement":[{"@type":"ListItem","position":1,"name":"Etusivu","item":"https:\/\/aktialiiga.fi\/naiset\/"},{"@type":"ListItem","position":2,"name":"\u00c5IFK hakee torstaina kauden ensimm\u00e4ist\u00e4 voittoaan Atlaksesta"}]},{"@type":"WebSite","@id":"https:\/\/aktialiiga.fi\/naiset\/#website","url":"https:\/\/aktialiiga.fi\/naiset\/","name":"K\u00e4sipallon naisten Aktialiiga","description":"Valtakunnan vauhdikkainta palloilua!","publisher":{"@id":"https:\/\/aktialiiga.fi\/naiset\/#organization"},"potentialAction":[{"@type":"SearchAction","target":{"@type":"EntryPoint","urlTemplate":"https:\/\/aktialiiga.fi\/naiset\/?s={search_term_string}"},"query-input":{"@type":"PropertyValueSpecification","valueRequired":true,"valueName":"search_term_string"}}],"inLanguage":"fi"},{"@type":"Organization","@id":"https:\/\/aktialiiga.fi\/naiset\/#organization","name":"K\u00e4sipallon naisten Aktialiiga","url":"https:\/\/aktialiiga.fi\/naiset\/","logo":{"@type":"ImageObject","inLanguage":"fi","@id":"https:\/\/aktialiiga.fi\/naiset\/#\/schema\/logo\/image\/","url":"https:\/\/aktialiiga.fi\/naiset\/wp-content\/uploads\/sites\/6\/2024\/09\/Aktialiiga-Yoast-512.png","contentUrl":"https:\/\/aktialiiga.fi\/naiset\/wp-content\/uploads\/sites\/6\/2024\/09\/Aktialiiga-Yoast-512.png","width":512,"height":512,"caption":"K\u00e4sipallon naisten Aktialiiga"},"image":{"@id":"https:\/\/aktialiiga.fi\/naiset\/#\/schema\/logo\/image\/"},"sameAs":["https:\/\/www.facebook.com\/finnhandball","https:\/\/x.com\/finnhandball","https:\/\/www.instagram.com\/handballfinland\/"]},{"@type":"Person","@id":"https:\/\/aktialiiga.fi\/naiset\/#\/schema\/person\/c14bf42f47041db74603c45afcb18d87","name":"tbrmedia","image":{"@type":"ImageObject","inLanguage":"fi","@id":"https:\/\/secure.gravatar.com\/avatar\/ee975fa091fe581d12b60debb3439022686618368a7c142044c56724d4666b16?s=96&d=mm&r=g","url":"https:\/\/secure.gravatar.com\/avatar\/ee975fa091fe581d12b60debb3439022686618368a7c142044c56724d4666b16?s=96&d=mm&r=g","contentUrl":"https:\/\/secure.gravatar.com\/avatar\/ee975fa091fe581d12b60debb3439022686618368a7c142044c56724d4666b16?s=96&d=mm&r=g","caption":"tbrmedia"}}]}},"jetpack_featured_media_url":"https:\/\/aktialiiga.fi\/naiset\/wp-content\/uploads\/sites\/6\/2015\/03\/Atlas_Olenius_Carla_1415.jpg","jetpack_sharing_enabled":true,"jetpack_shortlink":"https:\/\/wp.me\/pfYhm6-1Pz","_links":{"self":[{"href":"https:\/\/aktialiiga.fi\/naiset\/wp-json\/wp\/v2\/posts\/7041","targetHints":{"allow":["GET"]}}],"collection":[{"href":"https:\/\/aktialiiga.fi\/naiset\/wp-json\/wp\/v2\/posts"}],"about":[{"href":"https:\/\/aktialiiga.fi\/naiset\/wp-json\/wp\/v2\/types\/post"}],"author":[{"embeddable":true,"href":"https:\/\/aktialiiga.fi\/naiset\/wp-json\/wp\/v2\/users\/13"}],"replies":[{"embeddable":true,"href":"https:\/\/aktialiiga.fi\/naiset\/wp-json\/wp\/v2\/comments?post=7041"}],"version-history":[{"count":1,"href":"https:\/\/aktialiiga.fi\/naiset\/wp-json\/wp\/v2\/posts\/7041\/revisions"}],"predecessor-version":[{"id":38955,"href":"https:\/\/aktialiiga.fi\/naiset\/wp-json\/wp\/v2\/posts\/7041\/revisions\/38955"}],"wp:featuredmedia":[{"embeddable":true,"href":"https:\/\/aktialiiga.fi\/naiset\/wp-json\/wp\/v2\/media\/5804"}],"wp:attachment":[{"href":"https:\/\/aktialiiga.fi\/naiset\/wp-json\/wp\/v2\/media?parent=7041"}],"wp:term":[{"taxonomy":"category","embeddable":true,"href":"https:\/\/aktialiiga.fi\/naiset\/wp-json\/wp\/v2\/categories?post=7041"},{"taxonomy":"post_tag","embeddable":true,"href":"https:\/\/aktialiiga.fi\/naiset\/wp-json\/wp\/v2\/tags?post=7041"}],"curies":[{"name":"wp","href":"https:\/\/api.w.org\/{rel}","templated":true}]}}