{"id":7054,"date":"2016-02-04T22:21:38","date_gmt":"2016-02-04T20:21:38","guid":{"rendered":"https:\/\/aktialiiga.fi\/naiset\/?p=7054"},"modified":"2024-08-28T18:28:35","modified_gmt":"2024-08-28T15:28:35","slug":"grifk-satsaa-tulevaisuuteen-aarnio-jatkaa-2-vuotisella-sopimuksella","status":"publish","type":"post","link":"https:\/\/aktialiiga.fi\/naiset\/ajankohtaista\/grifk-satsaa-tulevaisuuteen-aarnio-jatkaa-2-vuotisella-sopimuksella\/","title":{"rendered":"GrIFK satsaa tulevaisuuteen &#8211; Aarnio jatkaa 2-vuotisella sopimuksella"},"content":{"rendered":"<p>GrIFK on solminut 2-vuotisen valmentajasopimuksen Sebastian Aarnion kanssa.\u00a0Viime vuonna solmittiin sopimus mallia 1+1 vuotta, jota n\u00e4in jatkettiin.<\/p>\n<p>&#8211;\u00a0Jo viime vuonna kun kirjoitimme sopimuksen t\u00e4ht\u00e4in oli tulevaisuudessa,\u00a0v\u00e4hint\u00e4\u00e4n kolme vuotta eteenp\u00e4in. Meill\u00e4 on edelleen hyvin nuori joukkue ja\u00a0satsaukset tulevaisuudessa, sanoo joukkueenjohtaja Robert Nystr\u00f6m.<\/p>\n<p>P\u00e4\u00e4m\u00e4\u00e4r\u00e4n\u00e4 on antaa valmiudet pelaajille p\u00e4rj\u00e4t\u00e4 ulkomailla ja\u00a0maajoukkueessa. T\u00e4st\u00e4 johtuen fokus tulee l\u00e4hivuosien aikana\u00a0olemaan pelaajan teknisess\u00e4 kehittymisess\u00e4, pelik\u00e4sityksess\u00e4, voimassa\u00a0ja kest\u00e4vyydess\u00e4.<\/p>\n<p>&#8211;\u00a0Jatkan mielell\u00e4ni, olen viihtynyt hyvin Granissa ja tyt\u00f6t ovat huolehtineet\u00a0minusta erinomaisesti, sanoo Sebastian Aarnio.<\/p>\n<p>&#8211; Pisteiss\u00e4 olemme p\u00e4rj\u00e4nneet\u00a0odotuksia paremmin, en ollut laskenut sen varaan ett\u00e4 meill\u00e4 t\u00e4ss\u00e4\u00a0vaiheessa kautta olisi\u00a0kahdeksan pistett\u00e4. Kuuta ei tarvitse tavoitella viel\u00e4\u00a0ensimm\u00e4isen kauden aikana, mutta tulevaisuudessa tulemme hiljaa mutta\u00a0varmasti nousemaan sarjataulukossa.<\/p>\n<p>Aarnio t\u00e4hdent\u00e4\u00e4, ett\u00e4 joukkue on nuori mutta halukas oppimaan. H\u00e4n haluaa\u00a0kehitt\u00e4\u00e4 nuoria pelaajia, mutta ottaa mukaan my\u00f6s muutamia kokeneempia\u00a0pelaajia, esimerkiksi entisi\u00e4 Granin pelaajia.<\/p>\n<p>&#8211;\u00a0Saa mielell\u00e4\u00e4n tulla kokeilemaan treeneihin kanssamme, kokea ja todeta\u00a0milt\u00e4 tuntuu, sanoo Aarnio.<\/p>\n","protected":false},"excerpt":{"rendered":"<p>GrIFK on solminut 2-vuotisen valmentajasopimuksen Sebastian Aarnion kanssa.\u00a0Viime vuonna solmittiin sopimus mallia 1+1 vuotta, jota n\u00e4in jatkettiin. &#8211;\u00a0Jo viime vuonna kun kirjoitimme sopimuksen t\u00e4ht\u00e4in oli tulevaisuudessa,\u00a0v\u00e4hint\u00e4\u00e4n kolme vuotta eteenp\u00e4in. Meill\u00e4 on edelleen hyvin nuori joukkue ja\u00a0satsaukset tulevaisuudessa, sanoo joukkueenjohtaja Robert Nystr\u00f6m. P\u00e4\u00e4m\u00e4\u00e4r\u00e4n\u00e4 on antaa valmiudet pelaajille p\u00e4rj\u00e4t\u00e4 ulkomailla ja\u00a0maajoukkueessa. T\u00e4st\u00e4 johtuen fokus tulee l\u00e4hivuosien aikana\u00a0olemaan [&hellip;]<\/p>\n","protected":false},"author":13,"featured_media":7055,"comment_status":"closed","ping_status":"closed","sticky":false,"template":"","format":"standard","meta":{"_acf_changed":false,"jetpack_post_was_ever_published":false,"_jetpack_newsletter_access":"","_jetpack_dont_email_post_to_subs":false,"_jetpack_newsletter_tier_id":0,"_jetpack_memberships_contains_paywalled_content":false,"_jetpack_memberships_contains_paid_content":false,"footnotes":""},"categories":[2],"tags":[57],"class_list":["post-7054","post","type-post","status-publish","format-standard","has-post-thumbnail","hentry","category-ajankohtaista","tag-grifk"],"acf":[],"yoast_head":"<!-- This site is optimized with the Yoast SEO plugin v27.5 - https:\/\/yoast.com\/product\/yoast-seo-wordpress\/ -->\n<title>GrIFK satsaa tulevaisuuteen - Aarnio jatkaa 2-vuotisella sopimuksella | K\u00e4sipallon naisten Aktialiiga<\/title>\n<meta name=\"robots\" content=\"index, follow, max-snippet:-1, max-image-preview:large, max-video-preview:-1\" \/>\n<link rel=\"canonical\" href=\"https:\/\/aktialiiga.fi\/naiset\/ajankohtaista\/grifk-satsaa-tulevaisuuteen-aarnio-jatkaa-2-vuotisella-sopimuksella\/\" \/>\n<meta property=\"og:locale\" content=\"fi_FI\" \/>\n<meta property=\"og:type\" content=\"article\" \/>\n<meta property=\"og:title\" content=\"GrIFK satsaa tulevaisuuteen - Aarnio jatkaa 2-vuotisella sopimuksella | K\u00e4sipallon naisten Aktialiiga\" \/>\n<meta property=\"og:description\" content=\"GrIFK on solminut 2-vuotisen valmentajasopimuksen Sebastian Aarnion kanssa.\u00a0Viime vuonna solmittiin sopimus mallia 1+1 vuotta, jota n\u00e4in jatkettiin. &#8211;\u00a0Jo viime vuonna kun kirjoitimme sopimuksen t\u00e4ht\u00e4in oli tulevaisuudessa,\u00a0v\u00e4hint\u00e4\u00e4n kolme vuotta eteenp\u00e4in. Meill\u00e4 on edelleen hyvin nuori joukkue ja\u00a0satsaukset tulevaisuudessa, sanoo joukkueenjohtaja Robert Nystr\u00f6m. P\u00e4\u00e4m\u00e4\u00e4r\u00e4n\u00e4 on antaa valmiudet pelaajille p\u00e4rj\u00e4t\u00e4 ulkomailla ja\u00a0maajoukkueessa. T\u00e4st\u00e4 johtuen fokus tulee l\u00e4hivuosien aikana\u00a0olemaan [&hellip;]\" \/>\n<meta property=\"og:url\" content=\"https:\/\/aktialiiga.fi\/naiset\/ajankohtaista\/grifk-satsaa-tulevaisuuteen-aarnio-jatkaa-2-vuotisella-sopimuksella\/\" \/>\n<meta property=\"og:site_name\" content=\"K\u00e4sipallon naisten Aktialiiga\" \/>\n<meta property=\"article:publisher\" content=\"https:\/\/www.facebook.com\/finnhandball\" \/>\n<meta property=\"article:published_time\" content=\"2016-02-04T20:21:38+00:00\" \/>\n<meta property=\"article:modified_time\" content=\"2024-08-28T15:28:35+00:00\" \/>\n<meta property=\"og:image\" content=\"https:\/\/aktialiiga.fi\/naiset\/wp-content\/uploads\/sites\/6\/2016\/02\/GrIFK_Aarnio_Sebastian_1516.jpg\" \/>\n\t<meta property=\"og:image:width\" content=\"600\" \/>\n\t<meta property=\"og:image:height\" content=\"400\" \/>\n\t<meta property=\"og:image:type\" content=\"image\/jpeg\" \/>\n<meta name=\"author\" content=\"tbrmedia\" \/>\n<meta name=\"twitter:card\" content=\"summary_large_image\" \/>\n<meta name=\"twitter:creator\" content=\"@finnhandball\" \/>\n<meta name=\"twitter:site\" content=\"@finnhandball\" \/>\n<script type=\"application\/ld+json\" class=\"yoast-schema-graph\">{\"@context\":\"https:\\\/\\\/schema.org\",\"@graph\":[{\"@type\":\"Article\",\"@id\":\"https:\\\/\\\/aktialiiga.fi\\\/naiset\\\/ajankohtaista\\\/grifk-satsaa-tulevaisuuteen-aarnio-jatkaa-2-vuotisella-sopimuksella\\\/#article\",\"isPartOf\":{\"@id\":\"https:\\\/\\\/aktialiiga.fi\\\/naiset\\\/ajankohtaista\\\/grifk-satsaa-tulevaisuuteen-aarnio-jatkaa-2-vuotisella-sopimuksella\\\/\"},\"author\":{\"name\":\"tbrmedia\",\"@id\":\"https:\\\/\\\/aktialiiga.fi\\\/naiset\\\/#\\\/schema\\\/person\\\/c14bf42f47041db74603c45afcb18d87\"},\"headline\":\"GrIFK satsaa tulevaisuuteen &#8211; Aarnio jatkaa 2-vuotisella sopimuksella\",\"datePublished\":\"2016-02-04T20:21:38+00:00\",\"dateModified\":\"2024-08-28T15:28:35+00:00\",\"mainEntityOfPage\":{\"@id\":\"https:\\\/\\\/aktialiiga.fi\\\/naiset\\\/ajankohtaista\\\/grifk-satsaa-tulevaisuuteen-aarnio-jatkaa-2-vuotisella-sopimuksella\\\/\"},\"wordCount\":191,\"publisher\":{\"@id\":\"https:\\\/\\\/aktialiiga.fi\\\/naiset\\\/#organization\"},\"image\":{\"@id\":\"https:\\\/\\\/aktialiiga.fi\\\/naiset\\\/ajankohtaista\\\/grifk-satsaa-tulevaisuuteen-aarnio-jatkaa-2-vuotisella-sopimuksella\\\/#primaryimage\"},\"thumbnailUrl\":\"https:\\\/\\\/aktialiiga.fi\\\/naiset\\\/wp-content\\\/uploads\\\/sites\\\/6\\\/2016\\\/02\\\/GrIFK_Aarnio_Sebastian_1516.jpg\",\"keywords\":[\"GrIFK\"],\"articleSection\":[\"Ajankohtaista\"],\"inLanguage\":\"fi\"},{\"@type\":\"WebPage\",\"@id\":\"https:\\\/\\\/aktialiiga.fi\\\/naiset\\\/ajankohtaista\\\/grifk-satsaa-tulevaisuuteen-aarnio-jatkaa-2-vuotisella-sopimuksella\\\/\",\"url\":\"https:\\\/\\\/aktialiiga.fi\\\/naiset\\\/ajankohtaista\\\/grifk-satsaa-tulevaisuuteen-aarnio-jatkaa-2-vuotisella-sopimuksella\\\/\",\"name\":\"GrIFK satsaa tulevaisuuteen - Aarnio jatkaa 2-vuotisella sopimuksella | K\u00e4sipallon naisten Aktialiiga\",\"isPartOf\":{\"@id\":\"https:\\\/\\\/aktialiiga.fi\\\/naiset\\\/#website\"},\"primaryImageOfPage\":{\"@id\":\"https:\\\/\\\/aktialiiga.fi\\\/naiset\\\/ajankohtaista\\\/grifk-satsaa-tulevaisuuteen-aarnio-jatkaa-2-vuotisella-sopimuksella\\\/#primaryimage\"},\"image\":{\"@id\":\"https:\\\/\\\/aktialiiga.fi\\\/naiset\\\/ajankohtaista\\\/grifk-satsaa-tulevaisuuteen-aarnio-jatkaa-2-vuotisella-sopimuksella\\\/#primaryimage\"},\"thumbnailUrl\":\"https:\\\/\\\/aktialiiga.fi\\\/naiset\\\/wp-content\\\/uploads\\\/sites\\\/6\\\/2016\\\/02\\\/GrIFK_Aarnio_Sebastian_1516.jpg\",\"datePublished\":\"2016-02-04T20:21:38+00:00\",\"dateModified\":\"2024-08-28T15:28:35+00:00\",\"breadcrumb\":{\"@id\":\"https:\\\/\\\/aktialiiga.fi\\\/naiset\\\/ajankohtaista\\\/grifk-satsaa-tulevaisuuteen-aarnio-jatkaa-2-vuotisella-sopimuksella\\\/#breadcrumb\"},\"inLanguage\":\"fi\",\"potentialAction\":[{\"@type\":\"ReadAction\",\"target\":[\"https:\\\/\\\/aktialiiga.fi\\\/naiset\\\/ajankohtaista\\\/grifk-satsaa-tulevaisuuteen-aarnio-jatkaa-2-vuotisella-sopimuksella\\\/\"]}]},{\"@type\":\"ImageObject\",\"inLanguage\":\"fi\",\"@id\":\"https:\\\/\\\/aktialiiga.fi\\\/naiset\\\/ajankohtaista\\\/grifk-satsaa-tulevaisuuteen-aarnio-jatkaa-2-vuotisella-sopimuksella\\\/#primaryimage\",\"url\":\"https:\\\/\\\/aktialiiga.fi\\\/naiset\\\/wp-content\\\/uploads\\\/sites\\\/6\\\/2016\\\/02\\\/GrIFK_Aarnio_Sebastian_1516.jpg\",\"contentUrl\":\"https:\\\/\\\/aktialiiga.fi\\\/naiset\\\/wp-content\\\/uploads\\\/sites\\\/6\\\/2016\\\/02\\\/GrIFK_Aarnio_Sebastian_1516.jpg\",\"width\":600,\"height\":400},{\"@type\":\"BreadcrumbList\",\"@id\":\"https:\\\/\\\/aktialiiga.fi\\\/naiset\\\/ajankohtaista\\\/grifk-satsaa-tulevaisuuteen-aarnio-jatkaa-2-vuotisella-sopimuksella\\\/#breadcrumb\",\"itemListElement\":[{\"@type\":\"ListItem\",\"position\":1,\"name\":\"Etusivu\",\"item\":\"https:\\\/\\\/aktialiiga.fi\\\/naiset\\\/\"},{\"@type\":\"ListItem\",\"position\":2,\"name\":\"GrIFK satsaa tulevaisuuteen &#8211; Aarnio jatkaa 2-vuotisella sopimuksella\"}]},{\"@type\":\"WebSite\",\"@id\":\"https:\\\/\\\/aktialiiga.fi\\\/naiset\\\/#website\",\"url\":\"https:\\\/\\\/aktialiiga.fi\\\/naiset\\\/\",\"name\":\"K\u00e4sipallon naisten Aktialiiga\",\"description\":\"Valtakunnan vauhdikkainta palloilua!\",\"publisher\":{\"@id\":\"https:\\\/\\\/aktialiiga.fi\\\/naiset\\\/#organization\"},\"potentialAction\":[{\"@type\":\"SearchAction\",\"target\":{\"@type\":\"EntryPoint\",\"urlTemplate\":\"https:\\\/\\\/aktialiiga.fi\\\/naiset\\\/?s={search_term_string}\"},\"query-input\":{\"@type\":\"PropertyValueSpecification\",\"valueRequired\":true,\"valueName\":\"search_term_string\"}}],\"inLanguage\":\"fi\"},{\"@type\":\"Organization\",\"@id\":\"https:\\\/\\\/aktialiiga.fi\\\/naiset\\\/#organization\",\"name\":\"K\u00e4sipallon naisten Aktialiiga\",\"url\":\"https:\\\/\\\/aktialiiga.fi\\\/naiset\\\/\",\"logo\":{\"@type\":\"ImageObject\",\"inLanguage\":\"fi\",\"@id\":\"https:\\\/\\\/aktialiiga.fi\\\/naiset\\\/#\\\/schema\\\/logo\\\/image\\\/\",\"url\":\"https:\\\/\\\/aktialiiga.fi\\\/naiset\\\/wp-content\\\/uploads\\\/sites\\\/6\\\/2024\\\/09\\\/Aktialiiga-Yoast-512.png\",\"contentUrl\":\"https:\\\/\\\/aktialiiga.fi\\\/naiset\\\/wp-content\\\/uploads\\\/sites\\\/6\\\/2024\\\/09\\\/Aktialiiga-Yoast-512.png\",\"width\":512,\"height\":512,\"caption\":\"K\u00e4sipallon naisten Aktialiiga\"},\"image\":{\"@id\":\"https:\\\/\\\/aktialiiga.fi\\\/naiset\\\/#\\\/schema\\\/logo\\\/image\\\/\"},\"sameAs\":[\"https:\\\/\\\/www.facebook.com\\\/finnhandball\",\"https:\\\/\\\/x.com\\\/finnhandball\",\"https:\\\/\\\/www.instagram.com\\\/handballfinland\\\/\"]},{\"@type\":\"Person\",\"@id\":\"https:\\\/\\\/aktialiiga.fi\\\/naiset\\\/#\\\/schema\\\/person\\\/c14bf42f47041db74603c45afcb18d87\",\"name\":\"tbrmedia\",\"image\":{\"@type\":\"ImageObject\",\"inLanguage\":\"fi\",\"@id\":\"https:\\\/\\\/secure.gravatar.com\\\/avatar\\\/ee975fa091fe581d12b60debb3439022686618368a7c142044c56724d4666b16?s=96&d=mm&r=g\",\"url\":\"https:\\\/\\\/secure.gravatar.com\\\/avatar\\\/ee975fa091fe581d12b60debb3439022686618368a7c142044c56724d4666b16?s=96&d=mm&r=g\",\"contentUrl\":\"https:\\\/\\\/secure.gravatar.com\\\/avatar\\\/ee975fa091fe581d12b60debb3439022686618368a7c142044c56724d4666b16?s=96&d=mm&r=g\",\"caption\":\"tbrmedia\"}}]}<\/script>\n<!-- \/ Yoast SEO plugin. -->","yoast_head_json":{"title":"GrIFK satsaa tulevaisuuteen - Aarnio jatkaa 2-vuotisella sopimuksella | K\u00e4sipallon naisten Aktialiiga","robots":{"index":"index","follow":"follow","max-snippet":"max-snippet:-1","max-image-preview":"max-image-preview:large","max-video-preview":"max-video-preview:-1"},"canonical":"https:\/\/aktialiiga.fi\/naiset\/ajankohtaista\/grifk-satsaa-tulevaisuuteen-aarnio-jatkaa-2-vuotisella-sopimuksella\/","og_locale":"fi_FI","og_type":"article","og_title":"GrIFK satsaa tulevaisuuteen - Aarnio jatkaa 2-vuotisella sopimuksella | K\u00e4sipallon naisten Aktialiiga","og_description":"GrIFK on solminut 2-vuotisen valmentajasopimuksen Sebastian Aarnion kanssa.\u00a0Viime vuonna solmittiin sopimus mallia 1+1 vuotta, jota n\u00e4in jatkettiin. &#8211;\u00a0Jo viime vuonna kun kirjoitimme sopimuksen t\u00e4ht\u00e4in oli tulevaisuudessa,\u00a0v\u00e4hint\u00e4\u00e4n kolme vuotta eteenp\u00e4in. Meill\u00e4 on edelleen hyvin nuori joukkue ja\u00a0satsaukset tulevaisuudessa, sanoo joukkueenjohtaja Robert Nystr\u00f6m. P\u00e4\u00e4m\u00e4\u00e4r\u00e4n\u00e4 on antaa valmiudet pelaajille p\u00e4rj\u00e4t\u00e4 ulkomailla ja\u00a0maajoukkueessa. T\u00e4st\u00e4 johtuen fokus tulee l\u00e4hivuosien aikana\u00a0olemaan [&hellip;]","og_url":"https:\/\/aktialiiga.fi\/naiset\/ajankohtaista\/grifk-satsaa-tulevaisuuteen-aarnio-jatkaa-2-vuotisella-sopimuksella\/","og_site_name":"K\u00e4sipallon naisten Aktialiiga","article_publisher":"https:\/\/www.facebook.com\/finnhandball","article_published_time":"2016-02-04T20:21:38+00:00","article_modified_time":"2024-08-28T15:28:35+00:00","og_image":[{"width":600,"height":400,"url":"https:\/\/aktialiiga.fi\/naiset\/wp-content\/uploads\/sites\/6\/2016\/02\/GrIFK_Aarnio_Sebastian_1516.jpg","type":"image\/jpeg"}],"author":"tbrmedia","twitter_card":"summary_large_image","twitter_creator":"@finnhandball","twitter_site":"@finnhandball","schema":{"@context":"https:\/\/schema.org","@graph":[{"@type":"Article","@id":"https:\/\/aktialiiga.fi\/naiset\/ajankohtaista\/grifk-satsaa-tulevaisuuteen-aarnio-jatkaa-2-vuotisella-sopimuksella\/#article","isPartOf":{"@id":"https:\/\/aktialiiga.fi\/naiset\/ajankohtaista\/grifk-satsaa-tulevaisuuteen-aarnio-jatkaa-2-vuotisella-sopimuksella\/"},"author":{"name":"tbrmedia","@id":"https:\/\/aktialiiga.fi\/naiset\/#\/schema\/person\/c14bf42f47041db74603c45afcb18d87"},"headline":"GrIFK satsaa tulevaisuuteen &#8211; Aarnio jatkaa 2-vuotisella sopimuksella","datePublished":"2016-02-04T20:21:38+00:00","dateModified":"2024-08-28T15:28:35+00:00","mainEntityOfPage":{"@id":"https:\/\/aktialiiga.fi\/naiset\/ajankohtaista\/grifk-satsaa-tulevaisuuteen-aarnio-jatkaa-2-vuotisella-sopimuksella\/"},"wordCount":191,"publisher":{"@id":"https:\/\/aktialiiga.fi\/naiset\/#organization"},"image":{"@id":"https:\/\/aktialiiga.fi\/naiset\/ajankohtaista\/grifk-satsaa-tulevaisuuteen-aarnio-jatkaa-2-vuotisella-sopimuksella\/#primaryimage"},"thumbnailUrl":"https:\/\/aktialiiga.fi\/naiset\/wp-content\/uploads\/sites\/6\/2016\/02\/GrIFK_Aarnio_Sebastian_1516.jpg","keywords":["GrIFK"],"articleSection":["Ajankohtaista"],"inLanguage":"fi"},{"@type":"WebPage","@id":"https:\/\/aktialiiga.fi\/naiset\/ajankohtaista\/grifk-satsaa-tulevaisuuteen-aarnio-jatkaa-2-vuotisella-sopimuksella\/","url":"https:\/\/aktialiiga.fi\/naiset\/ajankohtaista\/grifk-satsaa-tulevaisuuteen-aarnio-jatkaa-2-vuotisella-sopimuksella\/","name":"GrIFK satsaa tulevaisuuteen - Aarnio jatkaa 2-vuotisella sopimuksella | K\u00e4sipallon naisten Aktialiiga","isPartOf":{"@id":"https:\/\/aktialiiga.fi\/naiset\/#website"},"primaryImageOfPage":{"@id":"https:\/\/aktialiiga.fi\/naiset\/ajankohtaista\/grifk-satsaa-tulevaisuuteen-aarnio-jatkaa-2-vuotisella-sopimuksella\/#primaryimage"},"image":{"@id":"https:\/\/aktialiiga.fi\/naiset\/ajankohtaista\/grifk-satsaa-tulevaisuuteen-aarnio-jatkaa-2-vuotisella-sopimuksella\/#primaryimage"},"thumbnailUrl":"https:\/\/aktialiiga.fi\/naiset\/wp-content\/uploads\/sites\/6\/2016\/02\/GrIFK_Aarnio_Sebastian_1516.jpg","datePublished":"2016-02-04T20:21:38+00:00","dateModified":"2024-08-28T15:28:35+00:00","breadcrumb":{"@id":"https:\/\/aktialiiga.fi\/naiset\/ajankohtaista\/grifk-satsaa-tulevaisuuteen-aarnio-jatkaa-2-vuotisella-sopimuksella\/#breadcrumb"},"inLanguage":"fi","potentialAction":[{"@type":"ReadAction","target":["https:\/\/aktialiiga.fi\/naiset\/ajankohtaista\/grifk-satsaa-tulevaisuuteen-aarnio-jatkaa-2-vuotisella-sopimuksella\/"]}]},{"@type":"ImageObject","inLanguage":"fi","@id":"https:\/\/aktialiiga.fi\/naiset\/ajankohtaista\/grifk-satsaa-tulevaisuuteen-aarnio-jatkaa-2-vuotisella-sopimuksella\/#primaryimage","url":"https:\/\/aktialiiga.fi\/naiset\/wp-content\/uploads\/sites\/6\/2016\/02\/GrIFK_Aarnio_Sebastian_1516.jpg","contentUrl":"https:\/\/aktialiiga.fi\/naiset\/wp-content\/uploads\/sites\/6\/2016\/02\/GrIFK_Aarnio_Sebastian_1516.jpg","width":600,"height":400},{"@type":"BreadcrumbList","@id":"https:\/\/aktialiiga.fi\/naiset\/ajankohtaista\/grifk-satsaa-tulevaisuuteen-aarnio-jatkaa-2-vuotisella-sopimuksella\/#breadcrumb","itemListElement":[{"@type":"ListItem","position":1,"name":"Etusivu","item":"https:\/\/aktialiiga.fi\/naiset\/"},{"@type":"ListItem","position":2,"name":"GrIFK satsaa tulevaisuuteen &#8211; Aarnio jatkaa 2-vuotisella sopimuksella"}]},{"@type":"WebSite","@id":"https:\/\/aktialiiga.fi\/naiset\/#website","url":"https:\/\/aktialiiga.fi\/naiset\/","name":"K\u00e4sipallon naisten Aktialiiga","description":"Valtakunnan vauhdikkainta palloilua!","publisher":{"@id":"https:\/\/aktialiiga.fi\/naiset\/#organization"},"potentialAction":[{"@type":"SearchAction","target":{"@type":"EntryPoint","urlTemplate":"https:\/\/aktialiiga.fi\/naiset\/?s={search_term_string}"},"query-input":{"@type":"PropertyValueSpecification","valueRequired":true,"valueName":"search_term_string"}}],"inLanguage":"fi"},{"@type":"Organization","@id":"https:\/\/aktialiiga.fi\/naiset\/#organization","name":"K\u00e4sipallon naisten Aktialiiga","url":"https:\/\/aktialiiga.fi\/naiset\/","logo":{"@type":"ImageObject","inLanguage":"fi","@id":"https:\/\/aktialiiga.fi\/naiset\/#\/schema\/logo\/image\/","url":"https:\/\/aktialiiga.fi\/naiset\/wp-content\/uploads\/sites\/6\/2024\/09\/Aktialiiga-Yoast-512.png","contentUrl":"https:\/\/aktialiiga.fi\/naiset\/wp-content\/uploads\/sites\/6\/2024\/09\/Aktialiiga-Yoast-512.png","width":512,"height":512,"caption":"K\u00e4sipallon naisten Aktialiiga"},"image":{"@id":"https:\/\/aktialiiga.fi\/naiset\/#\/schema\/logo\/image\/"},"sameAs":["https:\/\/www.facebook.com\/finnhandball","https:\/\/x.com\/finnhandball","https:\/\/www.instagram.com\/handballfinland\/"]},{"@type":"Person","@id":"https:\/\/aktialiiga.fi\/naiset\/#\/schema\/person\/c14bf42f47041db74603c45afcb18d87","name":"tbrmedia","image":{"@type":"ImageObject","inLanguage":"fi","@id":"https:\/\/secure.gravatar.com\/avatar\/ee975fa091fe581d12b60debb3439022686618368a7c142044c56724d4666b16?s=96&d=mm&r=g","url":"https:\/\/secure.gravatar.com\/avatar\/ee975fa091fe581d12b60debb3439022686618368a7c142044c56724d4666b16?s=96&d=mm&r=g","contentUrl":"https:\/\/secure.gravatar.com\/avatar\/ee975fa091fe581d12b60debb3439022686618368a7c142044c56724d4666b16?s=96&d=mm&r=g","caption":"tbrmedia"}}]}},"jetpack_featured_media_url":"https:\/\/aktialiiga.fi\/naiset\/wp-content\/uploads\/sites\/6\/2016\/02\/GrIFK_Aarnio_Sebastian_1516.jpg","jetpack_sharing_enabled":true,"jetpack_shortlink":"https:\/\/wp.me\/pfYhm6-1PM","_links":{"self":[{"href":"https:\/\/aktialiiga.fi\/naiset\/wp-json\/wp\/v2\/posts\/7054","targetHints":{"allow":["GET"]}}],"collection":[{"href":"https:\/\/aktialiiga.fi\/naiset\/wp-json\/wp\/v2\/posts"}],"about":[{"href":"https:\/\/aktialiiga.fi\/naiset\/wp-json\/wp\/v2\/types\/post"}],"author":[{"embeddable":true,"href":"https:\/\/aktialiiga.fi\/naiset\/wp-json\/wp\/v2\/users\/13"}],"replies":[{"embeddable":true,"href":"https:\/\/aktialiiga.fi\/naiset\/wp-json\/wp\/v2\/comments?post=7054"}],"version-history":[{"count":1,"href":"https:\/\/aktialiiga.fi\/naiset\/wp-json\/wp\/v2\/posts\/7054\/revisions"}],"predecessor-version":[{"id":38951,"href":"https:\/\/aktialiiga.fi\/naiset\/wp-json\/wp\/v2\/posts\/7054\/revisions\/38951"}],"wp:featuredmedia":[{"embeddable":true,"href":"https:\/\/aktialiiga.fi\/naiset\/wp-json\/wp\/v2\/media\/7055"}],"wp:attachment":[{"href":"https:\/\/aktialiiga.fi\/naiset\/wp-json\/wp\/v2\/media?parent=7054"}],"wp:term":[{"taxonomy":"category","embeddable":true,"href":"https:\/\/aktialiiga.fi\/naiset\/wp-json\/wp\/v2\/categories?post=7054"},{"taxonomy":"post_tag","embeddable":true,"href":"https:\/\/aktialiiga.fi\/naiset\/wp-json\/wp\/v2\/tags?post=7054"}],"curies":[{"name":"wp","href":"https:\/\/api.w.org\/{rel}","templated":true}]}}