{"id":71363,"date":"2026-09-03T16:34:07","date_gmt":"2026-09-03T13:34:07","guid":{"rendered":"https:\/\/aktialiiga.fi\/naiset\/?p=71363"},"modified":"2026-09-03T16:34:07","modified_gmt":"2026-09-03T13:34:07","slug":"kohti-kautta-atlas-8","status":"publish","type":"post","link":"https:\/\/aktialiiga.fi\/naiset\/2026-2027\/kohti-kautta\/kohti-kautta-atlas-8\/","title":{"rendered":"Kohti kautta: Atlas"},"content":{"rendered":"<p>Atlas otti isoja askeleita eteenp\u00e4in viime kauden aikana ja l\u00e4htee jatkamaan noususuhdannetta my\u00f6s t\u00e4ll\u00e4 kaudella.<\/p>\n<p>Atlas sijoittui runkosarjassa kuudenneksi, mutta taisteli aivan viimeisille kierroksille saakka puoliv\u00e4lierien kotiedusta. Kokonaisuudessaan vantaalaisjoukkue otti isoja askeleita eteenp\u00e4in edelliskaudesta. Se pystyi haastamaan k\u00e4rkijoukkueita entist\u00e4 vahvemmin ja onnistui kaatamaan muun muassa HIFK:n ja Dickenin sek\u00e4 pist\u00e4en my\u00f6s GrIFK:n tiukoille.<\/p>\n<p>P\u00e4\u00e4valmentaja Jarkko Horellin mukaan joukkue hakee j\u00e4lleen uutta kehitysaskelta eteenp\u00e4in.<\/p>\n<p>&#8211; Odottavaisin mielin kauteen. On taas kiva p\u00e4\u00e4st\u00e4 pelaamaan puolen vuoden tauon j\u00e4lkeen kilpailullisia otteluita. L\u00e4hdemme rohkeasti haastamaan sarjan ennakkosuosikkeja ja haluamme olla varteenotettava kilpailija mitalipeleist\u00e4.<\/p>\n<p>Atlaksen joukkueessa on tapahtunut vain v\u00e4h\u00e4isesti muutoksia verrattuna useaan muuhun seuraan. Merkitt\u00e4vin tulija on HIFK:sta siirtynyt Ellen Koskue ja menetysten puolella ovat uransa lopettaneet Alicia Eklund ja Anniina Nystr\u00f6m. Miisa Palkorannan pelaaminen tulevalla kaudella on viel\u00e4 kysymysmerkki.<\/p>\n<p>Atlas p\u00e4\u00e4seekin jatkamaan uuteen kauteen hyvist\u00e4 l\u00e4ht\u00f6kohdista.<\/p>\n<p>&#8211; Pieni\u00e4 muutoksia toki joukkueessa on, mutta runko on aika pitk\u00e4lle s\u00e4ilynyt samana. Milla Mariston armeijavuosi tuo tauon peleihin ja Miisa Palkoranta keskittyy ainakin toistaiseksi ty\u00f6el\u00e4m\u00e4\u00e4n.<\/p>\n<p>&#8211; Alicia Eklundin lopettaminen j\u00e4tt\u00e4\u00e4 tietenkin oikealle laidalle ison aukon. Uutena pelaajana meille on tullut Ellen Koskue, jolta odotankin selke\u00e4\u00e4 l\u00e4pimurtoa liigatasolle.<\/p>\n<p>Horellilla on vahva luotto omaan joukkueeseensa ja n\u00e4kee sill\u00e4 olevan j\u00e4lleen edellytykset haastaa sek\u00e4 kaataa k\u00e4rkijoukkueita.<\/p>\n<p>&#8211; Olemme yhten\u00e4inen ja motivoitunut joukkue. Viime kausi j\u00e4tti meill\u00e4 hieman hampaankoloon eik\u00e4 kausi p\u00e4\u00e4ttynyt toivomaamme suoritukseen. Uskon, ett\u00e4 olemme t\u00e4n\u00e4 vuonna j\u00e4lleen hieman parempia ja pystymme parhaalla pelill\u00e4mme kaatamaan jokaisen vastustajan.<\/p>\n<p>&#8211; Haluamme pelata aktiivista, aggressiivista, r\u00e4iskyv\u00e4\u00e4 ja fiksua k\u00e4sipalloa, Horelli kuvailee.<\/p>\n<p>Viime kaudella Atlas teki runkosarjassa nelj\u00e4nneksi eniten maaleja, mutta p\u00e4\u00e4sti SIF:n j\u00e4lkeen eniten. Horellin mukaan kes\u00e4ll\u00e4 onkin keskitytty puolustuspelaamiseen.<\/p>\n<p>&#8211; Olemme erityisesti keskittyneet puolustus- ja kontrapelin kehitt\u00e4miseen. Haluamme olla aktiivisia puolustuksessa ja juosta paljon.<\/p>\n<p>Atlas k\u00e4ynnist\u00e4\u00e4 kautensa lauantaina 5.9. kotikent\u00e4ll\u00e4\u00e4n, kun se kohtaa SIF:n. Ottelu alkaa kello 16.00.<\/p>\n","protected":false},"excerpt":{"rendered":"<p>Atlas otti isoja askeleita eteenp\u00e4in viime kauden aikana ja l\u00e4htee jatkamaan noususuhdannetta my\u00f6s t\u00e4ll\u00e4 kaudella. Atlas sijoittui runkosarjassa kuudenneksi, mutta taisteli aivan viimeisille kierroksille saakka puoliv\u00e4lierien kotiedusta. Kokonaisuudessaan vantaalaisjoukkue otti isoja askeleita eteenp\u00e4in edelliskaudesta. Se pystyi haastamaan k\u00e4rkijoukkueita entist\u00e4 vahvemmin ja onnistui kaatamaan muun muassa HIFK:n ja Dickenin sek\u00e4 pist\u00e4en my\u00f6s GrIFK:n tiukoille. P\u00e4\u00e4valmentaja Jarkko [&hellip;]<\/p>\n","protected":false},"author":13,"featured_media":71100,"comment_status":"closed","ping_status":"closed","sticky":false,"template":"","format":"standard","meta":{"_acf_changed":false,"_jetpack_newsletter_access":"","_jetpack_dont_email_post_to_subs":false,"_jetpack_newsletter_tier_id":0,"_jetpack_memberships_contains_paywalled_content":false,"_jetpack_feature_clip_id":0,"_jetpack_memberships_contains_paid_content":false,"footnotes":"","jetpack_post_was_ever_published":false},"categories":[306],"tags":[48],"class_list":["post-71363","post","type-post","status-publish","format-standard","has-post-thumbnail","hentry","category-kohti-kautta","tag-atlas"],"acf":[],"yoast_head":"<!-- This site is optimized with the Yoast SEO plugin v28.4 - https:\/\/yoast.com\/product\/yoast-seo-wordpress\/ -->\n<title>Kohti kautta: Atlas | K\u00e4sipallon naisten Aktialiiga<\/title>\n<meta name=\"robots\" content=\"index, follow, max-snippet:-1, max-image-preview:large, max-video-preview:-1\" \/>\n<link rel=\"canonical\" href=\"https:\/\/aktialiiga.fi\/naiset\/2026-2027\/kohti-kautta\/kohti-kautta-atlas-8\/\" \/>\n<meta property=\"og:locale\" content=\"fi_FI\" \/>\n<meta property=\"og:type\" content=\"article\" \/>\n<meta property=\"og:title\" content=\"Kohti kautta: Atlas | K\u00e4sipallon naisten Aktialiiga\" \/>\n<meta property=\"og:description\" content=\"Atlas otti isoja askeleita eteenp\u00e4in viime kauden aikana ja l\u00e4htee jatkamaan noususuhdannetta my\u00f6s t\u00e4ll\u00e4 kaudella. Atlas sijoittui runkosarjassa kuudenneksi, mutta taisteli aivan viimeisille kierroksille saakka puoliv\u00e4lierien kotiedusta. Kokonaisuudessaan vantaalaisjoukkue otti isoja askeleita eteenp\u00e4in edelliskaudesta. Se pystyi haastamaan k\u00e4rkijoukkueita entist\u00e4 vahvemmin ja onnistui kaatamaan muun muassa HIFK:n ja Dickenin sek\u00e4 pist\u00e4en my\u00f6s GrIFK:n tiukoille. P\u00e4\u00e4valmentaja Jarkko [&hellip;]\" \/>\n<meta property=\"og:url\" content=\"https:\/\/aktialiiga.fi\/naiset\/2026-2027\/kohti-kautta\/kohti-kautta-atlas-8\/\" \/>\n<meta property=\"og:site_name\" content=\"K\u00e4sipallon naisten Aktialiiga\" \/>\n<meta property=\"article:publisher\" content=\"https:\/\/www.facebook.com\/finnhandball\" \/>\n<meta property=\"article:published_time\" content=\"2026-09-03T13:34:07+00:00\" \/>\n<meta property=\"og:image\" content=\"https:\/\/aktialiiga.fi\/naiset\/wp-content\/uploads\/sites\/6\/2026\/09\/Atlas-2026-27.jpg\" \/>\n\t<meta property=\"og:image:width\" content=\"1620\" \/>\n\t<meta property=\"og:image:height\" content=\"1080\" \/>\n\t<meta property=\"og:image:type\" content=\"image\/jpeg\" \/>\n<meta name=\"author\" content=\"tbrmedia\" \/>\n<meta name=\"twitter:card\" content=\"summary_large_image\" \/>\n<meta name=\"twitter:creator\" content=\"@finnhandball\" \/>\n<meta name=\"twitter:site\" content=\"@finnhandball\" \/>\n<script type=\"application\/ld+json\" class=\"yoast-schema-graph\">{\"@context\":\"https:\\\/\\\/schema.org\",\"@graph\":[{\"@type\":\"Article\",\"@id\":\"https:\\\/\\\/aktialiiga.fi\\\/naiset\\\/2026-2027\\\/kohti-kautta\\\/kohti-kautta-atlas-8\\\/#article\",\"isPartOf\":{\"@id\":\"https:\\\/\\\/aktialiiga.fi\\\/naiset\\\/2026-2027\\\/kohti-kautta\\\/kohti-kautta-atlas-8\\\/\"},\"author\":{\"name\":\"tbrmedia\",\"@id\":\"https:\\\/\\\/aktialiiga.fi\\\/naiset\\\/#\\\/schema\\\/person\\\/c14bf42f47041db74603c45afcb18d87\"},\"headline\":\"Kohti kautta: Atlas\",\"datePublished\":\"2026-09-03T13:34:07+00:00\",\"mainEntityOfPage\":{\"@id\":\"https:\\\/\\\/aktialiiga.fi\\\/naiset\\\/2026-2027\\\/kohti-kautta\\\/kohti-kautta-atlas-8\\\/\"},\"wordCount\":342,\"publisher\":{\"@id\":\"https:\\\/\\\/aktialiiga.fi\\\/naiset\\\/#organization\"},\"image\":{\"@id\":\"https:\\\/\\\/aktialiiga.fi\\\/naiset\\\/2026-2027\\\/kohti-kautta\\\/kohti-kautta-atlas-8\\\/#primaryimage\"},\"thumbnailUrl\":\"https:\\\/\\\/aktialiiga.fi\\\/naiset\\\/wp-content\\\/uploads\\\/sites\\\/6\\\/2026\\\/09\\\/Atlas-2026-27.jpg\",\"keywords\":[\"Atlas\"],\"articleSection\":[\"Kohti kautta\"],\"inLanguage\":\"fi\"},{\"@type\":\"WebPage\",\"@id\":\"https:\\\/\\\/aktialiiga.fi\\\/naiset\\\/2026-2027\\\/kohti-kautta\\\/kohti-kautta-atlas-8\\\/\",\"url\":\"https:\\\/\\\/aktialiiga.fi\\\/naiset\\\/2026-2027\\\/kohti-kautta\\\/kohti-kautta-atlas-8\\\/\",\"name\":\"Kohti kautta: Atlas | K\u00e4sipallon naisten Aktialiiga\",\"isPartOf\":{\"@id\":\"https:\\\/\\\/aktialiiga.fi\\\/naiset\\\/#website\"},\"primaryImageOfPage\":{\"@id\":\"https:\\\/\\\/aktialiiga.fi\\\/naiset\\\/2026-2027\\\/kohti-kautta\\\/kohti-kautta-atlas-8\\\/#primaryimage\"},\"image\":{\"@id\":\"https:\\\/\\\/aktialiiga.fi\\\/naiset\\\/2026-2027\\\/kohti-kautta\\\/kohti-kautta-atlas-8\\\/#primaryimage\"},\"thumbnailUrl\":\"https:\\\/\\\/aktialiiga.fi\\\/naiset\\\/wp-content\\\/uploads\\\/sites\\\/6\\\/2026\\\/09\\\/Atlas-2026-27.jpg\",\"datePublished\":\"2026-09-03T13:34:07+00:00\",\"breadcrumb\":{\"@id\":\"https:\\\/\\\/aktialiiga.fi\\\/naiset\\\/2026-2027\\\/kohti-kautta\\\/kohti-kautta-atlas-8\\\/#breadcrumb\"},\"inLanguage\":\"fi\",\"potentialAction\":[{\"@type\":\"ReadAction\",\"target\":[\"https:\\\/\\\/aktialiiga.fi\\\/naiset\\\/2026-2027\\\/kohti-kautta\\\/kohti-kautta-atlas-8\\\/\"]}]},{\"@type\":\"ImageObject\",\"inLanguage\":\"fi\",\"@id\":\"https:\\\/\\\/aktialiiga.fi\\\/naiset\\\/2026-2027\\\/kohti-kautta\\\/kohti-kautta-atlas-8\\\/#primaryimage\",\"url\":\"https:\\\/\\\/aktialiiga.fi\\\/naiset\\\/wp-content\\\/uploads\\\/sites\\\/6\\\/2026\\\/09\\\/Atlas-2026-27.jpg\",\"contentUrl\":\"https:\\\/\\\/aktialiiga.fi\\\/naiset\\\/wp-content\\\/uploads\\\/sites\\\/6\\\/2026\\\/09\\\/Atlas-2026-27.jpg\",\"width\":1620,\"height\":1080},{\"@type\":\"BreadcrumbList\",\"@id\":\"https:\\\/\\\/aktialiiga.fi\\\/naiset\\\/2026-2027\\\/kohti-kautta\\\/kohti-kautta-atlas-8\\\/#breadcrumb\",\"itemListElement\":[{\"@type\":\"ListItem\",\"position\":1,\"name\":\"Etusivu\",\"item\":\"https:\\\/\\\/aktialiiga.fi\\\/naiset\\\/etusivu-260810\\\/\"},{\"@type\":\"ListItem\",\"position\":2,\"name\":\"Kohti kautta: Atlas\"}]},{\"@type\":\"WebSite\",\"@id\":\"https:\\\/\\\/aktialiiga.fi\\\/naiset\\\/#website\",\"url\":\"https:\\\/\\\/aktialiiga.fi\\\/naiset\\\/\",\"name\":\"K\u00e4sipallon naisten Aktialiiga\",\"description\":\"Valtakunnan vauhdikkainta palloilua!\",\"publisher\":{\"@id\":\"https:\\\/\\\/aktialiiga.fi\\\/naiset\\\/#organization\"},\"potentialAction\":[{\"@type\":\"SearchAction\",\"target\":{\"@type\":\"EntryPoint\",\"urlTemplate\":\"https:\\\/\\\/aktialiiga.fi\\\/naiset\\\/?s={search_term_string}\"},\"query-input\":{\"@type\":\"PropertyValueSpecification\",\"valueRequired\":true,\"valueName\":\"search_term_string\"}}],\"inLanguage\":\"fi\"},{\"@type\":\"Organization\",\"@id\":\"https:\\\/\\\/aktialiiga.fi\\\/naiset\\\/#organization\",\"name\":\"K\u00e4sipallon naisten Aktialiiga\",\"url\":\"https:\\\/\\\/aktialiiga.fi\\\/naiset\\\/\",\"logo\":{\"@type\":\"ImageObject\",\"inLanguage\":\"fi\",\"@id\":\"https:\\\/\\\/aktialiiga.fi\\\/naiset\\\/#\\\/schema\\\/logo\\\/image\\\/\",\"url\":\"https:\\\/\\\/aktialiiga.fi\\\/naiset\\\/wp-content\\\/uploads\\\/sites\\\/6\\\/2024\\\/09\\\/Aktialiiga-Yoast-512.png\",\"contentUrl\":\"https:\\\/\\\/aktialiiga.fi\\\/naiset\\\/wp-content\\\/uploads\\\/sites\\\/6\\\/2024\\\/09\\\/Aktialiiga-Yoast-512.png\",\"width\":512,\"height\":512,\"caption\":\"K\u00e4sipallon naisten Aktialiiga\"},\"image\":{\"@id\":\"https:\\\/\\\/aktialiiga.fi\\\/naiset\\\/#\\\/schema\\\/logo\\\/image\\\/\"},\"sameAs\":[\"https:\\\/\\\/www.facebook.com\\\/finnhandball\",\"https:\\\/\\\/x.com\\\/finnhandball\",\"https:\\\/\\\/www.instagram.com\\\/handballfinland\\\/\"]},{\"@type\":\"Person\",\"@id\":\"https:\\\/\\\/aktialiiga.fi\\\/naiset\\\/#\\\/schema\\\/person\\\/c14bf42f47041db74603c45afcb18d87\",\"name\":\"tbrmedia\",\"image\":{\"@type\":\"ImageObject\",\"inLanguage\":\"fi\",\"@id\":\"https:\\\/\\\/secure.gravatar.com\\\/avatar\\\/ee975fa091fe581d12b60debb3439022686618368a7c142044c56724d4666b16?s=96&d=mm&r=g\",\"url\":\"https:\\\/\\\/secure.gravatar.com\\\/avatar\\\/ee975fa091fe581d12b60debb3439022686618368a7c142044c56724d4666b16?s=96&d=mm&r=g\",\"contentUrl\":\"https:\\\/\\\/secure.gravatar.com\\\/avatar\\\/ee975fa091fe581d12b60debb3439022686618368a7c142044c56724d4666b16?s=96&d=mm&r=g\",\"caption\":\"tbrmedia\"}}]}<\/script>\n<!-- \/ Yoast SEO plugin. -->","yoast_head_json":{"title":"Kohti kautta: Atlas | K\u00e4sipallon naisten Aktialiiga","robots":{"index":"index","follow":"follow","max-snippet":"max-snippet:-1","max-image-preview":"max-image-preview:large","max-video-preview":"max-video-preview:-1"},"canonical":"https:\/\/aktialiiga.fi\/naiset\/2026-2027\/kohti-kautta\/kohti-kautta-atlas-8\/","og_locale":"fi_FI","og_type":"article","og_title":"Kohti kautta: Atlas | K\u00e4sipallon naisten Aktialiiga","og_description":"Atlas otti isoja askeleita eteenp\u00e4in viime kauden aikana ja l\u00e4htee jatkamaan noususuhdannetta my\u00f6s t\u00e4ll\u00e4 kaudella. Atlas sijoittui runkosarjassa kuudenneksi, mutta taisteli aivan viimeisille kierroksille saakka puoliv\u00e4lierien kotiedusta. Kokonaisuudessaan vantaalaisjoukkue otti isoja askeleita eteenp\u00e4in edelliskaudesta. Se pystyi haastamaan k\u00e4rkijoukkueita entist\u00e4 vahvemmin ja onnistui kaatamaan muun muassa HIFK:n ja Dickenin sek\u00e4 pist\u00e4en my\u00f6s GrIFK:n tiukoille. P\u00e4\u00e4valmentaja Jarkko [&hellip;]","og_url":"https:\/\/aktialiiga.fi\/naiset\/2026-2027\/kohti-kautta\/kohti-kautta-atlas-8\/","og_site_name":"K\u00e4sipallon naisten Aktialiiga","article_publisher":"https:\/\/www.facebook.com\/finnhandball","article_published_time":"2026-09-03T13:34:07+00:00","og_image":[{"width":1620,"height":1080,"url":"https:\/\/aktialiiga.fi\/naiset\/wp-content\/uploads\/sites\/6\/2026\/09\/Atlas-2026-27.jpg","type":"image\/jpeg"}],"author":"tbrmedia","twitter_card":"summary_large_image","twitter_creator":"@finnhandball","twitter_site":"@finnhandball","schema":{"@context":"https:\/\/schema.org","@graph":[{"@type":"Article","@id":"https:\/\/aktialiiga.fi\/naiset\/2026-2027\/kohti-kautta\/kohti-kautta-atlas-8\/#article","isPartOf":{"@id":"https:\/\/aktialiiga.fi\/naiset\/2026-2027\/kohti-kautta\/kohti-kautta-atlas-8\/"},"author":{"name":"tbrmedia","@id":"https:\/\/aktialiiga.fi\/naiset\/#\/schema\/person\/c14bf42f47041db74603c45afcb18d87"},"headline":"Kohti kautta: Atlas","datePublished":"2026-09-03T13:34:07+00:00","mainEntityOfPage":{"@id":"https:\/\/aktialiiga.fi\/naiset\/2026-2027\/kohti-kautta\/kohti-kautta-atlas-8\/"},"wordCount":342,"publisher":{"@id":"https:\/\/aktialiiga.fi\/naiset\/#organization"},"image":{"@id":"https:\/\/aktialiiga.fi\/naiset\/2026-2027\/kohti-kautta\/kohti-kautta-atlas-8\/#primaryimage"},"thumbnailUrl":"https:\/\/aktialiiga.fi\/naiset\/wp-content\/uploads\/sites\/6\/2026\/09\/Atlas-2026-27.jpg","keywords":["Atlas"],"articleSection":["Kohti kautta"],"inLanguage":"fi"},{"@type":"WebPage","@id":"https:\/\/aktialiiga.fi\/naiset\/2026-2027\/kohti-kautta\/kohti-kautta-atlas-8\/","url":"https:\/\/aktialiiga.fi\/naiset\/2026-2027\/kohti-kautta\/kohti-kautta-atlas-8\/","name":"Kohti kautta: Atlas | K\u00e4sipallon naisten Aktialiiga","isPartOf":{"@id":"https:\/\/aktialiiga.fi\/naiset\/#website"},"primaryImageOfPage":{"@id":"https:\/\/aktialiiga.fi\/naiset\/2026-2027\/kohti-kautta\/kohti-kautta-atlas-8\/#primaryimage"},"image":{"@id":"https:\/\/aktialiiga.fi\/naiset\/2026-2027\/kohti-kautta\/kohti-kautta-atlas-8\/#primaryimage"},"thumbnailUrl":"https:\/\/aktialiiga.fi\/naiset\/wp-content\/uploads\/sites\/6\/2026\/09\/Atlas-2026-27.jpg","datePublished":"2026-09-03T13:34:07+00:00","breadcrumb":{"@id":"https:\/\/aktialiiga.fi\/naiset\/2026-2027\/kohti-kautta\/kohti-kautta-atlas-8\/#breadcrumb"},"inLanguage":"fi","potentialAction":[{"@type":"ReadAction","target":["https:\/\/aktialiiga.fi\/naiset\/2026-2027\/kohti-kautta\/kohti-kautta-atlas-8\/"]}]},{"@type":"ImageObject","inLanguage":"fi","@id":"https:\/\/aktialiiga.fi\/naiset\/2026-2027\/kohti-kautta\/kohti-kautta-atlas-8\/#primaryimage","url":"https:\/\/aktialiiga.fi\/naiset\/wp-content\/uploads\/sites\/6\/2026\/09\/Atlas-2026-27.jpg","contentUrl":"https:\/\/aktialiiga.fi\/naiset\/wp-content\/uploads\/sites\/6\/2026\/09\/Atlas-2026-27.jpg","width":1620,"height":1080},{"@type":"BreadcrumbList","@id":"https:\/\/aktialiiga.fi\/naiset\/2026-2027\/kohti-kautta\/kohti-kautta-atlas-8\/#breadcrumb","itemListElement":[{"@type":"ListItem","position":1,"name":"Etusivu","item":"https:\/\/aktialiiga.fi\/naiset\/etusivu-260810\/"},{"@type":"ListItem","position":2,"name":"Kohti kautta: Atlas"}]},{"@type":"WebSite","@id":"https:\/\/aktialiiga.fi\/naiset\/#website","url":"https:\/\/aktialiiga.fi\/naiset\/","name":"K\u00e4sipallon naisten Aktialiiga","description":"Valtakunnan vauhdikkainta palloilua!","publisher":{"@id":"https:\/\/aktialiiga.fi\/naiset\/#organization"},"potentialAction":[{"@type":"SearchAction","target":{"@type":"EntryPoint","urlTemplate":"https:\/\/aktialiiga.fi\/naiset\/?s={search_term_string}"},"query-input":{"@type":"PropertyValueSpecification","valueRequired":true,"valueName":"search_term_string"}}],"inLanguage":"fi"},{"@type":"Organization","@id":"https:\/\/aktialiiga.fi\/naiset\/#organization","name":"K\u00e4sipallon naisten Aktialiiga","url":"https:\/\/aktialiiga.fi\/naiset\/","logo":{"@type":"ImageObject","inLanguage":"fi","@id":"https:\/\/aktialiiga.fi\/naiset\/#\/schema\/logo\/image\/","url":"https:\/\/aktialiiga.fi\/naiset\/wp-content\/uploads\/sites\/6\/2024\/09\/Aktialiiga-Yoast-512.png","contentUrl":"https:\/\/aktialiiga.fi\/naiset\/wp-content\/uploads\/sites\/6\/2024\/09\/Aktialiiga-Yoast-512.png","width":512,"height":512,"caption":"K\u00e4sipallon naisten Aktialiiga"},"image":{"@id":"https:\/\/aktialiiga.fi\/naiset\/#\/schema\/logo\/image\/"},"sameAs":["https:\/\/www.facebook.com\/finnhandball","https:\/\/x.com\/finnhandball","https:\/\/www.instagram.com\/handballfinland\/"]},{"@type":"Person","@id":"https:\/\/aktialiiga.fi\/naiset\/#\/schema\/person\/c14bf42f47041db74603c45afcb18d87","name":"tbrmedia","image":{"@type":"ImageObject","inLanguage":"fi","@id":"https:\/\/secure.gravatar.com\/avatar\/ee975fa091fe581d12b60debb3439022686618368a7c142044c56724d4666b16?s=96&d=mm&r=g","url":"https:\/\/secure.gravatar.com\/avatar\/ee975fa091fe581d12b60debb3439022686618368a7c142044c56724d4666b16?s=96&d=mm&r=g","contentUrl":"https:\/\/secure.gravatar.com\/avatar\/ee975fa091fe581d12b60debb3439022686618368a7c142044c56724d4666b16?s=96&d=mm&r=g","caption":"tbrmedia"}}]}},"jetpack_sharing_enabled":true,"jetpack_shortlink":"https:\/\/wp.me\/pfYhm6-iz1","jetpack_featured_media_url":"https:\/\/aktialiiga.fi\/naiset\/wp-content\/uploads\/sites\/6\/2026\/09\/Atlas-2026-27.jpg","_links":{"self":[{"href":"https:\/\/aktialiiga.fi\/naiset\/wp-json\/wp\/v2\/posts\/71363","targetHints":{"allow":["GET"]}}],"collection":[{"href":"https:\/\/aktialiiga.fi\/naiset\/wp-json\/wp\/v2\/posts"}],"about":[{"href":"https:\/\/aktialiiga.fi\/naiset\/wp-json\/wp\/v2\/types\/post"}],"author":[{"embeddable":true,"href":"https:\/\/aktialiiga.fi\/naiset\/wp-json\/wp\/v2\/users\/13"}],"replies":[{"embeddable":true,"href":"https:\/\/aktialiiga.fi\/naiset\/wp-json\/wp\/v2\/comments?post=71363"}],"version-history":[{"count":2,"href":"https:\/\/aktialiiga.fi\/naiset\/wp-json\/wp\/v2\/posts\/71363\/revisions"}],"predecessor-version":[{"id":71368,"href":"https:\/\/aktialiiga.fi\/naiset\/wp-json\/wp\/v2\/posts\/71363\/revisions\/71368"}],"wp:featuredmedia":[{"embeddable":true,"href":"https:\/\/aktialiiga.fi\/naiset\/wp-json\/wp\/v2\/media\/71100"}],"wp:attachment":[{"href":"https:\/\/aktialiiga.fi\/naiset\/wp-json\/wp\/v2\/media?parent=71363"}],"wp:term":[{"taxonomy":"category","embeddable":true,"href":"https:\/\/aktialiiga.fi\/naiset\/wp-json\/wp\/v2\/categories?post=71363"},{"taxonomy":"post_tag","embeddable":true,"href":"https:\/\/aktialiiga.fi\/naiset\/wp-json\/wp\/v2\/tags?post=71363"}],"curies":[{"name":"wp","href":"https:\/\/api.w.org\/{rel}","templated":true}]}}