{"id":71373,"date":"2026-09-03T16:38:42","date_gmt":"2026-09-03T13:38:42","guid":{"rendered":"https:\/\/aktialiiga.fi\/naiset\/?p=71373"},"modified":"2026-09-03T16:38:42","modified_gmt":"2026-09-03T13:38:42","slug":"kohti-kautta-sif-12","status":"publish","type":"post","link":"https:\/\/aktialiiga.fi\/naiset\/2026-2027\/kohti-kautta\/kohti-kautta-sif-12\/","title":{"rendered":"Kohti kautta: SIF"},"content":{"rendered":"<p>SIF:ll\u00e4 on ollut pari vaikeampaa kautta alla, mutta t\u00e4h\u00e4n kauteen Siuntiossa l\u00e4hdet\u00e4\u00e4n optimistisempana. Joukkue on vahvistunut ja silt\u00e4 on lupa odottaa enemm\u00e4n.<\/p>\n<p>SIF ei ole voittanut kahteen kauteen otteluakaan ja sen edellinen voitto on 17.2.2024. Ennusmerkit ovat kuitenkin, ett\u00e4 t\u00e4ll\u00e4 kaudella my\u00f6s voittosarakkeeseen tulee merkint\u00f6j\u00e4.<\/p>\n<p>Viime kaudella SIF:ll\u00e4 oli nuori joukkue ja materiaali oli kapea. Usein se ei saanut kupongille t\u00e4ytt\u00e4 joukkuetta, mik\u00e4 n\u00e4kyi etenkin otteluiden loppuvaiheessa kent\u00e4ll\u00e4. Ajoittain SIF pystyi haastamaan vastustajiaan, mutta viimeist\u00e4\u00e4n toisella puoliajalla tuli noutaja.<\/p>\n<p>T\u00e4ll\u00e4 kaudella joukkue on kuitenkin saanut pelaajia ja kokemusta joukkueeseen. Madeleine Lindholm palaa tuttuun nuttuun ja BK-46:sta saapuvat my\u00f6s Nea Kanninen sek\u00e4 Paulina Damen. Lis\u00e4ksi maalivahti Saga Narkiniemi palaa Ruotsista joukkueen tolppien v\u00e4liin.<\/p>\n<p>T\u00e4ll\u00e4 kaudella SIF:n riveiss\u00e4 n\u00e4hd\u00e4\u00e4n my\u00f6s ulkomaalaisia, kun joukkueeseen liittyv\u00e4t montenegrolainen Andjela Petrovic, joka pelasi viimeksi Espanjassa, sek\u00e4 bulgarialainen Stefani Petrova. L\u00e4ht\u00f6kohtaisesti SIF:n joukkue on sek\u00e4 kokeneempi ett\u00e4 materiaaliltaan leve\u00e4mpi kuin viime kaudella.<\/p>\n<p>&#8211; L\u00e4hdemme kauteen hyvill\u00e4 mielin, kun olemme saaneet lis\u00e4\u00e4 pelaajia. Mielest\u00e4ni t\u00e4m\u00e4n kokoisessa kilpaurheilusarjassa on typer\u00e4\u00e4 tavoitella tuloksellisesti muuta kuin mitalia, p\u00e4\u00e4valmentaja Viljami Kuntsi painottaa.<\/p>\n<p>&#8211; Uusia pelaajia on hankittu saamaan leveytt\u00e4 joukkueeseen, viime kauden pienen porukan pyristelemisen j\u00e4lkeen. Ulkomaalaispelaajiemme tulisi my\u00f6s esimerkill\u00e4\u00e4n tuoda seuraamme urheilukulttuurin esimerkki\u00e4, Kuntsi jatkaa.<\/p>\n<p>Vahvistuneen joukkueen voidaan odottaa p\u00e4rj\u00e4\u00e4v\u00e4n entist\u00e4 paremmin ja my\u00f6s Kuntsin odotukset ovat korkealla.<\/p>\n<p>&#8211; Viime kauden tapaan runko on sitoutunut ja kahden tuloksellisesti ala-arvoisen kauden j\u00e4lkeen olemme valmiita my\u00f6s voittamaan. Pyrimme toteuttamaan nopeaa vastahy\u00f6kk\u00e4yspeli\u00e4 ja olemaan puolustuksessa fyysisi\u00e4, Kuntsi linjaa.<\/p>\n<p>SIF matkustaa kauden avauksessaan Atlaksen vieraaksi. Ottelu pelataan lauantaina 5.9. kello 16.00 alkaen.<\/p>\n","protected":false},"excerpt":{"rendered":"<p>SIF:ll\u00e4 on ollut pari vaikeampaa kautta alla, mutta t\u00e4h\u00e4n kauteen Siuntiossa l\u00e4hdet\u00e4\u00e4n optimistisempana. Joukkue on vahvistunut ja silt\u00e4 on lupa odottaa enemm\u00e4n. SIF ei ole voittanut kahteen kauteen otteluakaan ja sen edellinen voitto on 17.2.2024. Ennusmerkit ovat kuitenkin, ett\u00e4 t\u00e4ll\u00e4 kaudella my\u00f6s voittosarakkeeseen tulee merkint\u00f6j\u00e4. Viime kaudella SIF:ll\u00e4 oli nuori joukkue ja materiaali oli kapea. [&hellip;]<\/p>\n","protected":false},"author":13,"featured_media":44607,"comment_status":"closed","ping_status":"closed","sticky":false,"template":"","format":"standard","meta":{"_acf_changed":false,"_jetpack_newsletter_access":"","_jetpack_dont_email_post_to_subs":false,"_jetpack_newsletter_tier_id":0,"_jetpack_memberships_contains_paywalled_content":false,"_jetpack_feature_clip_id":0,"_jetpack_memberships_contains_paid_content":false,"footnotes":"","jetpack_post_was_ever_published":false},"categories":[306],"tags":[81],"class_list":["post-71373","post","type-post","status-publish","format-standard","has-post-thumbnail","hentry","category-kohti-kautta","tag-sif"],"acf":[],"yoast_head":"<!-- This site is optimized with the Yoast SEO plugin v28.4 - https:\/\/yoast.com\/product\/yoast-seo-wordpress\/ -->\n<title>Kohti kautta: SIF | K\u00e4sipallon naisten Aktialiiga<\/title>\n<meta name=\"robots\" content=\"index, follow, max-snippet:-1, max-image-preview:large, max-video-preview:-1\" \/>\n<link rel=\"canonical\" href=\"https:\/\/aktialiiga.fi\/naiset\/2026-2027\/kohti-kautta\/kohti-kautta-sif-12\/\" \/>\n<meta property=\"og:locale\" content=\"fi_FI\" \/>\n<meta property=\"og:type\" content=\"article\" \/>\n<meta property=\"og:title\" content=\"Kohti kautta: SIF | K\u00e4sipallon naisten Aktialiiga\" \/>\n<meta property=\"og:description\" content=\"SIF:ll\u00e4 on ollut pari vaikeampaa kautta alla, mutta t\u00e4h\u00e4n kauteen Siuntiossa l\u00e4hdet\u00e4\u00e4n optimistisempana. Joukkue on vahvistunut ja silt\u00e4 on lupa odottaa enemm\u00e4n. SIF ei ole voittanut kahteen kauteen otteluakaan ja sen edellinen voitto on 17.2.2024. Ennusmerkit ovat kuitenkin, ett\u00e4 t\u00e4ll\u00e4 kaudella my\u00f6s voittosarakkeeseen tulee merkint\u00f6j\u00e4. Viime kaudella SIF:ll\u00e4 oli nuori joukkue ja materiaali oli kapea. [&hellip;]\" \/>\n<meta property=\"og:url\" content=\"https:\/\/aktialiiga.fi\/naiset\/2026-2027\/kohti-kautta\/kohti-kautta-sif-12\/\" \/>\n<meta property=\"og:site_name\" content=\"K\u00e4sipallon naisten Aktialiiga\" \/>\n<meta property=\"article:publisher\" content=\"https:\/\/www.facebook.com\/finnhandball\" \/>\n<meta property=\"article:published_time\" content=\"2026-09-03T13:38:42+00:00\" \/>\n<meta property=\"og:image\" content=\"https:\/\/aktialiiga.fi\/naiset\/wp-content\/uploads\/sites\/6\/2025\/09\/A7305259-1030x687.jpg\" \/>\n\t<meta property=\"og:image:width\" content=\"1030\" \/>\n\t<meta property=\"og:image:height\" content=\"687\" \/>\n\t<meta property=\"og:image:type\" content=\"image\/jpeg\" \/>\n<meta name=\"author\" content=\"tbrmedia\" \/>\n<meta name=\"twitter:card\" content=\"summary_large_image\" \/>\n<meta name=\"twitter:creator\" content=\"@finnhandball\" \/>\n<meta name=\"twitter:site\" content=\"@finnhandball\" \/>\n<script type=\"application\/ld+json\" class=\"yoast-schema-graph\">{\"@context\":\"https:\\\/\\\/schema.org\",\"@graph\":[{\"@type\":\"Article\",\"@id\":\"https:\\\/\\\/aktialiiga.fi\\\/naiset\\\/2026-2027\\\/kohti-kautta\\\/kohti-kautta-sif-12\\\/#article\",\"isPartOf\":{\"@id\":\"https:\\\/\\\/aktialiiga.fi\\\/naiset\\\/2026-2027\\\/kohti-kautta\\\/kohti-kautta-sif-12\\\/\"},\"author\":{\"name\":\"tbrmedia\",\"@id\":\"https:\\\/\\\/aktialiiga.fi\\\/naiset\\\/#\\\/schema\\\/person\\\/c14bf42f47041db74603c45afcb18d87\"},\"headline\":\"Kohti kautta: SIF\",\"datePublished\":\"2026-09-03T13:38:42+00:00\",\"mainEntityOfPage\":{\"@id\":\"https:\\\/\\\/aktialiiga.fi\\\/naiset\\\/2026-2027\\\/kohti-kautta\\\/kohti-kautta-sif-12\\\/\"},\"wordCount\":292,\"publisher\":{\"@id\":\"https:\\\/\\\/aktialiiga.fi\\\/naiset\\\/#organization\"},\"image\":{\"@id\":\"https:\\\/\\\/aktialiiga.fi\\\/naiset\\\/2026-2027\\\/kohti-kautta\\\/kohti-kautta-sif-12\\\/#primaryimage\"},\"thumbnailUrl\":\"https:\\\/\\\/aktialiiga.fi\\\/naiset\\\/wp-content\\\/uploads\\\/sites\\\/6\\\/2025\\\/09\\\/A7305259.jpg\",\"keywords\":[\"SIF\"],\"articleSection\":[\"Kohti kautta\"],\"inLanguage\":\"fi\"},{\"@type\":\"WebPage\",\"@id\":\"https:\\\/\\\/aktialiiga.fi\\\/naiset\\\/2026-2027\\\/kohti-kautta\\\/kohti-kautta-sif-12\\\/\",\"url\":\"https:\\\/\\\/aktialiiga.fi\\\/naiset\\\/2026-2027\\\/kohti-kautta\\\/kohti-kautta-sif-12\\\/\",\"name\":\"Kohti kautta: SIF | K\u00e4sipallon naisten Aktialiiga\",\"isPartOf\":{\"@id\":\"https:\\\/\\\/aktialiiga.fi\\\/naiset\\\/#website\"},\"primaryImageOfPage\":{\"@id\":\"https:\\\/\\\/aktialiiga.fi\\\/naiset\\\/2026-2027\\\/kohti-kautta\\\/kohti-kautta-sif-12\\\/#primaryimage\"},\"image\":{\"@id\":\"https:\\\/\\\/aktialiiga.fi\\\/naiset\\\/2026-2027\\\/kohti-kautta\\\/kohti-kautta-sif-12\\\/#primaryimage\"},\"thumbnailUrl\":\"https:\\\/\\\/aktialiiga.fi\\\/naiset\\\/wp-content\\\/uploads\\\/sites\\\/6\\\/2025\\\/09\\\/A7305259.jpg\",\"datePublished\":\"2026-09-03T13:38:42+00:00\",\"breadcrumb\":{\"@id\":\"https:\\\/\\\/aktialiiga.fi\\\/naiset\\\/2026-2027\\\/kohti-kautta\\\/kohti-kautta-sif-12\\\/#breadcrumb\"},\"inLanguage\":\"fi\",\"potentialAction\":[{\"@type\":\"ReadAction\",\"target\":[\"https:\\\/\\\/aktialiiga.fi\\\/naiset\\\/2026-2027\\\/kohti-kautta\\\/kohti-kautta-sif-12\\\/\"]}]},{\"@type\":\"ImageObject\",\"inLanguage\":\"fi\",\"@id\":\"https:\\\/\\\/aktialiiga.fi\\\/naiset\\\/2026-2027\\\/kohti-kautta\\\/kohti-kautta-sif-12\\\/#primaryimage\",\"url\":\"https:\\\/\\\/aktialiiga.fi\\\/naiset\\\/wp-content\\\/uploads\\\/sites\\\/6\\\/2025\\\/09\\\/A7305259.jpg\",\"contentUrl\":\"https:\\\/\\\/aktialiiga.fi\\\/naiset\\\/wp-content\\\/uploads\\\/sites\\\/6\\\/2025\\\/09\\\/A7305259.jpg\",\"width\":3824,\"height\":2549},{\"@type\":\"BreadcrumbList\",\"@id\":\"https:\\\/\\\/aktialiiga.fi\\\/naiset\\\/2026-2027\\\/kohti-kautta\\\/kohti-kautta-sif-12\\\/#breadcrumb\",\"itemListElement\":[{\"@type\":\"ListItem\",\"position\":1,\"name\":\"Etusivu\",\"item\":\"https:\\\/\\\/aktialiiga.fi\\\/naiset\\\/etusivu-260810\\\/\"},{\"@type\":\"ListItem\",\"position\":2,\"name\":\"Kohti kautta: SIF\"}]},{\"@type\":\"WebSite\",\"@id\":\"https:\\\/\\\/aktialiiga.fi\\\/naiset\\\/#website\",\"url\":\"https:\\\/\\\/aktialiiga.fi\\\/naiset\\\/\",\"name\":\"K\u00e4sipallon naisten Aktialiiga\",\"description\":\"Valtakunnan vauhdikkainta palloilua!\",\"publisher\":{\"@id\":\"https:\\\/\\\/aktialiiga.fi\\\/naiset\\\/#organization\"},\"potentialAction\":[{\"@type\":\"SearchAction\",\"target\":{\"@type\":\"EntryPoint\",\"urlTemplate\":\"https:\\\/\\\/aktialiiga.fi\\\/naiset\\\/?s={search_term_string}\"},\"query-input\":{\"@type\":\"PropertyValueSpecification\",\"valueRequired\":true,\"valueName\":\"search_term_string\"}}],\"inLanguage\":\"fi\"},{\"@type\":\"Organization\",\"@id\":\"https:\\\/\\\/aktialiiga.fi\\\/naiset\\\/#organization\",\"name\":\"K\u00e4sipallon naisten Aktialiiga\",\"url\":\"https:\\\/\\\/aktialiiga.fi\\\/naiset\\\/\",\"logo\":{\"@type\":\"ImageObject\",\"inLanguage\":\"fi\",\"@id\":\"https:\\\/\\\/aktialiiga.fi\\\/naiset\\\/#\\\/schema\\\/logo\\\/image\\\/\",\"url\":\"https:\\\/\\\/aktialiiga.fi\\\/naiset\\\/wp-content\\\/uploads\\\/sites\\\/6\\\/2024\\\/09\\\/Aktialiiga-Yoast-512.png\",\"contentUrl\":\"https:\\\/\\\/aktialiiga.fi\\\/naiset\\\/wp-content\\\/uploads\\\/sites\\\/6\\\/2024\\\/09\\\/Aktialiiga-Yoast-512.png\",\"width\":512,\"height\":512,\"caption\":\"K\u00e4sipallon naisten Aktialiiga\"},\"image\":{\"@id\":\"https:\\\/\\\/aktialiiga.fi\\\/naiset\\\/#\\\/schema\\\/logo\\\/image\\\/\"},\"sameAs\":[\"https:\\\/\\\/www.facebook.com\\\/finnhandball\",\"https:\\\/\\\/x.com\\\/finnhandball\",\"https:\\\/\\\/www.instagram.com\\\/handballfinland\\\/\"]},{\"@type\":\"Person\",\"@id\":\"https:\\\/\\\/aktialiiga.fi\\\/naiset\\\/#\\\/schema\\\/person\\\/c14bf42f47041db74603c45afcb18d87\",\"name\":\"tbrmedia\",\"image\":{\"@type\":\"ImageObject\",\"inLanguage\":\"fi\",\"@id\":\"https:\\\/\\\/secure.gravatar.com\\\/avatar\\\/ee975fa091fe581d12b60debb3439022686618368a7c142044c56724d4666b16?s=96&d=mm&r=g\",\"url\":\"https:\\\/\\\/secure.gravatar.com\\\/avatar\\\/ee975fa091fe581d12b60debb3439022686618368a7c142044c56724d4666b16?s=96&d=mm&r=g\",\"contentUrl\":\"https:\\\/\\\/secure.gravatar.com\\\/avatar\\\/ee975fa091fe581d12b60debb3439022686618368a7c142044c56724d4666b16?s=96&d=mm&r=g\",\"caption\":\"tbrmedia\"}}]}<\/script>\n<!-- \/ Yoast SEO plugin. -->","yoast_head_json":{"title":"Kohti kautta: SIF | K\u00e4sipallon naisten Aktialiiga","robots":{"index":"index","follow":"follow","max-snippet":"max-snippet:-1","max-image-preview":"max-image-preview:large","max-video-preview":"max-video-preview:-1"},"canonical":"https:\/\/aktialiiga.fi\/naiset\/2026-2027\/kohti-kautta\/kohti-kautta-sif-12\/","og_locale":"fi_FI","og_type":"article","og_title":"Kohti kautta: SIF | K\u00e4sipallon naisten Aktialiiga","og_description":"SIF:ll\u00e4 on ollut pari vaikeampaa kautta alla, mutta t\u00e4h\u00e4n kauteen Siuntiossa l\u00e4hdet\u00e4\u00e4n optimistisempana. Joukkue on vahvistunut ja silt\u00e4 on lupa odottaa enemm\u00e4n. SIF ei ole voittanut kahteen kauteen otteluakaan ja sen edellinen voitto on 17.2.2024. Ennusmerkit ovat kuitenkin, ett\u00e4 t\u00e4ll\u00e4 kaudella my\u00f6s voittosarakkeeseen tulee merkint\u00f6j\u00e4. Viime kaudella SIF:ll\u00e4 oli nuori joukkue ja materiaali oli kapea. [&hellip;]","og_url":"https:\/\/aktialiiga.fi\/naiset\/2026-2027\/kohti-kautta\/kohti-kautta-sif-12\/","og_site_name":"K\u00e4sipallon naisten Aktialiiga","article_publisher":"https:\/\/www.facebook.com\/finnhandball","article_published_time":"2026-09-03T13:38:42+00:00","og_image":[{"width":1030,"height":687,"url":"https:\/\/aktialiiga.fi\/naiset\/wp-content\/uploads\/sites\/6\/2025\/09\/A7305259-1030x687.jpg","type":"image\/jpeg"}],"author":"tbrmedia","twitter_card":"summary_large_image","twitter_creator":"@finnhandball","twitter_site":"@finnhandball","schema":{"@context":"https:\/\/schema.org","@graph":[{"@type":"Article","@id":"https:\/\/aktialiiga.fi\/naiset\/2026-2027\/kohti-kautta\/kohti-kautta-sif-12\/#article","isPartOf":{"@id":"https:\/\/aktialiiga.fi\/naiset\/2026-2027\/kohti-kautta\/kohti-kautta-sif-12\/"},"author":{"name":"tbrmedia","@id":"https:\/\/aktialiiga.fi\/naiset\/#\/schema\/person\/c14bf42f47041db74603c45afcb18d87"},"headline":"Kohti kautta: SIF","datePublished":"2026-09-03T13:38:42+00:00","mainEntityOfPage":{"@id":"https:\/\/aktialiiga.fi\/naiset\/2026-2027\/kohti-kautta\/kohti-kautta-sif-12\/"},"wordCount":292,"publisher":{"@id":"https:\/\/aktialiiga.fi\/naiset\/#organization"},"image":{"@id":"https:\/\/aktialiiga.fi\/naiset\/2026-2027\/kohti-kautta\/kohti-kautta-sif-12\/#primaryimage"},"thumbnailUrl":"https:\/\/aktialiiga.fi\/naiset\/wp-content\/uploads\/sites\/6\/2025\/09\/A7305259.jpg","keywords":["SIF"],"articleSection":["Kohti kautta"],"inLanguage":"fi"},{"@type":"WebPage","@id":"https:\/\/aktialiiga.fi\/naiset\/2026-2027\/kohti-kautta\/kohti-kautta-sif-12\/","url":"https:\/\/aktialiiga.fi\/naiset\/2026-2027\/kohti-kautta\/kohti-kautta-sif-12\/","name":"Kohti kautta: SIF | K\u00e4sipallon naisten Aktialiiga","isPartOf":{"@id":"https:\/\/aktialiiga.fi\/naiset\/#website"},"primaryImageOfPage":{"@id":"https:\/\/aktialiiga.fi\/naiset\/2026-2027\/kohti-kautta\/kohti-kautta-sif-12\/#primaryimage"},"image":{"@id":"https:\/\/aktialiiga.fi\/naiset\/2026-2027\/kohti-kautta\/kohti-kautta-sif-12\/#primaryimage"},"thumbnailUrl":"https:\/\/aktialiiga.fi\/naiset\/wp-content\/uploads\/sites\/6\/2025\/09\/A7305259.jpg","datePublished":"2026-09-03T13:38:42+00:00","breadcrumb":{"@id":"https:\/\/aktialiiga.fi\/naiset\/2026-2027\/kohti-kautta\/kohti-kautta-sif-12\/#breadcrumb"},"inLanguage":"fi","potentialAction":[{"@type":"ReadAction","target":["https:\/\/aktialiiga.fi\/naiset\/2026-2027\/kohti-kautta\/kohti-kautta-sif-12\/"]}]},{"@type":"ImageObject","inLanguage":"fi","@id":"https:\/\/aktialiiga.fi\/naiset\/2026-2027\/kohti-kautta\/kohti-kautta-sif-12\/#primaryimage","url":"https:\/\/aktialiiga.fi\/naiset\/wp-content\/uploads\/sites\/6\/2025\/09\/A7305259.jpg","contentUrl":"https:\/\/aktialiiga.fi\/naiset\/wp-content\/uploads\/sites\/6\/2025\/09\/A7305259.jpg","width":3824,"height":2549},{"@type":"BreadcrumbList","@id":"https:\/\/aktialiiga.fi\/naiset\/2026-2027\/kohti-kautta\/kohti-kautta-sif-12\/#breadcrumb","itemListElement":[{"@type":"ListItem","position":1,"name":"Etusivu","item":"https:\/\/aktialiiga.fi\/naiset\/etusivu-260810\/"},{"@type":"ListItem","position":2,"name":"Kohti kautta: SIF"}]},{"@type":"WebSite","@id":"https:\/\/aktialiiga.fi\/naiset\/#website","url":"https:\/\/aktialiiga.fi\/naiset\/","name":"K\u00e4sipallon naisten Aktialiiga","description":"Valtakunnan vauhdikkainta palloilua!","publisher":{"@id":"https:\/\/aktialiiga.fi\/naiset\/#organization"},"potentialAction":[{"@type":"SearchAction","target":{"@type":"EntryPoint","urlTemplate":"https:\/\/aktialiiga.fi\/naiset\/?s={search_term_string}"},"query-input":{"@type":"PropertyValueSpecification","valueRequired":true,"valueName":"search_term_string"}}],"inLanguage":"fi"},{"@type":"Organization","@id":"https:\/\/aktialiiga.fi\/naiset\/#organization","name":"K\u00e4sipallon naisten Aktialiiga","url":"https:\/\/aktialiiga.fi\/naiset\/","logo":{"@type":"ImageObject","inLanguage":"fi","@id":"https:\/\/aktialiiga.fi\/naiset\/#\/schema\/logo\/image\/","url":"https:\/\/aktialiiga.fi\/naiset\/wp-content\/uploads\/sites\/6\/2024\/09\/Aktialiiga-Yoast-512.png","contentUrl":"https:\/\/aktialiiga.fi\/naiset\/wp-content\/uploads\/sites\/6\/2024\/09\/Aktialiiga-Yoast-512.png","width":512,"height":512,"caption":"K\u00e4sipallon naisten Aktialiiga"},"image":{"@id":"https:\/\/aktialiiga.fi\/naiset\/#\/schema\/logo\/image\/"},"sameAs":["https:\/\/www.facebook.com\/finnhandball","https:\/\/x.com\/finnhandball","https:\/\/www.instagram.com\/handballfinland\/"]},{"@type":"Person","@id":"https:\/\/aktialiiga.fi\/naiset\/#\/schema\/person\/c14bf42f47041db74603c45afcb18d87","name":"tbrmedia","image":{"@type":"ImageObject","inLanguage":"fi","@id":"https:\/\/secure.gravatar.com\/avatar\/ee975fa091fe581d12b60debb3439022686618368a7c142044c56724d4666b16?s=96&d=mm&r=g","url":"https:\/\/secure.gravatar.com\/avatar\/ee975fa091fe581d12b60debb3439022686618368a7c142044c56724d4666b16?s=96&d=mm&r=g","contentUrl":"https:\/\/secure.gravatar.com\/avatar\/ee975fa091fe581d12b60debb3439022686618368a7c142044c56724d4666b16?s=96&d=mm&r=g","caption":"tbrmedia"}}]}},"jetpack_sharing_enabled":true,"jetpack_shortlink":"https:\/\/wp.me\/pfYhm6-izb","jetpack_featured_media_url":"https:\/\/aktialiiga.fi\/naiset\/wp-content\/uploads\/sites\/6\/2025\/09\/A7305259.jpg","_links":{"self":[{"href":"https:\/\/aktialiiga.fi\/naiset\/wp-json\/wp\/v2\/posts\/71373","targetHints":{"allow":["GET"]}}],"collection":[{"href":"https:\/\/aktialiiga.fi\/naiset\/wp-json\/wp\/v2\/posts"}],"about":[{"href":"https:\/\/aktialiiga.fi\/naiset\/wp-json\/wp\/v2\/types\/post"}],"author":[{"embeddable":true,"href":"https:\/\/aktialiiga.fi\/naiset\/wp-json\/wp\/v2\/users\/13"}],"replies":[{"embeddable":true,"href":"https:\/\/aktialiiga.fi\/naiset\/wp-json\/wp\/v2\/comments?post=71373"}],"version-history":[{"count":2,"href":"https:\/\/aktialiiga.fi\/naiset\/wp-json\/wp\/v2\/posts\/71373\/revisions"}],"predecessor-version":[{"id":71390,"href":"https:\/\/aktialiiga.fi\/naiset\/wp-json\/wp\/v2\/posts\/71373\/revisions\/71390"}],"wp:featuredmedia":[{"embeddable":true,"href":"https:\/\/aktialiiga.fi\/naiset\/wp-json\/wp\/v2\/media\/44607"}],"wp:attachment":[{"href":"https:\/\/aktialiiga.fi\/naiset\/wp-json\/wp\/v2\/media?parent=71373"}],"wp:term":[{"taxonomy":"category","embeddable":true,"href":"https:\/\/aktialiiga.fi\/naiset\/wp-json\/wp\/v2\/categories?post=71373"},{"taxonomy":"post_tag","embeddable":true,"href":"https:\/\/aktialiiga.fi\/naiset\/wp-json\/wp\/v2\/tags?post=71373"}],"curies":[{"name":"wp","href":"https:\/\/api.w.org\/{rel}","templated":true}]}}