{"id":7166,"date":"2016-03-01T17:12:10","date_gmt":"2016-03-01T15:12:10","guid":{"rendered":"https:\/\/aktialiiga.fi\/naiset\/?p=7166"},"modified":"2018-04-20T12:47:35","modified_gmt":"2018-04-20T09:47:35","slug":"seitsemas-sija-pelissa-myyrmaessa","status":"publish","type":"post","link":"https:\/\/aktialiiga.fi\/naiset\/2015-2016\/ennakot-2015-2016\/seitsemas-sija-pelissa-myyrmaessa\/","title":{"rendered":"Seitsem\u00e4s sija peliss\u00e4 Myyrm\u00e4ess\u00e4"},"content":{"rendered":"<p>Atlas ja Grankulla IFK p\u00e4\u00e4tt\u00e4v\u00e4t runkosarjan osaltaan keskin\u00e4isess\u00e4 ottelussa keskiviikkona Myyrm\u00e4ess\u00e4.<\/p>\n<p>Ottelussa riitt\u00e4\u00e4 pelattavaa, sill\u00e4 peliss\u00e4 on runkosarjan seitsem\u00e4s sija, johon kumpikin viel\u00e4 t\u00e4ht\u00e4\u00e4. Granilla on otteluun l\u00e4hdett\u00e4ess\u00e4 kahden pisteen etuly\u00f6ntiasema em\u00e4ntiins\u00e4 n\u00e4hden.<\/p>\n<p>Joukkueitten kauden ensimm\u00e4inen kohtaaminen marraskuun alussa Myyrm\u00e4ess\u00e4 p\u00e4\u00e4ttyi Atlaksen niukkaan 27-26-voittoon. Tammikuussa Kauniaisissa GrIFK oli puolestaan vahvempi lukemin 23-19.<\/p>\n<p>Pisteet keskin\u00e4isist\u00e4 otteluista ovat siis tasan ja Atlas nousisi voitolla Granin ohi nimenomaan keskin\u00e4isten otteluiden perusteella.<\/p>\n<p>Vierailija GrIFK:n kauden paras maalitykki on ollut yhten\u00e4 kuudesta pelaajasta sadan maalin rajan kuluvalla kaudella rikkonut Carolina Rehnberg (103). \u201dSatasen kerhoon\u201d t\u00e4ht\u00e4\u00e4 viel\u00e4 my\u00f6s Atlaksen Carla Olenius, jolla osumia on koossa ennen keskiviikkoa 92.<\/p>\n<p>Ottelu Myyrm\u00e4ess\u00e4 alkaa keskiviikkona kello 19.00.<\/p>\n","protected":false},"excerpt":{"rendered":"<p>Atlas ja Grankulla IFK p\u00e4\u00e4tt\u00e4v\u00e4t runkosarjan osaltaan keskin\u00e4isess\u00e4 ottelussa keskiviikkona Myyrm\u00e4ess\u00e4. Ottelussa riitt\u00e4\u00e4 pelattavaa, sill\u00e4 peliss\u00e4 on runkosarjan seitsem\u00e4s sija, johon kumpikin viel\u00e4 t\u00e4ht\u00e4\u00e4. Granilla on otteluun l\u00e4hdett\u00e4ess\u00e4 kahden pisteen etuly\u00f6ntiasema em\u00e4ntiins\u00e4 n\u00e4hden. Joukkueitten kauden ensimm\u00e4inen kohtaaminen marraskuun alussa Myyrm\u00e4ess\u00e4 p\u00e4\u00e4ttyi Atlaksen niukkaan 27-26-voittoon. Tammikuussa Kauniaisissa GrIFK oli puolestaan vahvempi lukemin 23-19. Pisteet keskin\u00e4isist\u00e4 otteluista [&hellip;]<\/p>\n","protected":false},"author":13,"featured_media":6419,"comment_status":"closed","ping_status":"closed","sticky":false,"template":"","format":"standard","meta":{"_acf_changed":false,"jetpack_post_was_ever_published":false,"_jetpack_newsletter_access":"","_jetpack_dont_email_post_to_subs":false,"_jetpack_newsletter_tier_id":0,"_jetpack_memberships_contains_paywalled_content":false,"_jetpack_memberships_contains_paid_content":false,"footnotes":""},"categories":[37],"tags":[48,57],"class_list":["post-7166","post","type-post","status-publish","format-standard","has-post-thumbnail","hentry","category-ennakot-2015-2016","tag-atlas","tag-grifk"],"acf":[],"yoast_head":"<!-- This site is optimized with the Yoast SEO plugin v27.5 - https:\/\/yoast.com\/product\/yoast-seo-wordpress\/ -->\n<title>Seitsem\u00e4s sija peliss\u00e4 Myyrm\u00e4ess\u00e4 | K\u00e4sipallon naisten Aktialiiga<\/title>\n<meta name=\"robots\" content=\"index, follow, max-snippet:-1, max-image-preview:large, max-video-preview:-1\" \/>\n<link rel=\"canonical\" href=\"https:\/\/aktialiiga.fi\/naiset\/2015-2016\/ennakot-2015-2016\/seitsemas-sija-pelissa-myyrmaessa\/\" \/>\n<meta property=\"og:locale\" content=\"fi_FI\" \/>\n<meta property=\"og:type\" content=\"article\" \/>\n<meta property=\"og:title\" content=\"Seitsem\u00e4s sija peliss\u00e4 Myyrm\u00e4ess\u00e4 | K\u00e4sipallon naisten Aktialiiga\" \/>\n<meta property=\"og:description\" content=\"Atlas ja Grankulla IFK p\u00e4\u00e4tt\u00e4v\u00e4t runkosarjan osaltaan keskin\u00e4isess\u00e4 ottelussa keskiviikkona Myyrm\u00e4ess\u00e4. Ottelussa riitt\u00e4\u00e4 pelattavaa, sill\u00e4 peliss\u00e4 on runkosarjan seitsem\u00e4s sija, johon kumpikin viel\u00e4 t\u00e4ht\u00e4\u00e4. Granilla on otteluun l\u00e4hdett\u00e4ess\u00e4 kahden pisteen etuly\u00f6ntiasema em\u00e4ntiins\u00e4 n\u00e4hden. Joukkueitten kauden ensimm\u00e4inen kohtaaminen marraskuun alussa Myyrm\u00e4ess\u00e4 p\u00e4\u00e4ttyi Atlaksen niukkaan 27-26-voittoon. Tammikuussa Kauniaisissa GrIFK oli puolestaan vahvempi lukemin 23-19. Pisteet keskin\u00e4isist\u00e4 otteluista [&hellip;]\" \/>\n<meta property=\"og:url\" content=\"https:\/\/aktialiiga.fi\/naiset\/2015-2016\/ennakot-2015-2016\/seitsemas-sija-pelissa-myyrmaessa\/\" \/>\n<meta property=\"og:site_name\" content=\"K\u00e4sipallon naisten Aktialiiga\" \/>\n<meta property=\"article:publisher\" content=\"https:\/\/www.facebook.com\/finnhandball\" \/>\n<meta property=\"article:published_time\" content=\"2016-03-01T15:12:10+00:00\" \/>\n<meta property=\"article:modified_time\" content=\"2018-04-20T09:47:35+00:00\" \/>\n<meta property=\"og:image\" content=\"https:\/\/aktialiiga.fi\/naiset\/wp-content\/uploads\/sites\/6\/2015\/09\/Atlas-naiset-2015-2016-1024x681.jpg\" \/>\n\t<meta property=\"og:image:width\" content=\"1024\" \/>\n\t<meta property=\"og:image:height\" content=\"681\" \/>\n\t<meta property=\"og:image:type\" content=\"image\/jpeg\" \/>\n<meta name=\"author\" content=\"tbrmedia\" \/>\n<meta name=\"twitter:card\" content=\"summary_large_image\" \/>\n<meta name=\"twitter:creator\" content=\"@finnhandball\" \/>\n<meta name=\"twitter:site\" content=\"@finnhandball\" \/>\n<script type=\"application\/ld+json\" class=\"yoast-schema-graph\">{\"@context\":\"https:\\\/\\\/schema.org\",\"@graph\":[{\"@type\":\"Article\",\"@id\":\"https:\\\/\\\/aktialiiga.fi\\\/naiset\\\/2015-2016\\\/ennakot-2015-2016\\\/seitsemas-sija-pelissa-myyrmaessa\\\/#article\",\"isPartOf\":{\"@id\":\"https:\\\/\\\/aktialiiga.fi\\\/naiset\\\/2015-2016\\\/ennakot-2015-2016\\\/seitsemas-sija-pelissa-myyrmaessa\\\/\"},\"author\":{\"name\":\"tbrmedia\",\"@id\":\"https:\\\/\\\/aktialiiga.fi\\\/naiset\\\/#\\\/schema\\\/person\\\/c14bf42f47041db74603c45afcb18d87\"},\"headline\":\"Seitsem\u00e4s sija peliss\u00e4 Myyrm\u00e4ess\u00e4\",\"datePublished\":\"2016-03-01T15:12:10+00:00\",\"dateModified\":\"2018-04-20T09:47:35+00:00\",\"mainEntityOfPage\":{\"@id\":\"https:\\\/\\\/aktialiiga.fi\\\/naiset\\\/2015-2016\\\/ennakot-2015-2016\\\/seitsemas-sija-pelissa-myyrmaessa\\\/\"},\"wordCount\":133,\"publisher\":{\"@id\":\"https:\\\/\\\/aktialiiga.fi\\\/naiset\\\/#organization\"},\"image\":{\"@id\":\"https:\\\/\\\/aktialiiga.fi\\\/naiset\\\/2015-2016\\\/ennakot-2015-2016\\\/seitsemas-sija-pelissa-myyrmaessa\\\/#primaryimage\"},\"thumbnailUrl\":\"https:\\\/\\\/aktialiiga.fi\\\/naiset\\\/wp-content\\\/uploads\\\/sites\\\/6\\\/2015\\\/09\\\/Atlas-naiset-2015-2016.jpg\",\"keywords\":[\"Atlas\",\"GrIFK\"],\"articleSection\":[\"Ennakot\"],\"inLanguage\":\"fi\"},{\"@type\":\"WebPage\",\"@id\":\"https:\\\/\\\/aktialiiga.fi\\\/naiset\\\/2015-2016\\\/ennakot-2015-2016\\\/seitsemas-sija-pelissa-myyrmaessa\\\/\",\"url\":\"https:\\\/\\\/aktialiiga.fi\\\/naiset\\\/2015-2016\\\/ennakot-2015-2016\\\/seitsemas-sija-pelissa-myyrmaessa\\\/\",\"name\":\"Seitsem\u00e4s sija peliss\u00e4 Myyrm\u00e4ess\u00e4 | K\u00e4sipallon naisten Aktialiiga\",\"isPartOf\":{\"@id\":\"https:\\\/\\\/aktialiiga.fi\\\/naiset\\\/#website\"},\"primaryImageOfPage\":{\"@id\":\"https:\\\/\\\/aktialiiga.fi\\\/naiset\\\/2015-2016\\\/ennakot-2015-2016\\\/seitsemas-sija-pelissa-myyrmaessa\\\/#primaryimage\"},\"image\":{\"@id\":\"https:\\\/\\\/aktialiiga.fi\\\/naiset\\\/2015-2016\\\/ennakot-2015-2016\\\/seitsemas-sija-pelissa-myyrmaessa\\\/#primaryimage\"},\"thumbnailUrl\":\"https:\\\/\\\/aktialiiga.fi\\\/naiset\\\/wp-content\\\/uploads\\\/sites\\\/6\\\/2015\\\/09\\\/Atlas-naiset-2015-2016.jpg\",\"datePublished\":\"2016-03-01T15:12:10+00:00\",\"dateModified\":\"2018-04-20T09:47:35+00:00\",\"breadcrumb\":{\"@id\":\"https:\\\/\\\/aktialiiga.fi\\\/naiset\\\/2015-2016\\\/ennakot-2015-2016\\\/seitsemas-sija-pelissa-myyrmaessa\\\/#breadcrumb\"},\"inLanguage\":\"fi\",\"potentialAction\":[{\"@type\":\"ReadAction\",\"target\":[\"https:\\\/\\\/aktialiiga.fi\\\/naiset\\\/2015-2016\\\/ennakot-2015-2016\\\/seitsemas-sija-pelissa-myyrmaessa\\\/\"]}]},{\"@type\":\"ImageObject\",\"inLanguage\":\"fi\",\"@id\":\"https:\\\/\\\/aktialiiga.fi\\\/naiset\\\/2015-2016\\\/ennakot-2015-2016\\\/seitsemas-sija-pelissa-myyrmaessa\\\/#primaryimage\",\"url\":\"https:\\\/\\\/aktialiiga.fi\\\/naiset\\\/wp-content\\\/uploads\\\/sites\\\/6\\\/2015\\\/09\\\/Atlas-naiset-2015-2016.jpg\",\"contentUrl\":\"https:\\\/\\\/aktialiiga.fi\\\/naiset\\\/wp-content\\\/uploads\\\/sites\\\/6\\\/2015\\\/09\\\/Atlas-naiset-2015-2016.jpg\",\"width\":3008,\"height\":2000},{\"@type\":\"BreadcrumbList\",\"@id\":\"https:\\\/\\\/aktialiiga.fi\\\/naiset\\\/2015-2016\\\/ennakot-2015-2016\\\/seitsemas-sija-pelissa-myyrmaessa\\\/#breadcrumb\",\"itemListElement\":[{\"@type\":\"ListItem\",\"position\":1,\"name\":\"Etusivu\",\"item\":\"https:\\\/\\\/aktialiiga.fi\\\/naiset\\\/\"},{\"@type\":\"ListItem\",\"position\":2,\"name\":\"Seitsem\u00e4s sija peliss\u00e4 Myyrm\u00e4ess\u00e4\"}]},{\"@type\":\"WebSite\",\"@id\":\"https:\\\/\\\/aktialiiga.fi\\\/naiset\\\/#website\",\"url\":\"https:\\\/\\\/aktialiiga.fi\\\/naiset\\\/\",\"name\":\"K\u00e4sipallon naisten Aktialiiga\",\"description\":\"Valtakunnan vauhdikkainta palloilua!\",\"publisher\":{\"@id\":\"https:\\\/\\\/aktialiiga.fi\\\/naiset\\\/#organization\"},\"potentialAction\":[{\"@type\":\"SearchAction\",\"target\":{\"@type\":\"EntryPoint\",\"urlTemplate\":\"https:\\\/\\\/aktialiiga.fi\\\/naiset\\\/?s={search_term_string}\"},\"query-input\":{\"@type\":\"PropertyValueSpecification\",\"valueRequired\":true,\"valueName\":\"search_term_string\"}}],\"inLanguage\":\"fi\"},{\"@type\":\"Organization\",\"@id\":\"https:\\\/\\\/aktialiiga.fi\\\/naiset\\\/#organization\",\"name\":\"K\u00e4sipallon naisten Aktialiiga\",\"url\":\"https:\\\/\\\/aktialiiga.fi\\\/naiset\\\/\",\"logo\":{\"@type\":\"ImageObject\",\"inLanguage\":\"fi\",\"@id\":\"https:\\\/\\\/aktialiiga.fi\\\/naiset\\\/#\\\/schema\\\/logo\\\/image\\\/\",\"url\":\"https:\\\/\\\/aktialiiga.fi\\\/naiset\\\/wp-content\\\/uploads\\\/sites\\\/6\\\/2024\\\/09\\\/Aktialiiga-Yoast-512.png\",\"contentUrl\":\"https:\\\/\\\/aktialiiga.fi\\\/naiset\\\/wp-content\\\/uploads\\\/sites\\\/6\\\/2024\\\/09\\\/Aktialiiga-Yoast-512.png\",\"width\":512,\"height\":512,\"caption\":\"K\u00e4sipallon naisten Aktialiiga\"},\"image\":{\"@id\":\"https:\\\/\\\/aktialiiga.fi\\\/naiset\\\/#\\\/schema\\\/logo\\\/image\\\/\"},\"sameAs\":[\"https:\\\/\\\/www.facebook.com\\\/finnhandball\",\"https:\\\/\\\/x.com\\\/finnhandball\",\"https:\\\/\\\/www.instagram.com\\\/handballfinland\\\/\"]},{\"@type\":\"Person\",\"@id\":\"https:\\\/\\\/aktialiiga.fi\\\/naiset\\\/#\\\/schema\\\/person\\\/c14bf42f47041db74603c45afcb18d87\",\"name\":\"tbrmedia\",\"image\":{\"@type\":\"ImageObject\",\"inLanguage\":\"fi\",\"@id\":\"https:\\\/\\\/secure.gravatar.com\\\/avatar\\\/ee975fa091fe581d12b60debb3439022686618368a7c142044c56724d4666b16?s=96&d=mm&r=g\",\"url\":\"https:\\\/\\\/secure.gravatar.com\\\/avatar\\\/ee975fa091fe581d12b60debb3439022686618368a7c142044c56724d4666b16?s=96&d=mm&r=g\",\"contentUrl\":\"https:\\\/\\\/secure.gravatar.com\\\/avatar\\\/ee975fa091fe581d12b60debb3439022686618368a7c142044c56724d4666b16?s=96&d=mm&r=g\",\"caption\":\"tbrmedia\"}}]}<\/script>\n<!-- \/ Yoast SEO plugin. -->","yoast_head_json":{"title":"Seitsem\u00e4s sija peliss\u00e4 Myyrm\u00e4ess\u00e4 | K\u00e4sipallon naisten Aktialiiga","robots":{"index":"index","follow":"follow","max-snippet":"max-snippet:-1","max-image-preview":"max-image-preview:large","max-video-preview":"max-video-preview:-1"},"canonical":"https:\/\/aktialiiga.fi\/naiset\/2015-2016\/ennakot-2015-2016\/seitsemas-sija-pelissa-myyrmaessa\/","og_locale":"fi_FI","og_type":"article","og_title":"Seitsem\u00e4s sija peliss\u00e4 Myyrm\u00e4ess\u00e4 | K\u00e4sipallon naisten Aktialiiga","og_description":"Atlas ja Grankulla IFK p\u00e4\u00e4tt\u00e4v\u00e4t runkosarjan osaltaan keskin\u00e4isess\u00e4 ottelussa keskiviikkona Myyrm\u00e4ess\u00e4. Ottelussa riitt\u00e4\u00e4 pelattavaa, sill\u00e4 peliss\u00e4 on runkosarjan seitsem\u00e4s sija, johon kumpikin viel\u00e4 t\u00e4ht\u00e4\u00e4. Granilla on otteluun l\u00e4hdett\u00e4ess\u00e4 kahden pisteen etuly\u00f6ntiasema em\u00e4ntiins\u00e4 n\u00e4hden. Joukkueitten kauden ensimm\u00e4inen kohtaaminen marraskuun alussa Myyrm\u00e4ess\u00e4 p\u00e4\u00e4ttyi Atlaksen niukkaan 27-26-voittoon. Tammikuussa Kauniaisissa GrIFK oli puolestaan vahvempi lukemin 23-19. Pisteet keskin\u00e4isist\u00e4 otteluista [&hellip;]","og_url":"https:\/\/aktialiiga.fi\/naiset\/2015-2016\/ennakot-2015-2016\/seitsemas-sija-pelissa-myyrmaessa\/","og_site_name":"K\u00e4sipallon naisten Aktialiiga","article_publisher":"https:\/\/www.facebook.com\/finnhandball","article_published_time":"2016-03-01T15:12:10+00:00","article_modified_time":"2018-04-20T09:47:35+00:00","og_image":[{"width":1024,"height":681,"url":"https:\/\/aktialiiga.fi\/naiset\/wp-content\/uploads\/sites\/6\/2015\/09\/Atlas-naiset-2015-2016-1024x681.jpg","type":"image\/jpeg"}],"author":"tbrmedia","twitter_card":"summary_large_image","twitter_creator":"@finnhandball","twitter_site":"@finnhandball","schema":{"@context":"https:\/\/schema.org","@graph":[{"@type":"Article","@id":"https:\/\/aktialiiga.fi\/naiset\/2015-2016\/ennakot-2015-2016\/seitsemas-sija-pelissa-myyrmaessa\/#article","isPartOf":{"@id":"https:\/\/aktialiiga.fi\/naiset\/2015-2016\/ennakot-2015-2016\/seitsemas-sija-pelissa-myyrmaessa\/"},"author":{"name":"tbrmedia","@id":"https:\/\/aktialiiga.fi\/naiset\/#\/schema\/person\/c14bf42f47041db74603c45afcb18d87"},"headline":"Seitsem\u00e4s sija peliss\u00e4 Myyrm\u00e4ess\u00e4","datePublished":"2016-03-01T15:12:10+00:00","dateModified":"2018-04-20T09:47:35+00:00","mainEntityOfPage":{"@id":"https:\/\/aktialiiga.fi\/naiset\/2015-2016\/ennakot-2015-2016\/seitsemas-sija-pelissa-myyrmaessa\/"},"wordCount":133,"publisher":{"@id":"https:\/\/aktialiiga.fi\/naiset\/#organization"},"image":{"@id":"https:\/\/aktialiiga.fi\/naiset\/2015-2016\/ennakot-2015-2016\/seitsemas-sija-pelissa-myyrmaessa\/#primaryimage"},"thumbnailUrl":"https:\/\/aktialiiga.fi\/naiset\/wp-content\/uploads\/sites\/6\/2015\/09\/Atlas-naiset-2015-2016.jpg","keywords":["Atlas","GrIFK"],"articleSection":["Ennakot"],"inLanguage":"fi"},{"@type":"WebPage","@id":"https:\/\/aktialiiga.fi\/naiset\/2015-2016\/ennakot-2015-2016\/seitsemas-sija-pelissa-myyrmaessa\/","url":"https:\/\/aktialiiga.fi\/naiset\/2015-2016\/ennakot-2015-2016\/seitsemas-sija-pelissa-myyrmaessa\/","name":"Seitsem\u00e4s sija peliss\u00e4 Myyrm\u00e4ess\u00e4 | K\u00e4sipallon naisten Aktialiiga","isPartOf":{"@id":"https:\/\/aktialiiga.fi\/naiset\/#website"},"primaryImageOfPage":{"@id":"https:\/\/aktialiiga.fi\/naiset\/2015-2016\/ennakot-2015-2016\/seitsemas-sija-pelissa-myyrmaessa\/#primaryimage"},"image":{"@id":"https:\/\/aktialiiga.fi\/naiset\/2015-2016\/ennakot-2015-2016\/seitsemas-sija-pelissa-myyrmaessa\/#primaryimage"},"thumbnailUrl":"https:\/\/aktialiiga.fi\/naiset\/wp-content\/uploads\/sites\/6\/2015\/09\/Atlas-naiset-2015-2016.jpg","datePublished":"2016-03-01T15:12:10+00:00","dateModified":"2018-04-20T09:47:35+00:00","breadcrumb":{"@id":"https:\/\/aktialiiga.fi\/naiset\/2015-2016\/ennakot-2015-2016\/seitsemas-sija-pelissa-myyrmaessa\/#breadcrumb"},"inLanguage":"fi","potentialAction":[{"@type":"ReadAction","target":["https:\/\/aktialiiga.fi\/naiset\/2015-2016\/ennakot-2015-2016\/seitsemas-sija-pelissa-myyrmaessa\/"]}]},{"@type":"ImageObject","inLanguage":"fi","@id":"https:\/\/aktialiiga.fi\/naiset\/2015-2016\/ennakot-2015-2016\/seitsemas-sija-pelissa-myyrmaessa\/#primaryimage","url":"https:\/\/aktialiiga.fi\/naiset\/wp-content\/uploads\/sites\/6\/2015\/09\/Atlas-naiset-2015-2016.jpg","contentUrl":"https:\/\/aktialiiga.fi\/naiset\/wp-content\/uploads\/sites\/6\/2015\/09\/Atlas-naiset-2015-2016.jpg","width":3008,"height":2000},{"@type":"BreadcrumbList","@id":"https:\/\/aktialiiga.fi\/naiset\/2015-2016\/ennakot-2015-2016\/seitsemas-sija-pelissa-myyrmaessa\/#breadcrumb","itemListElement":[{"@type":"ListItem","position":1,"name":"Etusivu","item":"https:\/\/aktialiiga.fi\/naiset\/"},{"@type":"ListItem","position":2,"name":"Seitsem\u00e4s sija peliss\u00e4 Myyrm\u00e4ess\u00e4"}]},{"@type":"WebSite","@id":"https:\/\/aktialiiga.fi\/naiset\/#website","url":"https:\/\/aktialiiga.fi\/naiset\/","name":"K\u00e4sipallon naisten Aktialiiga","description":"Valtakunnan vauhdikkainta palloilua!","publisher":{"@id":"https:\/\/aktialiiga.fi\/naiset\/#organization"},"potentialAction":[{"@type":"SearchAction","target":{"@type":"EntryPoint","urlTemplate":"https:\/\/aktialiiga.fi\/naiset\/?s={search_term_string}"},"query-input":{"@type":"PropertyValueSpecification","valueRequired":true,"valueName":"search_term_string"}}],"inLanguage":"fi"},{"@type":"Organization","@id":"https:\/\/aktialiiga.fi\/naiset\/#organization","name":"K\u00e4sipallon naisten Aktialiiga","url":"https:\/\/aktialiiga.fi\/naiset\/","logo":{"@type":"ImageObject","inLanguage":"fi","@id":"https:\/\/aktialiiga.fi\/naiset\/#\/schema\/logo\/image\/","url":"https:\/\/aktialiiga.fi\/naiset\/wp-content\/uploads\/sites\/6\/2024\/09\/Aktialiiga-Yoast-512.png","contentUrl":"https:\/\/aktialiiga.fi\/naiset\/wp-content\/uploads\/sites\/6\/2024\/09\/Aktialiiga-Yoast-512.png","width":512,"height":512,"caption":"K\u00e4sipallon naisten Aktialiiga"},"image":{"@id":"https:\/\/aktialiiga.fi\/naiset\/#\/schema\/logo\/image\/"},"sameAs":["https:\/\/www.facebook.com\/finnhandball","https:\/\/x.com\/finnhandball","https:\/\/www.instagram.com\/handballfinland\/"]},{"@type":"Person","@id":"https:\/\/aktialiiga.fi\/naiset\/#\/schema\/person\/c14bf42f47041db74603c45afcb18d87","name":"tbrmedia","image":{"@type":"ImageObject","inLanguage":"fi","@id":"https:\/\/secure.gravatar.com\/avatar\/ee975fa091fe581d12b60debb3439022686618368a7c142044c56724d4666b16?s=96&d=mm&r=g","url":"https:\/\/secure.gravatar.com\/avatar\/ee975fa091fe581d12b60debb3439022686618368a7c142044c56724d4666b16?s=96&d=mm&r=g","contentUrl":"https:\/\/secure.gravatar.com\/avatar\/ee975fa091fe581d12b60debb3439022686618368a7c142044c56724d4666b16?s=96&d=mm&r=g","caption":"tbrmedia"}}]}},"jetpack_featured_media_url":"https:\/\/aktialiiga.fi\/naiset\/wp-content\/uploads\/sites\/6\/2015\/09\/Atlas-naiset-2015-2016.jpg","jetpack_sharing_enabled":true,"jetpack_shortlink":"https:\/\/wp.me\/pfYhm6-1RA","_links":{"self":[{"href":"https:\/\/aktialiiga.fi\/naiset\/wp-json\/wp\/v2\/posts\/7166","targetHints":{"allow":["GET"]}}],"collection":[{"href":"https:\/\/aktialiiga.fi\/naiset\/wp-json\/wp\/v2\/posts"}],"about":[{"href":"https:\/\/aktialiiga.fi\/naiset\/wp-json\/wp\/v2\/types\/post"}],"author":[{"embeddable":true,"href":"https:\/\/aktialiiga.fi\/naiset\/wp-json\/wp\/v2\/users\/13"}],"replies":[{"embeddable":true,"href":"https:\/\/aktialiiga.fi\/naiset\/wp-json\/wp\/v2\/comments?post=7166"}],"version-history":[{"count":0,"href":"https:\/\/aktialiiga.fi\/naiset\/wp-json\/wp\/v2\/posts\/7166\/revisions"}],"wp:featuredmedia":[{"embeddable":true,"href":"https:\/\/aktialiiga.fi\/naiset\/wp-json\/wp\/v2\/media\/6419"}],"wp:attachment":[{"href":"https:\/\/aktialiiga.fi\/naiset\/wp-json\/wp\/v2\/media?parent=7166"}],"wp:term":[{"taxonomy":"category","embeddable":true,"href":"https:\/\/aktialiiga.fi\/naiset\/wp-json\/wp\/v2\/categories?post=7166"},{"taxonomy":"post_tag","embeddable":true,"href":"https:\/\/aktialiiga.fi\/naiset\/wp-json\/wp\/v2\/tags?post=7166"}],"curies":[{"name":"wp","href":"https:\/\/api.w.org\/{rel}","templated":true}]}}