{"id":72625,"date":"2026-09-04T20:02:21","date_gmt":"2026-09-04T17:02:21","guid":{"rendered":"https:\/\/aktialiiga.fi\/naiset\/?p=72625"},"modified":"2026-09-04T20:12:16","modified_gmt":"2026-09-04T17:12:16","slug":"dickenin-toinen-jakso-liikaa-bk-46lle","status":"publish","type":"post","link":"https:\/\/aktialiiga.fi\/naiset\/2026-2027\/ottelut\/dickenin-toinen-jakso-liikaa-bk-46lle\/","title":{"rendered":"Dickenin toinen jakso liikaa BK-46:lle"},"content":{"rendered":"<p>Aktialiigan kausi 2026-27 saatiin k\u00e4yntiin perjantaina Karjaalla, kun viime kaudella pronssiottelussa kohdanneet BK-46 ja Dicken iskiv\u00e4t yhteen. Voitto meni Helsinkiin numeroin 35-23 (13-10).<\/p>\n<p>Viime kauden kaksiosaisessa pronssiottelussa BK-46 oli molemmissa otteluissa parempi ja nappasi mitalin yhteismaalein 54-44. Kauden avauksessa Dicken oli kuitenkin vahvempi.<\/p>\n<p>Dickenin Emilia Sundstr\u00f6m sai kunnian viimeistell\u00e4 kauden avausmaalin, mutta sen j\u00e4lkeen hallinta siirtyi kotijoukkueelle Jannica Kullbergin osoittaessa, ett\u00e4 k\u00e4si on l\u00e4mpim\u00e4n\u00e4 heti kauden avauksesta l\u00e4htien. Joukkueet eteniv\u00e4t rinta rinnan aina viimeiselle viisiminuuttiselle saakka, jolloin Dicken sai t\u00e4rkeit\u00e4 onnistumisia ja nousi kolmen maalin johtoon tauolle l\u00e4hdett\u00e4ess\u00e4.<\/p>\n<p>Toisen puoliajan alussa Dicken ratkaisi ottelun vahvan paluun Aktialiigaan tehneen Matilda Peitsaron, Emilia Sundstr\u00f6min ja per\u00e4ti 11 maalia heitt\u00e4neen Edith Frankenhaeuserin johdolla. Dicken rankaisi armotta ja iski vauhdikkaalla pelill\u00e4 35 maalia kotijoukkueen verkkoon napaten kauden avausvoittonsa.<\/p>\n<p>Tappiosta huolimatta BK-46:n p\u00e4\u00e4valmentaja Maria Degerlund oli suhteellisen tyytyv\u00e4inen n\u00e4kem\u00e4\u00e4ns\u00e4.<br \/>\n&#8211; Aika hyv\u00e4 avausottelu. Pysyimme hyvin mukana ja puolustimme aggressiivisesti ja hyvin ensimm\u00e4isell\u00e4 puoliajalla. Toisella puoliajalla puolustuksemme muuttui hieman passiivisemmaksi, ja Dicken osasi hy\u00f6dynt\u00e4\u00e4 sit\u00e4, Degerlund summasi ottelun antia.<\/p>\n<p>Dicken-luotsi Jan Sundst\u00f6m oli yht\u00e4 hymy\u00e4 kuden avauksen j\u00e4lkeen.<br \/>\n&#8211; Meill\u00e4 oli t\u00e4n\u00e4\u00e4n tiettyj\u00e4 teemoja, ja onnistimme hyvin. Halusimme juosta paljon, ja olen siihen tyytyv\u00e4inen. Keskittymiskyky oli hyv\u00e4 ja joukkueen tunnelma oli loistava.<\/p>\n<p>Frankenhaeuser pokkasi kauden ensimm\u00e4iset kolme t\u00e4hte\u00e4 ja nautti kauden p\u00e4\u00e4stess\u00e4 vihdoin vauhtiin.<br \/>\n&#8211; Pelasimme niin kuin olimme sopineet. Ja juoksemme paljon. Kauden avaus oli hauskaa, ja olin innokas.<\/p>\n","protected":false},"excerpt":{"rendered":"<p>Aktialiigan kausi 2026-27 saatiin k\u00e4yntiin perjantaina Karjaalla, kun viime kaudella pronssiottelussa kohdanneet BK-46 ja Dicken iskiv\u00e4t yhteen. Voitto meni Helsinkiin numeroin 35-23 (13-10). Viime kauden kaksiosaisessa pronssiottelussa BK-46 oli molemmissa otteluissa parempi ja nappasi mitalin yhteismaalein 54-44. Kauden avauksessa Dicken oli kuitenkin vahvempi. Dickenin Emilia Sundstr\u00f6m sai kunnian viimeistell\u00e4 kauden avausmaalin, mutta sen j\u00e4lkeen hallinta [&hellip;]<\/p>\n","protected":false},"author":13,"featured_media":71150,"comment_status":"closed","ping_status":"closed","sticky":false,"template":"","format":"standard","meta":{"_acf_changed":false,"_jetpack_newsletter_access":"","_jetpack_dont_email_post_to_subs":false,"_jetpack_newsletter_tier_id":0,"_jetpack_memberships_contains_paywalled_content":false,"_jetpack_feature_clip_id":0,"_jetpack_memberships_contains_paid_content":false,"footnotes":"","jetpack_post_was_ever_published":false},"categories":[301],"tags":[49,51],"class_list":["post-72625","post","type-post","status-publish","format-standard","has-post-thumbnail","hentry","category-ottelut","tag-bk-46","tag-dicken"],"acf":[],"yoast_head":"<!-- This site is optimized with the Yoast SEO plugin v28.4 - https:\/\/yoast.com\/product\/yoast-seo-wordpress\/ -->\n<title>Dickenin toinen jakso liikaa BK-46:lle | K\u00e4sipallon naisten Aktialiiga<\/title>\n<meta name=\"robots\" content=\"index, follow, max-snippet:-1, max-image-preview:large, max-video-preview:-1\" \/>\n<link rel=\"canonical\" href=\"https:\/\/aktialiiga.fi\/naiset\/2026-2027\/ottelut\/dickenin-toinen-jakso-liikaa-bk-46lle\/\" \/>\n<meta property=\"og:locale\" content=\"fi_FI\" \/>\n<meta property=\"og:type\" content=\"article\" \/>\n<meta property=\"og:title\" content=\"Dickenin toinen jakso liikaa BK-46:lle | K\u00e4sipallon naisten Aktialiiga\" \/>\n<meta property=\"og:description\" content=\"Aktialiigan kausi 2026-27 saatiin k\u00e4yntiin perjantaina Karjaalla, kun viime kaudella pronssiottelussa kohdanneet BK-46 ja Dicken iskiv\u00e4t yhteen. Voitto meni Helsinkiin numeroin 35-23 (13-10). Viime kauden kaksiosaisessa pronssiottelussa BK-46 oli molemmissa otteluissa parempi ja nappasi mitalin yhteismaalein 54-44. Kauden avauksessa Dicken oli kuitenkin vahvempi. Dickenin Emilia Sundstr\u00f6m sai kunnian viimeistell\u00e4 kauden avausmaalin, mutta sen j\u00e4lkeen hallinta [&hellip;]\" \/>\n<meta property=\"og:url\" content=\"https:\/\/aktialiiga.fi\/naiset\/2026-2027\/ottelut\/dickenin-toinen-jakso-liikaa-bk-46lle\/\" \/>\n<meta property=\"og:site_name\" content=\"K\u00e4sipallon naisten Aktialiiga\" \/>\n<meta property=\"article:publisher\" content=\"https:\/\/www.facebook.com\/finnhandball\" \/>\n<meta property=\"article:published_time\" content=\"2026-09-04T17:02:21+00:00\" \/>\n<meta property=\"article:modified_time\" content=\"2026-09-04T17:12:16+00:00\" \/>\n<meta property=\"og:image\" content=\"https:\/\/aktialiiga.fi\/naiset\/wp-content\/uploads\/sites\/6\/2026\/09\/Dicken-2026-2027.jpg\" \/>\n\t<meta property=\"og:image:width\" content=\"3000\" \/>\n\t<meta property=\"og:image:height\" content=\"2000\" \/>\n\t<meta property=\"og:image:type\" content=\"image\/jpeg\" \/>\n<meta name=\"author\" content=\"tbrmedia\" \/>\n<meta name=\"twitter:card\" content=\"summary_large_image\" \/>\n<meta name=\"twitter:creator\" content=\"@finnhandball\" \/>\n<meta name=\"twitter:site\" content=\"@finnhandball\" \/>\n<script type=\"application\/ld+json\" class=\"yoast-schema-graph\">{\"@context\":\"https:\\\/\\\/schema.org\",\"@graph\":[{\"@type\":\"Article\",\"@id\":\"https:\\\/\\\/aktialiiga.fi\\\/naiset\\\/2026-2027\\\/ottelut\\\/dickenin-toinen-jakso-liikaa-bk-46lle\\\/#article\",\"isPartOf\":{\"@id\":\"https:\\\/\\\/aktialiiga.fi\\\/naiset\\\/2026-2027\\\/ottelut\\\/dickenin-toinen-jakso-liikaa-bk-46lle\\\/\"},\"author\":{\"name\":\"tbrmedia\",\"@id\":\"https:\\\/\\\/aktialiiga.fi\\\/naiset\\\/#\\\/schema\\\/person\\\/c14bf42f47041db74603c45afcb18d87\"},\"headline\":\"Dickenin toinen jakso liikaa BK-46:lle\",\"datePublished\":\"2026-09-04T17:02:21+00:00\",\"dateModified\":\"2026-09-04T17:12:16+00:00\",\"mainEntityOfPage\":{\"@id\":\"https:\\\/\\\/aktialiiga.fi\\\/naiset\\\/2026-2027\\\/ottelut\\\/dickenin-toinen-jakso-liikaa-bk-46lle\\\/\"},\"wordCount\":258,\"publisher\":{\"@id\":\"https:\\\/\\\/aktialiiga.fi\\\/naiset\\\/#organization\"},\"image\":{\"@id\":\"https:\\\/\\\/aktialiiga.fi\\\/naiset\\\/2026-2027\\\/ottelut\\\/dickenin-toinen-jakso-liikaa-bk-46lle\\\/#primaryimage\"},\"thumbnailUrl\":\"https:\\\/\\\/aktialiiga.fi\\\/naiset\\\/wp-content\\\/uploads\\\/sites\\\/6\\\/2026\\\/09\\\/Dicken-2026-2027.jpg\",\"keywords\":[\"BK-46\",\"Dicken\"],\"articleSection\":[\"Ottelut 26-27\"],\"inLanguage\":\"fi\"},{\"@type\":\"WebPage\",\"@id\":\"https:\\\/\\\/aktialiiga.fi\\\/naiset\\\/2026-2027\\\/ottelut\\\/dickenin-toinen-jakso-liikaa-bk-46lle\\\/\",\"url\":\"https:\\\/\\\/aktialiiga.fi\\\/naiset\\\/2026-2027\\\/ottelut\\\/dickenin-toinen-jakso-liikaa-bk-46lle\\\/\",\"name\":\"Dickenin toinen jakso liikaa BK-46:lle | K\u00e4sipallon naisten Aktialiiga\",\"isPartOf\":{\"@id\":\"https:\\\/\\\/aktialiiga.fi\\\/naiset\\\/#website\"},\"primaryImageOfPage\":{\"@id\":\"https:\\\/\\\/aktialiiga.fi\\\/naiset\\\/2026-2027\\\/ottelut\\\/dickenin-toinen-jakso-liikaa-bk-46lle\\\/#primaryimage\"},\"image\":{\"@id\":\"https:\\\/\\\/aktialiiga.fi\\\/naiset\\\/2026-2027\\\/ottelut\\\/dickenin-toinen-jakso-liikaa-bk-46lle\\\/#primaryimage\"},\"thumbnailUrl\":\"https:\\\/\\\/aktialiiga.fi\\\/naiset\\\/wp-content\\\/uploads\\\/sites\\\/6\\\/2026\\\/09\\\/Dicken-2026-2027.jpg\",\"datePublished\":\"2026-09-04T17:02:21+00:00\",\"dateModified\":\"2026-09-04T17:12:16+00:00\",\"breadcrumb\":{\"@id\":\"https:\\\/\\\/aktialiiga.fi\\\/naiset\\\/2026-2027\\\/ottelut\\\/dickenin-toinen-jakso-liikaa-bk-46lle\\\/#breadcrumb\"},\"inLanguage\":\"fi\",\"potentialAction\":[{\"@type\":\"ReadAction\",\"target\":[\"https:\\\/\\\/aktialiiga.fi\\\/naiset\\\/2026-2027\\\/ottelut\\\/dickenin-toinen-jakso-liikaa-bk-46lle\\\/\"]}]},{\"@type\":\"ImageObject\",\"inLanguage\":\"fi\",\"@id\":\"https:\\\/\\\/aktialiiga.fi\\\/naiset\\\/2026-2027\\\/ottelut\\\/dickenin-toinen-jakso-liikaa-bk-46lle\\\/#primaryimage\",\"url\":\"https:\\\/\\\/aktialiiga.fi\\\/naiset\\\/wp-content\\\/uploads\\\/sites\\\/6\\\/2026\\\/09\\\/Dicken-2026-2027.jpg\",\"contentUrl\":\"https:\\\/\\\/aktialiiga.fi\\\/naiset\\\/wp-content\\\/uploads\\\/sites\\\/6\\\/2026\\\/09\\\/Dicken-2026-2027.jpg\",\"width\":3000,\"height\":2000},{\"@type\":\"BreadcrumbList\",\"@id\":\"https:\\\/\\\/aktialiiga.fi\\\/naiset\\\/2026-2027\\\/ottelut\\\/dickenin-toinen-jakso-liikaa-bk-46lle\\\/#breadcrumb\",\"itemListElement\":[{\"@type\":\"ListItem\",\"position\":1,\"name\":\"Etusivu\",\"item\":\"https:\\\/\\\/aktialiiga.fi\\\/naiset\\\/etusivu-260810\\\/\"},{\"@type\":\"ListItem\",\"position\":2,\"name\":\"Dickenin toinen jakso liikaa BK-46:lle\"}]},{\"@type\":\"WebSite\",\"@id\":\"https:\\\/\\\/aktialiiga.fi\\\/naiset\\\/#website\",\"url\":\"https:\\\/\\\/aktialiiga.fi\\\/naiset\\\/\",\"name\":\"K\u00e4sipallon naisten Aktialiiga\",\"description\":\"Valtakunnan vauhdikkainta palloilua!\",\"publisher\":{\"@id\":\"https:\\\/\\\/aktialiiga.fi\\\/naiset\\\/#organization\"},\"potentialAction\":[{\"@type\":\"SearchAction\",\"target\":{\"@type\":\"EntryPoint\",\"urlTemplate\":\"https:\\\/\\\/aktialiiga.fi\\\/naiset\\\/?s={search_term_string}\"},\"query-input\":{\"@type\":\"PropertyValueSpecification\",\"valueRequired\":true,\"valueName\":\"search_term_string\"}}],\"inLanguage\":\"fi\"},{\"@type\":\"Organization\",\"@id\":\"https:\\\/\\\/aktialiiga.fi\\\/naiset\\\/#organization\",\"name\":\"K\u00e4sipallon naisten Aktialiiga\",\"url\":\"https:\\\/\\\/aktialiiga.fi\\\/naiset\\\/\",\"logo\":{\"@type\":\"ImageObject\",\"inLanguage\":\"fi\",\"@id\":\"https:\\\/\\\/aktialiiga.fi\\\/naiset\\\/#\\\/schema\\\/logo\\\/image\\\/\",\"url\":\"https:\\\/\\\/aktialiiga.fi\\\/naiset\\\/wp-content\\\/uploads\\\/sites\\\/6\\\/2024\\\/09\\\/Aktialiiga-Yoast-512.png\",\"contentUrl\":\"https:\\\/\\\/aktialiiga.fi\\\/naiset\\\/wp-content\\\/uploads\\\/sites\\\/6\\\/2024\\\/09\\\/Aktialiiga-Yoast-512.png\",\"width\":512,\"height\":512,\"caption\":\"K\u00e4sipallon naisten Aktialiiga\"},\"image\":{\"@id\":\"https:\\\/\\\/aktialiiga.fi\\\/naiset\\\/#\\\/schema\\\/logo\\\/image\\\/\"},\"sameAs\":[\"https:\\\/\\\/www.facebook.com\\\/finnhandball\",\"https:\\\/\\\/x.com\\\/finnhandball\",\"https:\\\/\\\/www.instagram.com\\\/handballfinland\\\/\"]},{\"@type\":\"Person\",\"@id\":\"https:\\\/\\\/aktialiiga.fi\\\/naiset\\\/#\\\/schema\\\/person\\\/c14bf42f47041db74603c45afcb18d87\",\"name\":\"tbrmedia\",\"image\":{\"@type\":\"ImageObject\",\"inLanguage\":\"fi\",\"@id\":\"https:\\\/\\\/secure.gravatar.com\\\/avatar\\\/ee975fa091fe581d12b60debb3439022686618368a7c142044c56724d4666b16?s=96&d=mm&r=g\",\"url\":\"https:\\\/\\\/secure.gravatar.com\\\/avatar\\\/ee975fa091fe581d12b60debb3439022686618368a7c142044c56724d4666b16?s=96&d=mm&r=g\",\"contentUrl\":\"https:\\\/\\\/secure.gravatar.com\\\/avatar\\\/ee975fa091fe581d12b60debb3439022686618368a7c142044c56724d4666b16?s=96&d=mm&r=g\",\"caption\":\"tbrmedia\"}}]}<\/script>\n<!-- \/ Yoast SEO plugin. -->","yoast_head_json":{"title":"Dickenin toinen jakso liikaa BK-46:lle | K\u00e4sipallon naisten Aktialiiga","robots":{"index":"index","follow":"follow","max-snippet":"max-snippet:-1","max-image-preview":"max-image-preview:large","max-video-preview":"max-video-preview:-1"},"canonical":"https:\/\/aktialiiga.fi\/naiset\/2026-2027\/ottelut\/dickenin-toinen-jakso-liikaa-bk-46lle\/","og_locale":"fi_FI","og_type":"article","og_title":"Dickenin toinen jakso liikaa BK-46:lle | K\u00e4sipallon naisten Aktialiiga","og_description":"Aktialiigan kausi 2026-27 saatiin k\u00e4yntiin perjantaina Karjaalla, kun viime kaudella pronssiottelussa kohdanneet BK-46 ja Dicken iskiv\u00e4t yhteen. Voitto meni Helsinkiin numeroin 35-23 (13-10). Viime kauden kaksiosaisessa pronssiottelussa BK-46 oli molemmissa otteluissa parempi ja nappasi mitalin yhteismaalein 54-44. Kauden avauksessa Dicken oli kuitenkin vahvempi. Dickenin Emilia Sundstr\u00f6m sai kunnian viimeistell\u00e4 kauden avausmaalin, mutta sen j\u00e4lkeen hallinta [&hellip;]","og_url":"https:\/\/aktialiiga.fi\/naiset\/2026-2027\/ottelut\/dickenin-toinen-jakso-liikaa-bk-46lle\/","og_site_name":"K\u00e4sipallon naisten Aktialiiga","article_publisher":"https:\/\/www.facebook.com\/finnhandball","article_published_time":"2026-09-04T17:02:21+00:00","article_modified_time":"2026-09-04T17:12:16+00:00","og_image":[{"width":3000,"height":2000,"url":"https:\/\/aktialiiga.fi\/naiset\/wp-content\/uploads\/sites\/6\/2026\/09\/Dicken-2026-2027.jpg","type":"image\/jpeg"}],"author":"tbrmedia","twitter_card":"summary_large_image","twitter_creator":"@finnhandball","twitter_site":"@finnhandball","schema":{"@context":"https:\/\/schema.org","@graph":[{"@type":"Article","@id":"https:\/\/aktialiiga.fi\/naiset\/2026-2027\/ottelut\/dickenin-toinen-jakso-liikaa-bk-46lle\/#article","isPartOf":{"@id":"https:\/\/aktialiiga.fi\/naiset\/2026-2027\/ottelut\/dickenin-toinen-jakso-liikaa-bk-46lle\/"},"author":{"name":"tbrmedia","@id":"https:\/\/aktialiiga.fi\/naiset\/#\/schema\/person\/c14bf42f47041db74603c45afcb18d87"},"headline":"Dickenin toinen jakso liikaa BK-46:lle","datePublished":"2026-09-04T17:02:21+00:00","dateModified":"2026-09-04T17:12:16+00:00","mainEntityOfPage":{"@id":"https:\/\/aktialiiga.fi\/naiset\/2026-2027\/ottelut\/dickenin-toinen-jakso-liikaa-bk-46lle\/"},"wordCount":258,"publisher":{"@id":"https:\/\/aktialiiga.fi\/naiset\/#organization"},"image":{"@id":"https:\/\/aktialiiga.fi\/naiset\/2026-2027\/ottelut\/dickenin-toinen-jakso-liikaa-bk-46lle\/#primaryimage"},"thumbnailUrl":"https:\/\/aktialiiga.fi\/naiset\/wp-content\/uploads\/sites\/6\/2026\/09\/Dicken-2026-2027.jpg","keywords":["BK-46","Dicken"],"articleSection":["Ottelut 26-27"],"inLanguage":"fi"},{"@type":"WebPage","@id":"https:\/\/aktialiiga.fi\/naiset\/2026-2027\/ottelut\/dickenin-toinen-jakso-liikaa-bk-46lle\/","url":"https:\/\/aktialiiga.fi\/naiset\/2026-2027\/ottelut\/dickenin-toinen-jakso-liikaa-bk-46lle\/","name":"Dickenin toinen jakso liikaa BK-46:lle | K\u00e4sipallon naisten Aktialiiga","isPartOf":{"@id":"https:\/\/aktialiiga.fi\/naiset\/#website"},"primaryImageOfPage":{"@id":"https:\/\/aktialiiga.fi\/naiset\/2026-2027\/ottelut\/dickenin-toinen-jakso-liikaa-bk-46lle\/#primaryimage"},"image":{"@id":"https:\/\/aktialiiga.fi\/naiset\/2026-2027\/ottelut\/dickenin-toinen-jakso-liikaa-bk-46lle\/#primaryimage"},"thumbnailUrl":"https:\/\/aktialiiga.fi\/naiset\/wp-content\/uploads\/sites\/6\/2026\/09\/Dicken-2026-2027.jpg","datePublished":"2026-09-04T17:02:21+00:00","dateModified":"2026-09-04T17:12:16+00:00","breadcrumb":{"@id":"https:\/\/aktialiiga.fi\/naiset\/2026-2027\/ottelut\/dickenin-toinen-jakso-liikaa-bk-46lle\/#breadcrumb"},"inLanguage":"fi","potentialAction":[{"@type":"ReadAction","target":["https:\/\/aktialiiga.fi\/naiset\/2026-2027\/ottelut\/dickenin-toinen-jakso-liikaa-bk-46lle\/"]}]},{"@type":"ImageObject","inLanguage":"fi","@id":"https:\/\/aktialiiga.fi\/naiset\/2026-2027\/ottelut\/dickenin-toinen-jakso-liikaa-bk-46lle\/#primaryimage","url":"https:\/\/aktialiiga.fi\/naiset\/wp-content\/uploads\/sites\/6\/2026\/09\/Dicken-2026-2027.jpg","contentUrl":"https:\/\/aktialiiga.fi\/naiset\/wp-content\/uploads\/sites\/6\/2026\/09\/Dicken-2026-2027.jpg","width":3000,"height":2000},{"@type":"BreadcrumbList","@id":"https:\/\/aktialiiga.fi\/naiset\/2026-2027\/ottelut\/dickenin-toinen-jakso-liikaa-bk-46lle\/#breadcrumb","itemListElement":[{"@type":"ListItem","position":1,"name":"Etusivu","item":"https:\/\/aktialiiga.fi\/naiset\/etusivu-260810\/"},{"@type":"ListItem","position":2,"name":"Dickenin toinen jakso liikaa BK-46:lle"}]},{"@type":"WebSite","@id":"https:\/\/aktialiiga.fi\/naiset\/#website","url":"https:\/\/aktialiiga.fi\/naiset\/","name":"K\u00e4sipallon naisten Aktialiiga","description":"Valtakunnan vauhdikkainta palloilua!","publisher":{"@id":"https:\/\/aktialiiga.fi\/naiset\/#organization"},"potentialAction":[{"@type":"SearchAction","target":{"@type":"EntryPoint","urlTemplate":"https:\/\/aktialiiga.fi\/naiset\/?s={search_term_string}"},"query-input":{"@type":"PropertyValueSpecification","valueRequired":true,"valueName":"search_term_string"}}],"inLanguage":"fi"},{"@type":"Organization","@id":"https:\/\/aktialiiga.fi\/naiset\/#organization","name":"K\u00e4sipallon naisten Aktialiiga","url":"https:\/\/aktialiiga.fi\/naiset\/","logo":{"@type":"ImageObject","inLanguage":"fi","@id":"https:\/\/aktialiiga.fi\/naiset\/#\/schema\/logo\/image\/","url":"https:\/\/aktialiiga.fi\/naiset\/wp-content\/uploads\/sites\/6\/2024\/09\/Aktialiiga-Yoast-512.png","contentUrl":"https:\/\/aktialiiga.fi\/naiset\/wp-content\/uploads\/sites\/6\/2024\/09\/Aktialiiga-Yoast-512.png","width":512,"height":512,"caption":"K\u00e4sipallon naisten Aktialiiga"},"image":{"@id":"https:\/\/aktialiiga.fi\/naiset\/#\/schema\/logo\/image\/"},"sameAs":["https:\/\/www.facebook.com\/finnhandball","https:\/\/x.com\/finnhandball","https:\/\/www.instagram.com\/handballfinland\/"]},{"@type":"Person","@id":"https:\/\/aktialiiga.fi\/naiset\/#\/schema\/person\/c14bf42f47041db74603c45afcb18d87","name":"tbrmedia","image":{"@type":"ImageObject","inLanguage":"fi","@id":"https:\/\/secure.gravatar.com\/avatar\/ee975fa091fe581d12b60debb3439022686618368a7c142044c56724d4666b16?s=96&d=mm&r=g","url":"https:\/\/secure.gravatar.com\/avatar\/ee975fa091fe581d12b60debb3439022686618368a7c142044c56724d4666b16?s=96&d=mm&r=g","contentUrl":"https:\/\/secure.gravatar.com\/avatar\/ee975fa091fe581d12b60debb3439022686618368a7c142044c56724d4666b16?s=96&d=mm&r=g","caption":"tbrmedia"}}]}},"jetpack_sharing_enabled":true,"jetpack_shortlink":"https:\/\/wp.me\/pfYhm6-iTn","jetpack_featured_media_url":"https:\/\/aktialiiga.fi\/naiset\/wp-content\/uploads\/sites\/6\/2026\/09\/Dicken-2026-2027.jpg","_links":{"self":[{"href":"https:\/\/aktialiiga.fi\/naiset\/wp-json\/wp\/v2\/posts\/72625","targetHints":{"allow":["GET"]}}],"collection":[{"href":"https:\/\/aktialiiga.fi\/naiset\/wp-json\/wp\/v2\/posts"}],"about":[{"href":"https:\/\/aktialiiga.fi\/naiset\/wp-json\/wp\/v2\/types\/post"}],"author":[{"embeddable":true,"href":"https:\/\/aktialiiga.fi\/naiset\/wp-json\/wp\/v2\/users\/13"}],"replies":[{"embeddable":true,"href":"https:\/\/aktialiiga.fi\/naiset\/wp-json\/wp\/v2\/comments?post=72625"}],"version-history":[{"count":2,"href":"https:\/\/aktialiiga.fi\/naiset\/wp-json\/wp\/v2\/posts\/72625\/revisions"}],"predecessor-version":[{"id":72628,"href":"https:\/\/aktialiiga.fi\/naiset\/wp-json\/wp\/v2\/posts\/72625\/revisions\/72628"}],"wp:featuredmedia":[{"embeddable":true,"href":"https:\/\/aktialiiga.fi\/naiset\/wp-json\/wp\/v2\/media\/71150"}],"wp:attachment":[{"href":"https:\/\/aktialiiga.fi\/naiset\/wp-json\/wp\/v2\/media?parent=72625"}],"wp:term":[{"taxonomy":"category","embeddable":true,"href":"https:\/\/aktialiiga.fi\/naiset\/wp-json\/wp\/v2\/categories?post=72625"},{"taxonomy":"post_tag","embeddable":true,"href":"https:\/\/aktialiiga.fi\/naiset\/wp-json\/wp\/v2\/tags?post=72625"}],"curies":[{"name":"wp","href":"https:\/\/api.w.org\/{rel}","templated":true}]}}