{"id":7329,"date":"2016-04-15T21:14:42","date_gmt":"2016-04-15T18:14:42","guid":{"rendered":"https:\/\/aktialiiga.fi\/naiset\/?p=7329"},"modified":"2018-04-20T12:45:17","modified_gmt":"2018-04-20T09:45:17","slug":"sparta-ja-sif-ensimmaisessa-pronssiottelussa-lauantaina","status":"publish","type":"post","link":"https:\/\/aktialiiga.fi\/naiset\/2015-2016\/ennakot-2015-2016\/sparta-ja-sif-ensimmaisessa-pronssiottelussa-lauantaina\/","title":{"rendered":"Sparta ja SIF ensimm\u00e4isess\u00e4 pronssiottelussa lauantaina"},"content":{"rendered":"<p>Sparta ja SIF ratkaisevat SM-sarjan pronssimitaleiden kohtalon kaudella 2015-16 otteluparissa, jonka ensimm\u00e4inen osa pelataan lauantaina 16.4. Pirkkolassa.<\/p>\n<p>Sparta h\u00e4visi v\u00e4lieriss\u00e4 Dickenille suoraan 0-4. SIF onnistui nappaamaan HIFK:ta yhden voiton v\u00e4lieriss\u00e4, joten tiukat pelit ovat edess\u00e4. SM-pronssi ratkaistaan kahden ottelun yhteenlasketulla tuloksella, joten molemmissa otteluissa pit\u00e4\u00e4 naisten pist\u00e4\u00e4 parastaan.<\/p>\n<p>&#8211; Kaksi peli\u00e4 edess\u00e4 ja sitten on pitk\u00e4 kausi paketissa. SIF vei runkosarjan ottelut 2-1 ja asettaa meid\u00e4t altavastaajiksi, sanoo Spartan p\u00e4\u00e4valmentaja Jani Vaskola seuran verkkosivuilla.<\/p>\n<p>&#8211; Odotamme kuitenkin innolla tulevia pronssipelej\u00e4 ja teemme kaikkemme, jotta kausi p\u00e4\u00e4ttyisi mitalijuhliin.<\/p>\n<p>Samat ovat ajatukset kuitenkin my\u00f6s siuntiolaisleiriss\u00e4.<\/p>\n<p>&#8211; L\u00e4hdemme antamaan kaikkemme ja taistelemaan pronssista t\u00e4ysill\u00e4. Meill\u00e4 on muutama pelaaja loukkaantuneena, mutta sill\u00e4 ryhm\u00e4ll\u00e4 menn\u00e4\u00e4n, joka k\u00e4ytett\u00e4viss\u00e4 on, SIF-luotsi Jan Hagman sanoi V\u00e4stra Nylandille.<\/p>\n<p>&#8211; Meid\u00e4n pit\u00e4\u00e4 luonnollisesta pelata tiiviisti puolustuksessa ja perusidean pit\u00e4\u00e4 olla selv\u00e4, mutta p\u00e4\u00e4asia on ett\u00e4 meill\u00e4 on sek\u00e4 p\u00e4\u00e4 ett\u00e4 syd\u00e4n mukana. Sitten minun pit\u00e4\u00e4 valmentajana hoitaa ne taktiset muutokset, joita tarvitaan pelinkulusta riippuen. T\u00e4ysill\u00e4 painetaan 120 minuuttia.<\/p>\n<p>Kaksiosainen ottelu ja yhteismaalien laskeminen tuo omat mausteensa pronssitaisteluun kuten Hagman toteaa.<\/p>\n<p>&#8211; Kyse on siit\u00e4, ett\u00e4 vieraspeliss\u00e4 lukemat saadaan pidetty\u00e4 siedett\u00e4vin\u00e4. Jos onnistumme voittamaan, hienoa, mutta t\u00e4rkeint\u00e4 on ett\u00e4 ero ei repe\u00e4 liian suureksi.<\/p>\n<p>Ensimm\u00e4inen osaottelu Pirkkolassa alkaa lauantaina kello 14.00.<\/p>\n","protected":false},"excerpt":{"rendered":"<p>Sparta ja SIF ratkaisevat SM-sarjan pronssimitaleiden kohtalon kaudella 2015-16 otteluparissa, jonka ensimm\u00e4inen osa pelataan lauantaina 16.4. Pirkkolassa. Sparta h\u00e4visi v\u00e4lieriss\u00e4 Dickenille suoraan 0-4. SIF onnistui nappaamaan HIFK:ta yhden voiton v\u00e4lieriss\u00e4, joten tiukat pelit ovat edess\u00e4. SM-pronssi ratkaistaan kahden ottelun yhteenlasketulla tuloksella, joten molemmissa otteluissa pit\u00e4\u00e4 naisten pist\u00e4\u00e4 parastaan. &#8211; Kaksi peli\u00e4 edess\u00e4 ja sitten on [&hellip;]<\/p>\n","protected":false},"author":13,"featured_media":7330,"comment_status":"closed","ping_status":"closed","sticky":false,"template":"","format":"standard","meta":{"_acf_changed":false,"jetpack_post_was_ever_published":false,"_jetpack_newsletter_access":"","_jetpack_dont_email_post_to_subs":false,"_jetpack_newsletter_tier_id":0,"_jetpack_memberships_contains_paywalled_content":false,"_jetpack_memberships_contains_paid_content":false,"footnotes":""},"categories":[37],"tags":[81,84],"class_list":["post-7329","post","type-post","status-publish","format-standard","has-post-thumbnail","hentry","category-ennakot-2015-2016","tag-sif","tag-sparta"],"acf":[],"yoast_head":"<!-- This site is optimized with the Yoast SEO plugin v27.5 - https:\/\/yoast.com\/product\/yoast-seo-wordpress\/ -->\n<title>Sparta ja SIF ensimm\u00e4isess\u00e4 pronssiottelussa lauantaina | K\u00e4sipallon naisten Aktialiiga<\/title>\n<meta name=\"robots\" content=\"index, follow, max-snippet:-1, max-image-preview:large, max-video-preview:-1\" \/>\n<link rel=\"canonical\" href=\"https:\/\/aktialiiga.fi\/naiset\/2015-2016\/ennakot-2015-2016\/sparta-ja-sif-ensimmaisessa-pronssiottelussa-lauantaina\/\" \/>\n<meta property=\"og:locale\" content=\"fi_FI\" \/>\n<meta property=\"og:type\" content=\"article\" \/>\n<meta property=\"og:title\" content=\"Sparta ja SIF ensimm\u00e4isess\u00e4 pronssiottelussa lauantaina | K\u00e4sipallon naisten Aktialiiga\" \/>\n<meta property=\"og:description\" content=\"Sparta ja SIF ratkaisevat SM-sarjan pronssimitaleiden kohtalon kaudella 2015-16 otteluparissa, jonka ensimm\u00e4inen osa pelataan lauantaina 16.4. Pirkkolassa. Sparta h\u00e4visi v\u00e4lieriss\u00e4 Dickenille suoraan 0-4. SIF onnistui nappaamaan HIFK:ta yhden voiton v\u00e4lieriss\u00e4, joten tiukat pelit ovat edess\u00e4. SM-pronssi ratkaistaan kahden ottelun yhteenlasketulla tuloksella, joten molemmissa otteluissa pit\u00e4\u00e4 naisten pist\u00e4\u00e4 parastaan. &#8211; Kaksi peli\u00e4 edess\u00e4 ja sitten on [&hellip;]\" \/>\n<meta property=\"og:url\" content=\"https:\/\/aktialiiga.fi\/naiset\/2015-2016\/ennakot-2015-2016\/sparta-ja-sif-ensimmaisessa-pronssiottelussa-lauantaina\/\" \/>\n<meta property=\"og:site_name\" content=\"K\u00e4sipallon naisten Aktialiiga\" \/>\n<meta property=\"article:publisher\" content=\"https:\/\/www.facebook.com\/finnhandball\" \/>\n<meta property=\"article:published_time\" content=\"2016-04-15T18:14:42+00:00\" \/>\n<meta property=\"article:modified_time\" content=\"2018-04-20T09:45:17+00:00\" \/>\n<meta property=\"og:image\" content=\"https:\/\/aktialiiga.fi\/naiset\/wp-content\/uploads\/sites\/6\/2016\/04\/Sparta-SIF_peli_1516a.jpg\" \/>\n\t<meta property=\"og:image:width\" content=\"640\" \/>\n\t<meta property=\"og:image:height\" content=\"360\" \/>\n\t<meta property=\"og:image:type\" content=\"image\/jpeg\" \/>\n<meta name=\"author\" content=\"tbrmedia\" \/>\n<meta name=\"twitter:card\" content=\"summary_large_image\" \/>\n<meta name=\"twitter:creator\" content=\"@finnhandball\" \/>\n<meta name=\"twitter:site\" content=\"@finnhandball\" \/>\n<script type=\"application\/ld+json\" class=\"yoast-schema-graph\">{\"@context\":\"https:\\\/\\\/schema.org\",\"@graph\":[{\"@type\":\"Article\",\"@id\":\"https:\\\/\\\/aktialiiga.fi\\\/naiset\\\/2015-2016\\\/ennakot-2015-2016\\\/sparta-ja-sif-ensimmaisessa-pronssiottelussa-lauantaina\\\/#article\",\"isPartOf\":{\"@id\":\"https:\\\/\\\/aktialiiga.fi\\\/naiset\\\/2015-2016\\\/ennakot-2015-2016\\\/sparta-ja-sif-ensimmaisessa-pronssiottelussa-lauantaina\\\/\"},\"author\":{\"name\":\"tbrmedia\",\"@id\":\"https:\\\/\\\/aktialiiga.fi\\\/naiset\\\/#\\\/schema\\\/person\\\/c14bf42f47041db74603c45afcb18d87\"},\"headline\":\"Sparta ja SIF ensimm\u00e4isess\u00e4 pronssiottelussa lauantaina\",\"datePublished\":\"2016-04-15T18:14:42+00:00\",\"dateModified\":\"2018-04-20T09:45:17+00:00\",\"mainEntityOfPage\":{\"@id\":\"https:\\\/\\\/aktialiiga.fi\\\/naiset\\\/2015-2016\\\/ennakot-2015-2016\\\/sparta-ja-sif-ensimmaisessa-pronssiottelussa-lauantaina\\\/\"},\"wordCount\":227,\"publisher\":{\"@id\":\"https:\\\/\\\/aktialiiga.fi\\\/naiset\\\/#organization\"},\"image\":{\"@id\":\"https:\\\/\\\/aktialiiga.fi\\\/naiset\\\/2015-2016\\\/ennakot-2015-2016\\\/sparta-ja-sif-ensimmaisessa-pronssiottelussa-lauantaina\\\/#primaryimage\"},\"thumbnailUrl\":\"https:\\\/\\\/aktialiiga.fi\\\/naiset\\\/wp-content\\\/uploads\\\/sites\\\/6\\\/2016\\\/04\\\/Sparta-SIF_peli_1516a.jpg\",\"keywords\":[\"SIF\",\"Sparta\"],\"articleSection\":[\"Ennakot\"],\"inLanguage\":\"fi\"},{\"@type\":\"WebPage\",\"@id\":\"https:\\\/\\\/aktialiiga.fi\\\/naiset\\\/2015-2016\\\/ennakot-2015-2016\\\/sparta-ja-sif-ensimmaisessa-pronssiottelussa-lauantaina\\\/\",\"url\":\"https:\\\/\\\/aktialiiga.fi\\\/naiset\\\/2015-2016\\\/ennakot-2015-2016\\\/sparta-ja-sif-ensimmaisessa-pronssiottelussa-lauantaina\\\/\",\"name\":\"Sparta ja SIF ensimm\u00e4isess\u00e4 pronssiottelussa lauantaina | K\u00e4sipallon naisten Aktialiiga\",\"isPartOf\":{\"@id\":\"https:\\\/\\\/aktialiiga.fi\\\/naiset\\\/#website\"},\"primaryImageOfPage\":{\"@id\":\"https:\\\/\\\/aktialiiga.fi\\\/naiset\\\/2015-2016\\\/ennakot-2015-2016\\\/sparta-ja-sif-ensimmaisessa-pronssiottelussa-lauantaina\\\/#primaryimage\"},\"image\":{\"@id\":\"https:\\\/\\\/aktialiiga.fi\\\/naiset\\\/2015-2016\\\/ennakot-2015-2016\\\/sparta-ja-sif-ensimmaisessa-pronssiottelussa-lauantaina\\\/#primaryimage\"},\"thumbnailUrl\":\"https:\\\/\\\/aktialiiga.fi\\\/naiset\\\/wp-content\\\/uploads\\\/sites\\\/6\\\/2016\\\/04\\\/Sparta-SIF_peli_1516a.jpg\",\"datePublished\":\"2016-04-15T18:14:42+00:00\",\"dateModified\":\"2018-04-20T09:45:17+00:00\",\"breadcrumb\":{\"@id\":\"https:\\\/\\\/aktialiiga.fi\\\/naiset\\\/2015-2016\\\/ennakot-2015-2016\\\/sparta-ja-sif-ensimmaisessa-pronssiottelussa-lauantaina\\\/#breadcrumb\"},\"inLanguage\":\"fi\",\"potentialAction\":[{\"@type\":\"ReadAction\",\"target\":[\"https:\\\/\\\/aktialiiga.fi\\\/naiset\\\/2015-2016\\\/ennakot-2015-2016\\\/sparta-ja-sif-ensimmaisessa-pronssiottelussa-lauantaina\\\/\"]}]},{\"@type\":\"ImageObject\",\"inLanguage\":\"fi\",\"@id\":\"https:\\\/\\\/aktialiiga.fi\\\/naiset\\\/2015-2016\\\/ennakot-2015-2016\\\/sparta-ja-sif-ensimmaisessa-pronssiottelussa-lauantaina\\\/#primaryimage\",\"url\":\"https:\\\/\\\/aktialiiga.fi\\\/naiset\\\/wp-content\\\/uploads\\\/sites\\\/6\\\/2016\\\/04\\\/Sparta-SIF_peli_1516a.jpg\",\"contentUrl\":\"https:\\\/\\\/aktialiiga.fi\\\/naiset\\\/wp-content\\\/uploads\\\/sites\\\/6\\\/2016\\\/04\\\/Sparta-SIF_peli_1516a.jpg\",\"width\":640,\"height\":360},{\"@type\":\"BreadcrumbList\",\"@id\":\"https:\\\/\\\/aktialiiga.fi\\\/naiset\\\/2015-2016\\\/ennakot-2015-2016\\\/sparta-ja-sif-ensimmaisessa-pronssiottelussa-lauantaina\\\/#breadcrumb\",\"itemListElement\":[{\"@type\":\"ListItem\",\"position\":1,\"name\":\"Etusivu\",\"item\":\"https:\\\/\\\/aktialiiga.fi\\\/naiset\\\/\"},{\"@type\":\"ListItem\",\"position\":2,\"name\":\"Sparta ja SIF ensimm\u00e4isess\u00e4 pronssiottelussa lauantaina\"}]},{\"@type\":\"WebSite\",\"@id\":\"https:\\\/\\\/aktialiiga.fi\\\/naiset\\\/#website\",\"url\":\"https:\\\/\\\/aktialiiga.fi\\\/naiset\\\/\",\"name\":\"K\u00e4sipallon naisten Aktialiiga\",\"description\":\"Valtakunnan vauhdikkainta palloilua!\",\"publisher\":{\"@id\":\"https:\\\/\\\/aktialiiga.fi\\\/naiset\\\/#organization\"},\"potentialAction\":[{\"@type\":\"SearchAction\",\"target\":{\"@type\":\"EntryPoint\",\"urlTemplate\":\"https:\\\/\\\/aktialiiga.fi\\\/naiset\\\/?s={search_term_string}\"},\"query-input\":{\"@type\":\"PropertyValueSpecification\",\"valueRequired\":true,\"valueName\":\"search_term_string\"}}],\"inLanguage\":\"fi\"},{\"@type\":\"Organization\",\"@id\":\"https:\\\/\\\/aktialiiga.fi\\\/naiset\\\/#organization\",\"name\":\"K\u00e4sipallon naisten Aktialiiga\",\"url\":\"https:\\\/\\\/aktialiiga.fi\\\/naiset\\\/\",\"logo\":{\"@type\":\"ImageObject\",\"inLanguage\":\"fi\",\"@id\":\"https:\\\/\\\/aktialiiga.fi\\\/naiset\\\/#\\\/schema\\\/logo\\\/image\\\/\",\"url\":\"https:\\\/\\\/aktialiiga.fi\\\/naiset\\\/wp-content\\\/uploads\\\/sites\\\/6\\\/2024\\\/09\\\/Aktialiiga-Yoast-512.png\",\"contentUrl\":\"https:\\\/\\\/aktialiiga.fi\\\/naiset\\\/wp-content\\\/uploads\\\/sites\\\/6\\\/2024\\\/09\\\/Aktialiiga-Yoast-512.png\",\"width\":512,\"height\":512,\"caption\":\"K\u00e4sipallon naisten Aktialiiga\"},\"image\":{\"@id\":\"https:\\\/\\\/aktialiiga.fi\\\/naiset\\\/#\\\/schema\\\/logo\\\/image\\\/\"},\"sameAs\":[\"https:\\\/\\\/www.facebook.com\\\/finnhandball\",\"https:\\\/\\\/x.com\\\/finnhandball\",\"https:\\\/\\\/www.instagram.com\\\/handballfinland\\\/\"]},{\"@type\":\"Person\",\"@id\":\"https:\\\/\\\/aktialiiga.fi\\\/naiset\\\/#\\\/schema\\\/person\\\/c14bf42f47041db74603c45afcb18d87\",\"name\":\"tbrmedia\",\"image\":{\"@type\":\"ImageObject\",\"inLanguage\":\"fi\",\"@id\":\"https:\\\/\\\/secure.gravatar.com\\\/avatar\\\/ee975fa091fe581d12b60debb3439022686618368a7c142044c56724d4666b16?s=96&d=mm&r=g\",\"url\":\"https:\\\/\\\/secure.gravatar.com\\\/avatar\\\/ee975fa091fe581d12b60debb3439022686618368a7c142044c56724d4666b16?s=96&d=mm&r=g\",\"contentUrl\":\"https:\\\/\\\/secure.gravatar.com\\\/avatar\\\/ee975fa091fe581d12b60debb3439022686618368a7c142044c56724d4666b16?s=96&d=mm&r=g\",\"caption\":\"tbrmedia\"}}]}<\/script>\n<!-- \/ Yoast SEO plugin. -->","yoast_head_json":{"title":"Sparta ja SIF ensimm\u00e4isess\u00e4 pronssiottelussa lauantaina | K\u00e4sipallon naisten Aktialiiga","robots":{"index":"index","follow":"follow","max-snippet":"max-snippet:-1","max-image-preview":"max-image-preview:large","max-video-preview":"max-video-preview:-1"},"canonical":"https:\/\/aktialiiga.fi\/naiset\/2015-2016\/ennakot-2015-2016\/sparta-ja-sif-ensimmaisessa-pronssiottelussa-lauantaina\/","og_locale":"fi_FI","og_type":"article","og_title":"Sparta ja SIF ensimm\u00e4isess\u00e4 pronssiottelussa lauantaina | K\u00e4sipallon naisten Aktialiiga","og_description":"Sparta ja SIF ratkaisevat SM-sarjan pronssimitaleiden kohtalon kaudella 2015-16 otteluparissa, jonka ensimm\u00e4inen osa pelataan lauantaina 16.4. Pirkkolassa. Sparta h\u00e4visi v\u00e4lieriss\u00e4 Dickenille suoraan 0-4. SIF onnistui nappaamaan HIFK:ta yhden voiton v\u00e4lieriss\u00e4, joten tiukat pelit ovat edess\u00e4. SM-pronssi ratkaistaan kahden ottelun yhteenlasketulla tuloksella, joten molemmissa otteluissa pit\u00e4\u00e4 naisten pist\u00e4\u00e4 parastaan. &#8211; Kaksi peli\u00e4 edess\u00e4 ja sitten on [&hellip;]","og_url":"https:\/\/aktialiiga.fi\/naiset\/2015-2016\/ennakot-2015-2016\/sparta-ja-sif-ensimmaisessa-pronssiottelussa-lauantaina\/","og_site_name":"K\u00e4sipallon naisten Aktialiiga","article_publisher":"https:\/\/www.facebook.com\/finnhandball","article_published_time":"2016-04-15T18:14:42+00:00","article_modified_time":"2018-04-20T09:45:17+00:00","og_image":[{"width":640,"height":360,"url":"https:\/\/aktialiiga.fi\/naiset\/wp-content\/uploads\/sites\/6\/2016\/04\/Sparta-SIF_peli_1516a.jpg","type":"image\/jpeg"}],"author":"tbrmedia","twitter_card":"summary_large_image","twitter_creator":"@finnhandball","twitter_site":"@finnhandball","schema":{"@context":"https:\/\/schema.org","@graph":[{"@type":"Article","@id":"https:\/\/aktialiiga.fi\/naiset\/2015-2016\/ennakot-2015-2016\/sparta-ja-sif-ensimmaisessa-pronssiottelussa-lauantaina\/#article","isPartOf":{"@id":"https:\/\/aktialiiga.fi\/naiset\/2015-2016\/ennakot-2015-2016\/sparta-ja-sif-ensimmaisessa-pronssiottelussa-lauantaina\/"},"author":{"name":"tbrmedia","@id":"https:\/\/aktialiiga.fi\/naiset\/#\/schema\/person\/c14bf42f47041db74603c45afcb18d87"},"headline":"Sparta ja SIF ensimm\u00e4isess\u00e4 pronssiottelussa lauantaina","datePublished":"2016-04-15T18:14:42+00:00","dateModified":"2018-04-20T09:45:17+00:00","mainEntityOfPage":{"@id":"https:\/\/aktialiiga.fi\/naiset\/2015-2016\/ennakot-2015-2016\/sparta-ja-sif-ensimmaisessa-pronssiottelussa-lauantaina\/"},"wordCount":227,"publisher":{"@id":"https:\/\/aktialiiga.fi\/naiset\/#organization"},"image":{"@id":"https:\/\/aktialiiga.fi\/naiset\/2015-2016\/ennakot-2015-2016\/sparta-ja-sif-ensimmaisessa-pronssiottelussa-lauantaina\/#primaryimage"},"thumbnailUrl":"https:\/\/aktialiiga.fi\/naiset\/wp-content\/uploads\/sites\/6\/2016\/04\/Sparta-SIF_peli_1516a.jpg","keywords":["SIF","Sparta"],"articleSection":["Ennakot"],"inLanguage":"fi"},{"@type":"WebPage","@id":"https:\/\/aktialiiga.fi\/naiset\/2015-2016\/ennakot-2015-2016\/sparta-ja-sif-ensimmaisessa-pronssiottelussa-lauantaina\/","url":"https:\/\/aktialiiga.fi\/naiset\/2015-2016\/ennakot-2015-2016\/sparta-ja-sif-ensimmaisessa-pronssiottelussa-lauantaina\/","name":"Sparta ja SIF ensimm\u00e4isess\u00e4 pronssiottelussa lauantaina | K\u00e4sipallon naisten Aktialiiga","isPartOf":{"@id":"https:\/\/aktialiiga.fi\/naiset\/#website"},"primaryImageOfPage":{"@id":"https:\/\/aktialiiga.fi\/naiset\/2015-2016\/ennakot-2015-2016\/sparta-ja-sif-ensimmaisessa-pronssiottelussa-lauantaina\/#primaryimage"},"image":{"@id":"https:\/\/aktialiiga.fi\/naiset\/2015-2016\/ennakot-2015-2016\/sparta-ja-sif-ensimmaisessa-pronssiottelussa-lauantaina\/#primaryimage"},"thumbnailUrl":"https:\/\/aktialiiga.fi\/naiset\/wp-content\/uploads\/sites\/6\/2016\/04\/Sparta-SIF_peli_1516a.jpg","datePublished":"2016-04-15T18:14:42+00:00","dateModified":"2018-04-20T09:45:17+00:00","breadcrumb":{"@id":"https:\/\/aktialiiga.fi\/naiset\/2015-2016\/ennakot-2015-2016\/sparta-ja-sif-ensimmaisessa-pronssiottelussa-lauantaina\/#breadcrumb"},"inLanguage":"fi","potentialAction":[{"@type":"ReadAction","target":["https:\/\/aktialiiga.fi\/naiset\/2015-2016\/ennakot-2015-2016\/sparta-ja-sif-ensimmaisessa-pronssiottelussa-lauantaina\/"]}]},{"@type":"ImageObject","inLanguage":"fi","@id":"https:\/\/aktialiiga.fi\/naiset\/2015-2016\/ennakot-2015-2016\/sparta-ja-sif-ensimmaisessa-pronssiottelussa-lauantaina\/#primaryimage","url":"https:\/\/aktialiiga.fi\/naiset\/wp-content\/uploads\/sites\/6\/2016\/04\/Sparta-SIF_peli_1516a.jpg","contentUrl":"https:\/\/aktialiiga.fi\/naiset\/wp-content\/uploads\/sites\/6\/2016\/04\/Sparta-SIF_peli_1516a.jpg","width":640,"height":360},{"@type":"BreadcrumbList","@id":"https:\/\/aktialiiga.fi\/naiset\/2015-2016\/ennakot-2015-2016\/sparta-ja-sif-ensimmaisessa-pronssiottelussa-lauantaina\/#breadcrumb","itemListElement":[{"@type":"ListItem","position":1,"name":"Etusivu","item":"https:\/\/aktialiiga.fi\/naiset\/"},{"@type":"ListItem","position":2,"name":"Sparta ja SIF ensimm\u00e4isess\u00e4 pronssiottelussa lauantaina"}]},{"@type":"WebSite","@id":"https:\/\/aktialiiga.fi\/naiset\/#website","url":"https:\/\/aktialiiga.fi\/naiset\/","name":"K\u00e4sipallon naisten Aktialiiga","description":"Valtakunnan vauhdikkainta palloilua!","publisher":{"@id":"https:\/\/aktialiiga.fi\/naiset\/#organization"},"potentialAction":[{"@type":"SearchAction","target":{"@type":"EntryPoint","urlTemplate":"https:\/\/aktialiiga.fi\/naiset\/?s={search_term_string}"},"query-input":{"@type":"PropertyValueSpecification","valueRequired":true,"valueName":"search_term_string"}}],"inLanguage":"fi"},{"@type":"Organization","@id":"https:\/\/aktialiiga.fi\/naiset\/#organization","name":"K\u00e4sipallon naisten Aktialiiga","url":"https:\/\/aktialiiga.fi\/naiset\/","logo":{"@type":"ImageObject","inLanguage":"fi","@id":"https:\/\/aktialiiga.fi\/naiset\/#\/schema\/logo\/image\/","url":"https:\/\/aktialiiga.fi\/naiset\/wp-content\/uploads\/sites\/6\/2024\/09\/Aktialiiga-Yoast-512.png","contentUrl":"https:\/\/aktialiiga.fi\/naiset\/wp-content\/uploads\/sites\/6\/2024\/09\/Aktialiiga-Yoast-512.png","width":512,"height":512,"caption":"K\u00e4sipallon naisten Aktialiiga"},"image":{"@id":"https:\/\/aktialiiga.fi\/naiset\/#\/schema\/logo\/image\/"},"sameAs":["https:\/\/www.facebook.com\/finnhandball","https:\/\/x.com\/finnhandball","https:\/\/www.instagram.com\/handballfinland\/"]},{"@type":"Person","@id":"https:\/\/aktialiiga.fi\/naiset\/#\/schema\/person\/c14bf42f47041db74603c45afcb18d87","name":"tbrmedia","image":{"@type":"ImageObject","inLanguage":"fi","@id":"https:\/\/secure.gravatar.com\/avatar\/ee975fa091fe581d12b60debb3439022686618368a7c142044c56724d4666b16?s=96&d=mm&r=g","url":"https:\/\/secure.gravatar.com\/avatar\/ee975fa091fe581d12b60debb3439022686618368a7c142044c56724d4666b16?s=96&d=mm&r=g","contentUrl":"https:\/\/secure.gravatar.com\/avatar\/ee975fa091fe581d12b60debb3439022686618368a7c142044c56724d4666b16?s=96&d=mm&r=g","caption":"tbrmedia"}}]}},"jetpack_featured_media_url":"https:\/\/aktialiiga.fi\/naiset\/wp-content\/uploads\/sites\/6\/2016\/04\/Sparta-SIF_peli_1516a.jpg","jetpack_sharing_enabled":true,"jetpack_shortlink":"https:\/\/wp.me\/pfYhm6-1Ud","_links":{"self":[{"href":"https:\/\/aktialiiga.fi\/naiset\/wp-json\/wp\/v2\/posts\/7329","targetHints":{"allow":["GET"]}}],"collection":[{"href":"https:\/\/aktialiiga.fi\/naiset\/wp-json\/wp\/v2\/posts"}],"about":[{"href":"https:\/\/aktialiiga.fi\/naiset\/wp-json\/wp\/v2\/types\/post"}],"author":[{"embeddable":true,"href":"https:\/\/aktialiiga.fi\/naiset\/wp-json\/wp\/v2\/users\/13"}],"replies":[{"embeddable":true,"href":"https:\/\/aktialiiga.fi\/naiset\/wp-json\/wp\/v2\/comments?post=7329"}],"version-history":[{"count":0,"href":"https:\/\/aktialiiga.fi\/naiset\/wp-json\/wp\/v2\/posts\/7329\/revisions"}],"wp:featuredmedia":[{"embeddable":true,"href":"https:\/\/aktialiiga.fi\/naiset\/wp-json\/wp\/v2\/media\/7330"}],"wp:attachment":[{"href":"https:\/\/aktialiiga.fi\/naiset\/wp-json\/wp\/v2\/media?parent=7329"}],"wp:term":[{"taxonomy":"category","embeddable":true,"href":"https:\/\/aktialiiga.fi\/naiset\/wp-json\/wp\/v2\/categories?post=7329"},{"taxonomy":"post_tag","embeddable":true,"href":"https:\/\/aktialiiga.fi\/naiset\/wp-json\/wp\/v2\/tags?post=7329"}],"curies":[{"name":"wp","href":"https:\/\/api.w.org\/{rel}","templated":true}]}}